{"id":32165,"date":"2023-10-09T09:17:52","date_gmt":"2023-10-09T07:17:52","guid":{"rendered":"http:\/\/batimedianews.com\/live\/?p=32165"},"modified":"2023-12-07T11:51:07","modified_gmt":"2023-12-07T10:51:07","slug":"rendez-vous-sur-le-stand-dursa-durant-artibat1-pour-decouvrir-la-nouvelle-version-du-programme-relationnel-les-experts-by-ursa","status":"publish","type":"post","link":"https:\/\/batimedianews.com\/live\/index.php\/2023\/10\/09\/rendez-vous-sur-le-stand-dursa-durant-artibat1-pour-decouvrir-la-nouvelle-version-du-programme-relationnel-les-experts-by-ursa\/","title":{"rendered":"Rendez-vous sur le stand d\u2019URSA durant Artibat(1) pour d\u00e9couvrir la nouvelle version du programme relationnel \u00ab Les Experts by URSA \u00bb"},"content":{"rendered":"\n<div class=\"wp-block-image\"><figure class=\"alignleft size-large is-resized\"><img loading=\"lazy\" src=\"https:\/\/i0.wp.com\/batimedianews.com\/live\/wp-content\/uploads\/2023\/10\/image-53.png?resize=351%2C159\" alt=\"\" class=\"wp-image-32166\" width=\"351\" height=\"159\" srcset=\"https:\/\/i0.wp.com\/batimedianews.com\/live\/wp-content\/uploads\/2023\/10\/image-53.png?w=630&amp;ssl=1 630w, https:\/\/i0.wp.com\/batimedianews.com\/live\/wp-content\/uploads\/2023\/10\/image-53.png?resize=600%2C272&amp;ssl=1 600w, https:\/\/i0.wp.com\/batimedianews.com\/live\/wp-content\/uploads\/2023\/10\/image-53.png?resize=10%2C5&amp;ssl=1 10w, https:\/\/i0.wp.com\/batimedianews.com\/live\/wp-content\/uploads\/2023\/10\/image-53.png?resize=432%2C196&amp;ssl=1 432w, https:\/\/i0.wp.com\/batimedianews.com\/live\/wp-content\/uploads\/2023\/10\/image-53.png?resize=396%2C180&amp;ssl=1 396w, https:\/\/i0.wp.com\/batimedianews.com\/live\/wp-content\/uploads\/2023\/10\/image-53.png?resize=485%2C220&amp;ssl=1 485w\" sizes=\"(max-width: 600px) 91vw, (max-width: 900px) 600px, (max-width: 1060px) 50vw, (max-width: 1200px) 520px, (max-width: 1400px) 43vw, 600px\" data-recalc-dims=\"1\" \/><\/figure><\/div>\n\n\n\n<p>&nbsp;<strong>A l\u2019occasion du Salon ARTIBAT qui se tiendra du 18 au 20 octobre prochain \u00e0 Rennes, URSA pr\u00e9sentera en avant-premi\u00e8re la nouvelle version de son programme relationnel : <\/strong><strong>\u00ab Les Experts by URSA <\/strong><strong>\u00bb, s\u2019adressant aux artisans.&nbsp;<\/strong><\/p>\n\n\n\n<p><strong>URSA choisi ainsi de faire \u00e9voluer la m\u00e9canique de ce programme accessible via une plateforme en ligne et d\u00e9j\u00e0 bien connu des professionnels, avec une ambition majeure : proposer un contenu encore plus interactif et plus diversifi\u00e9.&nbsp;<\/strong><\/p>\n\n\n\n<p><strong>Pour cela, une vraie dynamique d\u2019animations va \u00eatre mise en place avec des informations m\u00e9tiers, des quizz, des concours, de la cr\u00e9ation de contenu en collaboration avec un influenceur sp\u00e9cialis\u00e9 dans le domaine du b\u00e2timent\u2026 : le tout pour toujours faciliter l\u2019activit\u00e9 des Experts, et donc leur quotidien.&nbsp;<\/strong><\/p>\n\n\n\n<p>&nbsp;<strong>\u00ab Les experts by URSA \u00bb, un programme sp\u00e9cialement con\u00e7u pour les professionnels de l\u2019isolation&nbsp;<\/strong><\/p>\n\n\n\n<p>Lanc\u00e9 en septembre 2021, le programme relationnel \u00ab Les Experts by URSA \u00bb a pour objectif de faciliter le quotidien des artisans et entreprises intervenant dans le domaine de l\u2019isolation, et surtout les aider \u00e0 devenir des experts dans le domaine. Pari r\u00e9ussi pour URSA : plus de 1000 professionnels sont d\u00e9j\u00e0 membres de ce programme et ont ainsi acc\u00e8s \u00e0 la plateforme gratuite en ligne : www.les-experts-by-ursa.fr.&nbsp;<\/p>\n\n\n\n<p>Aujourd\u2019hui, URSA va encore plus loin et fait \u00e9voluer la m\u00e9canique de ce programme, pr\u00e9sent\u00e9e en avant-premi\u00e8re sur son stand du Salon ARTIBAT<sup>1<\/sup>.<\/p>\n\n\n\n<figure class=\"wp-block-image size-large\"><img loading=\"lazy\" width=\"720\" height=\"231\" src=\"https:\/\/i0.wp.com\/batimedianews.com\/live\/wp-content\/uploads\/2023\/10\/image-54.png?resize=720%2C231\" alt=\"\" class=\"wp-image-32167\" srcset=\"https:\/\/i0.wp.com\/batimedianews.com\/live\/wp-content\/uploads\/2023\/10\/image-54.png?w=892&amp;ssl=1 892w, https:\/\/i0.wp.com\/batimedianews.com\/live\/wp-content\/uploads\/2023\/10\/image-54.png?resize=600%2C192&amp;ssl=1 600w, https:\/\/i0.wp.com\/batimedianews.com\/live\/wp-content\/uploads\/2023\/10\/image-54.png?resize=768%2C246&amp;ssl=1 768w, https:\/\/i0.wp.com\/batimedianews.com\/live\/wp-content\/uploads\/2023\/10\/image-54.png?resize=10%2C3&amp;ssl=1 10w, https:\/\/i0.wp.com\/batimedianews.com\/live\/wp-content\/uploads\/2023\/10\/image-54.png?resize=432%2C139&amp;ssl=1 432w, https:\/\/i0.wp.com\/batimedianews.com\/live\/wp-content\/uploads\/2023\/10\/image-54.png?resize=396%2C127&amp;ssl=1 396w, https:\/\/i0.wp.com\/batimedianews.com\/live\/wp-content\/uploads\/2023\/10\/image-54.png?resize=660%2C212&amp;ssl=1 660w, https:\/\/i0.wp.com\/batimedianews.com\/live\/wp-content\/uploads\/2023\/10\/image-54.png?resize=686%2C220&amp;ssl=1 686w\" sizes=\"(max-width: 600px) 91vw, (max-width: 900px) 600px, (max-width: 1060px) 50vw, (max-width: 1200px) 520px, (max-width: 1400px) 43vw, 600px\" data-recalc-dims=\"1\" \/><\/figure>\n\n\n\n<p class=\"has-small-font-size\">&nbsp;<sup>1<\/sup> P\u00f4le \u00ab Gros OEuvre \u00bb &#8211; Hall 10B \u2013 Stand G08 &nbsp;<\/p>\n\n\n\n<p><strong>Un contenu plus orient\u00e9 vers l\u2019animation r\u00e9seau et la connaissance m\u00e9tier&nbsp;<\/strong><\/p>\n\n\n\n<p>Sur ARTIBAT, les visiteurs pourront d\u00e9couvrir les \u00e9volutions et nouveaut\u00e9s de la plateforme \u00ab Les Experts by URSA \u00bb, incitant encore plus les artisans \u00e0 l\u2019interaction.&nbsp;<\/p>\n\n\n\n<p>Le fonctionnement sous forme de points \u00e9volue et se simplifie : plus besoin de t\u00e9l\u00e9charger des factures d\u2019achats, d\u00e9sormais le programme r\u00e9compense l\u2019activit\u00e9 sur la plateforme. Plus les Experts seront actifs en se connectant r\u00e9guli\u00e8rement, en commentant les actualit\u00e9s, en participant aux animations\u2026, plus ils pourront cumuler des points leur permettant d\u2019acc\u00e9der \u00e0 des offres sp\u00e9cifiques, de gagner des cadeaux et de b\u00e9n\u00e9ficier de services (formations, services personnalis\u00e9s \u2026).&nbsp;<\/p>\n\n\n\n<p>URSA souhaite ainsi b\u00e2tir une vraie communaut\u00e9 d\u2019Experts de l\u2019isolation et d\u2019ambassadeurs de ses produits. Au-del\u00e0 de cette m\u00e9canique, URSA a souhait\u00e9 mettre davantage l\u2019accent sur l\u2019animation r\u00e9seau en mettant en place davantage de :&nbsp;<\/p>\n\n\n\n<ul><li>Contenu (Ex : des astuces isolation)&nbsp;<\/li><li>Quizz&nbsp;<\/li><li>Concours&nbsp;<\/li><li>Services (Ex : mise en place d\u2019un nouveau partenariat avec un organisme charg\u00e9 d\u2019accompagner les artisans et les clients particuliers des artisans dans la gestion des dossiers d\u2019obtention des aides comme Ma Prime R\u00e9nov)&nbsp;<\/li><li>Formations en pr\u00e9sentiel ou en distanciel sous forme d\u2019E-learning&nbsp;<\/li><\/ul>\n\n\n\n<p>En compl\u00e9ment, URSA a fait appel \u00e0 Yann Cardona, cr\u00e9ateur de contenus proposant de courtes vid\u00e9os pratiques sur ses r\u00e9seaux sociaux2, mettant en sc\u00e8ne son m\u00e9tier d\u2019artisan.&nbsp;<\/p>\n\n\n\n<p>Yann Cardona, en tant qu\u2019ambassadeur URSA, sera pr\u00e9sent sur le stand le jeudi 19 octobre, pour \u00e9changer avec les artisans.&nbsp;<\/p>\n\n\n\n<p>Enfin, sur ARTIBAT, URSA fera gagner, gr\u00e2ce \u00e0 un tirage au sort, une licence \u00ab Eldo \u00bb, pour accompagner pendant un an, une entreprise sur sa e-reputation et son r\u00e9f\u00e9rencement. D\u2019autres lots seront \u00e9galement en jeu.&nbsp;<\/p>\n\n\n\n<p class=\"has-small-font-size\"><sup>2<\/sup> https:\/\/www.youtube.com\/@Yann_Cardona \/ https:\/\/www.tiktok.com\/@eirl_yann_cardona &nbsp;<\/p>\n\n\n\n<p><strong><em>\u00c0 propos d\u2019URSA&nbsp;<\/em><\/strong><\/p>\n\n\n\n<p>URSA propose une large palette de produits et syst\u00e8mes d\u2019isolation thermique et acoustique, laine de verre min\u00e9rale et polystyr\u00e8ne extrud\u00e9, r\u00e9pondant \u00e0 l\u2019ensemble des besoins du b\u00e2ti, neuf &amp; r\u00e9novation, individuel &amp; collectif, r\u00e9sidentiel &amp; tertiaire.&nbsp;<\/p>\n\n\n\n<p>2\u00e8me fabricant europ\u00e9en d\u2019XPS (hors Russie) et 3\u00e8me fabricant europ\u00e9en de laine de verre min\u00e9rale, URSA :&nbsp;<\/p>\n\n\n\n<ul><li>Compte 1 700 collaborateurs dans le monde&nbsp;<\/li><li>Couvre plus de 40 pays&nbsp;<\/li><li>Dispose de 14 usines de production, 9 en laine de verre min\u00e9rale 5 en XPS&nbsp;<\/li><\/ul>\n\n\n\n<p>Le march\u00e9 fran\u00e7ais est desservi par 3 usines :&nbsp;<\/p>\n\n\n\n<ul><li>Saint-Avold en France : XPS et laine de verre min\u00e9rale&nbsp;<\/li><li>Desselgem en Belgique : laine de verre min\u00e9rale&nbsp;<\/li><li>El Pla de Santa Maria en Espagne : XPS et laine de verre min\u00e9rale&nbsp;<\/li><\/ul>\n\n\n\n<p>Tous les produits URSA sont certifi\u00e9s ACERMI et EUCEB. Ils sont soumis \u00e0 des contr\u00f4les qualit\u00e9 et innocuit\u00e9 stricts et sont tout particuli\u00e8rement \u00e9labor\u00e9s pour respecter l\u2019environnement.&nbsp;<\/p>\n\n\n\n<p>Depuis le 1er Juin 2022, URSA a rejoint le groupe familial belge ETEX et repr\u00e9sente la division \u00ab Isolation \u00bb au sein de ce groupe.&nbsp;<\/p>\n\n\n\n<p><strong><em>\u00c0 propos d\u2019ETEX&nbsp;<\/em><\/strong><\/p>\n\n\n\n<p>Depuis sa cr\u00e9ation en 1905, Etex a fait oeuvre de pionnier pour devenir un leader mondial des solutions de construction l\u00e9g\u00e8re. Fond\u00e9e et toujours bas\u00e9e \u00e0 Bruxelles, en Belgique, Etex s&rsquo;est rapidement d\u00e9velopp\u00e9e en Europe et dans le monde. D&rsquo;importantes acquisitions dans les domaines de la protection contre l&rsquo;incendie, de la technologie du pl\u00e2tre, de la construction modulaire et de l&rsquo;ing\u00e9nierie ont permis \u00e0 Etex de contribuer \u00e0 la transformation du secteur de la construction, en s&rsquo;appuyant sur son objectif qui est d&rsquo;inspirer des modes de vie.&nbsp;<\/p>\n","protected":false},"excerpt":{"rendered":"<p>&nbsp;A l\u2019occasion du Salon ARTIBAT qui se tiendra du 18 au 20 octobre prochain \u00e0 Rennes, URSA pr\u00e9sentera en avant-premi\u00e8re la nouvelle version de son programme relationnel : \u00ab Les Experts by URSA \u00bb, s\u2019adressant aux artisans.&nbsp; URSA choisi ainsi de faire \u00e9voluer la m\u00e9canique de ce programme accessible via une plateforme en ligne et [&hellip;]<\/p>\n","protected":false},"author":41,"featured_media":32168,"comment_status":"open","ping_status":"open","sticky":false,"template":"","format":"standard","meta":{"spay_email":""},"categories":[3,4,5,2380,80],"tags":[],"jetpack_featured_media_url":"https:\/\/i1.wp.com\/batimedianews.com\/live\/wp-content\/uploads\/2023\/10\/URSA-articles.jpg?fit=1513%2C825&ssl=1","jetpack_sharing_enabled":true,"jetpack_likes_enabled":true,"jetpack-related-posts":[{"id":16293,"url":"https:\/\/batimedianews.com\/live\/index.php\/2022\/02\/22\/ursa-operation-coup-double-pour-la-planete\/","url_meta":{"origin":32165,"position":0},"title":"URSA : Op\u00e9ration &lsquo;Coup double pour la plan\u00e8te&rsquo;","date":"22 f\u00e9vrier 2022","format":false,"excerpt":"URSA poursuit son engagement au service de l\u2019environnement et invite ses clients, N\u00e9goces, GSB et Installateurs, dans cette dynamique vertueuse Objectif : un maximum d\u2019arbres plant\u00e9s Pour contribuer toujours davantage \u00e0 la protection de l\u2019environnement, URSA, sp\u00e9cialiste de l\u2019isolation laine de verre min\u00e9rale et polystyr\u00e8ne extrud\u00e9 (XPS), vient de lancer\u2026","rel":"","context":"Dans &quot;Actualit\u00e9 Entreprises&quot;","img":{"alt_text":"","src":"https:\/\/i0.wp.com\/batimedianews.com\/live\/wp-content\/uploads\/2022\/02\/URSA-Article.jpg?fit=512%2C512&ssl=1&resize=350%2C200","width":350,"height":200},"classes":[]},{"id":48385,"url":"https:\/\/batimedianews.com\/live\/index.php\/2025\/12\/10\/siniat-ursa-complementarite-et-performance-au-service-du-batiment-durable\/","url_meta":{"origin":32165,"position":1},"title":"Siniat &#038; URSA \u2013 Compl\u00e9mentarit\u00e9 et performance au service du b\u00e2timent durable","date":"10 d\u00e9cembre 2025","format":false,"excerpt":"Batim\u00e9dia Live \u2013 Reportage officiel Artibat 2025Une s\u00e9rie \u201cBatim\u00e9dia Live \u2013 Artibat 2025\u201d : rencontres avec les acteurs de l\u2019innovation et de la construction durableReportage r\u00e9alis\u00e9, durant Artibat 2025, en Octobre 2025 par Batim\u00e9diaInterviews par Michel Soufir , Prises de vues Kaouther soufir et Montage Mehdi Benramdane \u00c0 l\u2019occasion d\u2019Artibat\u2026","rel":"","context":"Dans &quot;Actualit\u00e9 Entreprises&quot;","img":{"alt_text":"","src":"https:\/\/i1.wp.com\/batimedianews.com\/live\/wp-content\/uploads\/2025\/12\/SINIAT-URSA.png?fit=810%2C810&ssl=1&resize=350%2C200","width":350,"height":200},"classes":[]},{"id":340,"url":"https:\/\/batimedianews.com\/live\/index.php\/2018\/10\/17\/ursa-vous-donne-rendez-vous-sur-artibat-2018\/","url_meta":{"origin":32165,"position":2},"title":"Ursa vous donne rendez-vous sur Artibat 2018","date":"17 octobre 2018","format":false,"excerpt":"[youtube https:\/\/www.youtube.com\/watch?v=sYIzVxN1h3s&w=560&h=315]","rel":"","context":"Dans &quot;Artibat 2018&quot;","img":{"alt_text":"","src":"https:\/\/i2.wp.com\/batimedianews.com\/live\/wp-content\/uploads\/2018\/10\/ursa_video.jpg?fit=680%2C680&ssl=1&resize=350%2C200","width":350,"height":200},"classes":[]},{"id":47572,"url":"https:\/\/batimedianews.com\/live\/index.php\/2025\/10\/27\/artibat-2025-la-complementarite-des-marques-siniat-et-ursa-au-service-dune-construction-plus-durable\/","url_meta":{"origin":32165,"position":3},"title":"ARTIBAT 2025 &#8211; La compl\u00e9mentarit\u00e9 des marques Siniat et URSA au service d\u2019une construction plus durable","date":"27 octobre 2025","format":false,"excerpt":"Le salon ARTIBAT est l\u2019occasion pour SINIAT, leader technique de la construction l\u00e9g\u00e8re (plaques de pl\u00e2tre, doublages et solutions techniques pour cloison, contre-cloisons et plafond), et URSA, expert de l\u2019isolation, de mettre en avant leur compl\u00e9mentarit\u00e9 au service d\u2019une construction plus durable. Ces deux marques du groupe Etex incarnent une\u2026","rel":"","context":"Dans &quot;Actualit\u00e9 Entreprises&quot;","img":{"alt_text":"","src":"https:\/\/i0.wp.com\/batimedianews.com\/live\/wp-content\/uploads\/2025\/10\/Siniat_ursa.jpg?fit=825%2C825&ssl=1&resize=350%2C200","width":350,"height":200},"classes":[]},{"id":49474,"url":"https:\/\/batimedianews.com\/live\/index.php\/2026\/03\/09\/avec-sa-nouvelle-version-du-configurateur-de-fdes-bankiz-ursa-renforce-son-engagement-pour-une-construction-bas-carbone\/","url_meta":{"origin":32165,"position":4},"title":"Avec sa nouvelle version du configurateur de FDES, BANKIZ, URSA renforce son engagement pour une construction bas-carbone","date":"9 mars 2026","format":false,"excerpt":"Accompagner les professionnels vers des solutions d'isolation \u00e0 impact ma\u00eetris\u00e9, voici l\u2019objectif de cette mise \u00e0 jour de BANKIZ.\u00a0 Identifier l\u2019isolant URSA adapt\u00e9 \u00e0 chaque projet et g\u00e9n\u00e9rer automatiquement sa Fiche de Donn\u00e9es Environnementales et Sanitaires (FDES), le tout, en quelques clics, URSA le proposait d\u00e9j\u00e0 depuis 2022 avec BANKIZ.\u2026","rel":"","context":"Dans &quot;Actualit\u00e9 Entreprises&quot;","img":{"alt_text":"","src":"https:\/\/i0.wp.com\/batimedianews.com\/live\/wp-content\/uploads\/2026\/02\/URSA.jpg?fit=825%2C825&ssl=1&resize=350%2C200","width":350,"height":200},"classes":[]},{"id":30566,"url":"https:\/\/batimedianews.com\/live\/index.php\/2023\/08\/30\/ursa-est-present-a-renodays\/","url_meta":{"origin":32165,"position":5},"title":"URSA est pr\u00e9sent \u00e0 RENODAYS\u2026","date":"30 ao\u00fbt 2023","format":false,"excerpt":"\u00a03 QUESTIONS \u00c0\u2026 Carine Bonnier, Responsable marketing communication URSA France\u00a0 \u00a0URSA France est l\u2019un des leaders europ\u00e9ens de l\u2019isolation thermique et acoustique des b\u00e2timents. L\u2019entreprise sera pr\u00e9sente les 12 et 13 septembre prochain \u00e0 RENODAYS. L\u2019occasion de comprendre ce que signifie pour elle la r\u00e9novation globale et performantes des logements\u2026","rel":"","context":"Dans &quot;Actualit\u00e9 Entreprises&quot;","img":{"alt_text":"","src":"https:\/\/i1.wp.com\/batimedianews.com\/live\/wp-content\/uploads\/2023\/08\/ursa-renodays.jpeg?fit=675%2C675&ssl=1&resize=350%2C200","width":350,"height":200},"classes":[]}],"_links":{"self":[{"href":"https:\/\/batimedianews.com\/live\/index.php\/wp-json\/wp\/v2\/posts\/32165"}],"collection":[{"href":"https:\/\/batimedianews.com\/live\/index.php\/wp-json\/wp\/v2\/posts"}],"about":[{"href":"https:\/\/batimedianews.com\/live\/index.php\/wp-json\/wp\/v2\/types\/post"}],"author":[{"embeddable":true,"href":"https:\/\/batimedianews.com\/live\/index.php\/wp-json\/wp\/v2\/users\/41"}],"replies":[{"embeddable":true,"href":"https:\/\/batimedianews.com\/live\/index.php\/wp-json\/wp\/v2\/comments?post=32165"}],"version-history":[{"count":2,"href":"https:\/\/batimedianews.com\/live\/index.php\/wp-json\/wp\/v2\/posts\/32165\/revisions"}],"predecessor-version":[{"id":32170,"href":"https:\/\/batimedianews.com\/live\/index.php\/wp-json\/wp\/v2\/posts\/32165\/revisions\/32170"}],"wp:featuredmedia":[{"embeddable":true,"href":"https:\/\/batimedianews.com\/live\/index.php\/wp-json\/wp\/v2\/media\/32168"}],"wp:attachment":[{"href":"https:\/\/batimedianews.com\/live\/index.php\/wp-json\/wp\/v2\/media?parent=32165"}],"wp:term":[{"taxonomy":"category","embeddable":true,"href":"https:\/\/batimedianews.com\/live\/index.php\/wp-json\/wp\/v2\/categories?post=32165"},{"taxonomy":"post_tag","embeddable":true,"href":"https:\/\/batimedianews.com\/live\/index.php\/wp-json\/wp\/v2\/tags?post=32165"}],"curies":[{"name":"wp","href":"https:\/\/api.w.org\/{rel}","templated":true}]}}