{"id":32527,"date":"2023-10-24T16:10:03","date_gmt":"2023-10-24T14:10:03","guid":{"rendered":"http:\/\/batimedianews.com\/live\/?p=32527"},"modified":"2023-12-07T11:56:46","modified_gmt":"2023-12-07T10:56:46","slug":"atlantem-presente-son-offre-de-coffres-en-bois-coferming-une-alternative-performante-et-durable-reportage-artibat-2023","status":"publish","type":"post","link":"https:\/\/batimedianews.com\/live\/index.php\/2023\/10\/24\/atlantem-presente-son-offre-de-coffres-en-bois-coferming-une-alternative-performante-et-durable-reportage-artibat-2023\/","title":{"rendered":"ATLANTEM pr\u00e9sente son offre de coffres en bois coferming : une alternative performante et durable-reportage Artibat 2023"},"content":{"rendered":"\n<div class=\"wp-block-media-text alignwide has-media-on-the-right is-stacked-on-mobile\" style=\"grid-template-columns:auto 33%\"><figure class=\"wp-block-media-text__media\"><img loading=\"lazy\" width=\"720\" height=\"479\" src=\"https:\/\/i2.wp.com\/batimedianews.com\/live\/wp-content\/uploads\/2023\/10\/image-155.png?resize=720%2C479\" alt=\"\" class=\"wp-image-32528 size-full\" srcset=\"https:\/\/i2.wp.com\/batimedianews.com\/live\/wp-content\/uploads\/2023\/10\/image-155.png?w=896&amp;ssl=1 896w, https:\/\/i2.wp.com\/batimedianews.com\/live\/wp-content\/uploads\/2023\/10\/image-155.png?resize=600%2C399&amp;ssl=1 600w, https:\/\/i2.wp.com\/batimedianews.com\/live\/wp-content\/uploads\/2023\/10\/image-155.png?resize=768%2C511&amp;ssl=1 768w, https:\/\/i2.wp.com\/batimedianews.com\/live\/wp-content\/uploads\/2023\/10\/image-155.png?resize=10%2C7&amp;ssl=1 10w, https:\/\/i2.wp.com\/batimedianews.com\/live\/wp-content\/uploads\/2023\/10\/image-155.png?resize=432%2C287&amp;ssl=1 432w, https:\/\/i2.wp.com\/batimedianews.com\/live\/wp-content\/uploads\/2023\/10\/image-155.png?resize=396%2C263&amp;ssl=1 396w, https:\/\/i2.wp.com\/batimedianews.com\/live\/wp-content\/uploads\/2023\/10\/image-155.png?resize=660%2C439&amp;ssl=1 660w, https:\/\/i2.wp.com\/batimedianews.com\/live\/wp-content\/uploads\/2023\/10\/image-155.png?resize=331%2C220&amp;ssl=1 331w\" sizes=\"(max-width: 600px) 91vw, (max-width: 900px) 600px, (max-width: 1060px) 50vw, (max-width: 1200px) 520px, (max-width: 1400px) 43vw, 600px\" data-recalc-dims=\"1\" \/><\/figure><div class=\"wp-block-media-text__content\">\n<p class=\"has-normal-font-size\">&nbsp;En f\u00e9vrier 2023, ATLANTEM faisait l\u2019acquisition de Coferming, premier industriel vend\u00e9en sp\u00e9cialis\u00e9 dans la fabrication de coffres en bois sur-mesure avec des mat\u00e9riaux <strong>certifi\u00e9s PEFC<\/strong>, \u00e0 hautes performances acoustiques et thermiques. Cette int\u00e9gration, qui enrichit l\u2019offre multiproduits d\u2019ATLANTEM, r\u00e9pond \u00e0 la demande croissante sur ce mat\u00e9riau soutenu par la RE 2020 et l\u2019int\u00e9r\u00eat croissant pour la performance \u00e9nerg\u00e9tique des b\u00e2timents. Elle apporte \u00e9galement une solution compl\u00e9mentaire en termes de protection solaire.&nbsp;<\/p>\n<\/div><\/div>\n\n\n\n<figure class=\"wp-block-embed is-type-video is-provider-youtube wp-block-embed-youtube wp-embed-aspect-16-9 wp-has-aspect-ratio\"><div class=\"wp-block-embed__wrapper\">\n<div class=\"jetpack-video-wrapper\"><iframe loading=\"lazy\" title=\"St\u00e9phane Grizeaud  d&#039; Atlantem est sur Artibat 2023\" width=\"720\" height=\"405\" src=\"https:\/\/www.youtube.com\/embed\/0Hli-KlE6jI?feature=oembed\" frameborder=\"0\" allow=\"accelerometer; autoplay; clipboard-write; encrypted-media; gyroscope; picture-in-picture; web-share\" allowfullscreen><\/iframe><\/div>\n<\/div><\/figure>\n\n\n\n<p>&nbsp;Le salon ARTIBAT est l\u2019occasion de pr\u00e9senter une partie des gammes de coffres en bois d\u00e9di\u00e9es aux projets en neuf comme en r\u00e9novation : r\u00e9sidentiels collectifs, tertiaires, \u00e9tablissements scolaires ou de sant\u00e9 :&nbsp;<\/p>\n\n\n\n<ul><li><strong>Cofrastyl Green Fit, pour volets roulants,&nbsp;<\/strong><\/li><li><strong>Cofrastyl ACO, en pose applique int\u00e9rieure, \u00e9quip\u00e9 d&rsquo;un store zip,&nbsp;<\/strong><\/li><li><strong>Cofrastyl BSO, la solution brise-soleil orientable.&nbsp;<\/strong><\/li><\/ul>\n\n\n\n<p>V\u00e9ritable valeur ajout\u00e9e, <strong>un bureau d&rsquo;\u00e9tudes int\u00e9gr\u00e9 apporte \u00e0 chaque projet une solution technique<\/strong>, pour la prescription aupr\u00e8s des \u00e9conomistes, des architectes, des bureaux d\u2019\u00e9tudes acoustiques-thermiques et environnementaux.&nbsp;<\/p>\n\n\n\n<p class=\"has-text-color\" style=\"color:#f61c85\">\u25aa <strong>DES SOLUTIONS PR\u00caTES-\u00c0-POSER QUI ALLIENT CONFORT ACOUSTIQUE, QUALIT\u00c9 DE L\u2019AIR INT\u00c9RIEUR ET MAINTENANCE FACILIT\u00c9E&nbsp;<\/strong><\/p>\n\n\n\n<p>&nbsp;Les coffres bois Coferming se distinguent par des performances sans compromis. <strong>Certifi\u00e9s par le CSTB, ils r\u00e9duisent les nuisances sonores jusqu&rsquo;\u00e0 52 dB <\/strong>avec une entr\u00e9e d\u2019air pour le mod\u00e8le ALURE. Une isolation acoustique parmi les meilleures du march\u00e9 qui apporte du confort pour les occupants. Cot\u00e9 thermique, ils offrent des performances Uc comprises entre 0,7 et 1,15 W\/m\u00b2.K suivant le contexte de pose.&nbsp;<\/p>\n\n\n\n<p>Les rapports d\u2019essais a\u00e9rauliques attestent d\u2019<strong>une ventilation de 45 m<\/strong><strong>3<\/strong><strong>\/h<\/strong>, sous une pression de 20 Pascals (norme NF E 51732), sans d\u00e9t\u00e9riorer les performances acoustiques du coffre de volet roulant, de jour comme de nuit. <strong>Une valeur ajout\u00e9e pour la qualit\u00e9 de l\u2019air int\u00e9rieur.&nbsp;<\/strong><\/p>\n\n\n\n<p><strong>Leur conception, pens\u00e9e pour une maintenance facilit\u00e9e, permet un acc\u00e8s syst\u00e9matique par l\u2019int\u00e9rieur du b\u00e2timent. Ils sont \u00e9quip\u00e9s d\u2019une trappe \u00e9tanche et r\u00e9sistante \u00e0 l\u2019\u00e9preuve du temps, horizontale ou verticale, sur charni\u00e8re ou crochet. Fini la nacelle ou l\u2019\u00e9chafaudage pour l\u2019entretien ! Ces solutions constituent un gain de temps pour les installateurs et s\u00e9curisent les \u00e9quipes d\u2019intervention sur le chantier.&nbsp;<\/strong><\/p>\n\n\n\n<p class=\"has-text-color\" style=\"color:#024378\"><strong>VOLETS ROULANTS, STORES OCCULTANTS, BRISE-SOLEIL ORIENTABLES :&nbsp;A CHAQUE USAGE SA SOLUTION COFERMING&nbsp;<\/strong><\/p>\n\n\n\n<p class=\"has-text-color\" style=\"color:#f61c85\">\u25aa <strong>Cofrastyl Green Fit, pour volets roulants&nbsp;<\/strong><\/p>\n\n\n\n<p><strong>Meilleure solution du march\u00e9 <\/strong>r\u00e9pondant aux besoins de construction des b\u00e2timents bas carbone, ce mod\u00e8le dispose d\u2019une <strong>FDES individuelle <\/strong>(coffre bois et volet roulant aluminium motoris\u00e9) disponible sur la base INIES (<strong>84 kg eq. CO\u00b2 par unit\u00e9 fonctionnelle<\/strong>). Il est \u00e9quip\u00e9 d&rsquo;un volet roulant aluminium motoris\u00e9. Il se d\u00e9cline dans un large choix de manoeuvres : motorisation \u00e0 commande radio ou filaire SIMU, SOMFY ou DELTA DORE, ou manoeuvre manuelle par treuil. Pour offrir une signature esth\u00e9tique unique et une harmonisation totale, les lames se d\u00e9clinent dans de nombreux coloris. Le MDF de densit\u00e9 650 kg\/m3 utilis\u00e9 pour la fabrication du Cofrastyl Green Fit, lui offre une rigidit\u00e9 \u00e9lev\u00e9e, sur les dimensions jusqu\u2019\u00e0 3 500 mm de large et 2 500 mm de haut.&nbsp;<\/p>\n\n\n\n<p class=\"has-text-color\" style=\"color:#f61c85\">\u25aa <strong>Cofrastyl ACO, en pose applique int\u00e9rieure, \u00e9quip\u00e9 d&rsquo;un store zip&nbsp;<\/strong><\/p>\n\n\n\n<p>Dissimul\u00e9 derri\u00e8re le linteau, ce concept constitue une solution esth\u00e9tique totalement \u00e9pur\u00e9e pour les logements neufs. Le store toile zip concilie filtration solaire et visibilit\u00e9 vers l\u2019ext\u00e9rieur. La technologie par \u00ab zip \u00bb assure l\u2019occultation et la r\u00e9sistance au vent. Cofrastyl ACO s\u2019adapte aux projets avec un encombrement r\u00e9duit, \u00e0 ossature bois, en isolation par l\u2019ext\u00e9rieur ou par l\u2019int\u00e9rieur (ITE\/ITI).&nbsp;<\/p>\n\n\n\n<p>Le store motoris\u00e9 est disponible dans un large choix de 48 coloris et de <strong>toiles selon l\u2019effet recherch\u00e9 en mati\u00e8re de luminosit\u00e9 <\/strong>:&nbsp;<\/p>\n\n\n\n<p>Soltis 92 : tel un bouclier thermique, ce screen micro-perfor\u00e9 bloque jusqu\u2019\u00e0 97 % de la chaleur. Id\u00e9al pour les espaces o\u00f9 l\u2019on souhaite r\u00e9aliser du contr\u00f4le solaire,&nbsp;<\/p>\n\n\n\n<p>Soltis B92 : cette toile opaque permet d\u2019obtenir une obscurit\u00e9 totale bloquant 100 % des UV, de la chaleur et de la lumi\u00e8re. La solution ad\u00e9quate pour les chambres et suites parentales.&nbsp;<\/p>\n\n\n\n<p class=\"has-text-color\" style=\"color:#f61c85\">\u25aa <strong>Cofrastyl BSO, la solution brise-soleil orientable&nbsp;<\/strong><\/p>\n\n\n\n<p>Cofrastyl BSO permet la gestion des apports solaires. Il se destine tout particuli\u00e8rement aux \u00e9tablissements scolaires et de sant\u00e9, afin de r\u00e9duire les co\u00fbts d\u2019exploitation. Les lames orientables en aluminium sont disponibles en Z pour un effet rectiligne contemporain ou plates pour une pr\u00e9servation optimale de l\u2019intimit\u00e9. Elles r\u00e9gulent la lumi\u00e8re du jour et l\u2019ombre selon les envies, quelle que soit la position du soleil. La palette de 13 couleurs fait \u00e9cho aux tendances actuelles \u00e9l\u00e9gantes et modernes, proposant m\u00eame une finition mate bross\u00e9e. Le syst\u00e8me anti-soul\u00e8vement int\u00e9gr\u00e9 au niveau de la lame finale (CDL70) renforce la <strong>protection contre les effractions<\/strong>.&nbsp;<\/p>\n\n\n\n<p><\/p>\n","protected":false},"excerpt":{"rendered":"<p>&nbsp;En f\u00e9vrier 2023, ATLANTEM faisait l\u2019acquisition de Coferming, premier industriel vend\u00e9en sp\u00e9cialis\u00e9 dans la fabrication de coffres en bois sur-mesure avec des mat\u00e9riaux certifi\u00e9s PEFC, \u00e0 hautes performances acoustiques et thermiques. Cette int\u00e9gration, qui enrichit l\u2019offre multiproduits d\u2019ATLANTEM, r\u00e9pond \u00e0 la demande croissante sur ce mat\u00e9riau soutenu par la RE 2020 et l\u2019int\u00e9r\u00eat croissant pour [&hellip;]<\/p>\n","protected":false},"author":1,"featured_media":32529,"comment_status":"open","ping_status":"open","sticky":false,"template":"","format":"standard","meta":{"spay_email":""},"categories":[528,134,138],"tags":[2427,2428],"jetpack_featured_media_url":"https:\/\/i0.wp.com\/batimedianews.com\/live\/wp-content\/uploads\/2023\/10\/Atlantem-Image-articles-1-1.jpg?fit=550%2C300&ssl=1","jetpack_sharing_enabled":true,"jetpack_likes_enabled":true,"jetpack-related-posts":[{"id":29454,"url":"https:\/\/batimedianews.com\/live\/index.php\/2023\/06\/17\/les-enjeux-dans-la-menuiserie-bois-atlantem-mise-sur-la-croissance-externe\/","url_meta":{"origin":32527,"position":0},"title":"Les enjeux dans la menuiserie bois : atlantem mise sur la croissance externe","date":"17 juin 2023","format":false,"excerpt":"De mani\u00e8re constante ces derni\u00e8res ann\u00e9es et d\u2019autant plus forte en 2022, Atlantem, activit\u00e9 Menuiserie du Groupe HERIGE, prend une nouvelle dimension en compl\u00e9tant sa croissance organique par des opportunit\u00e9s de croissance externe. En t\u00e9moignent les quatre acquisitions successives (Activence, MGT Menuiseries Bois, Poralu et Coferm\u2019Ing) venues densifier le maillage\u2026","rel":"","context":"Dans &quot;Actualit\u00e9 Entreprises&quot;","img":{"alt_text":"","src":"https:\/\/i0.wp.com\/batimedianews.com\/live\/wp-content\/uploads\/2023\/06\/atlantem-image-.png?fit=1200%2C1200&ssl=1&resize=350%2C200","width":350,"height":200},"classes":[]},{"id":31264,"url":"https:\/\/batimedianews.com\/live\/index.php\/2023\/09\/13\/atlantem-etend-son-expertise-en-mutualisant-ses-savoir-faire-avec-poralu-groupe-renforcement-dans-le-sud-est-et-percee-sur-le-marche-de-la-promotion\/","url_meta":{"origin":32527,"position":1},"title":"ATLANTEM \u00e9tend son expertise en mutualisant ses savoir-faire avec PORALU GROUPE : renforcement dans le sud-est et perc\u00e9e sur le march\u00e9 de la promotion","date":"13 septembre 2023","format":false,"excerpt":"\u00a0Cr\u00e9dit photo Charles Marion\u00a0 UNE ACQUISITION PLEINE DE PROMESSES\u00a0 POUR LE DEVELOPPEMENT D\u2019ATLANTEM\u00a0 De mani\u00e8re constante ces derni\u00e8res ann\u00e9es et d\u2019autant plus forte en 2022, Atlantem, activit\u00e9 Menuiserie du Groupe HERIGE, prend une nouvelle dimension avec notamment des opportunit\u00e9s de croissance externe*. L\u2019acquisition de l\u2019entreprise PORALU Groupe, fin novembre 2022,\u2026","rel":"","context":"Dans &quot;Actualit\u00e9 Entreprises&quot;","img":{"alt_text":"","src":"https:\/\/i2.wp.com\/batimedianews.com\/live\/wp-content\/uploads\/2023\/09\/Atlantem-articles.jpg?fit=825%2C825&ssl=1&resize=350%2C200","width":350,"height":200},"classes":[]},{"id":49833,"url":"https:\/\/batimedianews.com\/live\/index.php\/2026\/03\/23\/atlantem-devoile-sa-nouvelle-collection-de-portes-dentree-2026-design-personnalisation-et-securite-au-coeur-de-loffre\/","url_meta":{"origin":32527,"position":2},"title":"ATLANTEM d\u00e9voile sa nouvelle collection de portes d\u2019entr\u00e9e 2026 : design, personnalisation et s\u00e9curit\u00e9 au c\u0153ur de l\u2019offre","date":"23 mars 2026","format":false,"excerpt":"Atlantem enrichit son offre de portes d\u2019entr\u00e9e avec une nouvelle dynamique dans ses collections Grand Vitrage, Design et Tradition. Pens\u00e9es pour r\u00e9pondre aux attentes esth\u00e9tiques et techniques du march\u00e9, elles conjuguent design diff\u00e9renciant, personnalisation avanc\u00e9e et hautes performances en mati\u00e8re de s\u00e9curit\u00e9 et d\u2019isolation. Ces innovations s\u2019accompagnent du lancement du\u2026","rel":"","context":"Dans &quot;Actualit\u00e9 Entreprises&quot;","img":{"alt_text":"","src":"https:\/\/i1.wp.com\/batimedianews.com\/live\/wp-content\/uploads\/2026\/03\/Atlantem.jpg?fit=825%2C825&ssl=1&resize=350%2C200","width":350,"height":200},"classes":[]},{"id":33565,"url":"https:\/\/batimedianews.com\/live\/index.php\/2023\/12\/04\/coup-de-coeur-inspirationnel-de-solabaie-la-fenetre-so-un-atout-confort-et-deco-dans-la-cuisine\/","url_meta":{"origin":32527,"position":3},"title":"Coup de c\u0153ur inspirationnel de SOLABAIE\u00ae : La fen\u00eatre so ! , un atout confort et deco dans la cuisine !","date":"4 d\u00e9cembre 2023","format":false,"excerpt":"La cuisine, qui est devenue au fil des derni\u00e8res ann\u00e9es le \u00ab poumon \u00bb de la maison, se veut de plus en plus un espace de vie ouvert sur le s\u00e9jour. Parmi les autres crit\u00e8res d\u2019am\u00e9nagement \u00e0 prendre en compte lors de sa conception figure l\u2019ouverture vers l\u2019ext\u00e9rieur. Lumi\u00e8re naturelle,\u2026","rel":"","context":"Dans &quot;Actualit\u00e9 Entreprises&quot;","img":{"alt_text":"","src":"https:\/\/i0.wp.com\/batimedianews.com\/live\/wp-content\/uploads\/2023\/12\/Solabaie-Image-articles-1-1.jpg?fit=825%2C825&ssl=1&resize=350%2C200","width":350,"height":200},"classes":[]},{"id":32131,"url":"https:\/\/batimedianews.com\/live\/index.php\/2023\/10\/09\/solabaie-intensifie-encore-son-deploiement\/","url_meta":{"origin":32527,"position":4},"title":"SOLABAIE\u00ae intensifie encore son d\u00e9ploiement","date":"9 octobre 2023","format":false,"excerpt":"\u00a0Le r\u00e9seau SOLABAIE\u00ae poursuit sa conqu\u00eate du territoire et annonce l\u2019arriv\u00e9e de 11 nouvelles entreprises adh\u00e9rentes*. Il densifie son maillage aux quatre coins de la France, pour un service de proximit\u00e9, avec :\u00a0 \u2713 3 points de vente en Rh\u00f4ne-Alpes issus de l\u2019acquisition de Poralu (01),\u00a0 \u2713 3 en Nouvelle-Aquitaine,\u00a0\u2026","rel":"","context":"Dans &quot;Actualit\u00e9 Entreprises&quot;","img":{"alt_text":"","src":"https:\/\/i2.wp.com\/batimedianews.com\/live\/wp-content\/uploads\/2023\/10\/Solabaie-articles.jpg?fit=825%2C825&ssl=1&resize=350%2C200","width":350,"height":200},"classes":[]},{"id":19576,"url":"https:\/\/batimedianews.com\/live\/index.php\/2022\/05\/03\/nouveau-catalogue-solabaie-2022-un-revelateur-de-tendances-deco-et-connectees-pour-lhabitat\/","url_meta":{"origin":32527,"position":5},"title":"Nouveau catalogue SOLABAIE 2022 : un r\u00e9v\u00e9lateur de tendances d\u00e9co et connect\u00e9es pour l&rsquo;habitat","date":"3 mai 2022","format":false,"excerpt":"Le r\u00e9seau fran\u00e7ais SOLABAIE\u00ae, qui compte 156 points de vente r\u00e9partis sur tout le territoire, d\u00e9voile dans l\u2019\u00e9dition 2022 de son catalogue les derni\u00e8res tendances en mati\u00e8re de fen\u00eatres, volets, portes d\u2019entr\u00e9e et de garage, et portails, en PVC, aluminium, mixte, hybride ou bois. Cette ann\u00e9e, la part belle est\u2026","rel":"","context":"Dans &quot;fen\u00eatres&quot;","img":{"alt_text":"","src":"https:\/\/i0.wp.com\/batimedianews.com\/live\/wp-content\/uploads\/2022\/05\/SOLABAIE-Article.jpg?fit=1080%2C1080&ssl=1&resize=350%2C200","width":350,"height":200},"classes":[]}],"_links":{"self":[{"href":"https:\/\/batimedianews.com\/live\/index.php\/wp-json\/wp\/v2\/posts\/32527"}],"collection":[{"href":"https:\/\/batimedianews.com\/live\/index.php\/wp-json\/wp\/v2\/posts"}],"about":[{"href":"https:\/\/batimedianews.com\/live\/index.php\/wp-json\/wp\/v2\/types\/post"}],"author":[{"embeddable":true,"href":"https:\/\/batimedianews.com\/live\/index.php\/wp-json\/wp\/v2\/users\/1"}],"replies":[{"embeddable":true,"href":"https:\/\/batimedianews.com\/live\/index.php\/wp-json\/wp\/v2\/comments?post=32527"}],"version-history":[{"count":2,"href":"https:\/\/batimedianews.com\/live\/index.php\/wp-json\/wp\/v2\/posts\/32527\/revisions"}],"predecessor-version":[{"id":32538,"href":"https:\/\/batimedianews.com\/live\/index.php\/wp-json\/wp\/v2\/posts\/32527\/revisions\/32538"}],"wp:featuredmedia":[{"embeddable":true,"href":"https:\/\/batimedianews.com\/live\/index.php\/wp-json\/wp\/v2\/media\/32529"}],"wp:attachment":[{"href":"https:\/\/batimedianews.com\/live\/index.php\/wp-json\/wp\/v2\/media?parent=32527"}],"wp:term":[{"taxonomy":"category","embeddable":true,"href":"https:\/\/batimedianews.com\/live\/index.php\/wp-json\/wp\/v2\/categories?post=32527"},{"taxonomy":"post_tag","embeddable":true,"href":"https:\/\/batimedianews.com\/live\/index.php\/wp-json\/wp\/v2\/tags?post=32527"}],"curies":[{"name":"wp","href":"https:\/\/api.w.org\/{rel}","templated":true}]}}