{"id":33237,"date":"2023-11-22T10:02:58","date_gmt":"2023-11-22T09:02:58","guid":{"rendered":"http:\/\/batimedianews.com\/live\/?p=33237"},"modified":"2024-06-04T14:07:26","modified_gmt":"2024-06-04T12:07:26","slug":"knauf-ceiling-solutions-sas-distingue-de-la-medaille-dargent-ecovadis-pour-ses-engagements-en-matiere-de-rse","status":"publish","type":"post","link":"https:\/\/batimedianews.com\/live\/index.php\/2023\/11\/22\/knauf-ceiling-solutions-sas-distingue-de-la-medaille-dargent-ecovadis-pour-ses-engagements-en-matiere-de-rse\/","title":{"rendered":"KNAUF CEILING SOLUTIONS SAS distingu\u00e9 de la m\u00e9daille d\u2019Argent EcoVadis pour ses engagements en mati\u00e8re de RSE"},"content":{"rendered":"\n<div class=\"wp-block-media-text alignwide has-media-on-the-right is-stacked-on-mobile\" style=\"grid-template-columns:auto 31%\"><figure class=\"wp-block-media-text__media\"><img loading=\"lazy\" width=\"720\" height=\"720\" src=\"https:\/\/i1.wp.com\/batimedianews.com\/live\/wp-content\/uploads\/2023\/11\/image-191.png?resize=720%2C720\" alt=\"\" class=\"wp-image-33238 size-full\" srcset=\"https:\/\/i1.wp.com\/batimedianews.com\/live\/wp-content\/uploads\/2023\/11\/image-191.png?resize=1024%2C1024&amp;ssl=1 1024w, https:\/\/i1.wp.com\/batimedianews.com\/live\/wp-content\/uploads\/2023\/11\/image-191.png?resize=600%2C600&amp;ssl=1 600w, https:\/\/i1.wp.com\/batimedianews.com\/live\/wp-content\/uploads\/2023\/11\/image-191.png?resize=300%2C300&amp;ssl=1 300w, https:\/\/i1.wp.com\/batimedianews.com\/live\/wp-content\/uploads\/2023\/11\/image-191.png?resize=768%2C768&amp;ssl=1 768w, https:\/\/i1.wp.com\/batimedianews.com\/live\/wp-content\/uploads\/2023\/11\/image-191.png?resize=1536%2C1536&amp;ssl=1 1536w, https:\/\/i1.wp.com\/batimedianews.com\/live\/wp-content\/uploads\/2023\/11\/image-191.png?resize=10%2C10&amp;ssl=1 10w, https:\/\/i1.wp.com\/batimedianews.com\/live\/wp-content\/uploads\/2023\/11\/image-191.png?resize=432%2C432&amp;ssl=1 432w, https:\/\/i1.wp.com\/batimedianews.com\/live\/wp-content\/uploads\/2023\/11\/image-191.png?resize=396%2C396&amp;ssl=1 396w, https:\/\/i1.wp.com\/batimedianews.com\/live\/wp-content\/uploads\/2023\/11\/image-191.png?resize=1120%2C1120&amp;ssl=1 1120w, https:\/\/i1.wp.com\/batimedianews.com\/live\/wp-content\/uploads\/2023\/11\/image-191.png?resize=660%2C660&amp;ssl=1 660w, https:\/\/i1.wp.com\/batimedianews.com\/live\/wp-content\/uploads\/2023\/11\/image-191.png?resize=220%2C220&amp;ssl=1 220w, https:\/\/i1.wp.com\/batimedianews.com\/live\/wp-content\/uploads\/2023\/11\/image-191.png?w=1667&amp;ssl=1 1667w, https:\/\/i1.wp.com\/batimedianews.com\/live\/wp-content\/uploads\/2023\/11\/image-191.png?w=1440 1440w\" sizes=\"(max-width: 600px) 91vw, (max-width: 900px) 600px, (max-width: 1060px) 50vw, (max-width: 1200px) 520px, (max-width: 1400px) 43vw, 600px\" data-recalc-dims=\"1\" \/><\/figure><div class=\"wp-block-media-text__content\">\n<p>&nbsp;Pour sa premi\u00e8re participation, KNAUF CEILING SOLUTIONS SAS* s\u2019est vu d\u00e9cerner une m\u00e9daille d\u2019Argent par EcoVadis, plateforme mondiale d\u2019\u00e9valuation des performances RSE des entreprises. Sa <strong>note de 66\/100 <\/strong>et son <strong>classement au 88<\/strong><strong>\u00e8me <\/strong><strong>percentile de l\u2019ensemble des soci\u00e9t\u00e9s \u00e9valu\u00e9es par EcoVadis <\/strong>soulignent son engagement envers des initiatives durables. <strong>\u00c0 3 points de la m\u00e9daille d\u2019Or<\/strong>, KNAUF CEILING SOLUTIONS SAS intensifie ses efforts <strong>pour atteindre le Top 5 % <\/strong>des entreprises qui performent le plus en termes de RSE.&nbsp;<\/p>\n\n\n\n<p>L\u2019objectif de la m\u00e9thodologie EcoVadis est d\u2019\u00e9valuer la qualit\u00e9 du syst\u00e8me de gestion RSE d\u2019une entreprise \u00e0 travers ses politiques, ses actions et ses r\u00e9sultats. Son analyse couvre 4 domaines : Environnement, Social et Droits humains, \u00c9thique et Achats responsables. Pour les deux premiers, Environnement et Social et Droits humains, KNAUF CEILING SOLUTIONS SAS a obtenu une \u00ab performance avanc\u00e9e \u00bb.&nbsp;<\/p>\n<\/div><\/div>\n\n\n\n<p class=\"has-text-align-center has-medium-font-size\">&nbsp;\u00ab La m\u00e9daille d\u2019Argent EcoVadis marque une nouvelle \u00e9tape importante dans la reconnaissance de la strat\u00e9gie de d\u00e9veloppement durable de KNAUF CEILING SOLUTIONS SAS. Ce score permet d\u2019\u00eatre reconnu comme un fournisseur engag\u00e9 et fiable en mati\u00e8re de RSE,&nbsp;<\/p>\n\n\n\n<p class=\"has-text-align-center has-medium-font-size\">et constitue un v\u00e9ritable indicateur de confiance pour les clients.&nbsp;<\/p>\n\n\n\n<p class=\"has-text-align-center has-medium-font-size\">Les \u00e9quipes KNAUF CEILING SOLUTIONS SAS poursuivent leurs efforts,&nbsp;<\/p>\n\n\n\n<p class=\"has-text-align-center has-medium-font-size\">conform\u00e9ment \u00e0 leur d\u00e9marche d\u2019am\u00e9lioration continue, pour acqu\u00e9rir plus de maturit\u00e9 dans les syst\u00e8mes de management. Prochain objectif : la m\u00e9daille d\u2019Or ! \u00bb&nbsp;<\/p>\n\n\n\n<p class=\"has-text-align-center has-medium-font-size\">Catherine FRIEH, Responsable Environnement-Sant\u00e9 KNAUF CEILING SOLUTIONS&nbsp;<\/p>\n\n\n\n<p class=\"has-small-font-size\">&nbsp;<em>* Couvrant le si\u00e8ge implant\u00e9 \u00e0 Ivry-sur-Seine et le site industriel de Pontarlier.&nbsp;<\/em><\/p>\n","protected":false},"excerpt":{"rendered":"<p>&nbsp;Pour sa premi\u00e8re participation, KNAUF CEILING SOLUTIONS SAS* s\u2019est vu d\u00e9cerner une m\u00e9daille d\u2019Argent par EcoVadis, plateforme mondiale d\u2019\u00e9valuation des performances RSE des entreprises. Sa note de 66\/100 et son classement au 88\u00e8me percentile de l\u2019ensemble des soci\u00e9t\u00e9s \u00e9valu\u00e9es par EcoVadis soulignent son engagement envers des initiatives durables. \u00c0 3 points de la m\u00e9daille d\u2019Or, [&hellip;]<\/p>\n","protected":false},"author":41,"featured_media":33239,"comment_status":"open","ping_status":"open","sticky":false,"template":"","format":"standard","meta":{"spay_email":""},"categories":[4,570,862],"tags":[],"jetpack_featured_media_url":"https:\/\/i0.wp.com\/batimedianews.com\/live\/wp-content\/uploads\/2023\/11\/knauf-ceiling-Image-articles-.jpg?fit=1513%2C825&ssl=1","jetpack_sharing_enabled":true,"jetpack_likes_enabled":true,"jetpack-related-posts":[{"id":31684,"url":"https:\/\/batimedianews.com\/live\/index.php\/2023\/10\/06\/nouveau-programme-de-recyclage-des-dalles-minerales-knauf-ceiling-solutions\/","url_meta":{"origin":33237,"position":0},"title":"Nouveau programme de recyclage des dalles min\u00e9rales KNAUF CEILING SOLUTIONS","date":"6 octobre 2023","format":false,"excerpt":"\u00a0Poursuivant sa strat\u00e9gie de d\u00e9veloppement durable et en accord avec la REP PMCB, KNAUF CEILING SOLUTIONS lance son programme de recyclage pour ses dalles min\u00e9rales*. Le sp\u00e9cialiste des plafonds acoustiques multi-mat\u00e9riaux a investi dans de nouveaux \u00e9quipements sur son site de Pontarlier (25) afin de pouvoir r\u00e9int\u00e9grer dans son processus\u2026","rel":"","context":"Dans &quot;Actualit\u00e9 Entreprises&quot;","img":{"alt_text":"","src":"https:\/\/i0.wp.com\/batimedianews.com\/live\/wp-content\/uploads\/2023\/09\/KnaufCeiling-articles.jpg?fit=825%2C825&ssl=1&resize=350%2C200","width":350,"height":200},"classes":[]},{"id":38377,"url":"https:\/\/batimedianews.com\/live\/index.php\/2024\/07\/10\/varso-tower-a-varsovie-en-pologne-le-plus-haut-gratte-ciel-de-lunion-europeenne-shabille-de-solutions-acoustiques-sur-mesure-en-metal-knauf-ceiling-solutions\/","url_meta":{"origin":33237,"position":1},"title":"Varso Tower \u00e0 Varsovie en Pologne : Le plus haut gratte-ciel de l\u2019Union Europ\u00e9enne s\u2019habille de solutions acoustiques sur-mesure en m\u00e9tal KNAUF CEILING SOLUTIONS","date":"10 juillet 2024","format":false,"excerpt":"Cr\u00e9dit photo KNAUF CEILING SOLUTIONS - Photographe Szymon Pola\u0144ski\u00a0 Le plus grand gratte-ciel de l\u2019Union Europ\u00e9enne, d\u2019une hauteur de 310 m, s\u2019\u00e9l\u00e8ve au coeur de Varsovie en Pologne. Baptis\u00e9 Varso Tower et imagin\u00e9 par l\u2019agence d\u2019architecture Foster + Partners, ce programme accueille des bureaux sur 53 \u00e9tages. Il a \u00e9t\u00e9\u2026","rel":"","context":"Dans &quot;Acoustique&quot;","img":{"alt_text":"","src":"https:\/\/i0.wp.com\/batimedianews.com\/live\/wp-content\/uploads\/2024\/07\/KnaufCeiling.jpg?fit=1100%2C600&ssl=1&resize=350%2C200","width":350,"height":200},"classes":[]},{"id":32564,"url":"https:\/\/batimedianews.com\/live\/index.php\/2023\/10\/25\/le-groupe-herige-obtient-la-medaille-dargent-ecovadis-et-integre-le-top-25-des-entreprises-evaluees\/","url_meta":{"origin":33237,"position":2},"title":"Le GROUPE HERIGE obtient la m\u00e9daille d\u2019argent ECOVADIS et int\u00e8gre le top 25 % des entreprises \u00e9valu\u00e9es","date":"25 octobre 2023","format":false,"excerpt":"\u00a0HERIGE a obtenu au titre du Groupe et de ses filiales, le 9 octobre dernier, la m\u00e9daille d\u2019argent EcoVadis* d\u00e8s la premi\u00e8re \u00e9valuation de son engagement RSE (Responsabilit\u00e9 Soci\u00e9tale des Entreprises), avec la note globale de 61\/100. Cette notation t\u00e9moigne de son engagement aupr\u00e8s de ses clients et partenaires, en\u2026","rel":"","context":"Dans &quot;Actualit\u00e9 Entreprises&quot;","img":{"alt_text":"","src":"https:\/\/i0.wp.com\/batimedianews.com\/live\/wp-content\/uploads\/2023\/10\/Herige-Image-articles-.jpg?fit=825%2C825&ssl=1&resize=350%2C200","width":350,"height":200},"classes":[]},{"id":25680,"url":"https:\/\/batimedianews.com\/live\/index.php\/2023\/01\/26\/nouvelles-dalles-triangulaires-metal-creative-modularite-et-couleurs-pour-faconner-ses-projets-plafonds-a-linfini\/","url_meta":{"origin":33237,"position":3},"title":"Nouvelles dalles triangulaires METAL Creative : Modularit\u00e9 et couleurs pour fa\u00e7onner ses projets plafonds \u00e0 l\u2019infini","date":"26 janvier 2023","format":false,"excerpt":"Offrir des possibilit\u00e9s illimit\u00e9es aux architectes et designers tout en simplifiant la mise en oeuvre de l\u2019entreprise est depuis toujours le leitmotiv de Knauf Ceiling Solutions. Lanc\u00e9es en janvier, les nouvelles dalles triangulaires METAL Creative ont \u00e9t\u00e9 con\u00e7ues dans cet esprit. Leur forme, conjugu\u00e9e \u00e0 la nouvelle palette de couleurs\u2026","rel":"","context":"Dans &quot;Actualit\u00e9 Entreprises&quot;","img":{"alt_text":"","src":"https:\/\/i2.wp.com\/batimedianews.com\/live\/wp-content\/uploads\/2023\/01\/KnaufCeiling-Article.jpg?fit=1080%2C1080&ssl=1&resize=350%2C200","width":350,"height":200},"classes":[]},{"id":17016,"url":"https:\/\/batimedianews.com\/live\/index.php\/2022\/03\/08\/knauf-ceiling-solutions-un-acteur-industriel-qui-investit-et-recrute-sur-le-territoire-francais\/","url_meta":{"origin":33237,"position":4},"title":"KNAUF CEILING SOLUTIONS, un acteur industriel qui investit et recrute sur le territoire fran\u00e7ais","date":"8 mars 2022","format":false,"excerpt":"\u00a0Cr\u00e9ation de plus de 30 postes dans le Doubs (25) et l\u2019Eure-et-Loir (28)\u00a0 En haut : Site de Pontarlier ; En bas \u00e0 gauche : Site de Valenciennes ; En bas \u00e0 droite : Site de Dreux\u00a0Cr\u00e9dit photos KNAUF CEILING SOLUTIONS\u00a0 Le recrutement est aujourd\u2019hui un v\u00e9ritable enjeu dans le\u2026","rel":"","context":"Dans &quot;Actualit\u00e9 Entreprises&quot;","img":{"alt_text":"","src":"https:\/\/i0.wp.com\/batimedianews.com\/live\/wp-content\/uploads\/2022\/03\/KnaufCeiling-Article.jpg?fit=512%2C512&ssl=1&resize=350%2C200","width":350,"height":200},"classes":[]},{"id":33880,"url":"https:\/\/batimedianews.com\/live\/index.php\/2023\/12\/14\/knauf-ceiling-solutions-lance-sa-nouvelle-dalle-de-plafond-scalacoustic-quand-economique-rime-avec-acoustique-et-esthetique\/","url_meta":{"origin":33237,"position":5},"title":"KNAUF CEILING SOLUTIONS lance sa nouvelle dalle de plafond SCALACOUSTIC : quand \u00e9conomique rime avec acoustique et esth\u00e9tique","date":"14 d\u00e9cembre 2023","format":false,"excerpt":"\u00a0Qu\u2019il s\u2019agisse de construction ou de r\u00e9novation, lorsqu\u2019il faut entreprendre des travaux, le premier enjeu des ma\u00eetres d\u2019\u0153uvre et d\u2019ouvrage est le respect du budget. D\u2019autant plus vrai dans le public, o\u00f9 les enveloppes tendent \u00e0 se r\u00e9duire. Pour r\u00e9pondre \u00e0 cette probl\u00e9matique du march\u00e9, les industriels doivent imaginer des\u2026","rel":"","context":"Dans &quot;Acoustique&quot;","img":{"alt_text":"","src":"https:\/\/i2.wp.com\/batimedianews.com\/live\/wp-content\/uploads\/2023\/12\/Knauf-Ceiling-Image-articles-.jpg?fit=825%2C825&ssl=1&resize=350%2C200","width":350,"height":200},"classes":[]}],"_links":{"self":[{"href":"https:\/\/batimedianews.com\/live\/index.php\/wp-json\/wp\/v2\/posts\/33237"}],"collection":[{"href":"https:\/\/batimedianews.com\/live\/index.php\/wp-json\/wp\/v2\/posts"}],"about":[{"href":"https:\/\/batimedianews.com\/live\/index.php\/wp-json\/wp\/v2\/types\/post"}],"author":[{"embeddable":true,"href":"https:\/\/batimedianews.com\/live\/index.php\/wp-json\/wp\/v2\/users\/41"}],"replies":[{"embeddable":true,"href":"https:\/\/batimedianews.com\/live\/index.php\/wp-json\/wp\/v2\/comments?post=33237"}],"version-history":[{"count":2,"href":"https:\/\/batimedianews.com\/live\/index.php\/wp-json\/wp\/v2\/posts\/33237\/revisions"}],"predecessor-version":[{"id":33269,"href":"https:\/\/batimedianews.com\/live\/index.php\/wp-json\/wp\/v2\/posts\/33237\/revisions\/33269"}],"wp:featuredmedia":[{"embeddable":true,"href":"https:\/\/batimedianews.com\/live\/index.php\/wp-json\/wp\/v2\/media\/33239"}],"wp:attachment":[{"href":"https:\/\/batimedianews.com\/live\/index.php\/wp-json\/wp\/v2\/media?parent=33237"}],"wp:term":[{"taxonomy":"category","embeddable":true,"href":"https:\/\/batimedianews.com\/live\/index.php\/wp-json\/wp\/v2\/categories?post=33237"},{"taxonomy":"post_tag","embeddable":true,"href":"https:\/\/batimedianews.com\/live\/index.php\/wp-json\/wp\/v2\/tags?post=33237"}],"curies":[{"name":"wp","href":"https:\/\/api.w.org\/{rel}","templated":true}]}}