{"id":3329,"date":"2019-10-30T16:43:02","date_gmt":"2019-10-30T15:43:02","guid":{"rendered":"http:\/\/batimedianews.com\/live\/?p=3329"},"modified":"2021-10-20T12:57:09","modified_gmt":"2021-10-20T10:57:09","slug":"les-eco-isolateurs-n1-de-lisolation-en-france-lancent-les-eco-chauffagistes","status":"publish","type":"post","link":"https:\/\/batimedianews.com\/live\/index.php\/2019\/10\/30\/les-eco-isolateurs-n1-de-lisolation-en-france-lancent-les-eco-chauffagistes\/","title":{"rendered":"Les Eco-Isolateurs, n\u00b01 de l\u2019isolation en France, lancent  Les Eco-Chauffagistes"},"content":{"rendered":"\n<p style=\"text-align:justify\"><strong>Leader national de l\u2019isolation thermique en r\u00e9novation avec plus de 50 000 logements isol\u00e9s par an sur toute la France, Les Eco-Isolateurs seront pour la 1<sup>\u00e8re<\/sup><\/strong><strong> fois pr\u00e9sents \u00e0 Interclima, pour pr\u00e9senter officiellement Les Eco-Chauffagistes. Avec cette nouvelle activit\u00e9, le groupe Les Eco-Isolateurs ambitionne de devenir le n\u00b01 de l\u2019\u00e9conomie d\u2019\u00e9nergie dans l\u2019habitat gr\u00e2ce \u00e0 une offre compl\u00e8te d\u2019isolation et de chauffage.\u00a0<\/strong><\/p>\n\n\n\n<figure class=\"wp-block-image\"><img loading=\"lazy\" width=\"248\" height=\"139\" src=\"https:\/\/i1.wp.com\/batimedianews.com\/live\/wp-content\/uploads\/2019\/10\/logo_eco_chauffagistes.jpg?resize=248%2C139\" alt=\"\" class=\"wp-image-3332\" srcset=\"https:\/\/i1.wp.com\/batimedianews.com\/live\/wp-content\/uploads\/2019\/10\/logo_eco_chauffagistes.jpg?w=248&amp;ssl=1 248w, https:\/\/i1.wp.com\/batimedianews.com\/live\/wp-content\/uploads\/2019\/10\/logo_eco_chauffagistes.jpg?resize=10%2C6&amp;ssl=1 10w\" sizes=\"(max-width: 600px) 91vw, (max-width: 900px) 600px, (max-width: 1060px) 50vw, (max-width: 1200px) 520px, (max-width: 1400px) 43vw, 600px\" data-recalc-dims=\"1\" \/><\/figure>\n\n\n\n<p style=\"text-align:justify\"> Les Eco-Chauffagistes assureront le remplacement des vieilles chaudi\u00e8res par des pompes \u00e0 chaleur ou des chaudi\u00e8res gaz murales performantes <\/p>\n\n\n\n<p style=\"text-align:justify\"><strong><em>A propos du groupe Les Eco-Isolateurs&nbsp;: <\/em><\/strong><strong><em><br><\/em><\/strong><em>Fond\u00e9 en 2010, le groupe Les Eco-Isolateurs, bas\u00e9 en Normandie<\/em><em> compte 20 agences r\u00e9parties sur tout l\u2019hexagone et 300 salari\u00e9s. Il intervient dans l\u2019isolation en r\u00e9novation thermique en logement individuel aupr\u00e8s des particuliers, mais aussi en logements collectifs aupr\u00e8s des bailleurs et copropri\u00e9t\u00e9s via deux marques :<\/em><\/p>\n\n\n\n<p style=\"text-align:justify\"><em>&#8211;<\/em><em> &nbsp; &nbsp; <\/em><strong><em>Les Eco-Isolateurs : <\/em><\/strong><em>sp\u00e9cialistes de l\u2019isolation thermique des maisons individuelles pour les particuliers. L\u2019enseigne propose des offres d\u2019isolation des combles, fa\u00e7ades, sols et toitures financ\u00e9es jusqu\u2019\u00e0 100 % pour les foyers les plus modestes.&nbsp; &nbsp; &nbsp; &nbsp; <\/em><\/p>\n\n\n\n<p style=\"text-align:justify\"><em>&#8211;<\/em><em> &nbsp; &nbsp; &nbsp; <\/em><strong><em>Bis R\u00e9novation Pro : <\/em><\/strong><em>la marque r\u00e9f\u00e9rence pour des solutions thermiques performantes destin\u00e9es aux logements collectifs et aux b\u00e2timents du tertiaire (bailleurs, syndics, industriels et collectivit\u00e9s).<\/em><\/p>\n\n\n\n<p style=\"text-align:justify\"><em>Le groupe Les Eco-Isolateurs ne fait aucun d\u00e9marchage t\u00e9l\u00e9phonique et propose des prestations cl\u00e9s en main (de la constitution int\u00e9grale du dossier de primes et subventions \u00e0 la r\u00e9alisation des chantiers). Il a r\u00e9alis\u00e9 un chiffre d\u2019affaires de 35 millions d\u2019euros et a remport\u00e9 le palmar\u00e8s des \u00ab Champions de la croissance 2019 \u00bb du quotidien Les Echos.<\/em><\/p>\n\n\n\n<figure class=\"wp-block-image\"><img loading=\"lazy\" width=\"720\" height=\"326\" src=\"https:\/\/i0.wp.com\/batimedianews.com\/live\/wp-content\/uploads\/2019\/10\/eco1.jpg?resize=720%2C326\" alt=\"\" class=\"wp-image-3330\" srcset=\"https:\/\/i0.wp.com\/batimedianews.com\/live\/wp-content\/uploads\/2019\/10\/eco1.jpg?w=849&amp;ssl=1 849w, https:\/\/i0.wp.com\/batimedianews.com\/live\/wp-content\/uploads\/2019\/10\/eco1.jpg?resize=300%2C136&amp;ssl=1 300w, https:\/\/i0.wp.com\/batimedianews.com\/live\/wp-content\/uploads\/2019\/10\/eco1.jpg?resize=768%2C347&amp;ssl=1 768w, https:\/\/i0.wp.com\/batimedianews.com\/live\/wp-content\/uploads\/2019\/10\/eco1.jpg?resize=10%2C5&amp;ssl=1 10w, https:\/\/i0.wp.com\/batimedianews.com\/live\/wp-content\/uploads\/2019\/10\/eco1.jpg?resize=432%2C195&amp;ssl=1 432w, https:\/\/i0.wp.com\/batimedianews.com\/live\/wp-content\/uploads\/2019\/10\/eco1.jpg?resize=396%2C179&amp;ssl=1 396w, https:\/\/i0.wp.com\/batimedianews.com\/live\/wp-content\/uploads\/2019\/10\/eco1.jpg?resize=660%2C299&amp;ssl=1 660w, https:\/\/i0.wp.com\/batimedianews.com\/live\/wp-content\/uploads\/2019\/10\/eco1.jpg?resize=486%2C220&amp;ssl=1 486w\" sizes=\"(max-width: 600px) 91vw, (max-width: 900px) 600px, (max-width: 1060px) 50vw, (max-width: 1200px) 520px, (max-width: 1400px) 43vw, 600px\" data-recalc-dims=\"1\" \/><\/figure>\n","protected":false},"excerpt":{"rendered":"<p>Leader national de l\u2019isolation thermique en r\u00e9novation avec plus de 50 000 logements isol\u00e9s par an sur toute la France, Les Eco-Isolateurs seront pour la 1\u00e8re fois pr\u00e9sents \u00e0 Interclima, pour pr\u00e9senter officiellement Les Eco-Chauffagistes. Avec cette nouvelle activit\u00e9, le groupe Les Eco-Isolateurs ambitionne de devenir le n\u00b01 de l\u2019\u00e9conomie d\u2019\u00e9nergie dans l\u2019habitat gr\u00e2ce \u00e0 [&hellip;]<\/p>\n","protected":false},"author":1,"featured_media":3330,"comment_status":"open","ping_status":"open","sticky":false,"template":"","format":"standard","meta":{"spay_email":""},"categories":[4,31,143,80,84],"tags":[],"jetpack_featured_media_url":"https:\/\/i0.wp.com\/batimedianews.com\/live\/wp-content\/uploads\/2019\/10\/eco1.jpg?fit=849%2C384&ssl=1","jetpack_sharing_enabled":true,"jetpack_likes_enabled":true,"jetpack-related-posts":[{"id":13899,"url":"https:\/\/batimedianews.com\/live\/index.php\/2021\/12\/02\/ebs-groupe-lance-un-nouveau-service-de-nettoyage-des-toitures-des-facades-et-des-terrasses\/","url_meta":{"origin":3329,"position":0},"title":"EBS Groupe lance un nouveau service de nettoyage des toitures, des fa\u00e7ades et des terrasses","date":"2 d\u00e9cembre 2021","format":false,"excerpt":"Soucieux d'apporter la meilleure isolation et protection possible aux logements des Fran\u00e7ais, le Groupe EBS, acteur majeur de la r\u00e9novation \u00e9nerg\u00e9tique, innove et cr\u00e9er un nouveau service de nettoyage des toitures, des fa\u00e7ades et des terrasses. Avec plus de 300 chantiers r\u00e9alis\u00e9s par jour, le Groupe EBS fait le constat\u2026","rel":"","context":"Dans &quot;Actualit\u00e9 Entreprises&quot;","img":{"alt_text":"","src":"https:\/\/i0.wp.com\/batimedianews.com\/live\/wp-content\/uploads\/2021\/11\/EBSGroupe-Article.jpg?fit=512%2C512&ssl=1&resize=350%2C200","width":350,"height":200},"classes":[]},{"id":45559,"url":"https:\/\/batimedianews.com\/live\/index.php\/2025\/06\/23\/knauf-industries-apporte-sa-solution-disolation-structurelle-aux-ecolodges-nouvelle-generation-darkegreen\/","url_meta":{"origin":3329,"position":1},"title":"Knauf Industries apporte sa solution d\u2019isolation structurelle aux \u00e9colodges nouvelle g\u00e9n\u00e9ration d\u2019Arkegreen","date":"23 juin 2025","format":false,"excerpt":"Nouvelle alliance dans la construction: Arkegreen, sp\u00e9cialis\u00e9e dans la conception d\u2019\u00e9colodges respectueux de l\u2019environnement, a choisi de faire confiance \u00e0 Knauf Industries leader dans la fabrication de mat\u00e9riaux pour concevoir la structure isolante de ses constructions. Une vision partag\u00e9e au service de l\u2019habitat Cette collaboration est n\u00e9e de la rencontre\u2026","rel":"","context":"Dans &quot;Actualit\u00e9 Entreprises&quot;","img":{"alt_text":"","src":"https:\/\/i1.wp.com\/batimedianews.com\/live\/wp-content\/uploads\/2025\/06\/Knauf.jpg?fit=825%2C825&ssl=1&resize=350%2C200","width":350,"height":200},"classes":[]},{"id":14115,"url":"https:\/\/batimedianews.com\/live\/index.php\/2021\/12\/02\/le-bureau-detudes-construire-innove-avec-lisolation-sous-vide\/","url_meta":{"origin":3329,"position":2},"title":"Le Bureau d\u2019\u00c9tudes Construire innove avec l\u2019isolation sous-vide.","date":"2 d\u00e9cembre 2021","format":false,"excerpt":"UNE TECHNOLOGIE INNOVANTE POUR GAGNER DE PR\u00c9CIEUX M\u00c8TRES CARR\u00c9S ET AM\u00c9LIORER LA PERFORMANCE THERMIQUE DES CONSTRUCTIONS. L\u2019isolation sous-vide\u00a0est une technologie sous employ\u00e9e en France dans la construction et la r\u00e9novation alors qu\u2019elle offre une meilleure isolation et permet de gagner de pr\u00e9cieux m2 dans les grandes m\u00e9tropoles ou le prix\u2026","rel":"","context":"Dans &quot;Actualit\u00e9 Entreprises&quot;","img":{"alt_text":"","src":"https:\/\/i1.wp.com\/batimedianews.com\/live\/wp-content\/uploads\/2021\/11\/Construire-Article.jpg?fit=512%2C512&ssl=1&resize=350%2C200","width":350,"height":200},"classes":[]},{"id":39551,"url":"https:\/\/batimedianews.com\/live\/index.php\/2024\/09\/11\/interclima-2024-met-laccent-sur-le-tertiaire\/","url_meta":{"origin":3329,"position":3},"title":"INTERCLIMA 2024 met l\u2019accent sur le tertiaire","date":"11 septembre 2024","format":false,"excerpt":"INTERCLIMA 2024 organis\u00e9 par RX et Uniclima et qui se tiendra du 30 septembre au 3 octobre \u00e0 Paris-Porte de Versailles est un rendez-vous attendu pour tous les acteurs du g\u00e9nie climatique. Au travers de conf\u00e9rences et d\u2019ateliers, les visiteurs pourront d\u00e9couvrir les derni\u00e8res technologies en mati\u00e8re d\u2019efficacit\u00e9 \u00e9nerg\u00e9tique et\u2026","rel":"","context":"Dans &quot;Actualit\u00e9s salons&quot;","img":{"alt_text":"","src":"https:\/\/i0.wp.com\/batimedianews.com\/live\/wp-content\/uploads\/2024\/09\/Interclima.jpg?fit=825%2C825&ssl=1&resize=350%2C200","width":350,"height":200},"classes":[]},{"id":19913,"url":"https:\/\/batimedianews.com\/live\/index.php\/2022\/05\/10\/vm-renforce-son-programme-eco-solutions-avec-son-offre-en-isolation-biosourcee-pour-la-construction-et-la-renovation\/","url_meta":{"origin":3329,"position":4},"title":"VM renforce son programme  : \u00e9co solutions , avec son offre en isolation biosourc\u00e9e pour la construction et la r\u00e9novation","date":"10 mai 2022","format":false,"excerpt":"En 2021, VM, activit\u00e9 n\u00e9goce du groupe HERIGE, lan\u00e7ait son programme \u00ab \u00e9cosolutions \u00bb, d\u00e9di\u00e9 \u00e0 aider les artisans dans la r\u00e9novation \u00e9nerg\u00e9tique. En 2022, VM \u00e9largit son offre et fait entrer dans ses points de vente une nouvelle gamme d\u2019isolants biosourc\u00e9s. Il confirme ainsi son ambition d\u2019accompagner la r\u00e9novation\u2026","rel":"","context":"Dans &quot;Actualit\u00e9 Entreprises&quot;","img":{"alt_text":"","src":"https:\/\/i2.wp.com\/batimedianews.com\/live\/wp-content\/uploads\/2022\/05\/VM-Article.jpg?fit=1080%2C1080&ssl=1&resize=350%2C200","width":350,"height":200},"classes":[]},{"id":30566,"url":"https:\/\/batimedianews.com\/live\/index.php\/2023\/08\/30\/ursa-est-present-a-renodays\/","url_meta":{"origin":3329,"position":5},"title":"URSA est pr\u00e9sent \u00e0 RENODAYS\u2026","date":"30 ao\u00fbt 2023","format":false,"excerpt":"\u00a03 QUESTIONS \u00c0\u2026 Carine Bonnier, Responsable marketing communication URSA France\u00a0 \u00a0URSA France est l\u2019un des leaders europ\u00e9ens de l\u2019isolation thermique et acoustique des b\u00e2timents. L\u2019entreprise sera pr\u00e9sente les 12 et 13 septembre prochain \u00e0 RENODAYS. L\u2019occasion de comprendre ce que signifie pour elle la r\u00e9novation globale et performantes des logements\u2026","rel":"","context":"Dans &quot;Actualit\u00e9 Entreprises&quot;","img":{"alt_text":"","src":"https:\/\/i1.wp.com\/batimedianews.com\/live\/wp-content\/uploads\/2023\/08\/ursa-renodays.jpeg?fit=675%2C675&ssl=1&resize=350%2C200","width":350,"height":200},"classes":[]}],"_links":{"self":[{"href":"https:\/\/batimedianews.com\/live\/index.php\/wp-json\/wp\/v2\/posts\/3329"}],"collection":[{"href":"https:\/\/batimedianews.com\/live\/index.php\/wp-json\/wp\/v2\/posts"}],"about":[{"href":"https:\/\/batimedianews.com\/live\/index.php\/wp-json\/wp\/v2\/types\/post"}],"author":[{"embeddable":true,"href":"https:\/\/batimedianews.com\/live\/index.php\/wp-json\/wp\/v2\/users\/1"}],"replies":[{"embeddable":true,"href":"https:\/\/batimedianews.com\/live\/index.php\/wp-json\/wp\/v2\/comments?post=3329"}],"version-history":[{"count":2,"href":"https:\/\/batimedianews.com\/live\/index.php\/wp-json\/wp\/v2\/posts\/3329\/revisions"}],"predecessor-version":[{"id":3333,"href":"https:\/\/batimedianews.com\/live\/index.php\/wp-json\/wp\/v2\/posts\/3329\/revisions\/3333"}],"wp:featuredmedia":[{"embeddable":true,"href":"https:\/\/batimedianews.com\/live\/index.php\/wp-json\/wp\/v2\/media\/3330"}],"wp:attachment":[{"href":"https:\/\/batimedianews.com\/live\/index.php\/wp-json\/wp\/v2\/media?parent=3329"}],"wp:term":[{"taxonomy":"category","embeddable":true,"href":"https:\/\/batimedianews.com\/live\/index.php\/wp-json\/wp\/v2\/categories?post=3329"},{"taxonomy":"post_tag","embeddable":true,"href":"https:\/\/batimedianews.com\/live\/index.php\/wp-json\/wp\/v2\/tags?post=3329"}],"curies":[{"name":"wp","href":"https:\/\/api.w.org\/{rel}","templated":true}]}}