{"id":33341,"date":"2023-11-27T12:50:59","date_gmt":"2023-11-27T11:50:59","guid":{"rendered":"http:\/\/batimedianews.com\/live\/?p=33341"},"modified":"2024-06-04T14:07:04","modified_gmt":"2024-06-04T12:07:04","slug":"journee-mondiale-de-la-ventilation-aldes-sensibilise-a-lamelioration-et-la-surveillance-de-la-qai-en-milieu-scolaire","status":"publish","type":"post","link":"https:\/\/batimedianews.com\/live\/index.php\/2023\/11\/27\/journee-mondiale-de-la-ventilation-aldes-sensibilise-a-lamelioration-et-la-surveillance-de-la-qai-en-milieu-scolaire\/","title":{"rendered":"Journ\u00e9e mondiale de la ventilation : Aldes sensibilise \u00e0 l\u2019am\u00e9lioration et la surveillance de la QAI en milieu scolaire"},"content":{"rendered":"\n<p>Le 8 novembre 2023 marque la seconde journ\u00e9e mondiale de la ventilation. A cette occasion, Aldes, groupe engag\u00e9 et sp\u00e9cialiste des solutions de ventilation et de confort thermique, sensibilise et rappelle l\u2019importance d\u2019une bonne ventilation dans les \u00e9tablissements scolaires. Car la qualit\u00e9 de l\u2019air int\u00e9rieur (QAI) a une incidence directe &#8211; aussi bien positive que n\u00e9gative &#8211; sur les performances d\u2019apprentissage des enfants, il devient plus que primordial d\u2019alerter sur la r\u00e9novation et la bonne ventilation des \u00e9coles.<\/p>\n\n\n\n<p class=\"has-text-color\" style=\"color:#012671;font-size:18px\"><strong>Une bonne qualit\u00e9 de l\u2019air int\u00e9rieur pour un bon apprentissage<\/strong><\/p>\n\n\n\n<p>Les atmosph\u00e8res int\u00e9rieures renferment de nombreux polluants (biologiques, physiques et chimiques), pouvant \u00eatre plus n\u00e9fastes que l\u2019air ext\u00e9rieur et pouvant ainsi impacter la sant\u00e9 des individus, du simple inconfort jusqu&rsquo;aux maladies graves. Avec plus de 80% du temps pass\u00e9 dans un environnement clos,<strong> la bonne qualit\u00e9 de l\u2019air int\u00e9rieur devient un enjeu de sant\u00e9 publique, particuli\u00e8rement au sein des \u00e9tablissements scolaires<\/strong>, accueillant les jeunes g\u00e9n\u00e9rations.<\/p>\n\n\n\n<p>Le saviez-vous ? <strong>Aujourd\u2019hui, 75%<sup>1<\/sup> des \u00e9coles ne sont pas \u00e9quip\u00e9es de syst\u00e8mes de ventilation m\u00e9canique.<\/strong> Or, un bon \u00e9l\u00e8ve est un \u00e9l\u00e8ve qui respire un air sain, une mauvaise qualit\u00e9 de l\u2019air int\u00e9rieur a un impact sur les capacit\u00e9s cognitives des \u00e9l\u00e8ves. En effet, alors qu\u2019une mauvaise QAI entra\u00eene une augmentation de l\u2019absent\u00e9isme mais \u00e9galement une baisse de la concentration, a contrario, une <strong>bonne QAI gr\u00e2ce \u00e0 une ventilation ad\u00e9quate participe \u00e0 l\u2019am\u00e9lioration des performances d\u2019apprentissages des enfants <\/strong>(+15% dans la m\u00e9morisation des mots et +8% dans la m\u00e9morisation des images).<\/p>\n\n\n\n<p>S\u2019il est donc important et n\u00e9cessaire de mettre en place des actions, la l\u00e9gislation a \u00e9volu\u00e9e ces derniers mois en fixant davantage de contr\u00f4les dans les \u00e9tablissements d&rsquo;accueil collectif d&rsquo;enfants de moins de six ans, les centres de loisirs ainsi que les \u00e9tablissements d&rsquo;enseignement ou de formation professionnelle du premier et du second degr\u00e9.<\/p>\n\n\n\n<p>Ainsi, deux d\u00e9crets et un arr\u00eat\u00e9, entr\u00e9s en vigueur le 27 d\u00e9cembre 2022 et obligatoires depuis le 1er janvier 2023, imposent d\u00e9sormais aux propri\u00e9taires et exploitants d\u2019\u00e9tablissements recevant du public de proc\u00e9der \u00e0 une surveillance de la QAI au sein de leurs locaux. Cette surveillance, comprend deux volets :<\/p>\n\n\n\n<ul><li>Une <strong>\u00e9valuation annuelle<\/strong> (la premi\u00e8re \u00e9tant \u00e0 r\u00e9aliser au plus tard en 2024), incluant la <strong>mesure \u00e0 lecture directe de la concentration en dioxyde de carbone <\/strong>dans l\u2019air int\u00e9rieur, un <strong>examen visuel des dispositifs de ventilation<\/strong> et un constat de<strong> leur fonctionnement<\/strong> <strong>et de la circulation ad\u00e9quate de l\u2019air.<\/strong><\/li><li>Un<strong> auto-diagnostique de la QAI<\/strong>, r\u00e9alis\u00e9 au moins une fois tous les 4 ans, portant sur<strong> l\u2019identification et la r\u00e9duction des sources d\u2019\u00e9mission de substances polluantes ; l\u2019entretien des syst\u00e8mes de ventilation et des moyens d\u2019a\u00e9ration<\/strong> de l\u2019\u00e9tablissement ; la <strong>diminution de l\u2019exposition des occupants aux polluants<\/strong>, r\u00e9sultant, en particulier, des travaux et des activit\u00e9s de nettoyage.<\/li><\/ul>\n\n\n\n<p>Sur les 44 000 \u00e9coles fran\u00e7aises, 40 000 d\u2019entre elles ne r\u00e9pondent pas aux diff\u00e9rentes normes en vigueur. Premier pas dans en vue d\u2019atteindre cet objectif, le <strong>programme EduR\u00e9nov<\/strong> pr\u00e9voit une enveloppe de 500 millions d&rsquo;euros pour financer 10 000 chantiers qui seront lanc\u00e9s d&rsquo;ici 2027 pour soutenir les collectivit\u00e9s territoriales dans leurs travaux de r\u00e9novation \u00e9nerg\u00e9tique. Des aides financi\u00e8res mais \u00e9galement un soutien d\u2019ing\u00e9nierie afin de faciliter la pr\u00e9paration puis la mise en oeuvre des installations.<\/p>\n\n\n\n<p class=\"has-small-font-size\">1 *OQAI &#8211; Campagne nationale pour \u00e9valuer la qualit\u00e9 des environnements int\u00e9rieurs des \u00e9coles fran\u00e7aises (2018) &#8211;<a href=\"https:\/\/www.oqai.fr\/fr\/campagnes\/campagne-nationale-ecoles-n01\">https:\/\/www.oqai.fr\/fr\/campagnes\/campagne-nationale-ecoles-n01<\/a><\/p>\n\n\n\n<p>Ainsi, au-del\u00e0 de gains \u00e9nerg\u00e9tiques importants, de l\u2019ordre de 40 % d&rsquo;\u00e9conomie d\u2019ici 2030, il est n\u00e9cessaire que ces r\u00e9novations prennent \u00e9galement en compte la notion de ventilation pour am\u00e9liorer significativement la qualit\u00e9 de l\u2019air int\u00e9rieur au sein des \u00e9tablissements scolaires.<\/p>\n\n\n\n<p class=\"has-text-color\" style=\"color:#012671;font-size:18px\"><strong>DEX3000 pour r\u00e9pondre aux enjeux de la QAI<\/strong><\/p>\n\n\n\n<div class=\"wp-block-media-text alignwide has-media-on-the-right is-stacked-on-mobile\" style=\"grid-template-columns:auto 27%\"><figure class=\"wp-block-media-text__media\"><img loading=\"lazy\" width=\"660\" height=\"896\" src=\"https:\/\/i2.wp.com\/batimedianews.com\/live\/wp-content\/uploads\/2023\/11\/image-209.png?resize=660%2C896\" alt=\"\" class=\"wp-image-33342 size-full\" srcset=\"https:\/\/i2.wp.com\/batimedianews.com\/live\/wp-content\/uploads\/2023\/11\/image-209.png?w=660&amp;ssl=1 660w, https:\/\/i2.wp.com\/batimedianews.com\/live\/wp-content\/uploads\/2023\/11\/image-209.png?resize=442%2C600&amp;ssl=1 442w, https:\/\/i2.wp.com\/batimedianews.com\/live\/wp-content\/uploads\/2023\/11\/image-209.png?resize=7%2C10&amp;ssl=1 7w, https:\/\/i2.wp.com\/batimedianews.com\/live\/wp-content\/uploads\/2023\/11\/image-209.png?resize=432%2C586&amp;ssl=1 432w, https:\/\/i2.wp.com\/batimedianews.com\/live\/wp-content\/uploads\/2023\/11\/image-209.png?resize=396%2C538&amp;ssl=1 396w, https:\/\/i2.wp.com\/batimedianews.com\/live\/wp-content\/uploads\/2023\/11\/image-209.png?resize=162%2C220&amp;ssl=1 162w\" sizes=\"(max-width: 600px) 91vw, (max-width: 900px) 600px, (max-width: 1060px) 50vw, (max-width: 1200px) 520px, (max-width: 1400px) 43vw, 600px\" data-recalc-dims=\"1\" \/><\/figure><div class=\"wp-block-media-text__content\">\n<p>Sp\u00e9cialiste de la ma\u00eetrise de l\u2019air et de la QAI, Aldes mise sur son expertise pour r\u00e9pondre au besoin <strong>urgent de d\u00e9ployer des solutions de ventilation dans les b\u00e2timents d\u2019enseignement et accueillant des enfants <\/strong>(cr\u00e8ches, centres de loisirs, gymnases\u2026).<\/p>\n\n\n\n<p>Pour r\u00e9pondre <strong>rapidement et largement<\/strong> \u00e0 cet enjeu d\u2019am\u00e9lioration de la QAI, le groupe a d\u00e9velopp\u00e9 la solution <strong>DEX3000<\/strong> : une <strong>centrale de traitement d\u2019air compacte, ultra silencieuse<\/strong> (isolation d\u2019\u00e9paisseur 50mm), <strong>r\u00e9cup\u00e9rant jusqu\u2019\u00e0 90% des calories de l\u2019air extrait et offrant une filtration hautement performante gr\u00e2ce \u00e0 une gamme compl\u00e8te de filtres et de pr\u00e9filtres<\/strong>, pour une utilisation personnalis\u00e9e aux besoins de tous les locaux.<\/p>\n\n\n\n<p>La r\u00e9gulation intelligente Excon de ce syst\u00e8me assure un <strong>pilotage automatis\u00e9 de la ventilation <\/strong>en fonction de la qualit\u00e9 d\u2019air et des besoins des occupants tout en garantissant une <strong>efficience \u00e9nerg\u00e9tique maximale<\/strong>.<\/p>\n\n\n\n<p>De plus, cette solution offre une performance de filtration maximale (filtration exclusive F7 + F9 c\u00f4t\u00e9 air neuf ; F9 c\u00f4t\u00e9 air extrait) permettant une <strong>dur\u00e9e de vie prolong\u00e9e<\/strong> de l\u2019\u00e9quipement.<\/p>\n\n\n\n<p>Simple d\u2019installation, la centrale DEX3000 offre par ailleurs de nombreuses options pour le raccordement des conduits, permettant ainsi<strong> une tr\u00e8s grande flexibilit\u00e9 d\u2019installation <\/strong>particuli\u00e8rement adapt\u00e9e aux projets de r\u00e9novation, puisque <strong>son installation est possible en une demi-journ\u00e9e en faisant intervenir seulement un poseur<\/strong>.<\/p>\n<\/div><\/div>\n\n\n\n<p class=\"has-text-color\" style=\"color:#012671\"><strong>\u00c0 propos d\u2019Aldes<\/strong><\/p>\n\n\n\n<p class=\"has-small-font-size\">Parce que l\u2019air ne sert pas qu\u2019\u00e0 respirer et qu\u2019il nous aide \u00e0 vivre une vie plus saine, le Groupe ALDES con\u00e7oit des solutions int\u00e9gr\u00e9es d\u00e9di\u00e9es \u00e0 la ma\u00eetrise de l&rsquo;air et \u00e0 la sant\u00e9 des personnes pr\u00e9sentes dans tous les b\u00e2timents (\u00e9coles, bureaux, maisons\u2026). Groupe international, pr\u00e9sent dans 60 pays et acteur majeur dans ses activit\u00e9s (Ventilation, Purification d\u2019air, Traitement de l\u2019air, Chauffage\/Rafra\u00eechissement\/Eau Chaude Sanitaire, Protection Incendie, Aspiration centralis\u00e9e de poussi\u00e8res), il contribue \u00e0 cr\u00e9er des lieux de vie sains.<\/p>\n\n\n\n<p class=\"has-small-font-size\">Gr\u00e2ce \u00e0 une politique R&amp;D ambitieuse et une proximit\u00e9 aupr\u00e8s de ses clients professionnels, le Groupe ALDES est un pionnier dans les solutions int\u00e9gr\u00e9es d\u00e9di\u00e9es \u00e0 la ma\u00eetrise de l\u2019air et \u00e0 la sant\u00e9 des personnes pr\u00e9sentes dans tous les b\u00e2timents (\u00e9coles, bureaux, maisons\u2026).<\/p>\n","protected":false},"excerpt":{"rendered":"<p>Le 8 novembre 2023 marque la seconde journ\u00e9e mondiale de la ventilation. A cette occasion, Aldes, groupe engag\u00e9 et sp\u00e9cialiste des solutions de ventilation et de confort thermique, sensibilise et rappelle l\u2019importance d\u2019une bonne ventilation dans les \u00e9tablissements scolaires. Car la qualit\u00e9 de l\u2019air int\u00e9rieur (QAI) a une incidence directe &#8211; aussi bien positive que [&hellip;]<\/p>\n","protected":false},"author":41,"featured_media":33344,"comment_status":"open","ping_status":"open","sticky":false,"template":"","format":"standard","meta":{"spay_email":""},"categories":[2090,134],"tags":[],"jetpack_featured_media_url":"https:\/\/i0.wp.com\/batimedianews.com\/live\/wp-content\/uploads\/2023\/11\/aldes-Image-articles-.jpg?fit=1513%2C825&ssl=1","jetpack_sharing_enabled":true,"jetpack_likes_enabled":true,"jetpack-related-posts":[{"id":33338,"url":"https:\/\/batimedianews.com\/live\/index.php\/2023\/11\/27\/le-groupe-aldes-et-getraline-sengagent-pour-lamelioration-de-la-qai-un-enjeu-majeur-pour-la-sante-des-residents-des-logements-collectifs\/","url_meta":{"origin":33341,"position":0},"title":"Le groupe Aldes et Getraline s&rsquo;engagent pour, l&rsquo;am\u00e9lioration de la QAI, un enjeu majeur pour la sant\u00e9 des r\u00e9sidents des logements collectifs.","date":"27 novembre 2023","format":false,"excerpt":"Si les \u00e9missions ext\u00e9rieures exercent une influence sur la qualit\u00e9 de l'air \u00e0 l'int\u00e9rieur des b\u00e2timents, les activit\u00e9s humaines (m\u00e9nage, cuisine, etc.), les mat\u00e9riaux de construction, le mobilier, les produits de d\u00e9coration, et les agents biologiques peuvent \u00e9galement \u00e9mettre des polluants toxiques. Or, avec plus de 80 % du temps\u2026","rel":"","context":"Dans &quot;Actualit\u00e9 Entreprises&quot;","img":{"alt_text":"","src":"https:\/\/i0.wp.com\/batimedianews.com\/live\/wp-content\/uploads\/2023\/11\/aldes-Image-articles.jpg?fit=825%2C825&ssl=1&resize=350%2C200","width":350,"height":200},"classes":[]},{"id":22626,"url":"https:\/\/batimedianews.com\/live\/index.php\/2022\/09\/03\/interclima-2022-qualite-dair-interieur-les-industriels-de-la-ventilation-sont-la\/","url_meta":{"origin":33341,"position":1},"title":"INTERCLIMA 2022 &#8211; qualit\u00e9 d&rsquo;air int\u00e9rieur : les industriels de la ventilation sont l\u00e0","date":"3 septembre 2022","format":false,"excerpt":"Apr\u00e8s deux ans de pand\u00e9mie et la m\u00e9diatisation croissante de la pollution atmosph\u00e9rique, la sensibilisation des populations \u00e0 la qualit\u00e9 de l\u2019air int\u00e9rieur et \u00e0 son renouvellement dans les b\u00e2timents s\u2019est accrue. Enjeu de sant\u00e9 publique partout dans le monde, elle fait aujourd\u2019hui l\u2019objet d\u2019une nouvelle prise de conscience. Penser\u2026","rel":"","context":"Dans &quot;Actualit\u00e9s salons&quot;","img":{"alt_text":"","src":"","width":0,"height":0},"classes":[]},{"id":46126,"url":"https:\/\/batimedianews.com\/live\/index.php\/2025\/07\/29\/easyhome-sensair-la-ventilation-simple-flux-intelligente-nouvelle-generation\/","url_meta":{"origin":33341,"position":2},"title":"EasyHOME SensAIR : la ventilation simple flux intelligente nouvelle g\u00e9n\u00e9ration","date":"29 juillet 2025","format":false,"excerpt":"Alors que la qualit\u00e9 de l\u2019air int\u00e9rieur est un sujet de pr\u00e9occupation pour plus d\u2019un tiers des Fran\u00e7ais1, l\u2019\u00e9mergence de solutions performantes est indispensable. En ce sens, Aldes, expert fran\u00e7ais de la qualit\u00e9 de l\u2019air int\u00e9rieur et pionnier dans les solutions de ventilation, lance EasyHOME SensAIR. Ce produit v\u00e9ritable concentr\u00e9\u2026","rel":"","context":"Dans &quot;Actualit\u00e9 Entreprises&quot;","img":{"alt_text":"","src":"https:\/\/i0.wp.com\/batimedianews.com\/live\/wp-content\/uploads\/2025\/07\/aldes.jpg?fit=825%2C825&ssl=1&resize=350%2C200","width":350,"height":200},"classes":[]},{"id":46783,"url":"https:\/\/batimedianews.com\/live\/index.php\/2025\/09\/24\/en-2025-sp-france-met-le-cap-sur-le-tertiaire-et-place-la-qai-au-coeur-de-sa-strategie\/","url_meta":{"origin":33341,"position":3},"title":"En 2025, S&#038;P France met le cap sur le tertiaire et place la QAI au c\u0153ur de sa strat\u00e9gie","date":"24 septembre 2025","format":false,"excerpt":"Dans un contexte de ralentissement du neuf, S&P France fait le choix d\u2019une strat\u00e9gie claire : renforcer sa pr\u00e9sence sur le march\u00e9 de la r\u00e9novation, prioriser la qualit\u00e9 de l\u2019air int\u00e9rieur (QAI) et accompagner les \u00e9tablissements recevant du public, en particulier les \u00e9coles.\u00a0 \u00c0 la t\u00eate de la filiale fran\u00e7aise\u2026","rel":"","context":"Dans &quot;Actualit\u00e9 Entreprises&quot;","img":{"alt_text":"","src":"https:\/\/i2.wp.com\/batimedianews.com\/live\/wp-content\/uploads\/2025\/09\/SP.jpg?fit=825%2C825&ssl=1&resize=350%2C200","width":350,"height":200},"classes":[]},{"id":28897,"url":"https:\/\/batimedianews.com\/live\/index.php\/2023\/05\/31\/aldes-poursuit-son-engagement-dans-la-filiere-et-repond-aux-enjeux-de-la-re2020-avec-des-solutions-concretes-comme-sa-vmc-simple-flux-easyhome-hygro-hp\/","url_meta":{"origin":33341,"position":4},"title":"Aldes poursuit son engagement dans la fili\u00e8re et r\u00e9pond aux enjeux de la RE2020 avec des solutions concr\u00e8tes comme sa VMC simple flux EasyHOME Hygro HP +","date":"31 mai 2023","format":false,"excerpt":"Entr\u00e9e en vigueur au 1er janvier 2022, la RE2020 accentue les exigences \u00e9nerg\u00e9tiques et environnementales du secteur de la construction. Une r\u00e9glementation qui s'inscrit dans une d\u00e9marche en faveur de b\u00e2timents moins \u00e9nergivores en vue des objectifs bas carbone 2050.\u00a0 Le groupe Aldes, sp\u00e9cialiste des solutions de ventilation et de\u2026","rel":"","context":"Dans &quot;Actualit\u00e9 Entreprises&quot;","img":{"alt_text":"","src":"https:\/\/i2.wp.com\/batimedianews.com\/live\/wp-content\/uploads\/2023\/05\/aldes-Article.jpg?fit=1080%2C1080&ssl=1&resize=350%2C200","width":350,"height":200},"classes":[]},{"id":17955,"url":"https:\/\/batimedianews.com\/live\/index.php\/2022\/03\/29\/aldes-x-meersens-pour-une-solution-de-monitoring-de-la-qualite-de-lair-complete\/","url_meta":{"origin":33341,"position":5},"title":"Aldes x Meersens &#8211; Pour une solution de monitoring de la qualit\u00e9 de l\u2019air compl\u00e8te","date":"29 mars 2022","format":false,"excerpt":"Le groupe Aldes, sp\u00e9cialiste de la conception et la fabrication de syst\u00e8mes a\u00e9rauliques pour le b\u00e2timent, s\u2019associe \u00e0 l\u2019expert de la donn\u00e9e environnementale Meersens. Cette collaboration offre aux professionnels comme au grand public une solution de monitoring de la qualit\u00e9 de l\u2019air compl\u00e8te. Si la qualit\u00e9 d\u2019air int\u00e9rieur d\u00e9pend majoritairement\u2026","rel":"","context":"Dans &quot;Actualit\u00e9 Entreprises&quot;","img":{"alt_text":"","src":"https:\/\/i0.wp.com\/batimedianews.com\/live\/wp-content\/uploads\/2022\/03\/aides-Article.jpg?fit=512%2C512&ssl=1&resize=350%2C200","width":350,"height":200},"classes":[]}],"_links":{"self":[{"href":"https:\/\/batimedianews.com\/live\/index.php\/wp-json\/wp\/v2\/posts\/33341"}],"collection":[{"href":"https:\/\/batimedianews.com\/live\/index.php\/wp-json\/wp\/v2\/posts"}],"about":[{"href":"https:\/\/batimedianews.com\/live\/index.php\/wp-json\/wp\/v2\/types\/post"}],"author":[{"embeddable":true,"href":"https:\/\/batimedianews.com\/live\/index.php\/wp-json\/wp\/v2\/users\/41"}],"replies":[{"embeddable":true,"href":"https:\/\/batimedianews.com\/live\/index.php\/wp-json\/wp\/v2\/comments?post=33341"}],"version-history":[{"count":2,"href":"https:\/\/batimedianews.com\/live\/index.php\/wp-json\/wp\/v2\/posts\/33341\/revisions"}],"predecessor-version":[{"id":33403,"href":"https:\/\/batimedianews.com\/live\/index.php\/wp-json\/wp\/v2\/posts\/33341\/revisions\/33403"}],"wp:featuredmedia":[{"embeddable":true,"href":"https:\/\/batimedianews.com\/live\/index.php\/wp-json\/wp\/v2\/media\/33344"}],"wp:attachment":[{"href":"https:\/\/batimedianews.com\/live\/index.php\/wp-json\/wp\/v2\/media?parent=33341"}],"wp:term":[{"taxonomy":"category","embeddable":true,"href":"https:\/\/batimedianews.com\/live\/index.php\/wp-json\/wp\/v2\/categories?post=33341"},{"taxonomy":"post_tag","embeddable":true,"href":"https:\/\/batimedianews.com\/live\/index.php\/wp-json\/wp\/v2\/tags?post=33341"}],"curies":[{"name":"wp","href":"https:\/\/api.w.org\/{rel}","templated":true}]}}