{"id":33410,"date":"2023-11-29T10:00:00","date_gmt":"2023-11-29T09:00:00","guid":{"rendered":"http:\/\/batimedianews.com\/live\/?p=33410"},"modified":"2024-06-04T14:07:03","modified_gmt":"2024-06-04T12:07:03","slug":"premier-programme-de-logements-sociaux-francais-labellise-e3c2-ec-a-pontarlier-25-par-neolia-plus-de-2-000-m2-de-plaques-de-platre-placo-infinae-13-contenant-plus-de-50-de-matiere-recycl","status":"publish","type":"post","link":"https:\/\/batimedianews.com\/live\/index.php\/2023\/11\/29\/premier-programme-de-logements-sociaux-francais-labellise-e3c2-ec-a-pontarlier-25-par-neolia-plus-de-2-000-m2-de-plaques-de-platre-placo-infinae-13-contenant-plus-de-50-de-matiere-recycl\/","title":{"rendered":"Premier programme de logements sociaux fran\u00e7ais labellis\u00e9 E3C2 (E+C-) \u00e0 Pontarlier (25) par N\u00e9olia : Plus de 2 000 m2 de plaques de pl\u00e2tre Placo\u00ae Infina\u00e9 13 contenant plus de 50% de mati\u00e8re recycl\u00e9e"},"content":{"rendered":"\n<div class=\"wp-block-media-text alignwide has-media-on-the-right is-stacked-on-mobile\" style=\"grid-template-columns:auto 28%\"><figure class=\"wp-block-media-text__media\"><img loading=\"lazy\" width=\"680\" height=\"382\" src=\"https:\/\/i2.wp.com\/batimedianews.com\/live\/wp-content\/uploads\/2023\/11\/placoPhoto1.jpg?resize=680%2C382\" alt=\"\" class=\"wp-image-33411 size-full\" srcset=\"https:\/\/i2.wp.com\/batimedianews.com\/live\/wp-content\/uploads\/2023\/11\/placoPhoto1.jpg?w=680&amp;ssl=1 680w, https:\/\/i2.wp.com\/batimedianews.com\/live\/wp-content\/uploads\/2023\/11\/placoPhoto1.jpg?resize=600%2C337&amp;ssl=1 600w, https:\/\/i2.wp.com\/batimedianews.com\/live\/wp-content\/uploads\/2023\/11\/placoPhoto1.jpg?resize=10%2C6&amp;ssl=1 10w, https:\/\/i2.wp.com\/batimedianews.com\/live\/wp-content\/uploads\/2023\/11\/placoPhoto1.jpg?resize=432%2C243&amp;ssl=1 432w, https:\/\/i2.wp.com\/batimedianews.com\/live\/wp-content\/uploads\/2023\/11\/placoPhoto1.jpg?resize=396%2C222&amp;ssl=1 396w, https:\/\/i2.wp.com\/batimedianews.com\/live\/wp-content\/uploads\/2023\/11\/placoPhoto1.jpg?resize=660%2C371&amp;ssl=1 660w, https:\/\/i2.wp.com\/batimedianews.com\/live\/wp-content\/uploads\/2023\/11\/placoPhoto1.jpg?resize=392%2C220&amp;ssl=1 392w\" sizes=\"(max-width: 600px) 91vw, (max-width: 900px) 600px, (max-width: 1060px) 50vw, (max-width: 1200px) 520px, (max-width: 1400px) 43vw, 600px\" data-recalc-dims=\"1\" \/><\/figure><div class=\"wp-block-media-text__content\">\n<p>&nbsp;D\u00e9but octobre, la pr\u00e9fecture du Doubs a annonc\u00e9 le reclassement de la commune de Pontarlier en zone B1, attestant d\u2019un niveau de tension sup\u00e9rieur sur le march\u00e9 entre l\u2019offre immobili\u00e8re et la demande de logements.&nbsp;<\/p>\n\n\n\n<p>Implant\u00e9e en Franche-Comt\u00e9 et en Alsace depuis 1948, N\u00e9olia propose <strong>\u00e0 l\u2019ensemble des populations de toutes g\u00e9n\u00e9rations, des solutions locatives et d\u2019accession \u00e0 la propri\u00e9t\u00e9<\/strong>. Pla\u00e7ant l\u2019humain au c\u0153ur de ses priorit\u00e9s, cette filiale du Groupe Action Logement <strong>exp\u00e9rimente des projets \u00e0 faible impact environnemental pour pr\u00e9parer le logement de demain, en apportant une r\u00e9ponse \u00e0 la fois <\/strong>aux besoins de confort thermique et de s\u00e9curit\u00e9 pour tous.\u00a0<\/p>\n<\/div><\/div>\n\n\n\n<div class=\"wp-block-media-text alignwide has-media-on-the-right is-stacked-on-mobile\" style=\"grid-template-columns:auto 29%\"><figure class=\"wp-block-media-text__media\"><img loading=\"lazy\" width=\"680\" height=\"382\" src=\"https:\/\/i1.wp.com\/batimedianews.com\/live\/wp-content\/uploads\/2023\/11\/image-237.png?resize=680%2C382\" alt=\"\" class=\"wp-image-33412 size-full\" srcset=\"https:\/\/i1.wp.com\/batimedianews.com\/live\/wp-content\/uploads\/2023\/11\/image-237.png?w=680&amp;ssl=1 680w, https:\/\/i1.wp.com\/batimedianews.com\/live\/wp-content\/uploads\/2023\/11\/image-237.png?resize=600%2C337&amp;ssl=1 600w, https:\/\/i1.wp.com\/batimedianews.com\/live\/wp-content\/uploads\/2023\/11\/image-237.png?resize=10%2C6&amp;ssl=1 10w, https:\/\/i1.wp.com\/batimedianews.com\/live\/wp-content\/uploads\/2023\/11\/image-237.png?resize=432%2C243&amp;ssl=1 432w, https:\/\/i1.wp.com\/batimedianews.com\/live\/wp-content\/uploads\/2023\/11\/image-237.png?resize=396%2C222&amp;ssl=1 396w, https:\/\/i1.wp.com\/batimedianews.com\/live\/wp-content\/uploads\/2023\/11\/image-237.png?resize=660%2C371&amp;ssl=1 660w, https:\/\/i1.wp.com\/batimedianews.com\/live\/wp-content\/uploads\/2023\/11\/image-237.png?resize=392%2C220&amp;ssl=1 392w\" sizes=\"(max-width: 600px) 91vw, (max-width: 900px) 600px, (max-width: 1060px) 50vw, (max-width: 1200px) 520px, (max-width: 1400px) 43vw, 600px\" data-recalc-dims=\"1\" \/><\/figure><div class=\"wp-block-media-text__content\">\n<p class=\"has-normal-font-size\">&nbsp;<strong>Le programme* de construction de seize logements locatifs sociaux, situ\u00e9 rue Jules Verne \u00e0 Pontarlier, illustre cette d\u00e9marche<\/strong>. <strong>N\u00e9olia avait pour ambition de faire de ce programme Bepos un exemple en mati\u00e8re de logements sociaux. <\/strong>Dans le cadre de l\u2019appel \u00e0 projet Effilogie, <strong>il est le premier programme de logements sociaux en France \u00e0 obtenir le niveau E3C2 du label E+C-**.&nbsp;<\/strong><\/p>\n\n\n\n<p class=\"has-small-font-size\">&nbsp;Cr\u00e9dit photos : Cabinet d\u2019architectes Art &amp; Associ\u00e9s (Besan\u00e7on)&nbsp;<\/p>\n<\/div><\/div>\n\n\n\n<p><strong>Ce projet novateur est l\u2019occasion d\u2019aller encore plus loin dans l\u2019engagement environnemental en int\u00e9grant des solutions responsables telles que la plaque de pl\u00e2tre Placo\u00ae Infina\u00e9 13. Elle est la premi\u00e8re plaque de pl\u00e2tre au monde fabriqu\u00e9e \u00e0 partir de plus de 50% de pl\u00e2tre recycl\u00e9<\/strong>. Une approche \u00e9co-circulaire qui r\u00e9duit les pr\u00e9l\u00e8vements de ressources naturelles et permet de valoriser les mati\u00e8res premi\u00e8res recycl\u00e9es et locales. <strong>Placo\u00ae Infina\u00e9 13 apporte ainsi une valeur ajout\u00e9e au projet de N\u00e9olia qui recherche l\u2019innovation dans l\u2019habitat.&nbsp;<\/strong><\/p>\n\n\n\n<p>&nbsp;\u00ab\u00a0<em>Nous avons \u00e9t\u00e9 convaincus par la performance de l\u2019analyse du cycle de vie de la plaque de pl\u00e2tre Placo\u00ae Infina\u00e9 13. Son niveau carbone bas et sa certification NF CE se pr\u00eatent v\u00e9ritablement \u00e0 notre projet. Ce sont des \u00e9l\u00e9ments tangibles de qualit\u00e9 et de fiabilit\u00e9. <\/em>\u00bb.&nbsp;<\/p>\n\n\n\n<p>Chlo\u00e9 Jeanjacquot, Responsable des op\u00e9rations immobili\u00e8res chez N\u00e9olia&nbsp;<\/p>\n\n\n\n<p>\u00ab\u00a0<em>Afin de garder un temps d\u2019avance en mati\u00e8re de sobri\u00e9t\u00e9 carbone des logements et de consommation \u00e9nerg\u00e9tique, nous allons plus loin que la r\u00e8glementation. Gr\u00e2ce aux modes constructifs innovants que nous exp\u00e9rimentons, le programme de Pontarlier constitue un v\u00e9ritable espace d\u00e9monstrateur, connu et ma\u00eetris\u00e9, pour r\u00e9pliquer ces solutions dans de futurs projets. <\/em>\u00bb.&nbsp;<\/p>\n\n\n\n<p>Xavier Llamas, Directeur de territoire et strat\u00e9gie de d\u00e9veloppement chez N\u00e9olia&nbsp;<\/p>\n\n\n\n<p class=\"has-small-font-size\">&nbsp;<em>* Plus d\u2019informations en page 2.&nbsp;<\/em><\/p>\n\n\n\n<p class=\"has-small-font-size\"><em>** E pour Energie, C pour Carbone : \u00e0 titre indicatif, le niveau le plus performant \u00e9tant le E4C2.&nbsp;<\/em><\/p>\n\n\n\n<p class=\"has-text-color\" style=\"color:#03aaf1\">\u25aa <strong>L\u2019union d\u2019entreprises avant-gardistes&nbsp;<\/strong><\/p>\n\n\n\n<p>L\u2019entreprise familiale Bonglet, implant\u00e9e \u00e0 Lons-le-Saunier, a \u00e9t\u00e9 mandat\u00e9e pour ce projet. Engag\u00e9e et certifi\u00e9e ISO 14001, elle a par exemple \u00e9t\u00e9 la premi\u00e8re de son secteur \u00e0 mettre en place une routine de collecte de reprise des chutes de plaques de pl\u00e2tre.&nbsp;<\/p>\n\n\n\n<p>\u00ab\u00a0<em>Nous nous d\u00e9finissons comme une entreprise familiale avec une \u00e2me artisanale. Il est fondamental d\u2019apporter \u00e0 nos clients une solution totalement adapt\u00e9e \u00e0 leur vision. A Pontarlier, les retours de nos \u00e9quipes terrain sur la plaque Placo\u00ae Infina\u00e9 13 sont positifs, ils retrouvent les crit\u00e8res des standards Placo\u00ae. <\/em><strong><em>Les attentes les plus fortes \u00e9taient sur la tenue m\u00e9canique : la plaque ne perd pas en rigidit\u00e9, les conditions de travail restent identiques qu\u2019avec une plaque Placoplatre\u00ae BA 13 standard, la d\u00e9coupe s\u2019effectue facilement<\/em><\/strong><em>. Nous sommes fiers d\u2019avoir \u00e9t\u00e9 la premi\u00e8re entreprise de France \u00e0 mettre en oeuvre cette innovation. La satisfaction est telle que nous l\u2019avons d\u00e9j\u00e0 propos\u00e9e sur un autre chantier. <\/em>\u00bb.&nbsp;<\/p>\n\n\n\n<p>Herv\u00e9 Peutot, Directeur des achats dans l\u2019entreprise Bonglet&nbsp;<\/p>\n\n\n\n<figure class=\"wp-block-gallery columns-2 is-cropped\"><ul class=\"blocks-gallery-grid\"><li class=\"blocks-gallery-item\"><figure><img loading=\"lazy\" width=\"558\" height=\"372\" src=\"https:\/\/i0.wp.com\/batimedianews.com\/live\/wp-content\/uploads\/2023\/11\/placoPhoto3.jpg?resize=558%2C372\" alt=\"\" data-id=\"33413\" data-full-url=\"https:\/\/i0.wp.com\/batimedianews.com\/live\/wp-content\/uploads\/2023\/11\/placoPhoto3.jpg?resize=558%2C372\" data-link=\"http:\/\/batimedianews.com\/live\/?attachment_id=33413\" class=\"wp-image-33413\" srcset=\"https:\/\/i0.wp.com\/batimedianews.com\/live\/wp-content\/uploads\/2023\/11\/placoPhoto3.jpg?w=558&amp;ssl=1 558w, https:\/\/i0.wp.com\/batimedianews.com\/live\/wp-content\/uploads\/2023\/11\/placoPhoto3.jpg?resize=10%2C7&amp;ssl=1 10w, https:\/\/i0.wp.com\/batimedianews.com\/live\/wp-content\/uploads\/2023\/11\/placoPhoto3.jpg?resize=432%2C288&amp;ssl=1 432w, https:\/\/i0.wp.com\/batimedianews.com\/live\/wp-content\/uploads\/2023\/11\/placoPhoto3.jpg?resize=396%2C264&amp;ssl=1 396w, https:\/\/i0.wp.com\/batimedianews.com\/live\/wp-content\/uploads\/2023\/11\/placoPhoto3.jpg?resize=330%2C220&amp;ssl=1 330w\" sizes=\"(max-width: 600px) 91vw, (max-width: 900px) 600px, (max-width: 1060px) 50vw, (max-width: 1200px) 520px, (max-width: 1400px) 43vw, 600px\" data-recalc-dims=\"1\" \/><\/figure><\/li><li class=\"blocks-gallery-item\"><figure><img loading=\"lazy\" width=\"554\" height=\"372\" src=\"https:\/\/i2.wp.com\/batimedianews.com\/live\/wp-content\/uploads\/2023\/11\/placoPHoto4.jpg?resize=554%2C372\" alt=\"\" data-id=\"33414\" data-full-url=\"https:\/\/i2.wp.com\/batimedianews.com\/live\/wp-content\/uploads\/2023\/11\/placoPHoto4.jpg?resize=554%2C372\" data-link=\"http:\/\/batimedianews.com\/live\/?attachment_id=33414\" class=\"wp-image-33414\" srcset=\"https:\/\/i2.wp.com\/batimedianews.com\/live\/wp-content\/uploads\/2023\/11\/placoPHoto4.jpg?w=554&amp;ssl=1 554w, https:\/\/i2.wp.com\/batimedianews.com\/live\/wp-content\/uploads\/2023\/11\/placoPHoto4.jpg?resize=10%2C7&amp;ssl=1 10w, https:\/\/i2.wp.com\/batimedianews.com\/live\/wp-content\/uploads\/2023\/11\/placoPHoto4.jpg?resize=432%2C290&amp;ssl=1 432w, https:\/\/i2.wp.com\/batimedianews.com\/live\/wp-content\/uploads\/2023\/11\/placoPHoto4.jpg?resize=396%2C266&amp;ssl=1 396w, https:\/\/i2.wp.com\/batimedianews.com\/live\/wp-content\/uploads\/2023\/11\/placoPHoto4.jpg?resize=328%2C220&amp;ssl=1 328w\" sizes=\"(max-width: 600px) 91vw, (max-width: 900px) 600px, (max-width: 1060px) 50vw, (max-width: 1200px) 520px, (max-width: 1400px) 43vw, 600px\" data-recalc-dims=\"1\" \/><\/figure><\/li><\/ul><figcaption class=\"blocks-gallery-caption\">Cr\u00e9dit photos : Rapha\u00ebl Demaret pour Placo\u00ae&nbsp;<\/figcaption><\/figure>\n\n\n\n<p class=\"has-sm-light-primary-color has-text-color has-background has-medium-font-size\" style=\"background-color:#4e82cb\">Plus d\u2019informations sur le programme&nbsp;<\/p>\n\n\n\n<p>La conception du programme N\u00e9olia de Pontarlier a \u00e9t\u00e9 confi\u00e9e au cabinet ART et associ\u00e9s, Rachel Thuriet Architecte. Elle a \u00e9t\u00e9 r\u00e9alis\u00e9e en \u00e9troite collaboration avec Chlo\u00e9 Jeanjacquot afin de pouvoir garantir les niveaux de performance attendus. Un travail important est effectu\u00e9, en phase chantier, par Karine Petit-Laurent afin de respecter le label BEPOS.&nbsp;<\/p>\n\n\n\n<p>Le projet se caract\u00e9rise par son syst\u00e8me constructif, une structure poteaux\/poutres b\u00e9ton avec un remplissage en M.O.B (mur ossature bois) avec les fa\u00e7ades rev\u00eatues de bardage bois type m\u00e9l\u00e8ze. Le programme se compose de neuf T2, six T3 et un T4 (loyers allant de 250 \u20ac \u00e0 580 \u20ac), dont cinq d\u2019entre eux, adapt\u00e9s aux s\u00e9niors, disposent du Label G\u00e9n\u00e9ration. Chaque logement propose un espace ext\u00e9rieur, un jardin en rez-de-chauss\u00e9e et une terrasse ou un balcon aux \u00e9tages, ainsi qu\u2019un garage et une place de parking. Se caract\u00e9risant par une toiture pentoise et une fa\u00e7ade rev\u00eatue de bois, le b\u00e2timent est construit sur une r\u00e9serve fonci\u00e8re appartenant \u00e0 N\u00e9olia depuis plus de dix ans. D\u00e9marr\u00e9 d\u00e9but 2022, il sera livr\u00e9 au troisi\u00e8me trimestre 2024. \u00c9quip\u00e9 d\u2019une VMC double flux, il est raccord\u00e9 au r\u00e9seau de chaleur urbain de la Ville de Pontarlier, soit plus de 80% d\u2019\u00e9nergie renouvelable cr\u00e9\u00e9s \u00e0 partir des d\u00e9chets m\u00e9nagers.&nbsp;<\/p>\n\n\n\n<p><\/p>\n","protected":false},"excerpt":{"rendered":"<p>&nbsp;D\u00e9but octobre, la pr\u00e9fecture du Doubs a annonc\u00e9 le reclassement de la commune de Pontarlier en zone B1, attestant d\u2019un niveau de tension sup\u00e9rieur sur le march\u00e9 entre l\u2019offre immobili\u00e8re et la demande de logements.&nbsp; Implant\u00e9e en Franche-Comt\u00e9 et en Alsace depuis 1948, N\u00e9olia propose \u00e0 l\u2019ensemble des populations de toutes g\u00e9n\u00e9rations, des solutions locatives [&hellip;]<\/p>\n","protected":false},"author":41,"featured_media":33415,"comment_status":"open","ping_status":"open","sticky":false,"template":"","format":"standard","meta":{"spay_email":""},"categories":[744,97,98],"tags":[2444],"jetpack_featured_media_url":"https:\/\/i1.wp.com\/batimedianews.com\/live\/wp-content\/uploads\/2023\/11\/Placo-Image-articles-1-1.jpg?fit=1513%2C825&ssl=1","jetpack_sharing_enabled":true,"jetpack_likes_enabled":true,"jetpack-related-posts":[{"id":45564,"url":"https:\/\/batimedianews.com\/live\/index.php\/2025\/06\/23\/placo-plume-13-la-plaque-de-platre-qui-soulage-le-dos-au-quotidien-3-000-tonnes-de-charge-en-moins-portees-par-les-artisans-depuis-son-lancement-il-y-a-un-an\/","url_meta":{"origin":33410,"position":0},"title":"Placo\u00ae Plume 13, la plaque de pl\u00e2tre qui soulage le dos au quotidien : 3 000 tonnes de charge en moins port\u00e9es par les artisans depuis son lancement il y a un an","date":"23 juin 2025","format":false,"excerpt":"\u00a0Lanc\u00e9e en juin 2024, Placo\u00ae Plume 13, la plaque de pl\u00e2tre all\u00e9g\u00e9e multi-application c\u00e9l\u00e8bre sa premi\u00e8re ann\u00e9e ! Un anniversaire marqu\u00e9 par un chiffre \u00e9vocateur : 3 000 tonnes de charge \u00e9pargn\u00e9es aux artisans et plaquistes gr\u00e2ce \u00e0 cette solution innovante qui p\u00e8se jusqu\u2019\u00e0 6 kilos de moins (selon la\u2026","rel":"","context":"Dans &quot;Actualit\u00e9 Entreprises&quot;","img":{"alt_text":"","src":"https:\/\/i1.wp.com\/batimedianews.com\/live\/wp-content\/uploads\/2025\/06\/Placo.jpg?fit=825%2C825&ssl=1&resize=350%2C200","width":350,"height":200},"classes":[]},{"id":36821,"url":"https:\/\/batimedianews.com\/live\/index.php\/2024\/04\/19\/lancement-de-la-nouvelle-plaque-de-platre-placo-plume-13-une-solution-qui-va-revolutionner-la-qualite-de-vie-des-artisans-et-plaquistes\/","url_meta":{"origin":33410,"position":1},"title":"Lancement de la nouvelle plaque de pl\u00e2tre Placo\u00ae  Plume 13 : Une solution qui va r\u00e9volutionner la qualit\u00e9 de vie des artisans et plaquistes","date":"19 avril 2024","format":false,"excerpt":"Au quotidien, les professionnels du b\u00e2timent sont amen\u00e9s \u00e0 ex\u00e9cuter des gestes r\u00e9p\u00e9titifs, avec une certaine p\u00e9nibilit\u00e9 des t\u00e2ches. Les contraintes physiques sont le risque professionnel num\u00e9ro 1* chez les sp\u00e9cialistes du pl\u00e2tre et de l\u2019isolation, les Troubles Musculo Squelettiques repr\u00e9sentant 91%** des maladies professionnelles dans les TPE pl\u00e2trerie isolation.\u2026","rel":"","context":"Dans &quot;Actualit\u00e9 Entreprises&quot;","img":{"alt_text":"","src":"https:\/\/i1.wp.com\/batimedianews.com\/live\/wp-content\/uploads\/2024\/04\/placo.jpg?fit=825%2C825&ssl=1&resize=350%2C200","width":350,"height":200},"classes":[]},{"id":35313,"url":"https:\/\/batimedianews.com\/live\/index.php\/2024\/02\/15\/entreprisesbatimedia-de-fevrier-2024-est-disponible\/","url_meta":{"origin":33410,"position":2},"title":"Entreprise@batim\u00e9dia de f\u00e9vrier 2024 est disponible","date":"15 f\u00e9vrier 2024","format":false,"excerpt":"Le magazine d\u2019information technique sur les produits et services du b\u00e2timent \u00e0 destination des entreprises du b\u00e2timent est disponible ci-dessous Vous y trouverez vid\u00e9os, catalogues, dossiers, reportages. Bonne lecture Page Article 4 R\u00e9novation \u00e9nerg\u00e9tique et durable du b\u00e2timent de stockage duracell \u00e0 heist-op-den-berg (belgique) 40 000 m\u00b2 de membranes d\u2019\u00e9tanch\u00e9it\u00e9\u2026","rel":"","context":"Dans &quot;Actualit\u00e9 Entreprises&quot;","img":{"alt_text":"","src":"https:\/\/i1.wp.com\/batimedianews.com\/live\/wp-content\/uploads\/2024\/02\/Post.png?fit=1200%2C1200&ssl=1&resize=350%2C200","width":350,"height":200},"classes":[]},{"id":33853,"url":"https:\/\/batimedianews.com\/live\/index.php\/2023\/12\/14\/avant-premiere-forum-bois-construction-2024\/","url_meta":{"origin":33410,"position":3},"title":"Avant-premi\u00e8re &#8211; Forum bois construction 2024","date":"14 d\u00e9cembre 2023","format":false,"excerpt":"\u00a0Placo\u00ae d\u00e9voile sa nouvelle plaque de pl\u00e2tre 3-en-1 \u00ab Glasroc\u00ae X 13 \u00bb\u00a0d\u00e9di\u00e9e \u00e0 la fa\u00e7ade ext\u00e9rieure\u00a0des constructions \u00e0 ossature bois\u00a0 \u25aa La premi\u00e8re plaque de pl\u00e2tre Placo\u00ae pour l\u2019enveloppe ext\u00e9rieure\u00a0 Poursuivant son engagement pour accompagner le d\u00e9veloppement de la construction bois en France*, Placo\u00ae lance la plaque Glasroc\u00ae X\u2026","rel":"","context":"Dans &quot;Actualit\u00e9 Entreprises&quot;","img":{"alt_text":"","src":"https:\/\/i1.wp.com\/batimedianews.com\/live\/wp-content\/uploads\/2023\/12\/Placo-Image-articles-.jpg?fit=825%2C825&ssl=1&resize=350%2C200","width":350,"height":200},"classes":[]},{"id":1479,"url":"https:\/\/batimedianews.com\/live\/index.php\/2019\/07\/29\/marquage-des-plaques-de-platre-placo-recycling-au-service-des-artisans\/","url_meta":{"origin":33410,"position":4},"title":"MARQUAGE DES PLAQUES DE PL\u00c2TRE : PLACO\u00ae RECYCLING AU SERVICE DES ARTISANS","date":"29 juillet 2019","format":false,"excerpt":"Depuis de nombreuses ann\u00e9es, les plaques de pl\u00e2tre\u00a0PLACO\u00ae int\u00e8grent, lors de leur\u00a0 fabrication, de la mati\u00e8re\u00a0recycl\u00e9e, tout en pr\u00e9servant leurs performances. Dans la lign\u00e9e de ses engagements pionniers en\u00a0mati\u00e8re d\u2019\u00e9conomie circulaire, PLACO\u00ae appose, depuis\u00a0f\u00e9vrier 2019, la mention \u00ab Recycl\u00e9e et recyclable avec\u00a0PLACO\u00ae RECYCLING \u00bb sur 80 % de sa production\u2026","rel":"","context":"Dans &quot;Actualit\u00e9 Entreprises&quot;","img":{"alt_text":"","src":"https:\/\/i1.wp.com\/batimedianews.com\/live\/wp-content\/uploads\/2019\/08\/placo.jpg?fit=699%2C525&ssl=1&resize=350%2C200","width":350,"height":200},"classes":[]},{"id":12968,"url":"https:\/\/batimedianews.com\/live\/index.php\/2021\/10\/20\/placo-et-isonat-sassocient-pour-proposer-des-systemes-de-cloisons-et-contre-cloisons-avec-isolants-biosources\/","url_meta":{"origin":33410,"position":5},"title":"PLACO\u00ae ET ISONAT S\u2019ASSOCIENT POUR PROPOSER DES SYSTEMES DE CLOISONS ET CONTRE-CLOISONS AVEC ISOLANTS BIOSOURCES","date":"20 octobre 2021","format":false,"excerpt":"\u00a0Au fil des ann\u00e9es, les solutions biosourc\u00e9es s\u2019imposent comme une alternative durable, de plus en plus pl\u00e9biscit\u00e9es dans le b\u00e2timent. Au-del\u00e0 d\u2019une tendance, boost\u00e9e par l\u2019arriv\u00e9e de la RE 2020, c\u2019est un v\u00e9ritable engagement en faveur d\u2019une d\u00e9marche de construction et de r\u00e9novation plus responsable. \u00c0 l\u2019\u00e9coute des \u00e9volutions et\u2026","rel":"","context":"Dans &quot;Actualit\u00e9 Entreprises&quot;","img":{"alt_text":"","src":"https:\/\/i1.wp.com\/batimedianews.com\/live\/wp-content\/uploads\/2021\/10\/Placo_Isonat-Article.jpg?fit=512%2C512&ssl=1&resize=350%2C200","width":350,"height":200},"classes":[]}],"_links":{"self":[{"href":"https:\/\/batimedianews.com\/live\/index.php\/wp-json\/wp\/v2\/posts\/33410"}],"collection":[{"href":"https:\/\/batimedianews.com\/live\/index.php\/wp-json\/wp\/v2\/posts"}],"about":[{"href":"https:\/\/batimedianews.com\/live\/index.php\/wp-json\/wp\/v2\/types\/post"}],"author":[{"embeddable":true,"href":"https:\/\/batimedianews.com\/live\/index.php\/wp-json\/wp\/v2\/users\/41"}],"replies":[{"embeddable":true,"href":"https:\/\/batimedianews.com\/live\/index.php\/wp-json\/wp\/v2\/comments?post=33410"}],"version-history":[{"count":2,"href":"https:\/\/batimedianews.com\/live\/index.php\/wp-json\/wp\/v2\/posts\/33410\/revisions"}],"predecessor-version":[{"id":33461,"href":"https:\/\/batimedianews.com\/live\/index.php\/wp-json\/wp\/v2\/posts\/33410\/revisions\/33461"}],"wp:featuredmedia":[{"embeddable":true,"href":"https:\/\/batimedianews.com\/live\/index.php\/wp-json\/wp\/v2\/media\/33415"}],"wp:attachment":[{"href":"https:\/\/batimedianews.com\/live\/index.php\/wp-json\/wp\/v2\/media?parent=33410"}],"wp:term":[{"taxonomy":"category","embeddable":true,"href":"https:\/\/batimedianews.com\/live\/index.php\/wp-json\/wp\/v2\/categories?post=33410"},{"taxonomy":"post_tag","embeddable":true,"href":"https:\/\/batimedianews.com\/live\/index.php\/wp-json\/wp\/v2\/tags?post=33410"}],"curies":[{"name":"wp","href":"https:\/\/api.w.org\/{rel}","templated":true}]}}