{"id":33465,"date":"2023-12-01T08:52:31","date_gmt":"2023-12-01T07:52:31","guid":{"rendered":"http:\/\/batimedianews.com\/live\/?p=33465"},"modified":"2024-06-04T14:10:26","modified_gmt":"2024-06-04T12:10:26","slug":"elm-leblanc-sengage-pour-lavenir-avec-100-de-ses-chaudieres-compatibles-gaz-vert","status":"publish","type":"post","link":"https:\/\/batimedianews.com\/live\/index.php\/2023\/12\/01\/elm-leblanc-sengage-pour-lavenir-avec-100-de-ses-chaudieres-compatibles-gaz-vert\/","title":{"rendered":"elm.leblanc s\u2019engage pour l\u2019avenir avec 100 % de ses chaudi\u00e8res compatibles gaz vert"},"content":{"rendered":"\n<p>En tant que fabricant historique de chaudi\u00e8res gaz, elm.leblanc recherche et d\u00e9veloppe des solutions pour atteindre les objectifs de la politique de transition \u00e9nerg\u00e9tique, notamment de neutralit\u00e9 carbone, d\u00e9finis au niveau national et europ\u00e9en. Engag\u00e9 pour un verdissement du gaz, elm.leblanc propose l\u2019ensemble de sa gamme compatible avec le biom\u00e9thane. En t\u00e9moigne par exemple la chaudi\u00e8re oxylis iCONDENS derni\u00e8re-n\u00e9e de la gamme, un choix d\u2019investissement pertinent pour am\u00e9liorer le confort du foyer.&nbsp;<\/p>\n\n\n\n<div class=\"wp-block-media-text alignwide is-stacked-on-mobile\" style=\"grid-template-columns:27% auto\"><figure class=\"wp-block-media-text__media\"><img loading=\"lazy\" width=\"426\" height=\"364\" src=\"https:\/\/i2.wp.com\/batimedianews.com\/live\/wp-content\/uploads\/2023\/11\/image-246.png?resize=426%2C364\" alt=\"\" class=\"wp-image-33466 size-full\" srcset=\"https:\/\/i2.wp.com\/batimedianews.com\/live\/wp-content\/uploads\/2023\/11\/image-246.png?w=426&amp;ssl=1 426w, https:\/\/i2.wp.com\/batimedianews.com\/live\/wp-content\/uploads\/2023\/11\/image-246.png?resize=10%2C10&amp;ssl=1 10w, https:\/\/i2.wp.com\/batimedianews.com\/live\/wp-content\/uploads\/2023\/11\/image-246.png?resize=396%2C338&amp;ssl=1 396w, https:\/\/i2.wp.com\/batimedianews.com\/live\/wp-content\/uploads\/2023\/11\/image-246.png?resize=257%2C220&amp;ssl=1 257w\" sizes=\"(max-width: 600px) 91vw, (max-width: 900px) 600px, (max-width: 1060px) 50vw, (max-width: 1200px) 520px, (max-width: 1400px) 43vw, 600px\" data-recalc-dims=\"1\" \/><\/figure><div class=\"wp-block-media-text__content\">\n<p>&nbsp;9 fran\u00e7ais sur 10 d\u00e9clarent avoir une bonne image du gaz vert (sondage BVA GRDF de juillet 2023). De plus en plus de fournisseurs de gaz proposent \u00e9galement des offres incluant 10 \u00e0 100 % de gaz vert, \u00e0 des prix accessibles. La France dispose d\u2019un potentiel de gaz renouvelable cons\u00e9quent, de l\u2019ordre de 320 TWh en 2050.&nbsp;<\/p>\n\n\n\n<p>A date, la production de gaz vert repr\u00e9sente en France la puissance de deux r\u00e9acteurs nucl\u00e9aires. En 2030, elle pourrait atteindre l\u2019\u00e9quivalent de dix r\u00e9acteurs. <strong>D\u2019ici 2050, 100 % de la consommation fran\u00e7aise sera couverte par des gaz verts produits en France. Une \u00e9nergie comp\u00e9titive, renouvelable, stockable et produite localement<\/strong>.&nbsp;<\/p>\n<\/div><\/div>\n\n\n\n<p class=\"has-text-color\" style=\"color:#5a99e5\">\u25aa <strong>elm.leblanc \/ Bosch : partenaires de la \u00ab Mention Gaz Vert \u00bb&nbsp;<\/strong><\/p>\n\n\n\n<div class=\"wp-block-media-text alignwide has-media-on-the-right is-stacked-on-mobile\" style=\"grid-template-columns:auto 28%\"><figure class=\"wp-block-media-text__media\"><img loading=\"lazy\" width=\"496\" height=\"270\" src=\"https:\/\/i0.wp.com\/batimedianews.com\/live\/wp-content\/uploads\/2023\/11\/image-247.png?resize=496%2C270\" alt=\"\" class=\"wp-image-33467 size-full\" srcset=\"https:\/\/i0.wp.com\/batimedianews.com\/live\/wp-content\/uploads\/2023\/11\/image-247.png?w=496&amp;ssl=1 496w, https:\/\/i0.wp.com\/batimedianews.com\/live\/wp-content\/uploads\/2023\/11\/image-247.png?resize=10%2C5&amp;ssl=1 10w, https:\/\/i0.wp.com\/batimedianews.com\/live\/wp-content\/uploads\/2023\/11\/image-247.png?resize=432%2C235&amp;ssl=1 432w, https:\/\/i0.wp.com\/batimedianews.com\/live\/wp-content\/uploads\/2023\/11\/image-247.png?resize=396%2C216&amp;ssl=1 396w, https:\/\/i0.wp.com\/batimedianews.com\/live\/wp-content\/uploads\/2023\/11\/image-247.png?resize=404%2C220&amp;ssl=1 404w\" sizes=\"(max-width: 600px) 91vw, (max-width: 900px) 600px, (max-width: 1060px) 50vw, (max-width: 1200px) 520px, (max-width: 1400px) 43vw, 600px\" data-recalc-dims=\"1\" \/><\/figure><div class=\"wp-block-media-text__content\">\n<p>Lanc\u00e9e en septembre 2022, la \u00ab Mention Gaz Vert \u00bb port\u00e9e par Co\u00e9nove, association qui rassemble les acteurs majeurs de l\u2019efficacit\u00e9 \u00e9nerg\u00e9tique, mat\u00e9rialise <strong>le soutien et l\u2019engagement des acteurs de la fili\u00e8re du b\u00e2timent dans la promotion du gaz vert aupr\u00e8s de leurs clients<\/strong>. Une \u00e9tiquette permet de mettre en avant la compatibilit\u00e9 des \u00e9quipements avec les gaz renouvelables. Un QR Code invite \u00e0 approfondir ses connaissances sur la m\u00e9thanisation et d\u00e9couvrir les sites de production sur son territoire.&nbsp;<\/p>\n\n\n\n<p>Au coeur du d\u00e9ploiement, les organisations professionnelles, telles que la CAPEB, l\u2019UMGCCP-FFB et le SYNASAV, et pr\u00e8s de 1 500 installateurs, se sont d\u2019ores et d\u00e9j\u00e0 engag\u00e9s dans la d\u00e9marche globale.&nbsp;<\/p>\n<\/div><\/div>\n\n\n\n<p class=\"has-text-color\" style=\"color:#5a99e5\">\u25aa <strong>Passer au gaz vert, pas d\u2019incidence sur le process d\u2019installation habituel ni sur le fonctionnement de la chaudi\u00e8re !&nbsp;<\/strong><\/p>\n\n\n\n<p>Aussi appel\u00e9 biogaz ou bio-m\u00e9thane, le gaz \u00ab ver-tueux \u00bb, local et renouvelable issu de la m\u00e9thanisation, constitue une \u00e9nergie d\u2019avenir. Le proc\u00e9d\u00e9 de m\u00e9thanisation permet d\u2019extraire le biogaz \u00e0 partir de d\u00e9chets organiques en fermentation, tels que les d\u00e9chets agricoles ou agro-alimentaires ou encore des boues du traitement des eaux us\u00e9es. Il permet de <strong>b\u00e9n\u00e9ficier des avantages qu\u2019offre le chauffage au gaz naturel, avec un bilan carbone 5 fois inf\u00e9rieur <\/strong>(source ADEME). Evitant de puiser les ressources naturelles dans les sols, une installation raccord\u00e9e au bio-m\u00e9thane n\u2019est pas une nouvelle technologie \u00e0 int\u00e9grer par les installateurs. Aucun changement \u00e0 pr\u00e9voir, tant au niveau de l\u2019appareil que de la pose ou de la maintenance. <strong>Dans les prochains mois, elm.leblanc pr\u00e9voit d\u2019organiser des visites avec les professionnels sur des sites de m\u00e9thanisation afin de les sensibiliser.&nbsp;<\/strong><\/p>\n\n\n\n<p class=\"has-sm-light-primary-color has-text-color has-background\" style=\"background-color:#5a8fda\"><strong>Focus sur l\u2019oxylis iCONDENS, la chaudi\u00e8re \u00ab tout-terrain \u00bb !&nbsp;<\/strong><\/p>\n\n\n\n<div class=\"wp-block-media-text alignwide is-stacked-on-mobile\" style=\"grid-template-columns:35% auto\"><figure class=\"wp-block-media-text__media\"><img loading=\"lazy\" width=\"710\" height=\"690\" src=\"https:\/\/i0.wp.com\/batimedianews.com\/live\/wp-content\/uploads\/2023\/11\/image-248.png?resize=710%2C690\" alt=\"\" class=\"wp-image-33468 size-full\" srcset=\"https:\/\/i0.wp.com\/batimedianews.com\/live\/wp-content\/uploads\/2023\/11\/image-248.png?w=710&amp;ssl=1 710w, https:\/\/i0.wp.com\/batimedianews.com\/live\/wp-content\/uploads\/2023\/11\/image-248.png?resize=600%2C583&amp;ssl=1 600w, https:\/\/i0.wp.com\/batimedianews.com\/live\/wp-content\/uploads\/2023\/11\/image-248.png?resize=10%2C10&amp;ssl=1 10w, https:\/\/i0.wp.com\/batimedianews.com\/live\/wp-content\/uploads\/2023\/11\/image-248.png?resize=432%2C420&amp;ssl=1 432w, https:\/\/i0.wp.com\/batimedianews.com\/live\/wp-content\/uploads\/2023\/11\/image-248.png?resize=396%2C385&amp;ssl=1 396w, https:\/\/i0.wp.com\/batimedianews.com\/live\/wp-content\/uploads\/2023\/11\/image-248.png?resize=660%2C641&amp;ssl=1 660w, https:\/\/i0.wp.com\/batimedianews.com\/live\/wp-content\/uploads\/2023\/11\/image-248.png?resize=226%2C220&amp;ssl=1 226w\" sizes=\"(max-width: 600px) 91vw, (max-width: 900px) 600px, (max-width: 1060px) 50vw, (max-width: 1200px) 520px, (max-width: 1400px) 43vw, 600px\" data-recalc-dims=\"1\" \/><\/figure><div class=\"wp-block-media-text__content\">\n<p>Gr\u00e2ce \u00e0 ses performances maximis\u00e9es, la chaudi\u00e8re oxylis iCONDENS d\u2019elm.leblanc permet de r\u00e9pondre aux ambitions de d\u00e9carbonation, m\u00eame dans les logements urbains o\u00f9 les solutions \u00e9lectrifi\u00e9es ne sont pas possibles. En plus d\u2019\u00eatre 100 % compatible au gaz vert, elle adoucit la vie tant du foyer que de l\u2019installateur. <strong>Ses dimensions ultra-compactes (H. 655 x L. 395 x P. 285 mm \u2013 28 kg) <\/strong>offrent une \u00ab <strong>solution placard <\/strong>\u00bb, id\u00e9ale pour les espaces les plus exigus. Une nouvelle gamme de dosserets couvre la grande majorit\u00e9 des cas de remplacement de tout type d\u2019appareils.&nbsp;<\/p>\n\n\n\n<p>L\u2019oxylis iCONDENS pr\u00e9sente un rendement saisonnier de 94 % et un rendement ECS de 85 %. Son corps de chauffe 100 % inox (Mhytech\u00ae de Sermeta) r\u00e9duit les risques d\u2019embouage et am\u00e9liore la capacit\u00e9 en eau. Elle int\u00e8gre un r\u00e9ducteur de pression sur l\u2019entr\u00e9e d\u2019eau froide sanitaire qui diminue les risques de pannes et de fuites. <strong>Un gage de dur\u00e9e de vie prolong\u00e9e de l\u2019appareil<\/strong>.&nbsp;<\/p>\n<\/div><\/div>\n\n\n\n<p class=\"has-small-font-size\"><em>elm.leblanc, marque historique sur le march\u00e9 fran\u00e7ais du confort thermique depuis 1932, con\u00e7oit et fabrique sur ses sites de production de Drancy et Saint-Th\u00e9gonnec, des solutions innovantes de chauffage et de production d\u2019eau chaude utilisant le gaz et les \u00e9nergies renouvelables.&nbsp;<\/em><\/p>\n\n\n\n<p class=\"has-small-font-size\"><em>La marque appartient au groupe Bosch, \u00e0 la division r\u00e9cemment renomm\u00e9e \u00ab Home Comfort \u00bb, qui incarne l\u2019ambition de Bosch de renforcer sa contribution pour des modes de vie durables et pour un confort optimal.&nbsp;<\/em><\/p>\n","protected":false},"excerpt":{"rendered":"<p>En tant que fabricant historique de chaudi\u00e8res gaz, elm.leblanc recherche et d\u00e9veloppe des solutions pour atteindre les objectifs de la politique de transition \u00e9nerg\u00e9tique, notamment de neutralit\u00e9 carbone, d\u00e9finis au niveau national et europ\u00e9en. Engag\u00e9 pour un verdissement du gaz, elm.leblanc propose l\u2019ensemble de sa gamme compatible avec le biom\u00e9thane. En t\u00e9moigne par exemple la [&hellip;]<\/p>\n","protected":false},"author":41,"featured_media":33471,"comment_status":"open","ping_status":"open","sticky":false,"template":"","format":"standard","meta":{"spay_email":""},"categories":[4],"tags":[2447],"jetpack_featured_media_url":"https:\/\/i0.wp.com\/batimedianews.com\/live\/wp-content\/uploads\/2023\/11\/elm-leblancImage-articles-.jpg?fit=1513%2C825&ssl=1","jetpack_sharing_enabled":true,"jetpack_likes_enabled":true,"jetpack-related-posts":[{"id":9309,"url":"https:\/\/batimedianews.com\/live\/index.php\/2021\/04\/27\/elm-leblanc-devoile-sa-nouvelle-gamme-de-chaudieres-murales-gaz-a-condensation-icondens-megalis-icondens-egalis-icondens-et-egalis-ballon-icondens\/","url_meta":{"origin":33465,"position":0},"title":"elm.leblanc d\u00e9voile sa nouvelle gamme de chaudi\u00e8res murales gaz \u00e0 condensation iCONDENS : \u00ab m\u00e9galis iCONDENS \u00bb, \u00ab \u00e9galis iCONDENS \u00bb et \u00ab \u00e9galis BALLON iCONDENS \u00bb","date":"27 avril 2021","format":false,"excerpt":"Le printemps 2021 est signe de renouveau pour elm.leblanc qui d\u00e9voile une nouvelle gamme de chaudi\u00e8res murales gaz \u00e0 condensation iCONDENS. L\u2019optimisation est le ma\u00eetre-mot. Chaque d\u00e9tail a \u00e9t\u00e9 pens\u00e9 pour simplifier le quotidien de l\u2019installateur, lui faire gagner en facilit\u00e9 et en temps, et pour am\u00e9liorer le confort des\u2026","rel":"","context":"Dans &quot;Actualit\u00e9 Entreprises&quot;","img":{"alt_text":"","src":"https:\/\/i0.wp.com\/batimedianews.com\/live\/wp-content\/uploads\/2021\/04\/image-161.png?fit=896%2C686&ssl=1&resize=350%2C200","width":350,"height":200},"classes":[]},{"id":42730,"url":"https:\/\/batimedianews.com\/live\/index.php\/2025\/02\/11\/nouveaux-catalogues-2025-bosch-home-comfort-france-pompes-a-chaleur-et-chaudieres-et-pompes-a-chaleur-air-air-et-vrf\/","url_meta":{"origin":33465,"position":1},"title":"Nouveaux catalogues 2025 Bosch Home Comfort France : \u00ab Pompes \u00e0 chaleur et chaudi\u00e8res \u00bb et \u00ab Pompes \u00e0 chaleur air\/air et VRF \u00bb","date":"11 f\u00e9vrier 2025","format":false,"excerpt":"\u00a0Les nouveaux catalogues 2025 de Bosch Home Comfort France sont disponibles ! L\u2019un d\u00e9di\u00e9 \u00e0 l\u2019ensemble des solutions de confort thermique Bosch et elm.leblanc visant \u00e0 faciliter l\u2019acc\u00e8s \u00e0 l\u2019information des installateurs, entreprises de maintenance et revendeurs\/distributeurs. L\u2019autre regroupant toutes les gammes de pompes \u00e0 chaleur air\/air et VRF afin\u2026","rel":"","context":"Dans &quot;Actualit\u00e9 Entreprises&quot;","img":{"alt_text":"","src":"https:\/\/i2.wp.com\/batimedianews.com\/live\/wp-content\/uploads\/2025\/02\/Bosch.jpg?fit=825%2C825&ssl=1&resize=350%2C200","width":350,"height":200},"classes":[]},{"id":26545,"url":"https:\/\/batimedianews.com\/live\/index.php\/2023\/03\/02\/nouveaux-catalogues-tarifs-2023-bosch-et-elm-leblanc-une-annee-prometteuse-en-lancements\/","url_meta":{"origin":33465,"position":2},"title":"Nouveaux Catalogues Tarifs 2023 Bosch et elm.leblanc : une ann\u00e9e prometteuse en lancements !","date":"2 mars 2023","format":false,"excerpt":"Les Catalogues Tarifs 2023 de Bosch et elm.leblanc font le plein de nouveaut\u00e9s ! Pour commencer, du nouveau c\u00f4t\u00e9 contenu. Pour la premi\u00e8re fois, Bosch \u00e9dite un Catalogue sp\u00e9cial d\u00e9di\u00e9 100 % \u00e0 la climatisation r\u00e9versible air\/air. Une mani\u00e8re de confirmer ses ambitions sur ce march\u00e9, avec notamment l\u2019enrichissement des\u2026","rel":"","context":"Dans &quot;Actualit\u00e9 Entreprises&quot;","img":{"alt_text":"","src":"https:\/\/i2.wp.com\/batimedianews.com\/live\/wp-content\/uploads\/2023\/02\/Bosch-Article.jpg?fit=1080%2C1080&ssl=1&resize=350%2C200","width":350,"height":200},"classes":[]},{"id":3852,"url":"https:\/\/batimedianews.com\/live\/index.php\/2020\/02\/18\/melia-icondens-nouvelles-chaudieres-murales-a-condensation-a-micro-accumulation-et-chauffage-seul-thpe-dediees-particulierement-a-la-construction-neuve\/","url_meta":{"origin":33465,"position":3},"title":"\u00ab m\u00e9lia iCONDENS \u00bb : nouvelles chaudi\u00e8res murales \u00e0 condensation \u00e0 micro-accumulation et chauffage seul THPE d\u00e9di\u00e9es particuli\u00e8rement \u00e0 la construction neuve","date":"18 f\u00e9vrier 2020","format":false,"excerpt":"Le march\u00e9 du r\u00e9sidentiel collectif neuf, public et priv\u00e9, pr\u00e9sente plusieurs exigences r\u00e8glementaires en mati\u00e8re de syst\u00e8me de chauffage d\u2019eau chaude sanitaire. En t\u00e9moigne par exemple la r\u00e8glementation RT2012 qui requiert des performances accrues et des consommations d\u2019\u00e9nergie r\u00e9duites pour optimiser les calculs en consommation d\u2019\u00e9nergie primaire. La derni\u00e8re \u00e9volution\u2026","rel":"","context":"Dans &quot;Actualit\u00e9 Entreprises&quot;","img":{"alt_text":"","src":"https:\/\/i0.wp.com\/batimedianews.com\/live\/wp-content\/uploads\/2020\/02\/elm4image.jpg?fit=1014%2C1014&ssl=1&resize=350%2C200","width":350,"height":200},"classes":[]},{"id":47239,"url":"https:\/\/batimedianews.com\/live\/index.php\/2025\/10\/03\/conserver-sa-chaudiere-gaz-ou-fioul-avec-les-pompes-a-chaleur-air-eau-hybrides-bosch-home-comfort\/","url_meta":{"origin":33465,"position":4},"title":"Conserver sa chaudi\u00e8re gaz ou fioul avec les pompes \u00e0 chaleur air\/eau hybrides Bosch Home Comfort","date":"3 octobre 2025","format":false,"excerpt":"\u00a0Zoom sur la solution Compress Hybrid 2000 AWF\u00a0 Face\u00a0\u00a0\u00e0 la hausse du prix des \u00e9nergies et aux r\u00e9glementations environnementales de plus en plus exigeantes, les particuliers cherchent \u00e0 \u00e9quiper leur habitat de solutions de chauffage davantage \u00e9conomiques et durables. Pour \u00e9viter une r\u00e9novation compl\u00e8te co\u00fbteuse et synonyme de travaux lourds,\u2026","rel":"","context":"Dans &quot;Actualit\u00e9 Entreprises&quot;","img":{"alt_text":"","src":"https:\/\/i1.wp.com\/batimedianews.com\/live\/wp-content\/uploads\/2025\/10\/Bosch.jpg?fit=825%2C825&ssl=1&resize=350%2C200","width":350,"height":200},"classes":[]},{"id":24135,"url":"https:\/\/batimedianews.com\/live\/index.php\/2022\/10\/14\/bosch-thermotechnologie-et-elm-leblanc-preparent-les-energies-davenir\/","url_meta":{"origin":33465,"position":5},"title":"Bosch Thermotechnologie et Elm.leblanc pr\u00e9parent les \u00e9nergies d\u2019avenir","date":"14 octobre 2022","format":false,"excerpt":"\u00a0Nouvelles solutions pompes \u00e0 chaleur,\u00a0climatisation et hydrog\u00e8ne\u00a0 PAC Compress 5800 AW\u00a0Cr\u00e9dit photo Bosch Thermotechnologie\u00a0 Bosch Thermotechnologie :\u00a0 CAP vers l\u2019\u00e9lectrification\u00a0 Dans une ambiance industrielle, le stand de Bosch Thermotechnologie s\u2019articule autour de trois p\u00f4les qui mettent \u00e0 l\u2019honneur l\u2019offre \u00e9lectrification : PAC Air\/Eau, PAC Air\/Air et p\u00f4le tertiaire, compl\u00e9t\u00e9s par\u2026","rel":"","context":"Dans &quot;Actualit\u00e9 Entreprises&quot;","img":{"alt_text":"","src":"https:\/\/i2.wp.com\/batimedianews.com\/live\/wp-content\/uploads\/2022\/10\/Bosch-Article.jpg?fit=1080%2C1080&ssl=1&resize=350%2C200","width":350,"height":200},"classes":[]}],"_links":{"self":[{"href":"https:\/\/batimedianews.com\/live\/index.php\/wp-json\/wp\/v2\/posts\/33465"}],"collection":[{"href":"https:\/\/batimedianews.com\/live\/index.php\/wp-json\/wp\/v2\/posts"}],"about":[{"href":"https:\/\/batimedianews.com\/live\/index.php\/wp-json\/wp\/v2\/types\/post"}],"author":[{"embeddable":true,"href":"https:\/\/batimedianews.com\/live\/index.php\/wp-json\/wp\/v2\/users\/41"}],"replies":[{"embeddable":true,"href":"https:\/\/batimedianews.com\/live\/index.php\/wp-json\/wp\/v2\/comments?post=33465"}],"version-history":[{"count":2,"href":"https:\/\/batimedianews.com\/live\/index.php\/wp-json\/wp\/v2\/posts\/33465\/revisions"}],"predecessor-version":[{"id":33502,"href":"https:\/\/batimedianews.com\/live\/index.php\/wp-json\/wp\/v2\/posts\/33465\/revisions\/33502"}],"wp:featuredmedia":[{"embeddable":true,"href":"https:\/\/batimedianews.com\/live\/index.php\/wp-json\/wp\/v2\/media\/33471"}],"wp:attachment":[{"href":"https:\/\/batimedianews.com\/live\/index.php\/wp-json\/wp\/v2\/media?parent=33465"}],"wp:term":[{"taxonomy":"category","embeddable":true,"href":"https:\/\/batimedianews.com\/live\/index.php\/wp-json\/wp\/v2\/categories?post=33465"},{"taxonomy":"post_tag","embeddable":true,"href":"https:\/\/batimedianews.com\/live\/index.php\/wp-json\/wp\/v2\/tags?post=33465"}],"curies":[{"name":"wp","href":"https:\/\/api.w.org\/{rel}","templated":true}]}}