{"id":33473,"date":"2023-12-01T08:56:40","date_gmt":"2023-12-01T07:56:40","guid":{"rendered":"http:\/\/batimedianews.com\/live\/?p=33473"},"modified":"2024-06-04T14:10:26","modified_gmt":"2024-06-04T12:10:26","slug":"gamme-drv-toshiba-nouvelle-generation-la-solution-exclusive-bas-carbone-des-batiments-tertiaires","status":"publish","type":"post","link":"https:\/\/batimedianews.com\/live\/index.php\/2023\/12\/01\/gamme-drv-toshiba-nouvelle-generation-la-solution-exclusive-bas-carbone-des-batiments-tertiaires\/","title":{"rendered":"Gamme DRV TOSHIBA nouvelle g\u00e9n\u00e9ration : la solution exclusive bas-carbone des b\u00e2timents tertiaires"},"content":{"rendered":"\n<p><strong>R\u00e9duire notre empreinte carbone est un \u00e9l\u00e9ment essentiel dans la lutte contre le d\u00e9r\u00e8glement climatique.<\/strong><\/p>\n\n\n\n<p><strong>L\u2019Europe l\u2019a bien compris en fixant des objectifs ambitieux de r\u00e9duction massive des \u00e9missions de gaz \u00e0 effet de serre d\u2019au moins 55 % en 2030, par rapport au niveau de 1990, et devenir ainsi climatiquement neutre \u00e0 l\u2019horizon 2050. En France, la prise de conscience est bien l\u00e0 avec les nouvelles r\u00e9glementations en vigueur telles que la RE2020 et le d\u00e9cret tertiaire qui poussent tout un chacun \u00e0 agir.<\/strong><\/p>\n\n\n\n<p><strong>Depuis 2016, Toshiba est acteur de ce changement avec l\u2019introduction progressive sur l\u2019ensemble de ses gammes du r\u00e9frig\u00e9rant R32 offrant un pouvoir de r\u00e9chauffement plan\u00e9taire 3 fois inf\u00e9rieur au R410A.<\/strong><\/p>\n\n\n\n<p><strong>C\u2019est aujourd\u2019hui au tour de la gamme DRV de basculer vers ce r\u00e9frig\u00e9rant plus respectueux de l\u2019environnement.<\/strong><\/p>\n\n\n\n<p class=\"has-sm-color-tertiary-color has-text-color\">&nbsp;<strong>Cette solution vise \u00e0 satisfaire les exigences des :<\/strong><\/p>\n\n\n\n<ul><li><strong>Investisseurs <\/strong>: avec une solution fiable, p\u00e9renne et \u00e9nerg\u00e9tiquement \u00e9conomique, qui valorise les b\u00e2timents.<\/li><li><strong>Installateurs <\/strong>: par une flexibilit\u00e9 de raccordement, une conception de mise en oeuvre s\u00e9curis\u00e9e et une maintenance sans fil et connect\u00e9e.&nbsp;<\/li><li><strong>Utilisateurs <\/strong>: gr\u00e2ce \u00e0 un syst\u00e8me de chauffage et rafra\u00eechissement performant, apportant un confort continu, quelle que soit la saison.<\/li><\/ul>\n\n\n\n<p class=\"has-sm-color-tertiary-color has-text-color\">&nbsp;<strong>Le MiNi-SMMS<\/strong><\/p>\n\n\n\n<div class=\"wp-block-media-text alignwide is-stacked-on-mobile\" style=\"grid-template-columns:29% auto\"><figure class=\"wp-block-media-text__media\"><img loading=\"lazy\" width=\"392\" height=\"286\" src=\"https:\/\/i2.wp.com\/batimedianews.com\/live\/wp-content\/uploads\/2023\/11\/image-250.png?resize=392%2C286\" alt=\"\" class=\"wp-image-33474 size-full\" srcset=\"https:\/\/i2.wp.com\/batimedianews.com\/live\/wp-content\/uploads\/2023\/11\/image-250.png?w=392&amp;ssl=1 392w, https:\/\/i2.wp.com\/batimedianews.com\/live\/wp-content\/uploads\/2023\/11\/image-250.png?resize=10%2C7&amp;ssl=1 10w, https:\/\/i2.wp.com\/batimedianews.com\/live\/wp-content\/uploads\/2023\/11\/image-250.png?resize=302%2C220&amp;ssl=1 302w\" sizes=\"(max-width: 600px) 91vw, (max-width: 900px) 600px, (max-width: 1060px) 50vw, (max-width: 1200px) 520px, (max-width: 1400px) 43vw, 600px\" data-recalc-dims=\"1\" \/><\/figure><div class=\"wp-block-media-text__content\">\n<p class=\"has-normal-font-size\">&nbsp;Cette solution offre <strong>jusqu\u2019\u00e0 6 CV de puissance dans un ch\u00e2ssis compact <\/strong>de seulement <strong>1,05 m de hauteur<\/strong>. Avec 2,4 kg de pr\u00e9charge en R32, l\u2019<strong>int\u00e9gration du syst\u00e8me dans les b\u00e2timents est facilit\u00e9e <\/strong>sans nuire \u00e0 l\u2019efficacit\u00e9 \u00e9nerg\u00e9tique. Pour preuve, l\u2019<strong>EER atteint 9,98 <\/strong>en mode rafra\u00eechissement. <strong>Cette solution est id\u00e9ale pour des applications de type bureau ou en r\u00e9sidentiel jusqu\u2019\u00e0 200 m\u00b2<\/strong>.<\/p>\n\n\n\n<div class=\"wp-block-group has-background\" style=\"background-color:#c1c3c4\"><div class=\"wp-block-group__inner-container\">\n<p>&nbsp;<strong>\u00c0 RETENIR<\/strong><\/p>\n\n\n\n<ul><li><strong>Modules Mini-SMMS : <\/strong>3 tailles de 4 CV, 5 CV et 6 CV (puissances de 12,1 \u00e0 17 kW)&nbsp;<\/li><li><strong>SEER : <\/strong>jusqu\u2019\u00e0 9,98<\/li><li><strong>COP : <\/strong>5,08 \u00e0 100 % de charge pour un 4 CV \u00e0 + 7\u00b0C ext\u00e9rieur<\/li><li><strong>SCOP : <\/strong>jusqu\u2019\u00e0 5,21<\/li><li><strong>Dimensions : <\/strong>H 1050 x L 1010 x P 370 mm<\/li><li><strong>Poids : <\/strong>100 kg<\/li><li><strong>Niveau de pression sonore : <\/strong>seulement 52 dB(A) pour un 4 CV et 44 dB(A) en mode silence<\/li><li><strong>R\u00e9frig\u00e9rant : <\/strong>seulement 2,4 kg de R32 (PRP divis\u00e9 par 3 par rapport au R410A)<\/li><\/ul>\n<\/div><\/div>\n<\/div><\/div>\n\n\n\n<p class=\"has-sm-color-tertiary-color has-text-color\">&nbsp;<strong>Le SHRM<\/strong><em>Advance&nbsp;<\/em><\/p>\n\n\n\n<div class=\"wp-block-media-text alignwide is-stacked-on-mobile\" style=\"grid-template-columns:34% auto\"><figure class=\"wp-block-media-text__media\"><img loading=\"lazy\" width=\"646\" height=\"418\" src=\"https:\/\/i0.wp.com\/batimedianews.com\/live\/wp-content\/uploads\/2023\/11\/image-251.png?resize=646%2C418\" alt=\"\" class=\"wp-image-33475 size-full\" srcset=\"https:\/\/i0.wp.com\/batimedianews.com\/live\/wp-content\/uploads\/2023\/11\/image-251.png?w=646&amp;ssl=1 646w, https:\/\/i0.wp.com\/batimedianews.com\/live\/wp-content\/uploads\/2023\/11\/image-251.png?resize=600%2C388&amp;ssl=1 600w, https:\/\/i0.wp.com\/batimedianews.com\/live\/wp-content\/uploads\/2023\/11\/image-251.png?resize=10%2C6&amp;ssl=1 10w, https:\/\/i0.wp.com\/batimedianews.com\/live\/wp-content\/uploads\/2023\/11\/image-251.png?resize=432%2C280&amp;ssl=1 432w, https:\/\/i0.wp.com\/batimedianews.com\/live\/wp-content\/uploads\/2023\/11\/image-251.png?resize=396%2C256&amp;ssl=1 396w, https:\/\/i0.wp.com\/batimedianews.com\/live\/wp-content\/uploads\/2023\/11\/image-251.png?resize=340%2C220&amp;ssl=1 340w\" sizes=\"(max-width: 600px) 91vw, (max-width: 900px) 600px, (max-width: 1060px) 50vw, (max-width: 1200px) 520px, (max-width: 1400px) 43vw, 600px\" data-recalc-dims=\"1\" \/><\/figure><div class=\"wp-block-media-text__content\">\n<p>&nbsp;Le SHRM<em>Advance <\/em>fonctionne soit en <strong>2 tubes, soit en 3 tubes <\/strong>avec fonction r\u00e9cup\u00e9ration d\u2019\u00e9nergie, <strong>offrant jusqu\u2019\u00e0 24 CV de puissance thermique.&nbsp;<\/strong><\/p>\n\n\n\n<p>Cette solution garantit une <strong>alliance parfaite entre efficacit\u00e9 \u00e9nerg\u00e9tique et silence de fonctionnement<\/strong>. Son <strong>ch\u00e2ssis ultra-compact <\/strong>contribue \u00e0 r\u00e9duire l\u2019 empreinte au sol. L\u2019optimisation de la charge en r\u00e9frig\u00e9rant favorise une <strong>int\u00e9gration ais\u00e9e du syst\u00e8me dans des b\u00e2timents jusqu\u2019\u00e0 800 m\u00b2.<\/strong><\/p>\n\n\n\n<div class=\"wp-block-group has-background\" style=\"background-color:#cacdce\"><div class=\"wp-block-group__inner-container\">\n<p>&nbsp;<strong>\u00c0 RETENIR<\/strong><\/p>\n\n\n\n<ul><li><strong>Modules SHRMAdvance : <\/strong>9 tailles de 8 \u00e0 24 CV (22,4 \u00e0 67 kW)<\/li><li><strong>SEER : <\/strong>jusqu\u2019\u00e0 8,90<\/li><li><strong>COP : <\/strong>jusqu\u2019\u00e0 4.52 \u00e0 100% de charge pour un 8 CV \u00e0 +7\u00b0C ext\u00e9rieur<\/li><li><strong>SCOP : <\/strong>jusqu\u2019\u00e0 4,67<\/li><li><strong>Dimensions : <\/strong>8\/14 CV : H 1690 x L 990 x P 780 mm 16\/24 CV : H 1690 x L 990 x P 780 mm<\/li><li><strong>Poids : <\/strong>8\/14CV : 232 kg 16\/18CV : 329 kg 20\/24CV : 361 kg<\/li><li><strong>Niveau de pression sonore : <\/strong>seulement 53 dB(A) pour un 8 CV (50 dB(A) en mode r\u00e9duit)<\/li><li><strong>R\u00e9frig\u00e9rant : <\/strong>6 kg (8\/14CV) \/ 9kg (16\/24 CV) de R32<\/li><\/ul>\n<\/div><\/div>\n<\/div><\/div>\n\n\n\n<p class=\"has-sm-color-tertiary-color has-text-color\"><strong>Une installation en toute s\u00e9r\u00e9nit\u00e9<\/strong><\/p>\n\n\n\n<p><strong>La mise en oeuvre des syst\u00e8mes est r\u00e9gie par diff\u00e9rentes normes et r\u00e9glementations <\/strong>(IEC 60335-2-40 ED6 &amp; EN378:2016). Ces diff\u00e9rents textes imposent entre autres des quantit\u00e9s maximales de r\u00e9frig\u00e9rant \u00e0 ne pas d\u00e9passer, en fonction des tailles des pi\u00e8ces desservies par les syst\u00e8mes. Quand cette limite est d\u00e9pass\u00e9e, il est alors n\u00e9cessaire de mettre en oeuvre des mesures de s\u00e9curit\u00e9 additionnelles.<\/p>\n\n\n\n<p><strong>Le MiNi-SMMS R32 ainsi que le SHRMAdvance int\u00e8grent un \u00e9cosyst\u00e8me complet de s\u00e9curit\u00e9 comprenant :<\/strong><\/p>\n\n\n\n<ul><li>d\u00e9tection de fuite<\/li><li>fonction \u00abpump down\u00bb<\/li><li>alarme visuelle et sonore<\/li><li>vanne d\u2019isolement<\/li><\/ul>\n\n\n\n<p>Cet \u00e9cosyst\u00e8me assure ainsi une flexibilit\u00e9 d\u2019installation permettant de <strong>concevoir des projets en toute s\u00e9r\u00e9nit\u00e9 <\/strong>dans de tr\u00e8s nombreuses applications en ERT tout comme ERP.<\/p>\n\n\n\n<div class=\"wp-block-media-text alignwide has-media-on-the-right is-stacked-on-mobile\" style=\"grid-template-columns:auto 32%\"><figure class=\"wp-block-media-text__media\"><img loading=\"lazy\" width=\"646\" height=\"642\" src=\"https:\/\/i0.wp.com\/batimedianews.com\/live\/wp-content\/uploads\/2023\/11\/image-252.png?resize=646%2C642\" alt=\"\" class=\"wp-image-33476 size-full\" srcset=\"https:\/\/i0.wp.com\/batimedianews.com\/live\/wp-content\/uploads\/2023\/11\/image-252.png?w=646&amp;ssl=1 646w, https:\/\/i0.wp.com\/batimedianews.com\/live\/wp-content\/uploads\/2023\/11\/image-252.png?resize=600%2C596&amp;ssl=1 600w, https:\/\/i0.wp.com\/batimedianews.com\/live\/wp-content\/uploads\/2023\/11\/image-252.png?resize=10%2C10&amp;ssl=1 10w, https:\/\/i0.wp.com\/batimedianews.com\/live\/wp-content\/uploads\/2023\/11\/image-252.png?resize=432%2C429&amp;ssl=1 432w, https:\/\/i0.wp.com\/batimedianews.com\/live\/wp-content\/uploads\/2023\/11\/image-252.png?resize=396%2C394&amp;ssl=1 396w, https:\/\/i0.wp.com\/batimedianews.com\/live\/wp-content\/uploads\/2023\/11\/image-252.png?resize=221%2C220&amp;ssl=1 221w\" sizes=\"(max-width: 600px) 91vw, (max-width: 900px) 600px, (max-width: 1060px) 50vw, (max-width: 1200px) 520px, (max-width: 1400px) 43vw, 600px\" data-recalc-dims=\"1\" \/><\/figure><div class=\"wp-block-media-text__content\">\n<p class=\"has-sm-color-tertiary-color has-text-color has-normal-font-size\"><strong>Large choix d\u2019unit\u00e9s int\u00e9rieures de 1 \u00e0 30 kW&nbsp;<\/strong><\/p>\n\n\n\n<p>Une gamme DRV R32 Toshiba <strong>connectable avec 16 types d\u2019unit\u00e9s int\u00e9rieures <\/strong>qui peuvent \u00eatre mix\u00e9s en fonction des besoins et de la configuration du b\u00e2timent : <strong>installation aux murs, dans un faux-plafond, etc.<\/strong><\/p>\n\n\n\n<p>L\u2019offre permet de <strong>personnaliser la diffusion d\u2019air aux besoins du client, son budget et ses contraintes. <\/strong>Parmi les solutions propos\u00e9es : <strong>cassette noire ou blanche \u00e9quip\u00e9es de filtration ionisante, gainable extra-plat <\/strong>et son diffuseur d\u2019air intelligent. Les solutions sont d\u00e9sormais connectables avec le mod\u00e8le r\u00e9sidentiel multi-r\u00e9compens\u00e9 <strong>Haori et son \u00e9toffe textile personnalisable.<\/strong><\/p>\n<\/div><\/div>\n\n\n\n<p class=\"has-sm-color-tertiary-color has-text-color\"><strong>Support &amp; expertise Toshiba<\/strong><\/p>\n\n\n\n<p><strong>Toshiba accompagne ses clients dans l\u2019\u00e9laboration de projets DRV R32 <\/strong>pour trouver la solution adapt\u00e9e \u00e0 leurs contraintes et celles du b\u00e2timent. Le <strong>logiciel de s\u00e9lection Toshiba <\/strong>en plus de ses fonctions dimensionnement et design du syst\u00e8me identifie les surfaces pour lesquelles des dispositifs de s\u00e9curit\u00e9 seront n\u00e9cessaires, permettant une <strong>conception en toute s\u00e9r\u00e9nit\u00e9<\/strong>.<\/p>\n\n\n\n<p class=\"has-text-color\" style=\"color:#519bd6\"><strong>Pour une solution durable, p\u00e9renne, en avance sur son temps, diff\u00e9renciante et efficace, il est d\u00e9sormais temps de passer au DRV Toshiba R32 !<\/strong><\/p>\n\n\n\n<p class=\"has-small-font-size\"><strong>A propos de Toshiba<\/strong><\/p>\n\n\n\n<p class=\"has-small-font-size\"><strong>Solutions de Chauffage et Climatisation :&nbsp;<\/strong><\/p>\n\n\n\n<p class=\"has-small-font-size\">Sp\u00e9cialiste depuis plus de 50 ans en solutions de chauffage et climatisation, Toshiba d\u00e9veloppe une large gamme de produits fiables et performants. Cr\u00e9atrice de la technologie Inverter d\u00e9di\u00e9e \u00e0 la climatisation, l\u2019entreprise dispose d\u2019une solide r\u00e9putation en termes d\u2019innovations. Particuli\u00e8rement engag\u00e9 sur les questions environnementales, Toshiba concentre ses investissements de Recherche &amp; D\u00e9veloppement dans le secteur de l\u2019efficacit\u00e9 \u00e9nerg\u00e9tique, pour proposer des produits innovants \u00e0 usage domestique, petit et grand tertiaire, qui non seulement consomment moins d\u2019\u00e9nergie, mais aussi contribuent \u00e0 maintenir la qualit\u00e9 de l\u2019air. Associ\u00e9s \u00e0 une r\u00e9elle qualit\u00e9 de service, ces syst\u00e8mes contribuent au bien-\u00eatre des utilisateurs et de leur environnement au quotidien.&nbsp;<\/p>\n","protected":false},"excerpt":{"rendered":"<p>R\u00e9duire notre empreinte carbone est un \u00e9l\u00e9ment essentiel dans la lutte contre le d\u00e9r\u00e8glement climatique. L\u2019Europe l\u2019a bien compris en fixant des objectifs ambitieux de r\u00e9duction massive des \u00e9missions de gaz \u00e0 effet de serre d\u2019au moins 55 % en 2030, par rapport au niveau de 1990, et devenir ainsi climatiquement neutre \u00e0 l\u2019horizon 2050. [&hellip;]<\/p>\n","protected":false},"author":41,"featured_media":33477,"comment_status":"open","ping_status":"open","sticky":false,"template":"","format":"standard","meta":{"spay_email":""},"categories":[16,31,35],"tags":[],"jetpack_featured_media_url":"https:\/\/i0.wp.com\/batimedianews.com\/live\/wp-content\/uploads\/2023\/11\/Toshiba-Image-articles-.jpg?fit=1513%2C825&ssl=1","jetpack_sharing_enabled":true,"jetpack_likes_enabled":true,"jetpack-related-posts":[{"id":26160,"url":"https:\/\/batimedianews.com\/live\/index.php\/2023\/02\/15\/nouvelle-generation-de-drv-mini-smms-la-solution-bas-carbone-r32-la-plus-compacte-du-marche\/","url_meta":{"origin":33473,"position":0},"title":"Nouvelle g\u00e9n\u00e9ration de  DRV MINI-SMMS, la solution bas carbone  R32 la plus compacte du march\u00e9 !","date":"15 f\u00e9vrier 2023","format":false,"excerpt":"Toshiba lance le nouveau Mini-SMMS, la plus compacte des solutions de pompe \u00e0 chaleur air-air DRV. Il b\u00e9n\u00e9ficie de tous les atouts de la gamme DRV : performances, compacit\u00e9, connectivit\u00e9. L\u2019association du r\u00e9frig\u00e9rant \u00e0 faible PRP R32 \u00e0 des niveaux de performances \u00e9nerg\u00e9tiques exceptionnelles permet une r\u00e9duction massive de l\u2019impact\u2026","rel":"","context":"Dans &quot;Actualit\u00e9 Entreprises&quot;","img":{"alt_text":"","src":"https:\/\/i0.wp.com\/batimedianews.com\/live\/wp-content\/uploads\/2023\/02\/Toshiba-Article.jpg?fit=1080%2C1080&ssl=1&resize=350%2C200","width":350,"height":200},"classes":[]},{"id":3164,"url":"https:\/\/batimedianews.com\/live\/index.php\/2019\/10\/11\/toshiba-airconditioning-annonce-son-retour-sur-le-salon-interclima-et-lance-une-offensive-denvergure\/","url_meta":{"origin":33473,"position":1},"title":"TOSHIBA AIRCONDITIONING ANNONCE SON RETOUR SUR LE SALON INTERCLIMA ET LANCE UNE OFFENSIVE D\u2019ENVERGURE","date":"11 octobre 2019","format":false,"excerpt":"Le salon Interclima ouvrira ses portes du 4 au 8 novembre prochain au Parc des Expositions de Villepinte. Pour ce grand rendez-vous, Toshiba mobilise ses \u00e9quipes autour d\u2019un stand de plus de 300 m2. Connectivit\u00e9, services et innovations sont au coeur de l\u2019ADN de Toshiba. Interclima va permettre de valoriser\u2026","rel":"","context":"Dans &quot;Actualit\u00e9 Entreprises&quot;","img":{"alt_text":"","src":"https:\/\/i2.wp.com\/batimedianews.com\/live\/wp-content\/uploads\/2019\/10\/toshiba1image.jpg?fit=743%2C743&ssl=1&resize=350%2C200","width":350,"height":200},"classes":[]},{"id":48364,"url":"https:\/\/batimedianews.com\/live\/index.php\/2025\/12\/19\/heiwa-accompagne-vertumne-confort-climatique-sur-un-projet-tertiaire-denvergure-dans-lherault\/","url_meta":{"origin":33473,"position":2},"title":"Heiwa accompagne Vertumne Confort Climatique sur un projet tertiaire d\u2019envergure dans l\u2019H\u00e9rault","date":"19 d\u00e9cembre 2025","format":false,"excerpt":"Fiabilit\u00e9, accompagnement et simplicit\u00e9 d\u2019installation, le trio gagnant qui a conduit l\u2019entreprise familiale h\u00e9raultaise Vertumne Confort Climatique (VCC) \u00e0 choisir Heiwa pour \u00e9quiper un vaste b\u00e2timent de bureaux ERP. Une op\u00e9ration exemplaire qui confirme la capacit\u00e9 de la marque fran\u00e7aise \u00e0 s\u2019imposer sur le march\u00e9 tertiaire. Un chantier de 3\u2026","rel":"","context":"Dans &quot;Actualit\u00e9 Entreprises&quot;","img":{"alt_text":"","src":"https:\/\/i2.wp.com\/batimedianews.com\/live\/wp-content\/uploads\/2025\/12\/Heiwa.jpg?fit=825%2C825&ssl=1&resize=350%2C200","width":350,"height":200},"classes":[]},{"id":3449,"url":"https:\/\/batimedianews.com\/live\/index.php\/2019\/11\/06\/panasonic-chauffage-refroidissement-presente-ses-dernieres-innovations-sur-le-salon-interclima-2019\/","url_meta":{"origin":33473,"position":3},"title":"Panasonic Chauffage &#038; Refroidissement pr\u00e9sente ses derni\u00e8res innovations sur le salon Interclima 2019","date":"6 novembre 2019","format":false,"excerpt":"Panasonic Chauffage & Refroidissement d\u00e9voile ses derni\u00e8res innovations en mati\u00e8re de solutions de confort thermique sur le salon Interclima 2019 qui se tient du 5 au 8 novembre 2019. Plus d\u2019une trentaine de produits dont de nombreuses nouveaut\u00e9s sont rassembl\u00e9s sur un stand de pr\u00e8s de 325 m\u00b2 (Hall 2\u2026","rel":"","context":"Dans &quot;Actualit\u00e9 Entreprises&quot;","img":{"alt_text":"","src":"https:\/\/i1.wp.com\/batimedianews.com\/live\/wp-content\/uploads\/2019\/11\/pana3.jpg?fit=809%2C809&ssl=1&resize=350%2C200","width":350,"height":200},"classes":[]},{"id":18723,"url":"https:\/\/batimedianews.com\/live\/index.php\/2022\/04\/06\/yukai-la-nouvelle-pompe-a-chaleur-air-air-reversible-toshiba-le-confort-a-portee-de-tous\/","url_meta":{"origin":33473,"position":4},"title":"YUKAI, la nouvelle pompe \u00e0 chaleur air-air r\u00e9versible Toshiba : le confort \u00e0 port\u00e9e de tous !","date":"6 avril 2022","format":false,"excerpt":"Toshiba Solutions de Chauffage & Climatisation lance YUKAI : une pompe \u00e0 chaleur air-air r\u00e9versible, de conception japonaise, qui se d\u00e9marque par un excellent rapport qualit\u00e9-prix pour un confort optimal, \u00e9t\u00e9 comme hiver.\u00a0 En associant les termes Yu (en japonais, plaisant) et Kai (signifiant confort), ce produit constitue LA solution\u2026","rel":"","context":"Dans &quot;Actualit\u00e9 Entreprises&quot;","img":{"alt_text":"","src":"https:\/\/i2.wp.com\/batimedianews.com\/live\/wp-content\/uploads\/2022\/04\/Toshiba-Article.jpg?fit=512%2C512&ssl=1&resize=350%2C200","width":350,"height":200},"classes":[]},{"id":33813,"url":"https:\/\/batimedianews.com\/live\/index.php\/2023\/12\/12\/daiseikai-10-toshiba-quand-innovation-rime-avec-eco-conception\/","url_meta":{"origin":33473,"position":5},"title":"DAISEIKAI 10 TOSHIBA : quand innovation rime avec \u00e9co-conception","date":"12 d\u00e9cembre 2023","format":false,"excerpt":"\u00a0Toshiba Solutions de Chauffage et Climatisation poursuit son investissement dans des produits plus performants et respectueux de l\u2019environnement. L\u2019innovation durable est au c\u0153ur du d\u00e9veloppement de la soci\u00e9t\u00e9, tant dans la technologie des produits que dans les processus de production.\u00a0 Toshiba s\u2019engage pour l\u2019environnement avec une nouvelle gamme de muraux\u2026","rel":"","context":"Dans &quot;Actualit\u00e9 Entreprises&quot;","img":{"alt_text":"","src":"https:\/\/i1.wp.com\/batimedianews.com\/live\/wp-content\/uploads\/2023\/12\/Toshiba-Image-articles-.jpg?fit=825%2C825&ssl=1&resize=350%2C200","width":350,"height":200},"classes":[]}],"_links":{"self":[{"href":"https:\/\/batimedianews.com\/live\/index.php\/wp-json\/wp\/v2\/posts\/33473"}],"collection":[{"href":"https:\/\/batimedianews.com\/live\/index.php\/wp-json\/wp\/v2\/posts"}],"about":[{"href":"https:\/\/batimedianews.com\/live\/index.php\/wp-json\/wp\/v2\/types\/post"}],"author":[{"embeddable":true,"href":"https:\/\/batimedianews.com\/live\/index.php\/wp-json\/wp\/v2\/users\/41"}],"replies":[{"embeddable":true,"href":"https:\/\/batimedianews.com\/live\/index.php\/wp-json\/wp\/v2\/comments?post=33473"}],"version-history":[{"count":2,"href":"https:\/\/batimedianews.com\/live\/index.php\/wp-json\/wp\/v2\/posts\/33473\/revisions"}],"predecessor-version":[{"id":33504,"href":"https:\/\/batimedianews.com\/live\/index.php\/wp-json\/wp\/v2\/posts\/33473\/revisions\/33504"}],"wp:featuredmedia":[{"embeddable":true,"href":"https:\/\/batimedianews.com\/live\/index.php\/wp-json\/wp\/v2\/media\/33477"}],"wp:attachment":[{"href":"https:\/\/batimedianews.com\/live\/index.php\/wp-json\/wp\/v2\/media?parent=33473"}],"wp:term":[{"taxonomy":"category","embeddable":true,"href":"https:\/\/batimedianews.com\/live\/index.php\/wp-json\/wp\/v2\/categories?post=33473"},{"taxonomy":"post_tag","embeddable":true,"href":"https:\/\/batimedianews.com\/live\/index.php\/wp-json\/wp\/v2\/tags?post=33473"}],"curies":[{"name":"wp","href":"https:\/\/api.w.org\/{rel}","templated":true}]}}