{"id":33578,"date":"2023-12-04T10:04:23","date_gmt":"2023-12-04T09:04:23","guid":{"rendered":"http:\/\/batimedianews.com\/live\/?p=33578"},"modified":"2024-06-04T14:10:26","modified_gmt":"2024-06-04T12:10:26","slug":"decarboner-rapidement-lindustrie-du-ciment","status":"publish","type":"post","link":"https:\/\/batimedianews.com\/live\/index.php\/2023\/12\/04\/decarboner-rapidement-lindustrie-du-ciment\/","title":{"rendered":"D\u00e9carboner rapidement l\u2019industrie du ciment"},"content":{"rendered":"\n<p class=\"has-text-color has-medium-font-size\" style=\"color:#03acf4\"><strong>Onze \u00e9minents sp\u00e9cialistes des mat\u00e9riaux appellent \u00e0 une adoption plus large de la technologie du ciment bas carbone afin de r\u00e9duire les \u00e9missions d\u2019ici \u00e0 2030<\/strong><\/p>\n\n\n\n<div class=\"wp-block-media-text alignwide has-media-on-the-right is-stacked-on-mobile\" style=\"grid-template-columns:auto 31%\"><figure class=\"wp-block-media-text__media\"><img src=\"http:\/\/batimedianews.com\/be2ddfa5-26d3-4103-8300-b0ab94879447\" alt=\"\"\/><\/figure><div class=\"wp-block-media-text__content\">\n<p>Un groupe international de scientifiques reconnus pour leur expertise a appel\u00e9 les secteurs du ciment et de la construction \u00e0 adopter d\u2019urgence des technologies de ciment \u00e0 faible teneur en carbone afin de r\u00e9duire radicalement les \u00e9missions de CO2. Pour rappel, le ciment est responsable de pr\u00e8s de 8 % des \u00e9missions mondiales de CO2, soit plus que le transport maritime, l\u2019aviation et le camionnage longue distance r\u00e9unis.<\/p>\n\n\n\n<p>Lors d\u2019un symposium organis\u00e9 les 9 et 10 novembre derniers \u00e0 Paris par Ecocem, leader europ\u00e9en des technologies du ciment \u00e0 faible teneur en carbone, ces scientifiques (liste en Annexe) ont partag\u00e9 leurs derniers travaux de recherche sur les technologies du ciment \u00e0 faible teneur en carbone et se sont concentr\u00e9s sur les id\u00e9es et les mat\u00e9riaux susceptibles d\u2019acc\u00e9l\u00e9rer la d\u00e9carbonation du secteur.<\/p>\n<\/div><\/div>\n\n\n\n<p class=\"has-text-color\" style=\"color:#03a4e9\"><strong>La d\u00e9carbonation du ciment, une urgence absolue<\/strong><\/p>\n\n\n\n<p>La demande mondiale de ciment devrait s\u2019accro\u00eetre au cours des prochaines d\u00e9cennies. Le Forum \u00c9conomique Mondial (World Economic Forum), entre autres, pr\u00e9voit que la demande de ciment pourrait augmenter jusqu\u2019\u00e0 45 % d\u2019ici \u00e0 2050. Les scientifiques ont d\u00e9clar\u00e9 que \u00abdes solutions efficaces sont n\u00e9cessaires de toute urgence si le secteur de la construction dans son ensemble doit se d\u00e9carboner conform\u00e9ment \u00e0 une trajectoire de 1,5\u00b0C\u00bb .<\/p>\n\n\n\n<p>Les universitaires ont conclu que l\u2019adoption des derniers d\u00e9veloppements en mati\u00e8re de technologie du ciment \u00e0 faible teneur en carbone est le moyen le plus rapide et le plus \u00e9volutif de r\u00e9duire consid\u00e9rablement les \u00e9missions dans les secteurs du ciment et de la construction d\u2019ici \u00e0 la fin de 2030.<\/p>\n\n\n\n<p>L\u2019industrie du ciment a longtemps \u00e9t\u00e9 consid\u00e9r\u00e9e comme difficile \u00e0 d\u00e9carboner, en raison de l\u2019utilisation du clinker, l\u2019ingr\u00e9dient principal du ciment, qui est produit en cuisant le calcaire \u00e0 des temp\u00e9ratures extr\u00eamement \u00e9lev\u00e9es. Bien qu\u2019il existe d\u00e9j\u00e0 des ciments \u00e0 faible teneur en carbone, le d\u00e9fi \u00e0 ce jour \u00e9tait d\u2019imaginer leur production \u00e0 grande \u00e9chelle. Au cours de ces deux journ\u00e9es, les scientifiques ont pass\u00e9 en revue les nouvelles donn\u00e9es sur l\u2019utilisation de mat\u00e9riaux alternatifs qui r\u00e9duisent le volume de clinker, en le rempla\u00e7ant par une grande vari\u00e9t\u00e9 de mat\u00e9riaux de remplissage d\u2019origine locale et d\u2019additions min\u00e9rales (en anglais, SCMs : Supplementary Cementitious Materials).<\/p>\n\n\n\n<p class=\"has-text-color\" style=\"color:#03a2e5\"><strong>Un appel \u00e0 l\u2019action<\/strong><\/p>\n\n\n\n<p>Les onze chercheurs, qui repr\u00e9sentent un \u00e9ventail d\u2019institutions du monde entier (liste en Annexe), ont d\u00e9clar\u00e9 qu\u2019\u00abil n\u2019est plus possible de dire que nous ne disposons pas de la technologie n\u00e9cessaire ou que les co\u00fbts sont prohibitifs\u00bb .<\/p>\n\n\n\n<p>La science des mat\u00e9riaux a progress\u00e9 \u00e0 un point tel que la d\u00e9carbonation rapide du ciment sans co\u00fbt excessif est d\u00e9sormais une r\u00e9alit\u00e9. Au premier rang de ces avanc\u00e9es se trouve ACT, la derni\u00e8re technologie d\u2019Ecocem, qui permet de r\u00e9duire de 70 % les \u00e9missions du ciment tout en garantissant que le b\u00e9ton produit conserve sa maniabilit\u00e9, sa r\u00e9sistance et sa durabilit\u00e9, avec l\u2019avantage suppl\u00e9mentaire de consommer beaucoup moins d\u2019eau et d\u2019\u00e9nergie. ACT est d\u00e9ployable \u00e0 l\u2019\u00e9chelle mondiale en raison de sa compatibilit\u00e9 avec une grande vari\u00e9t\u00e9 d\u2019additions min\u00e9rales et peut \u00eatre produit dans des cimenteries existantes avec un minimum d\u2019investissement suppl\u00e9mentaire.<\/p>\n\n\n\n<p class=\"has-text-color\" style=\"color:#03adf6\"><strong>Une concertation internationale, initi\u00e9e par la France<\/strong><\/p>\n\n\n\n<p>Ce symposium a \u00e9t\u00e9 organis\u00e9 avec l\u2019aide de deux universitaires fran\u00e7ais de renom :<\/p>\n\n\n\n<p>&#8211; Mohend Chaouche, Directeur de recherche CNRS, ENS Paris-Saclay, Laboratoire M\u00e9canique de Paris-Saclay, et Directeur du laboratoire commun CNRS-Ecocem : MC\u00b2E<\/p>\n\n\n\n<p>&#8211; Martin Cyr, Professeur des Universit\u00e9s, Universit\u00e9 de Toulouse, Laboratoire Mat\u00e9riaux et Durabilit\u00e9 des Constructions et Directeur du laboratoire commun LMDC-Ecocem ORISON.<\/p>\n\n\n\n<p class=\"has-text-color\" style=\"color:#02a2e7\"><em>\u00abL\u2019urgence de d\u00e9velopper et d\u00e9ployer des ciments bas carbone ne fait plus d\u00e9bat. C\u2019est une grande fiert\u00e9 pour l\u2019ENS Paris-Saclay d\u2019avoir contribu\u00e9 \u00e0 la naissance de la technologie ACT, qui permet de r\u00e9duire l\u2019empreinte carbone du ciment de 70%. Les intenses ann\u00e9es de R&amp;D ont port\u00e9 leurs fruits.\u00bb a d\u00e9clar\u00e9 Mohend Chaouche en conclusion du symposium.<\/em><\/p>\n\n\n\n<p class=\"has-text-color\" style=\"color:#02a6ec\"><em>\u00ab Les technologies \u00e0 faible teneur en clinker d\u00e9velopp\u00e9es et valid\u00e9es en laboratoire peuvent d\u00e9sormais \u00eatre d\u00e9ploy\u00e9es sans frein scientifique, ni technique. Ces technologies repr\u00e9sentent un pas significatif vers la r\u00e9duction des \u00e9missions de CO2, en avance sur la feuille de route de l\u2019industrie pour 2030. \u00bb confirme Martin Cyr.<\/em><\/p>\n\n\n\n<p class=\"has-text-color\" style=\"color:#038fcb\"><strong>Une r\u00e9ponse technologique probante<\/strong><\/p>\n\n\n\n<p>Donal O\u2019Riain, fondateur et directeur g\u00e9n\u00e9ral d\u2019Ecocem, se f\u00e9licite de ce travail scientifique de fond.<\/p>\n\n\n\n<p>Fort des conclusions de ce symposium, il interpelle la profession : <\/p>\n\n\n\n<p class=\"has-text-color\" style=\"color:#048ec9\">\u00ab<em>L\u2019adoption g\u00e9n\u00e9ralis\u00e9e de la technologie ACT permettra \u00e0 l\u2019industrie du ciment de r\u00e9duire consid\u00e9rablement ses \u00e9missions globales, rapidement et \u00e0 moindre co\u00fbt. Les d\u00e9cideurs politiques doivent acc\u00e9l\u00e9rer la mise en oeuvre de la r\u00e9glementation afin de garantir que les technologies de ciment \u00e0 faible teneur en carbone puissent \u00eatre utilis\u00e9es plus largement, et que les investissements disponibles permettent d\u2019acc\u00e9l\u00e9rer le d\u00e9ploiement industriel de ces nouvelles technologies. J\u2019invite le secteur du ciment \u00e0 agir rapidement. Nous avons la possibilit\u00e9 d\u2019\u00eatre le premier secteur industriel \u00e0 respecter une r\u00e9duction de 50 % des \u00e9missions d\u2019ici \u00e0 la fin de 2030. La technologie est disponible pour d\u00e9carboner l\u2019ensemble du secteur du ciment afin de limiter le r\u00e9chauffement de la plan\u00e8te \u00e0 1,5 \u00b0C. Il est maintenant de notre responsabilit\u00e9 de veiller \u00e0 ce qu\u2019elle soit mise en oeuvre rapidement.<\/em>\u00bb<\/p>\n\n\n\n<p class=\"has-text-color has-small-font-size\" style=\"color:#029adb\">A propos :<\/p>\n\n\n\n<p class=\"has-small-font-size\">Cr\u00e9ateur de technologies bas carbone pour le b\u00e9ton, le Groupe franco-irlandais Ecocem a \u00e9t\u00e9 fond\u00e9 il y a une vingtaine d\u2019ann\u00e9es. Son ambition est de diminuer drastiquement les \u00e9missions de CO2 provenant d\u2019un des mat\u00e9riaux les plus utilis\u00e9s au monde : le ciment. V\u00e9ritable pionnier du secteur, Ecocem a notamment contribu\u00e9 \u00e0 d\u00e9velopper \u00e0 grande \u00e9chelle le ciment le moins carbon\u00e9 jamais utilis\u00e9 en Europe.<\/p>\n\n\n\n<p class=\"has-small-font-size\">Ecocem poss\u00e8de quatre sites de production (deux en France, \u00e0 Dunkerque et \u00e0 Fos-sur-Mer, un aux Pays-Bas et un en Irlande), avec une production annuelle de plus de 2 millions de tonnes de ciments \u00e0 faible teneur en carbone, un centre de R&amp;D bas\u00e9 en r\u00e9gion parisienne et deux LabCom collaborant avec des universit\u00e9s fran\u00e7aises de prestige. Le Groupe emploie 180 personnes. 15% de cet effectif est d\u00e9di\u00e9 \u00e0 l\u2019innovation.<\/p>\n\n\n\n<p class=\"has-small-font-size\">Du Grand Paris Express au stade Aviva de Dublin, en passant par la ligne ferroviaire \u00e0 grande vitesse HS2 au Royaume-Uni, Ecocem a r\u00e9alis\u00e9 une r\u00e9duction cumul\u00e9e \u00e0 ce jour de plus de 16 millions de tonnes d\u2019\u00e9missions de CO2.<\/p>\n","protected":false},"excerpt":{"rendered":"<p>Onze \u00e9minents sp\u00e9cialistes des mat\u00e9riaux appellent \u00e0 une adoption plus large de la technologie du ciment bas carbone afin de r\u00e9duire les \u00e9missions d\u2019ici \u00e0 2030 Un groupe international de scientifiques reconnus pour leur expertise a appel\u00e9 les secteurs du ciment et de la construction \u00e0 adopter d\u2019urgence des technologies de ciment \u00e0 faible teneur [&hellip;]<\/p>\n","protected":false},"author":41,"featured_media":33596,"comment_status":"open","ping_status":"open","sticky":false,"template":"","format":"standard","meta":{"spay_email":""},"categories":[33,866,76],"tags":[],"jetpack_featured_media_url":"https:\/\/i1.wp.com\/batimedianews.com\/live\/wp-content\/uploads\/2023\/12\/ecocem.png?fit=1306%2C713&ssl=1","jetpack_sharing_enabled":true,"jetpack_likes_enabled":true,"jetpack-related-posts":[{"id":13229,"url":"https:\/\/batimedianews.com\/live\/index.php\/2021\/10\/28\/nouveaux-ciments-bas-carbone-la-norme-europeenne-nf-en-197-5-enfin-disponible\/","url_meta":{"origin":33578,"position":0},"title":"Nouveaux ciments \u00ab bas-carbone \u00bb : la norme europ\u00e9enne NF EN 197-5 enfin disponible","date":"28 octobre 2021","format":false,"excerpt":"Longtemps attendue par les professionnels de l\u2019industrie cimenti\u00e8re, la norme europ\u00e9enne NF EN 197-5 devient enfin une r\u00e9alit\u00e9 avec sa publication, le 1er octobre 2021. Cette norme va permettre d'\u00e9largir les offres de ciment bas carbone des entreprises cimenti\u00e8res car elle permet de nouvelles combinaisons d'ajouts bas carbone dans la\u2026","rel":"","context":"Dans &quot;Actualit\u00e9 Entreprises&quot;","img":{"alt_text":"","src":"https:\/\/i0.wp.com\/batimedianews.com\/live\/wp-content\/uploads\/2021\/10\/SFIC-Article.jpg?fit=512%2C512&ssl=1&resize=350%2C200","width":350,"height":200},"classes":[]},{"id":25277,"url":"https:\/\/batimedianews.com\/live\/index.php\/2022\/12\/13\/hoffmann-certifie-et-valorise-ses-credits-carbone-avec-son-partenaire-inuk\/","url_meta":{"origin":33578,"position":1},"title":"Hoffmann certifie et valorise ses cr\u00e9dits carbone avec son partenaire Inuk","date":"13 d\u00e9cembre 2022","format":false,"excerpt":"\u00a0J\u00e9r\u00f4me CARON, Directeur Administratif et Financier de Hoffmann Green, pr\u00e9sente en vid\u00e9o les principes et les enjeux des cr\u00e9dits carbone pour la Soci\u00e9t\u00e9\u00a0 \u00a0Chaill\u00e9-sous-les-Ormeaux, le 06 d\u00e9cembre 2022 \u2013 18h00 CET : Hoffmann Green Cement Technologies (ISIN : FR0013451044, Mn\u00e9mo : ALHGR) (\u00ab Hoffmann Green Cement \u00bb ou la \u00ab\u2026","rel":"","context":"Dans &quot;Actualit\u00e9 Entreprises&quot;","img":{"alt_text":"","src":"https:\/\/i0.wp.com\/batimedianews.com\/live\/wp-content\/uploads\/2022\/12\/HoffmannGreen-Article.jpg?fit=1080%2C1080&ssl=1&resize=350%2C200","width":350,"height":200},"classes":[]},{"id":24797,"url":"https:\/\/batimedianews.com\/live\/index.php\/2022\/11\/16\/industrie-cimentiere-et-decarbonation-de-lindustrie-a-lhorizon-2030\/","url_meta":{"origin":33578,"position":2},"title":"Industrie cimenti\u00e8re et d\u00e9carbonation de l&rsquo;industrie \u00e0 l&rsquo;horizon 2030","date":"16 novembre 2022","format":false,"excerpt":"Les 4 groupes cimentiers produisant du clinker en France, Ciments Calcia (HeidelbergCement Group), Lafarge France (Membre du groupe Holcim), Eqiom (a CRH Company) et Vicat, ont \u00e9t\u00e9 convi\u00e9s ce mardi 8 novembre, par le Pr\u00e9sident de la R\u00e9publique Emmanuel Macron, \u00e0 une r\u00e9union sur la planification de la d\u00e9carbonation de\u2026","rel":"","context":"Dans &quot;Actualit\u00e9 Entreprises&quot;","img":{"alt_text":"","src":"https:\/\/i1.wp.com\/batimedianews.com\/live\/wp-content\/uploads\/2022\/11\/SFIC-Article.jpg?fit=1080%2C1080&ssl=1&resize=350%2C200","width":350,"height":200},"classes":[]},{"id":42509,"url":"https:\/\/batimedianews.com\/live\/index.php\/2025\/01\/30\/ecocem-lance-la-premiere-unite-de-production-de-ciment-bas-carbone-act-a-dunkerque\/","url_meta":{"origin":33578,"position":3},"title":"Ecocem lance la premi\u00e8re unit\u00e9 de production de ciment bas carbone ACT \u00e0 Dunkerque","date":"30 janvier 2025","format":false,"excerpt":"Ecocem, leader europ\u00e9en ind\u00e9pendant des ciments bas-carbone annonce la construction de sa premi\u00e8re unit\u00e9 de production d\u00e9di\u00e9e \u00e0 la technologie ACT sur son site dunkerquois. Cette nouvelle ligne sera op\u00e9rationnelle d\u00e8s 2026 et offrira une capacit\u00e9 de production de ciment ACT de plus de 300 000 tonnes par an. Ce\u2026","rel":"","context":"Dans &quot;Actualit\u00e9 Entreprises&quot;","img":{"alt_text":"","src":"https:\/\/i0.wp.com\/batimedianews.com\/live\/wp-content\/uploads\/2025\/01\/ecocem-articles-.jpg?fit=825%2C825&ssl=1&resize=350%2C200","width":350,"height":200},"classes":[]},{"id":33593,"url":"https:\/\/batimedianews.com\/live\/index.php\/2023\/12\/04\/ecocem-remporte-le-prix-de-la-meilleure-entreprise-irlandaise-en-france-lors-des-ireland-france-business-awards-en-reconnaissance-de-la-forte-croissance-et-de-linnovation-de-lentrep\/","url_meta":{"origin":33578,"position":4},"title":"Ecocem remporte le prix de la meilleure entreprise irlandaise en France lors des Ireland France Business Awards, en reconnaissance de la forte croissance et de l\u2019innovation de l\u2019entreprise dans les deux pays","date":"4 d\u00e9cembre 2023","format":false,"excerpt":"Ecocem, premier fournisseur europ\u00e9en de solutions technologiques \u00e0 base de ciment \u00e0 faible teneur en carbone, a \u00e9t\u00e9 d\u00e9sign\u00e9 meilleure entreprise irlandaise en France par les Ireland France Business Awards, lors d\u2019une c\u00e9r\u00e9monie qui s\u2019est tenue \u00e0 l\u2019h\u00f4tel Shelbourne de Dublin le 16 novembre dernier. Ce prix r\u00e9compense la forte\u2026","rel":"","context":"Dans &quot;Actualit\u00e9 Entreprises&quot;","img":{"alt_text":"","src":"https:\/\/i0.wp.com\/batimedianews.com\/live\/wp-content\/uploads\/2023\/12\/ecocem-Image-articles-1-1.jpg?fit=825%2C825&ssl=1&resize=350%2C200","width":350,"height":200},"classes":[]},{"id":40342,"url":"https:\/\/batimedianews.com\/live\/index.php\/2024\/10\/07\/des-adjuvants-innovants-et-sur-mesure-pour-ouvrir-la-voie-vers-lutilisation-de-ciments-a-base-dargiles-calcinees-et-accelerer-la-decarbonation\/","url_meta":{"origin":33578,"position":5},"title":"Des adjuvants innovants et sur mesure pour ouvrir la voie vers l\u2019utilisation de ciments \u00e0 base d\u2019argiles calcin\u00e9es et acc\u00e9l\u00e9rer la d\u00e9carbonation","date":"7 octobre 2024","format":false,"excerpt":"https:\/\/www.youtube.com\/watch?v=TwyJLNxmwlA&t=163s \u00a0Le secteur de la construction conna\u00eet une transformation majeure en lien avec le d\u00e9veloppement durable et son ambition de r\u00e9duction de ses \u00e9missions de carbone pour un meilleur impact environnemental. Pour atteindre cet objectif, Chryso, marque phare de Saint-Gobain Chimie de la Construction, est fier de pr\u00e9senter EnviroMix\u00ae C-Clay,\u2026","rel":"","context":"Dans &quot;Actualit\u00e9 Entreprises&quot;","img":{"alt_text":"","src":"https:\/\/i0.wp.com\/batimedianews.com\/live\/wp-content\/uploads\/2024\/10\/Chryso-articles-.jpg?fit=825%2C825&ssl=1&resize=350%2C200","width":350,"height":200},"classes":[]}],"_links":{"self":[{"href":"https:\/\/batimedianews.com\/live\/index.php\/wp-json\/wp\/v2\/posts\/33578"}],"collection":[{"href":"https:\/\/batimedianews.com\/live\/index.php\/wp-json\/wp\/v2\/posts"}],"about":[{"href":"https:\/\/batimedianews.com\/live\/index.php\/wp-json\/wp\/v2\/types\/post"}],"author":[{"embeddable":true,"href":"https:\/\/batimedianews.com\/live\/index.php\/wp-json\/wp\/v2\/users\/41"}],"replies":[{"embeddable":true,"href":"https:\/\/batimedianews.com\/live\/index.php\/wp-json\/wp\/v2\/comments?post=33578"}],"version-history":[{"count":2,"href":"https:\/\/batimedianews.com\/live\/index.php\/wp-json\/wp\/v2\/posts\/33578\/revisions"}],"predecessor-version":[{"id":33584,"href":"https:\/\/batimedianews.com\/live\/index.php\/wp-json\/wp\/v2\/posts\/33578\/revisions\/33584"}],"wp:featuredmedia":[{"embeddable":true,"href":"https:\/\/batimedianews.com\/live\/index.php\/wp-json\/wp\/v2\/media\/33596"}],"wp:attachment":[{"href":"https:\/\/batimedianews.com\/live\/index.php\/wp-json\/wp\/v2\/media?parent=33578"}],"wp:term":[{"taxonomy":"category","embeddable":true,"href":"https:\/\/batimedianews.com\/live\/index.php\/wp-json\/wp\/v2\/categories?post=33578"},{"taxonomy":"post_tag","embeddable":true,"href":"https:\/\/batimedianews.com\/live\/index.php\/wp-json\/wp\/v2\/tags?post=33578"}],"curies":[{"name":"wp","href":"https:\/\/api.w.org\/{rel}","templated":true}]}}