{"id":33601,"date":"2023-12-06T12:57:01","date_gmt":"2023-12-06T11:57:01","guid":{"rendered":"http:\/\/batimedianews.com\/live\/?p=33601"},"modified":"2024-06-04T14:10:05","modified_gmt":"2024-06-04T12:10:05","slug":"au-plessis-robinson-92-larchitecture-inspiree-des-capitales-europeennes-avec-wienerberger","status":"publish","type":"post","link":"https:\/\/batimedianews.com\/live\/index.php\/2023\/12\/06\/au-plessis-robinson-92-larchitecture-inspiree-des-capitales-europeennes-avec-wienerberger\/","title":{"rendered":"Au Plessis-Robinson (92), l&rsquo;architecture inspir\u00e9e des capitales europ\u00e9ennes avec WIENERBERGER"},"content":{"rendered":"\n<p><strong>Prenant place dans un r\u00e9am\u00e9nagement important de la ville du Plessis-Robinson (92), l&rsquo;ensemble du projet Plessis-Capitales r\u00e9unit en toiture et en fa\u00e7ade des inspirations venues de toute l&rsquo;Europe.<\/strong><\/p>\n\n\n\n<div class=\"wp-block-media-text alignwide has-media-on-the-right is-stacked-on-mobile\" style=\"grid-template-columns:auto 34%\"><figure class=\"wp-block-media-text__media\"><img loading=\"lazy\" width=\"720\" height=\"468\" src=\"https:\/\/i2.wp.com\/batimedianews.com\/live\/wp-content\/uploads\/2023\/12\/image-16.png?resize=720%2C468\" alt=\"\" class=\"wp-image-33602 size-full\" srcset=\"https:\/\/i2.wp.com\/batimedianews.com\/live\/wp-content\/uploads\/2023\/12\/image-16.png?w=730&amp;ssl=1 730w, https:\/\/i2.wp.com\/batimedianews.com\/live\/wp-content\/uploads\/2023\/12\/image-16.png?resize=600%2C390&amp;ssl=1 600w, https:\/\/i2.wp.com\/batimedianews.com\/live\/wp-content\/uploads\/2023\/12\/image-16.png?resize=10%2C6&amp;ssl=1 10w, https:\/\/i2.wp.com\/batimedianews.com\/live\/wp-content\/uploads\/2023\/12\/image-16.png?resize=432%2C281&amp;ssl=1 432w, https:\/\/i2.wp.com\/batimedianews.com\/live\/wp-content\/uploads\/2023\/12\/image-16.png?resize=396%2C257&amp;ssl=1 396w, https:\/\/i2.wp.com\/batimedianews.com\/live\/wp-content\/uploads\/2023\/12\/image-16.png?resize=660%2C429&amp;ssl=1 660w, https:\/\/i2.wp.com\/batimedianews.com\/live\/wp-content\/uploads\/2023\/12\/image-16.png?resize=339%2C220&amp;ssl=1 339w\" sizes=\"(max-width: 600px) 91vw, (max-width: 900px) 600px, (max-width: 1060px) 50vw, (max-width: 1200px) 520px, (max-width: 1400px) 43vw, 600px\" data-recalc-dims=\"1\" \/><\/figure><div class=\"wp-block-media-text__content\">\n<p class=\"has-sm-color-tertiary-color has-text-color\">&nbsp;<strong>Une identit\u00e9 nouvelle, imagin\u00e9e dans un style Belle-\u00c9poque<\/strong><\/p>\n\n\n\n<p>Quand Manuel Silva, architecte et g\u00e9rant de l&rsquo;agence SUPD&rsquo;AD, r\u00e9pond \u00e0 la consultation de la ville du Plessis-Robinson, il a d\u00e9j\u00e0 connaissance du parti-pris original de la municipalit\u00e9 : s\u2019appuyer sur une architecture vernaculaire pour recr\u00e9er le centre-ville et faire ressurgir le style et la qui\u00e9tude d&rsquo;un temps pas si lointain. C\u2019est au c\u0153ur du quartier nomm\u00e9 Cit\u00e9 Jardin, sur un terrain comportant un trou de 6 m\u00e8tres de profondeur que le projet Plessis-Capitales prend place. Manuel Silva choisit d&rsquo;en profiter pour imaginer un bassin contournant l&rsquo;\u00eelot central, le long de la promenade de la cour int\u00e9rieure. Une douzaine de b\u00e2timents entoure le bassin, proposant 502 logements dont 38 logements sociaux.\u00a0<\/p>\n\n\n\n<p class=\"has-text-align-right has-small-font-size\">&nbsp;\u00a9 G\u00e9raldine Bruneel&nbsp;<\/p>\n<\/div><\/div>\n\n\n\n<div class=\"wp-block-media-text alignwide has-media-on-the-right is-stacked-on-mobile\" style=\"grid-template-columns:auto 35%\"><figure class=\"wp-block-media-text__media\"><img loading=\"lazy\" width=\"720\" height=\"473\" src=\"https:\/\/i0.wp.com\/batimedianews.com\/live\/wp-content\/uploads\/2023\/12\/image-17.png?resize=720%2C473\" alt=\"\" class=\"wp-image-33603 size-full\" srcset=\"https:\/\/i0.wp.com\/batimedianews.com\/live\/wp-content\/uploads\/2023\/12\/image-17.png?w=730&amp;ssl=1 730w, https:\/\/i0.wp.com\/batimedianews.com\/live\/wp-content\/uploads\/2023\/12\/image-17.png?resize=600%2C395&amp;ssl=1 600w, https:\/\/i0.wp.com\/batimedianews.com\/live\/wp-content\/uploads\/2023\/12\/image-17.png?resize=10%2C7&amp;ssl=1 10w, https:\/\/i0.wp.com\/batimedianews.com\/live\/wp-content\/uploads\/2023\/12\/image-17.png?resize=432%2C284&amp;ssl=1 432w, https:\/\/i0.wp.com\/batimedianews.com\/live\/wp-content\/uploads\/2023\/12\/image-17.png?resize=396%2C260&amp;ssl=1 396w, https:\/\/i0.wp.com\/batimedianews.com\/live\/wp-content\/uploads\/2023\/12\/image-17.png?resize=660%2C434&amp;ssl=1 660w, https:\/\/i0.wp.com\/batimedianews.com\/live\/wp-content\/uploads\/2023\/12\/image-17.png?resize=335%2C220&amp;ssl=1 335w\" sizes=\"(max-width: 600px) 91vw, (max-width: 900px) 600px, (max-width: 1060px) 50vw, (max-width: 1200px) 520px, (max-width: 1400px) 43vw, 600px\" data-recalc-dims=\"1\" \/><\/figure><div class=\"wp-block-media-text__content\">\n<p class=\"has-normal-font-size\">&nbsp;L\u2019architecte cr\u00e9e \u00ab<em>un s\u00e9quen\u00e7age de fa\u00e7ades en forme de U, en s&rsquo;inspirant d&rsquo;une capitale europ\u00e9enne, pour chacun des b\u00e2timents<\/em>\u00bb. On retrouve ainsi l&rsquo;architecture typique bordant les canaux d&rsquo;Amsterdam aux c\u00f4t\u00e9s de celles de la Grand Place de Bruxelles, de la Place du Commerce de Lisbonne, ou du n\u00e9o-classicisme de Rome&#8230; Une v\u00e9ritable visite dans la Belle \u00c9poque europ\u00e9enne !<\/p>\n\n\n\n<p class=\"has-text-align-right has-small-font-size\">&nbsp;\u00a9 G\u00e9raldine Bruneel&nbsp;<\/p>\n<\/div><\/div>\n\n\n\n<p class=\"has-sm-color-tertiary-color has-text-color\">&nbsp;<strong>Miser sur la diversit\u00e9 des coloris avec coh\u00e9rence<\/strong><\/p>\n\n\n\n<p>Pour la toiture, Manuel Silva a d&#8217;embl\u00e9e opt\u00e9 pour la tuile en terre cuiteVauban 2 Droite Koramic,gamme qu&rsquo;il conna\u00eet de longue date. \u00ab<em>Il nous fallait un grand choix de coloris pour marquer chaque fa\u00e7ade avec son propre style tout en proposant une harmonie globale<\/em>\u00bb. L&rsquo;architecte a s\u00e9lectionn\u00e9 les coloris brun ,rouge et ardois\u00e9 qu\u2019il a pr\u00e9sent\u00e9 sous forme de panneaux d&rsquo;environ 1m\u00b2 pour valider le choix d\u00e9finitif.<\/p>\n\n\n\n<p>Il pr\u00e9cise : \u00ab<em>le commanditaire et le promoteur privil\u00e9giant la qualit\u00e9, ils ont tout de suite adh\u00e9r\u00e9 au choix de la terre cuite. Pour les coloris des tuiles, je les ai altern\u00e9s selon les architectures de chaque b\u00e2timent mitoyen, en variant \u00e9galement l&rsquo;avant et l&rsquo;arri\u00e8re<\/em>\u00bb. Cela permet ainsi de donner une dynamique nouvelle \u00e0 l\u2019ensemble.<\/p>\n\n\n\n<div class=\"wp-block-media-text alignwide has-media-on-the-right is-stacked-on-mobile\" style=\"grid-template-columns:auto 34%\"><figure class=\"wp-block-media-text__media\"><img loading=\"lazy\" width=\"720\" height=\"777\" src=\"https:\/\/i2.wp.com\/batimedianews.com\/live\/wp-content\/uploads\/2023\/12\/image-18.png?resize=720%2C777\" alt=\"\" class=\"wp-image-33604 size-full\" srcset=\"https:\/\/i2.wp.com\/batimedianews.com\/live\/wp-content\/uploads\/2023\/12\/image-18.png?w=730&amp;ssl=1 730w, https:\/\/i2.wp.com\/batimedianews.com\/live\/wp-content\/uploads\/2023\/12\/image-18.png?resize=556%2C600&amp;ssl=1 556w, https:\/\/i2.wp.com\/batimedianews.com\/live\/wp-content\/uploads\/2023\/12\/image-18.png?resize=10%2C10&amp;ssl=1 10w, https:\/\/i2.wp.com\/batimedianews.com\/live\/wp-content\/uploads\/2023\/12\/image-18.png?resize=432%2C466&amp;ssl=1 432w, https:\/\/i2.wp.com\/batimedianews.com\/live\/wp-content\/uploads\/2023\/12\/image-18.png?resize=396%2C427&amp;ssl=1 396w, https:\/\/i2.wp.com\/batimedianews.com\/live\/wp-content\/uploads\/2023\/12\/image-18.png?resize=660%2C712&amp;ssl=1 660w, https:\/\/i2.wp.com\/batimedianews.com\/live\/wp-content\/uploads\/2023\/12\/image-18.png?resize=204%2C220&amp;ssl=1 204w\" sizes=\"(max-width: 600px) 91vw, (max-width: 900px) 600px, (max-width: 1060px) 50vw, (max-width: 1200px) 520px, (max-width: 1400px) 43vw, 600px\" data-recalc-dims=\"1\" \/><\/figure><div class=\"wp-block-media-text__content\">\n<p class=\"has-sm-color-tertiary-color has-text-color\"><strong>Des exigences techniques et num\u00e9riques<\/strong><\/p>\n\n\n\n<p>Pour afficher une harmonie dans la diversit\u00e9, le poseur a d\u00fb parfaitement \u00abaligner les tuiles en terre cuite d&rsquo;une fa\u00e7ade \u00e0 l&rsquo;autre, en prenant un soin particulier pour les lucarnes\u00bb. Au-del\u00e0 du style flamboyant adopt\u00e9 et souhait\u00e9 par la ville du Plessis-Robinson, Manuel Silva \u00e9voque une autre exigence n\u00e9e des nouvelles technologies*. \u00ab<em>Avec les photos a\u00e9riennes et les drones, la toiture se d\u00e9voile beaucoup plus facilement. Elle devient une 5\u00e8mefa\u00e7ade qu\u2019il faut vraiment int\u00e9grer compl\u00e8tement dans l&rsquo;architecture de l&rsquo;ensemble<\/em>\u00bb.<\/p>\n\n\n\n<p>Entre bassin et jardin, Plessis-Capitales aligne une frise de styles europ\u00e9ens dans un ensemble \u00e0 l&rsquo;identit\u00e9 forte, pl\u00e9biscit\u00e9e par ses habitants. Manuel Silva conclut : \u00ab<em>avec la ligne de tram \u00e0 c\u00f4t\u00e9, c&rsquo;est aujourd\u2019hui une belle adresse <\/em>!\u00bb<\/p>\n\n\n\n<p class=\"has-text-align-right has-small-font-size\">&nbsp;\u00a9 G\u00e9raldine Bruneel&nbsp;<\/p>\n<\/div><\/div>\n\n\n\n<div class=\"wp-block-group has-background\" style=\"background-color:#d1cece\"><div class=\"wp-block-group__inner-container\">\n<p class=\"has-sm-color-tertiary-color has-text-color\"><strong>Zoom chantier\u2026<\/strong><\/p>\n\n\n\n<p><strong>Une frise de styles architecturaux vari\u00e9s pour un ensemble coh\u00e9rent<\/strong><\/p>\n\n\n\n<p><strong>Produits : <\/strong>Vauban 2 Droite Rouge, Vauban 2 Droite Brun, Vauban 2 Droite Ardois\u00e9 par Koramic&nbsp;<\/p>\n\n\n\n<p><strong>Architecte : <\/strong>Manuel Silva \u2013 Agence SUPDA\u2019D \u00e0 Ivry-sur-Seine (94)<\/p>\n\n\n\n<p><strong>Ma\u00eetre d\u2019ouvrage : <\/strong>PRIM\u2019ARTE et VILL\u2019ALBA \u00e0 Paris (75)<\/p>\n\n\n\n<p><strong>Entreprise de pose des briques d&rsquo;architecture :&nbsp;<\/strong><\/p>\n\n\n\n<p>B\u00e2timents B et F : MCE 78<\/p>\n\n\n\n<p>B\u00e2timents C,D et E : LEROUX<\/p>\n\n\n\n<p>B\u00e2timents A, G, H et I : A.C.P.F ACHIN Couverture Bardage \u00e0 Boissy-Saint-L\u00e9ger (94)<\/p>\n\n\n\n<p><strong>Surface d\u2019environ 7000 m<\/strong><strong>2<\/strong><\/p>\n<\/div><\/div>\n\n\n\n<p class=\"has-sm-light-primary-color has-text-color has-background has-small-font-size\" style=\"background-color:#949697\">Fond\u00e9 \u00e0 Vienne en 1819, Wienerberger est aujourd\u2019hui leader mondial des solutions en terre cuite. Pr\u00e9sent dans 28 pays, ses 216 usines emploient plus de 19 000 personnes \u00e0 travers le monde. En France, 755 collaborateurs travaillent dans les 8 usines de tuiles et de briques d\u00e9tenues par le Groupe. Le chiffre d\u2019affaires France 2022 atteint 233 millions d\u2019euros avec 6 marques reconnues: Al\u00e9onard (solutions toiture), Argeton (solutions fa\u00e7ade), Climamur (solution \u00e0 isolation r\u00e9partie), Koramic (solutions toiture et fa\u00e7ade), Porotherm (solutions mur) et Terca (solutions fa\u00e7ade). La terre cuite, mat\u00e9riau sain, \u00e9conomique et \u00e9cologique, r\u00e9pond id\u00e9alement aux projets de construction \u00e0 haute performance \u00e9nerg\u00e9tique. Mat\u00e9riaux \u00e9coresponsables, les briques et les tuiles terres cuites ont une dur\u00e9e de vie minimum de 100 ans.<\/p>\n","protected":false},"excerpt":{"rendered":"<p>Prenant place dans un r\u00e9am\u00e9nagement important de la ville du Plessis-Robinson (92), l&rsquo;ensemble du projet Plessis-Capitales r\u00e9unit en toiture et en fa\u00e7ade des inspirations venues de toute l&rsquo;Europe. &nbsp;Une identit\u00e9 nouvelle, imagin\u00e9e dans un style Belle-\u00c9poque Quand Manuel Silva, architecte et g\u00e9rant de l&rsquo;agence SUPD&rsquo;AD, r\u00e9pond \u00e0 la consultation de la ville du Plessis-Robinson, il [&hellip;]<\/p>\n","protected":false},"author":41,"featured_media":33605,"comment_status":"open","ping_status":"open","sticky":false,"template":"","format":"standard","meta":{"spay_email":""},"categories":[4,8,1256,29],"tags":[],"jetpack_featured_media_url":"https:\/\/i2.wp.com\/batimedianews.com\/live\/wp-content\/uploads\/2023\/12\/Wienerberger-Image-articles-.jpg?fit=1513%2C825&ssl=1","jetpack_sharing_enabled":true,"jetpack_likes_enabled":true,"jetpack-related-posts":[{"id":43115,"url":"https:\/\/batimedianews.com\/live\/index.php\/2025\/02\/20\/en-direct-dart-capital-du-19-au-22-fevrier-2025-de-retour-au-grand-palais-historique\/","url_meta":{"origin":33601,"position":0},"title":"En direct d&rsquo;Art Capital du 19 au 22 f\u00e9vrier 2025, de retour au Grand Palais historique","date":"20 f\u00e9vrier 2025","format":false,"excerpt":"Pour les artistes et une arm\u00e9e de b\u00e9n\u00e9voles, ART CAPITAL demeure un tremplin indispensable au c\u0153ur de Paris et du Monde de l\u2019art C\u2019est une fiert\u00e9 in\u00e9gal\u00e9e pour les artistes ( plus de 3000 pour cette \u00e9dition ), d\u2019attirer depuis 2 jours l\u2019attention du Public. Grand Public, Officiels, C\u00e9l\u00e9brit\u00e9s, \u00c9tudiants\u2026","rel":"","context":"Dans &quot;Actualit\u00e9 Entreprises&quot;","img":{"alt_text":"","src":"https:\/\/i0.wp.com\/batimedianews.com\/live\/wp-content\/uploads\/2025\/02\/Artcapital-article-scaled.jpg?fit=1200%2C1200&ssl=1&resize=350%2C200","width":350,"height":200},"classes":[]},{"id":36967,"url":"https:\/\/batimedianews.com\/live\/index.php\/2024\/04\/24\/ecovegetal-realise-1200-m2-de-toiture-vegetale-au-marche-des-avelines-a-st-cloud-92\/","url_meta":{"origin":33601,"position":1},"title":"ECOVEGETAL r\u00e9alise 1200 m2 de toiture v\u00e9g\u00e9tale au march\u00e9 des Avelines \u00e0 St Cloud (92)","date":"24 avril 2024","format":false,"excerpt":"Le nouveau march\u00e9 de la ville de St Cloud a pour ambition de devenir un v\u00e9ritable lien entre le boulevard de la R\u00e9publique et la rue Gounod. Lieux de vie, il va accueillir de nombreux commerces, une brasserie \u00e9toil\u00e9e, ainsi que \u00b2 commer\u00e7ants habituels du march\u00e9. Il a \u00e9t\u00e9 con\u00e7u\u2026","rel":"","context":"Dans &quot;toiture v\u00e9g\u00e9talis\u00e9e&quot;","img":{"alt_text":"","src":"https:\/\/i2.wp.com\/batimedianews.com\/live\/wp-content\/uploads\/2024\/04\/ecovegetal.jpg?fit=825%2C825&ssl=1&resize=350%2C200","width":350,"height":200},"classes":[]},{"id":1334,"url":"https:\/\/batimedianews.com\/live\/index.php\/2019\/06\/11\/2eme-challenge-start-ups-construction-tech\/","url_meta":{"origin":33601,"position":2},"title":"2\u00e8me Challenge Start-Ups Construction Tech","date":"11 juin 2019","format":false,"excerpt":"LE CHALLENGE START-UPS CONSTRUCTION TECH\u00ae CONFIRME SON SUCC\u00c8S AVEC 117 INSCRIPTIONS POUR LA SECONDE\u00a0\u00c9DITION\u00a0! \u00a0 Apr\u00e8s une premi\u00e8re \u00e9dition r\u00e9ussie qui avait vu concourir 110 start-ups, leChallenge\u00a0 Start-ups Construction Tech\u00ae\u00a0confirme son succ\u00e8s avec une seconde \u00e9dition qui\u00a0 enregistre la participation de\u00a0117 start-ups. Parmi elles, 16 start-ups viennent de l\u2019international (Belgique,\u2026","rel":"","context":"Dans &quot;Actualit\u00e9 Entreprises&quot;","img":{"alt_text":"jury","src":"https:\/\/batimedialive.files.wordpress.com\/2019\/06\/jury.jpg?w=350&h=200&crop=1","width":350,"height":200},"classes":[]},{"id":33116,"url":"https:\/\/batimedianews.com\/live\/index.php\/2023\/11\/22\/kline-et-saint-gobain-glass-france-equipent-de-menuiseries-avec-une-empreinte-carbone-reduite-la-residence-quartz-a-clichy-92-du-groupe-giboire\/","url_meta":{"origin":33601,"position":3},"title":"K\u2022LINE et SAINT-GOBAIN GLASS France \u00e9quipent de menuiseries, avec une empreinte carbone r\u00e9duite, la r\u00e9sidence QUARTZ \u00c0 CLICHY (92) du GROUPE GIBOIRE","date":"22 novembre 2023","format":false,"excerpt":"K\u2022LINE, Saint-Gobain Glass France et le Groupe Giboire s\u2019associent pour \u00e9quiper en France l\u2019un des premiers chantiers r\u00e9sidentiels d\u2019envergure de menuiseries avec une empreinte carbone r\u00e9duite. Situ\u00e9 \u00e0 Clichy (92), le programme Quartz sera livr\u00e9 \u00e0 l\u2019automne 2024 et int\u00e9grera des menuiseries dot\u00e9es du nouveau double vitrage ECLAZ\u00ae ORA\u00c9\u00ae. Ce\u2026","rel":"","context":"Dans &quot;Actualit\u00e9 Entreprises&quot;","img":{"alt_text":"","src":"https:\/\/i2.wp.com\/batimedianews.com\/live\/wp-content\/uploads\/2023\/11\/KLine-Image-articles-.jpg?fit=825%2C825&ssl=1&resize=350%2C200","width":350,"height":200},"classes":[]},{"id":24443,"url":"https:\/\/batimedianews.com\/live\/index.php\/2022\/10\/26\/enquete-crises-climatique-demographique-et-energetique-comment-chaque-pays-redefinit-ses-priorites-pour-construire-la-ville-de-demain\/","url_meta":{"origin":33601,"position":4},"title":"ENQU\u00caTE &#8211; Crises climatique, d\u00e9mographique et \u00e9nerg\u00e9tique :  Comment chaque pays red\u00e9finit ses priorit\u00e9s pour construire la ville de demain ?","date":"26 octobre 2022","format":false,"excerpt":"Le 26 septembre 2022 \u2013 Selon l'ONU, pr\u00e8s de 70 % de la population mondiale vivra en ville d'ici 2050 contre 55 % aujourd\u2019hui. Un d\u00e9fi \u00e0 la fois architectural, \u00e9conomique et social qui, combin\u00e9 \u00e0 la crise \u00e9nerg\u00e9tique, n\u00e9cessite, dans de nombreux pays, de repenser la mani\u00e8re d\u2019envisager la\u2026","rel":"","context":"Dans &quot;Actualit\u00e9 Entreprises&quot;","img":{"alt_text":"","src":"https:\/\/i0.wp.com\/batimedianews.com\/live\/wp-content\/uploads\/2022\/10\/image-244.png?resize=350%2C200&ssl=1","width":350,"height":200},"classes":[]},{"id":1208,"url":"https:\/\/batimedianews.com\/live\/index.php\/2019\/04\/24\/des-terrasses-en-bois-accoya-pour-larbre-blanc-de-montpellier\/","url_meta":{"origin":33601,"position":5},"title":"Des terrasses en bois Accoya\u00ae pour l&#039;Arbre Blanc de Montpellier","date":"24 avril 2019","format":false,"excerpt":"DES TERRASSES EN BOIS ACCOYA\u00ae POUR L'ARBRE BLANC, FOLIE\u00a0 ARCHITECTURALE DE MONTPELLIER L'Arbre Blanc est un projet qui a vu le jour dans le cadre du concours des \u00ab\u00a0Folies architecturales\u00a0\u00bb organis\u00e9 par la ville de Montpellier pour sublimer et mettre en valeur des quartiers de la capitale m\u00e9diterran\u00e9enne. Ce d\u00e9fi\u2026","rel":"","context":"Dans &quot;Actualit\u00e9 Entreprises&quot;","img":{"alt_text":"","src":"https:\/\/i0.wp.com\/batimedianews.com\/live\/wp-content\/uploads\/2019\/08\/accoya_image.jpg?fit=960%2C960&ssl=1&resize=350%2C200","width":350,"height":200},"classes":[]}],"_links":{"self":[{"href":"https:\/\/batimedianews.com\/live\/index.php\/wp-json\/wp\/v2\/posts\/33601"}],"collection":[{"href":"https:\/\/batimedianews.com\/live\/index.php\/wp-json\/wp\/v2\/posts"}],"about":[{"href":"https:\/\/batimedianews.com\/live\/index.php\/wp-json\/wp\/v2\/types\/post"}],"author":[{"embeddable":true,"href":"https:\/\/batimedianews.com\/live\/index.php\/wp-json\/wp\/v2\/users\/41"}],"replies":[{"embeddable":true,"href":"https:\/\/batimedianews.com\/live\/index.php\/wp-json\/wp\/v2\/comments?post=33601"}],"version-history":[{"count":2,"href":"https:\/\/batimedianews.com\/live\/index.php\/wp-json\/wp\/v2\/posts\/33601\/revisions"}],"predecessor-version":[{"id":33681,"href":"https:\/\/batimedianews.com\/live\/index.php\/wp-json\/wp\/v2\/posts\/33601\/revisions\/33681"}],"wp:featuredmedia":[{"embeddable":true,"href":"https:\/\/batimedianews.com\/live\/index.php\/wp-json\/wp\/v2\/media\/33605"}],"wp:attachment":[{"href":"https:\/\/batimedianews.com\/live\/index.php\/wp-json\/wp\/v2\/media?parent=33601"}],"wp:term":[{"taxonomy":"category","embeddable":true,"href":"https:\/\/batimedianews.com\/live\/index.php\/wp-json\/wp\/v2\/categories?post=33601"},{"taxonomy":"post_tag","embeddable":true,"href":"https:\/\/batimedianews.com\/live\/index.php\/wp-json\/wp\/v2\/tags?post=33601"}],"curies":[{"name":"wp","href":"https:\/\/api.w.org\/{rel}","templated":true}]}}