{"id":34028,"date":"2024-01-02T11:55:23","date_gmt":"2024-01-02T10:55:23","guid":{"rendered":"http:\/\/batimedianews.com\/live\/?p=34028"},"modified":"2024-06-04T14:12:33","modified_gmt":"2024-06-04T12:12:33","slug":"cap-sur-la-prescription-avec-la-nouvelle-collection-de-meubles-de-salle-de-bains","status":"publish","type":"post","link":"https:\/\/batimedianews.com\/live\/index.php\/2024\/01\/02\/cap-sur-la-prescription-avec-la-nouvelle-collection-de-meubles-de-salle-de-bains\/","title":{"rendered":"Cap sur la prescription avec la nouvelle collection de meubles de salle de bains"},"content":{"rendered":"\n<p class=\"has-large-font-size\"><strong>&nbsp;<\/strong><\/p>\n\n\n\n<figure class=\"wp-block-image size-large\"><img loading=\"lazy\" width=\"720\" height=\"720\" src=\"https:\/\/i1.wp.com\/batimedianews.com\/live\/wp-content\/uploads\/2023\/12\/image-101.png?resize=720%2C720\" alt=\"\" class=\"wp-image-34030\" srcset=\"https:\/\/i1.wp.com\/batimedianews.com\/live\/wp-content\/uploads\/2023\/12\/image-101.png?resize=1024%2C1024&amp;ssl=1 1024w, https:\/\/i1.wp.com\/batimedianews.com\/live\/wp-content\/uploads\/2023\/12\/image-101.png?resize=600%2C600&amp;ssl=1 600w, https:\/\/i1.wp.com\/batimedianews.com\/live\/wp-content\/uploads\/2023\/12\/image-101.png?resize=300%2C300&amp;ssl=1 300w, https:\/\/i1.wp.com\/batimedianews.com\/live\/wp-content\/uploads\/2023\/12\/image-101.png?resize=1536%2C1536&amp;ssl=1 1536w, https:\/\/i1.wp.com\/batimedianews.com\/live\/wp-content\/uploads\/2023\/12\/image-101.png?resize=2048%2C2048&amp;ssl=1 2048w, https:\/\/i1.wp.com\/batimedianews.com\/live\/wp-content\/uploads\/2023\/12\/image-101.png?resize=10%2C10&amp;ssl=1 10w\" sizes=\"(max-width: 600px) 91vw, (max-width: 900px) 600px, (max-width: 1060px) 50vw, (max-width: 1200px) 520px, (max-width: 1400px) 43vw, 600px\" data-recalc-dims=\"1\" \/><figcaption>&nbsp;Plan de toilette en c\u00e9ramique avec meuble sous-vasque Ch\u00eane d\u00e9cor Argent, largeur 120 cm<\/figcaption><\/figure>\n\n\n\n<p class=\"has-large-font-size\"><strong>M\u00e9o<\/strong><\/p>\n\n\n\n<div class=\"wp-block-media-text alignwide has-media-on-the-right is-stacked-on-mobile\" style=\"grid-template-columns:auto 15%\"><figure class=\"wp-block-media-text__media\"><img loading=\"lazy\" width=\"720\" height=\"720\" src=\"https:\/\/i0.wp.com\/batimedianews.com\/live\/wp-content\/uploads\/2023\/12\/image-103.png?resize=720%2C720\" alt=\"\" class=\"wp-image-34032 size-full\" srcset=\"https:\/\/i0.wp.com\/batimedianews.com\/live\/wp-content\/uploads\/2023\/12\/image-103.png?resize=1024%2C1024&amp;ssl=1 1024w, https:\/\/i0.wp.com\/batimedianews.com\/live\/wp-content\/uploads\/2023\/12\/image-103.png?resize=600%2C600&amp;ssl=1 600w, https:\/\/i0.wp.com\/batimedianews.com\/live\/wp-content\/uploads\/2023\/12\/image-103.png?resize=300%2C300&amp;ssl=1 300w, https:\/\/i0.wp.com\/batimedianews.com\/live\/wp-content\/uploads\/2023\/12\/image-103.png?resize=1536%2C1536&amp;ssl=1 1536w, https:\/\/i0.wp.com\/batimedianews.com\/live\/wp-content\/uploads\/2023\/12\/image-103.png?resize=2048%2C2048&amp;ssl=1 2048w, https:\/\/i0.wp.com\/batimedianews.com\/live\/wp-content\/uploads\/2023\/12\/image-103.png?resize=10%2C10&amp;ssl=1 10w\" sizes=\"(max-width: 600px) 91vw, (max-width: 900px) 600px, (max-width: 1060px) 50vw, (max-width: 1200px) 520px, (max-width: 1400px) 43vw, 600px\" data-recalc-dims=\"1\" \/><\/figure><div class=\"wp-block-media-text__content\">\n<p class=\"has-medium-font-size\">&nbsp;Fabricant de meubles de salle de bains de qualit\u00e9, <strong>Burgbad met son savoir\u2011faire au service des acteurs de l\u2019immobilier en cr\u00e9ant M\u00e9o<\/strong>, une collection compl\u00e8te et accessible d\u00e9di\u00e9e \u00e0 ce secteur.<\/p>\n<\/div><\/div>\n\n\n\n<p>Fabricant de meubles de salle de bains de qualit\u00e9, Burgbad met son savoir-faire au service de la prescription immobili\u00e8re en cr\u00e9ant une collection \u00e9conomique et esth\u00e9tique. Baptis\u00e9e M\u00e9o, cette nouvelle collection, facile \u00e0 poser, permet de r\u00e9pondre \u00e0 tous les projets qu\u2019ils soient en construction neuve ou en r\u00e9novation, pour l\u2019accession, les logements locatifs, les programmes \u00e9tudiants, les r\u00e9sidences seniors, l\u2019habitat social, le tertiaire, l\u2019h\u00f4tellerie&#8230;<\/p>\n\n\n\n<p class=\"has-large-font-size\"><strong>M\u00e9o de Burgbad<\/strong><\/p>\n\n\n\n<div class=\"wp-block-media-text alignwide is-stacked-on-mobile\" style=\"grid-template-columns:43% auto\"><figure class=\"wp-block-media-text__media\"><img loading=\"lazy\" width=\"720\" height=\"720\" src=\"https:\/\/i2.wp.com\/batimedianews.com\/live\/wp-content\/uploads\/2023\/12\/image-104.png?resize=720%2C720\" alt=\"\" class=\"wp-image-34033 size-full\" srcset=\"https:\/\/i2.wp.com\/batimedianews.com\/live\/wp-content\/uploads\/2023\/12\/image-104.png?resize=1024%2C1024&amp;ssl=1 1024w, https:\/\/i2.wp.com\/batimedianews.com\/live\/wp-content\/uploads\/2023\/12\/image-104.png?resize=600%2C600&amp;ssl=1 600w, https:\/\/i2.wp.com\/batimedianews.com\/live\/wp-content\/uploads\/2023\/12\/image-104.png?resize=300%2C300&amp;ssl=1 300w, https:\/\/i2.wp.com\/batimedianews.com\/live\/wp-content\/uploads\/2023\/12\/image-104.png?resize=768%2C769&amp;ssl=1 768w, https:\/\/i2.wp.com\/batimedianews.com\/live\/wp-content\/uploads\/2023\/12\/image-104.png?resize=1536%2C1536&amp;ssl=1 1536w, https:\/\/i2.wp.com\/batimedianews.com\/live\/wp-content\/uploads\/2023\/12\/image-104.png?resize=2048%2C2048&amp;ssl=1 2048w, https:\/\/i2.wp.com\/batimedianews.com\/live\/wp-content\/uploads\/2023\/12\/image-104.png?resize=10%2C10&amp;ssl=1 10w, https:\/\/i2.wp.com\/batimedianews.com\/live\/wp-content\/uploads\/2023\/12\/image-104.png?resize=432%2C433&amp;ssl=1 432w, https:\/\/i2.wp.com\/batimedianews.com\/live\/wp-content\/uploads\/2023\/12\/image-104.png?resize=396%2C397&amp;ssl=1 396w, https:\/\/i2.wp.com\/batimedianews.com\/live\/wp-content\/uploads\/2023\/12\/image-104.png?resize=660%2C661&amp;ssl=1 660w\" sizes=\"(max-width: 600px) 91vw, (max-width: 900px) 600px, (max-width: 1060px) 50vw, (max-width: 1200px) 520px, (max-width: 1400px) 43vw, 600px\" data-recalc-dims=\"1\" \/><\/figure><div class=\"wp-block-media-text__content\">\n<p class=\"has-text-color\" style=\"color:#77adab\"><strong>UNE NOUVELLE GAMME POUR TOUS LES PROJETS IMMOBILIERS<\/strong><\/p>\n\n\n\n<p>Reconnu pour son savoir-faire, Burgbad signe une collection fonctionnelle b\u00e9n\u00e9ficiant d\u2019un tr\u00e8s bon rapport qualit\u00e9\/prix.<\/p>\n\n\n\n<p>La nouvelle collection M\u00e9o poss\u00e8de de multiples avantages :<\/p>\n\n\n\n<p>&#8211; des lignes \u00e9pur\u00e9es et modernes s\u2019adaptant \u00e0 tous les styles d\u2019habitat ;<\/p>\n\n\n\n<p>&#8211; trois finitions soign\u00e9es en m\u00e9lamin\u00e9 : Blanc mat et deux finitions bois avec des noeuds visibles, Ch\u00eane d\u00e9cor naturel et Ch\u00eane d\u00e9cor argent ;<\/p>\n\n\n\n<p>&#8211; un meuble sous-vasque (hauteur 64 cm), en option sur pieds chrom\u00e9s ou noirs, avec siphon gain de place inclus, disponible en 4 dimensions 60, 80, 100 et 120 cm (pour vasque double) ;<\/p>\n\n\n\n<p>&#8211; un plan en c\u00e9ramique \u00e9l\u00e9gant, \u00e9maill\u00e9 en dessous, avec une large plage de pose sur les deux c\u00f4t\u00e9s du plan ;<\/p>\n\n\n\n<p>&#8211; un tiroir haut avec d\u00e9coupe pour passage du siphon ;<\/p>\n\n\n\n<p>&#8211; des grands tiroirs (profondeur 30 cm) \u00e9quip\u00e9s de coulisses premium pour une fermeture douce et silencieuse ;<\/p>\n\n\n\n<p>&#8211; une poign\u00e9e prise de mains int\u00e9gr\u00e9e au corps du meuble agr\u00e9able.<\/p>\n<\/div><\/div>\n\n\n\n<div class=\"wp-block-media-text alignwide is-stacked-on-mobile\" style=\"grid-template-columns:29% auto\"><figure class=\"wp-block-media-text__media\"><img loading=\"lazy\" width=\"720\" height=\"720\" src=\"https:\/\/i0.wp.com\/batimedianews.com\/live\/wp-content\/uploads\/2023\/12\/image-106.png?resize=720%2C720\" alt=\"\" class=\"wp-image-34051 size-full\" srcset=\"https:\/\/i0.wp.com\/batimedianews.com\/live\/wp-content\/uploads\/2023\/12\/image-106.png?resize=1024%2C1024&amp;ssl=1 1024w, https:\/\/i0.wp.com\/batimedianews.com\/live\/wp-content\/uploads\/2023\/12\/image-106.png?resize=600%2C600&amp;ssl=1 600w, https:\/\/i0.wp.com\/batimedianews.com\/live\/wp-content\/uploads\/2023\/12\/image-106.png?resize=300%2C300&amp;ssl=1 300w, https:\/\/i0.wp.com\/batimedianews.com\/live\/wp-content\/uploads\/2023\/12\/image-106.png?resize=1536%2C1536&amp;ssl=1 1536w, https:\/\/i0.wp.com\/batimedianews.com\/live\/wp-content\/uploads\/2023\/12\/image-106.png?resize=2048%2C2048&amp;ssl=1 2048w, https:\/\/i0.wp.com\/batimedianews.com\/live\/wp-content\/uploads\/2023\/12\/image-106.png?resize=10%2C10&amp;ssl=1 10w\" sizes=\"(max-width: 600px) 91vw, (max-width: 900px) 600px, (max-width: 1060px) 50vw, (max-width: 1200px) 520px, (max-width: 1400px) 43vw, 600px\" data-recalc-dims=\"1\" \/><\/figure><div class=\"wp-block-media-text__content\">\n<p class=\"has-normal-font-size\">La collection M\u00e9o est dot\u00e9e de produits compl\u00e9mentaires pour embellir la salle de bains, am\u00e9liorer le rangement et apporter encore plus de confort au quotidien : deux armoires de toilette, des miroirs avec \u00e9clairage led, une colonne r\u00e9versible avec deux portes, des lampes \u00e0 poser. Burgbad propose \u00e9galement un lave-mains M\u00e9o pour les petites salles de bains ou les toilettes.<\/p>\n\n\n\n<p class=\"has-small-font-size\"><em>Plan de toilette en c\u00e9ramique avec meuble sous\u2011vasque Blanc mat, largeur 100 cm<\/em><\/p>\n<\/div><\/div>\n\n\n\n<figure class=\"wp-block-image size-large\"><img loading=\"lazy\" width=\"720\" height=\"752\" src=\"https:\/\/i1.wp.com\/batimedianews.com\/live\/wp-content\/uploads\/2023\/12\/burgbadPhoto4.jpg?resize=720%2C752\" alt=\"\" class=\"wp-image-34053\" srcset=\"https:\/\/i1.wp.com\/batimedianews.com\/live\/wp-content\/uploads\/2023\/12\/burgbadPhoto4.jpg?resize=980%2C1024&amp;ssl=1 980w, https:\/\/i1.wp.com\/batimedianews.com\/live\/wp-content\/uploads\/2023\/12\/burgbadPhoto4.jpg?resize=574%2C600&amp;ssl=1 574w, https:\/\/i1.wp.com\/batimedianews.com\/live\/wp-content\/uploads\/2023\/12\/burgbadPhoto4.jpg?resize=768%2C803&amp;ssl=1 768w, https:\/\/i1.wp.com\/batimedianews.com\/live\/wp-content\/uploads\/2023\/12\/burgbadPhoto4.jpg?resize=10%2C10&amp;ssl=1 10w, https:\/\/i1.wp.com\/batimedianews.com\/live\/wp-content\/uploads\/2023\/12\/burgbadPhoto4.jpg?resize=432%2C451&amp;ssl=1 432w, https:\/\/i1.wp.com\/batimedianews.com\/live\/wp-content\/uploads\/2023\/12\/burgbadPhoto4.jpg?resize=396%2C414&amp;ssl=1 396w, https:\/\/i1.wp.com\/batimedianews.com\/live\/wp-content\/uploads\/2023\/12\/burgbadPhoto4.jpg?resize=660%2C690&amp;ssl=1 660w, https:\/\/i1.wp.com\/batimedianews.com\/live\/wp-content\/uploads\/2023\/12\/burgbadPhoto4.jpg?resize=211%2C220&amp;ssl=1 211w, https:\/\/i1.wp.com\/batimedianews.com\/live\/wp-content\/uploads\/2023\/12\/burgbadPhoto4.jpg?w=1022&amp;ssl=1 1022w\" sizes=\"(max-width: 600px) 91vw, (max-width: 900px) 600px, (max-width: 1060px) 50vw, (max-width: 1200px) 520px, (max-width: 1400px) 43vw, 600px\" data-recalc-dims=\"1\" \/><\/figure>\n\n\n\n<p class=\"has-text-color\" style=\"color:#6dafa7\"><strong>M\u00c9O, UNE COLLECTION MADE IN FRANCE DURABLE<\/strong><\/p>\n\n\n\n<p>Int\u00e9gralement fabriqu\u00e9e en France, dans l\u2019usine de Nogent\u2011le-Roi, la collection M\u00e9o est labellis\u00e9e Meublez\u2011vous fran\u00e7ais. Elle s\u2019inscrit dans la strat\u00e9gie de Burgbad de pr\u00e9senter des collections aussi belles que durables, agr\u00e9ables \u00e0 vivre et favorisant les circuits courts.<\/p>\n\n\n\n<p>La qualit\u00e9 de la collection M\u00e9o permet \u00e0 Burgbad de proposer une garantie \u00e9tendue \u00e0 10 ans.<\/p>\n\n\n\n<div class=\"wp-block-media-text alignwide has-media-on-the-right is-stacked-on-mobile\" style=\"grid-template-columns:auto 25%\"><figure class=\"wp-block-media-text__media\"><img loading=\"lazy\" width=\"720\" height=\"720\" src=\"https:\/\/i2.wp.com\/batimedianews.com\/live\/wp-content\/uploads\/2023\/12\/image-107.png?resize=720%2C720\" alt=\"\" class=\"wp-image-34056 size-full\" srcset=\"https:\/\/i2.wp.com\/batimedianews.com\/live\/wp-content\/uploads\/2023\/12\/image-107.png?resize=1024%2C1024&amp;ssl=1 1024w, https:\/\/i2.wp.com\/batimedianews.com\/live\/wp-content\/uploads\/2023\/12\/image-107.png?resize=600%2C600&amp;ssl=1 600w, https:\/\/i2.wp.com\/batimedianews.com\/live\/wp-content\/uploads\/2023\/12\/image-107.png?resize=300%2C300&amp;ssl=1 300w, https:\/\/i2.wp.com\/batimedianews.com\/live\/wp-content\/uploads\/2023\/12\/image-107.png?resize=1536%2C1536&amp;ssl=1 1536w, https:\/\/i2.wp.com\/batimedianews.com\/live\/wp-content\/uploads\/2023\/12\/image-107.png?resize=2048%2C2048&amp;ssl=1 2048w, https:\/\/i2.wp.com\/batimedianews.com\/live\/wp-content\/uploads\/2023\/12\/image-107.png?resize=10%2C10&amp;ssl=1 10w\" sizes=\"(max-width: 600px) 91vw, (max-width: 900px) 600px, (max-width: 1060px) 50vw, (max-width: 1200px) 520px, (max-width: 1400px) 43vw, 600px\" data-recalc-dims=\"1\" \/><\/figure><div class=\"wp-block-media-text__content\">\n<p class=\"has-text-color\" style=\"color:#68b0af\"><strong>UN NOUVEAU SERVICE PRESCRIPTION<\/strong><\/p>\n\n\n\n<p>Le lancement de la collection M\u00e9o s\u2019accompagne de la cr\u00e9ation d\u2019un Service Prescription et d\u2019un accompagnement dans l\u2019\u00e9laboration des projets, des formations, une brochure d\u00e9di\u00e9e\u2026<\/p>\n\n\n\n<p>L\u2019offre Prescription de Burgbad se compose d\u2019une collection d\u00e9di\u00e9e, M\u00e9o, compl\u00e9t\u00e9e par les collections Eqio Smart et Sana. Ces trois collections permettent de couvrir l\u2019ensemble des projets en promotion immobili\u00e8re.<\/p>\n<\/div><\/div>\n\n\n\n<div class=\"wp-block-image\"><figure class=\"aligncenter size-large is-resized\"><img loading=\"lazy\" src=\"https:\/\/i1.wp.com\/batimedianews.com\/live\/wp-content\/uploads\/2023\/12\/burgbadPhoto6.jpg?resize=180%2C180\" alt=\"\" class=\"wp-image-34065\" width=\"180\" height=\"180\" srcset=\"https:\/\/i1.wp.com\/batimedianews.com\/live\/wp-content\/uploads\/2023\/12\/burgbadPhoto6.jpg?resize=1024%2C1024&amp;ssl=1 1024w, https:\/\/i1.wp.com\/batimedianews.com\/live\/wp-content\/uploads\/2023\/12\/burgbadPhoto6.jpg?resize=600%2C600&amp;ssl=1 600w, https:\/\/i1.wp.com\/batimedianews.com\/live\/wp-content\/uploads\/2023\/12\/burgbadPhoto6.jpg?resize=300%2C300&amp;ssl=1 300w, https:\/\/i1.wp.com\/batimedianews.com\/live\/wp-content\/uploads\/2023\/12\/burgbadPhoto6.jpg?resize=1536%2C1536&amp;ssl=1 1536w, https:\/\/i1.wp.com\/batimedianews.com\/live\/wp-content\/uploads\/2023\/12\/burgbadPhoto6.jpg?resize=2048%2C2048&amp;ssl=1 2048w, https:\/\/i1.wp.com\/batimedianews.com\/live\/wp-content\/uploads\/2023\/12\/burgbadPhoto6.jpg?resize=10%2C10&amp;ssl=1 10w, https:\/\/i1.wp.com\/batimedianews.com\/live\/wp-content\/uploads\/2023\/12\/burgbadPhoto6.jpg?zoom=2&amp;resize=180%2C180 360w\" sizes=\"(max-width: 600px) 91vw, (max-width: 900px) 600px, (max-width: 1060px) 50vw, (max-width: 1200px) 520px, (max-width: 1400px) 43vw, 600px\" data-recalc-dims=\"1\" \/><\/figure><\/div>\n\n\n\n<p><strong>Meublez\u2011vous fran\u00e7ais<\/strong><\/p>\n\n\n\n<p>Burgbad est partenaire de l\u2019Ameublement fran\u00e7ais, une organisation professionnelle valorisant l\u2019excellence industrielle fran\u00e7aise, encourageant l\u2019innovation et les savoir-faire et en se mobilisant pour promouvoir des meubles fabriqu\u00e9s dans nos r\u00e9gions tout en valorisant l\u2019impact soci\u00e9tal et environnemental. Int\u00e9gralement fabriqu\u00e9e \u00e0 Nogent-le-Roi, dans l\u2019Eure-et-Loir, la gamme M\u00e9o de Burgbad s\u2019inscrit dans une d\u00e9marche qui favorise les circuits courts tout autant que la qualit\u00e9.<\/p>\n","protected":false},"excerpt":{"rendered":"<p>&nbsp; M\u00e9o &nbsp;Fabricant de meubles de salle de bains de qualit\u00e9, Burgbad met son savoir\u2011faire au service des acteurs de l\u2019immobilier en cr\u00e9ant M\u00e9o, une collection compl\u00e8te et accessible d\u00e9di\u00e9e \u00e0 ce secteur. Fabricant de meubles de salle de bains de qualit\u00e9, Burgbad met son savoir-faire au service de la prescription immobili\u00e8re en cr\u00e9ant une [&hellip;]<\/p>\n","protected":false},"author":41,"featured_media":34067,"comment_status":"open","ping_status":"open","sticky":false,"template":"","format":"standard","meta":{"spay_email":""},"categories":[4,676],"tags":[2460],"jetpack_featured_media_url":"https:\/\/i1.wp.com\/batimedianews.com\/live\/wp-content\/uploads\/2023\/12\/burgbad.jpg?fit=1513%2C825&ssl=1","jetpack_sharing_enabled":true,"jetpack_likes_enabled":true,"jetpack-related-posts":[{"id":29932,"url":"https:\/\/batimedianews.com\/live\/index.php\/2023\/07\/04\/max-de-burgbad-succombez-au-charme-du-retro-design\/","url_meta":{"origin":34028,"position":0},"title":"Max de Burgbad &#8211; Succombez au charme du \u201cr\u00e9tro design\u201d","date":"4 juillet 2023","format":false,"excerpt":"\u00a0Avec la collection Max de Burgbad, le cannage viennois vient sublimer les pi\u00e8ces d\u2019eau. Fabriqu\u00e9 \u00e0 partir de feuilles de palmiers \u00e0 rotin, ce mat\u00e9riau l\u00e9ger et \u00e9l\u00e9gant conf\u00e8re un esprit authentique et durable \u00e0 la salle de bains. Visuel de la couverture :\u00a0Meuble avec vasque Max, d\u00e9cor Ch\u00eane Naturel,\u2026","rel":"","context":"Dans &quot;Actualit\u00e9 Entreprises&quot;","img":{"alt_text":"","src":"https:\/\/i1.wp.com\/batimedianews.com\/live\/wp-content\/uploads\/2023\/07\/Burgbad-article.jpg?fit=1080%2C1080&ssl=1&resize=350%2C200","width":350,"height":200},"classes":[]},{"id":26653,"url":"https:\/\/batimedianews.com\/live\/index.php\/2023\/03\/03\/free-de-burgbad-liberez-la-salle-de-bains\/","url_meta":{"origin":34028,"position":1},"title":"Free de Burgbad &#8211; Lib\u00e9rez la salle de bains !","date":"3 mars 2023","format":false,"excerpt":"Avec une vari\u00e9t\u00e9 quasi infinie de combinaisons, la gamme Free de Burgbad s\u2019adapte \u00e0 tous les besoins et \u00e0 toutes les envies. Une libert\u00e9 de choix permettant de s\u2019affranchir des contraintes et de casser les codes pour cr\u00e9er la salle de bains de ses r\u00eaves ! En 2023, cette modularit\u00e9\u2026","rel":"","context":"Dans &quot;ameublement&quot;","img":{"alt_text":"","src":"https:\/\/i2.wp.com\/batimedianews.com\/live\/wp-content\/uploads\/2023\/03\/Burgbad-Article.jpg?fit=1080%2C1080&ssl=1&resize=350%2C200","width":350,"height":200},"classes":[]},{"id":21094,"url":"https:\/\/batimedianews.com\/live\/index.php\/2022\/06\/22\/usm-a-la-milano-design-week-true-pink\/","url_meta":{"origin":34028,"position":2},"title":"USM \u00e0 la Milano Design Week &#8211; True Pink !","date":"22 juin 2022","format":false,"excerpt":"USM, le fabricant suisse du mobilier modulable iconique USM Haller, s'affiche pour une fois tout en rose. En collaboration avec Monocle et le magasin de v\u00e9los historique Rossignoli, d\u00e9couvrez au coeur de Brera un lieu tout rose o\u00f9 il fait bon s'attarder. Du lundi 6 juin au dimanche 12 juin\u2026","rel":"","context":"Dans &quot;Actualit\u00e9 Entreprises&quot;","img":{"alt_text":"","src":"https:\/\/i2.wp.com\/batimedianews.com\/live\/wp-content\/uploads\/2022\/06\/USM-Article.jpg?fit=1080%2C1080&ssl=1&resize=350%2C200","width":350,"height":200},"classes":[]},{"id":7365,"url":"https:\/\/batimedianews.com\/live\/index.php\/2020\/12\/30\/hettich-lance-des-etools-une-aide-en-ligne-dediee-aux-menuisiers-et-ebenistes-pour-faciliter-lelaboration-de-leurs-projets\/","url_meta":{"origin":34028,"position":3},"title":"Hettich lance des \u00ab eTools \u00bb : une aide en ligne d\u00e9di\u00e9e aux menuisiers et \u00e9b\u00e9nistes pour faciliter l\u2019\u00e9laboration de leurs projets !","date":"30 d\u00e9cembre 2020","format":false,"excerpt":"Accompagnement \u00e0 toutes les \u00e9tapes de r\u00e9alisation, id\u00e9es originales, tendances\u2026\u00a0 Pour faciliter la t\u00e2che des menuisiers et des \u00e9b\u00e9nistes, Hettich, l'un des plus grands fabricants de ferrures pour meubles dans le monde, a mis en place une aide en ligne concr\u00e8te pour les accompagner \u00e0 chaque \u00e9tape de leur projet\u2026","rel":"","context":"Dans &quot;Actualit\u00e9 Entreprises&quot;","img":{"alt_text":"","src":"https:\/\/i1.wp.com\/batimedianews.com\/live\/wp-content\/uploads\/2020\/12\/image-41.png?fit=684%2C370&ssl=1&resize=350%2C200","width":350,"height":200},"classes":[]},{"id":41745,"url":"https:\/\/batimedianews.com\/live\/index.php\/2024\/11\/27\/une-nouvelle-plateforme-pour-les-tiroirs-en-bois-hettich-elargit-la-compatibilite-avec-la-generation-quadro-5d\/","url_meta":{"origin":34028,"position":4},"title":"Une nouvelle plateforme pour les tiroirs en bois &#8211; Hettich \u00e9largit la compatibilit\u00e9 avec la g\u00e9n\u00e9ration Quadro 5D","date":"27 novembre 2024","format":false,"excerpt":"Avec la nouvelle g\u00e9n\u00e9ration Quadro pour les tiroirs en bois, le sp\u00e9cialiste des ferrures propose \u00e0 ses clients une plateforme continue pour toutes les coulisses. Gr\u00e2ce \u00e0 la comparabilit\u00e9 constructive avec la gamme de produits Actro, les \u00e9b\u00e9nistes et les fabricants de meubles peuvent profiter d\u2019une gamme de produits unique\u2026","rel":"","context":"Dans &quot;Actualit\u00e9 Entreprises&quot;","img":{"alt_text":"","src":"https:\/\/i0.wp.com\/batimedianews.com\/live\/wp-content\/uploads\/2024\/11\/Hettich-articles-.jpg?fit=825%2C825&ssl=1&resize=350%2C200","width":350,"height":200},"classes":[]},{"id":36377,"url":"https:\/\/batimedianews.com\/live\/index.php\/2024\/03\/20\/burgbad-lance-la-garantie-55-sur-toutes-ses-collections\/","url_meta":{"origin":34028,"position":5},"title":"Burgbad lance la garantie 5+5 sur toutes ses collections","date":"20 mars 2024","format":false,"excerpt":"Depuis plus de cinquante ans, burgbad construit des meubles de salle de bains de haute qualit\u00e9 et durables. Jusqu\u2019\u00e0 pr\u00e9sent, burgbad proposait une garantie de 5 ans sur ses produits \u00e0 compter de la date de facturation.Aujourd\u2019hui, cette p\u00e9riode de garantie peut \u00eatre prolong\u00e9e de cinq ans suppl\u00e9mentaires par un\u2026","rel":"","context":"Dans &quot;Actualit\u00e9 Entreprises&quot;","img":{"alt_text":"","src":"https:\/\/i0.wp.com\/batimedianews.com\/live\/wp-content\/uploads\/2024\/03\/Burgbad.jpg?fit=825%2C825&ssl=1&resize=350%2C200","width":350,"height":200},"classes":[]}],"_links":{"self":[{"href":"https:\/\/batimedianews.com\/live\/index.php\/wp-json\/wp\/v2\/posts\/34028"}],"collection":[{"href":"https:\/\/batimedianews.com\/live\/index.php\/wp-json\/wp\/v2\/posts"}],"about":[{"href":"https:\/\/batimedianews.com\/live\/index.php\/wp-json\/wp\/v2\/types\/post"}],"author":[{"embeddable":true,"href":"https:\/\/batimedianews.com\/live\/index.php\/wp-json\/wp\/v2\/users\/41"}],"replies":[{"embeddable":true,"href":"https:\/\/batimedianews.com\/live\/index.php\/wp-json\/wp\/v2\/comments?post=34028"}],"version-history":[{"count":3,"href":"https:\/\/batimedianews.com\/live\/index.php\/wp-json\/wp\/v2\/posts\/34028\/revisions"}],"predecessor-version":[{"id":34156,"href":"https:\/\/batimedianews.com\/live\/index.php\/wp-json\/wp\/v2\/posts\/34028\/revisions\/34156"}],"wp:featuredmedia":[{"embeddable":true,"href":"https:\/\/batimedianews.com\/live\/index.php\/wp-json\/wp\/v2\/media\/34067"}],"wp:attachment":[{"href":"https:\/\/batimedianews.com\/live\/index.php\/wp-json\/wp\/v2\/media?parent=34028"}],"wp:term":[{"taxonomy":"category","embeddable":true,"href":"https:\/\/batimedianews.com\/live\/index.php\/wp-json\/wp\/v2\/categories?post=34028"},{"taxonomy":"post_tag","embeddable":true,"href":"https:\/\/batimedianews.com\/live\/index.php\/wp-json\/wp\/v2\/tags?post=34028"}],"curies":[{"name":"wp","href":"https:\/\/api.w.org\/{rel}","templated":true}]}}