{"id":3423,"date":"2019-11-04T16:50:34","date_gmt":"2019-11-04T15:50:34","guid":{"rendered":"http:\/\/batimedianews.com\/live\/?p=3423"},"modified":"2021-10-21T12:25:31","modified_gmt":"2021-10-21T10:25:31","slug":"renson-avec-m-olivier-fabre-directeur-commercial","status":"publish","type":"post","link":"https:\/\/batimedianews.com\/live\/index.php\/2019\/11\/04\/renson-avec-m-olivier-fabre-directeur-commercial\/","title":{"rendered":"Renson avec M Olivier Fabre Directeur commercial"},"content":{"rendered":"\n<figure class=\"wp-block-embed-youtube wp-block-embed is-type-video is-provider-youtube wp-embed-aspect-16-9 wp-has-aspect-ratio\"><div class=\"wp-block-embed__wrapper\">\n<div class=\"jetpack-video-wrapper\"><iframe loading=\"lazy\" title=\"Renson avec M Olivier Fabre Directeur commercial\" width=\"720\" height=\"405\" src=\"https:\/\/www.youtube.com\/embed\/5ozxlqj5N6Y?feature=oembed\" frameborder=\"0\" allow=\"accelerometer; autoplay; clipboard-write; encrypted-media; gyroscope; picture-in-picture\" allowfullscreen><\/iframe><\/div>\n<\/div><\/figure>\n","protected":false},"excerpt":{"rendered":"","protected":false},"author":1,"featured_media":0,"comment_status":"open","ping_status":"open","sticky":false,"template":"","format":"video","meta":{"spay_email":""},"categories":[4,140,20,64,571,84,530,127,138],"tags":[],"jetpack_featured_media_url":"","jetpack_sharing_enabled":true,"jetpack_likes_enabled":true,"jetpack-related-posts":[{"id":786,"url":"https:\/\/batimedianews.com\/live\/index.php\/2019\/01\/29\/publication-du-rapport-dactivite-2018-du-plan-batiment-durable-la-filiere-resolument-engagee\/","url_meta":{"origin":3423,"position":0},"title":"PUBLICATION DU RAPPORT D\u2019ACTIVITE 2018 DU PLAN B\u00c2TIMENT DURABLE : LA FILIERE RESOLUMENT ENGAGEE","date":"29 janvier 2019","format":false,"excerpt":"Pour la dixi\u00e8me ann\u00e9e cons\u00e9cutive, le Plan B\u00e2timent Durable publie son rapport\u00a0 d\u2019activit\u00e9 annuel : le\u00a0t\u00e9moignage d\u2019une mobilisation renforc\u00e9e en 2018 autour des enjeux de transition \u00e9nerg\u00e9tique et\u00a0environnementale de la fili\u00e8re du b\u00e2timent et de\u00a0 l\u2019immobilier durable. En plus de deux cents pages, le rapport d\u2019activit\u00e9 2018 du Plan B\u00e2timent\u2026","rel":"","context":"Dans &quot;B\u00e2timent Durable&quot;","img":{"alt_text":"","src":"https:\/\/i1.wp.com\/batimedianews.com\/live\/wp-content\/uploads\/2019\/08\/planbatimentdurable_philippe_pelletier2.jpg?fit=1063%2C638&ssl=1&resize=350%2C200","width":350,"height":200},"classes":[]},{"id":28888,"url":"https:\/\/batimedianews.com\/live\/index.php\/2023\/05\/31\/papier-peint-batiment-et-papier-peint-intisse-batiment\/","url_meta":{"origin":3423,"position":1},"title":"Papier peint B\u00c2TIMENT et papier peint intiss\u00e9  B\u00c2TIMENT","date":"31 mai 2023","format":false,"excerpt":"Dans la d\u00e9coration int\u00e9rieure, le papier peint permet de gagner un temps consid\u00e9rable\u00a0\u00e0 moindre co\u00fbt. Ses vertus sont tout aussi esth\u00e9tiques que pratiques.\u00a0Il r\u00e9chauffe une pi\u00e8ce et cr\u00e9e une ambiance.Avec les nouvelles collections Gallery de Papiers Peints B\u00e2timent et B\u00e2timent Intiss\u00e9,\u00a0Tollens propose aux professionnels et particuliers plus de 150 options\u2026","rel":"","context":"Dans &quot;Actualit\u00e9 Entreprises&quot;","img":{"alt_text":"","src":"https:\/\/i2.wp.com\/batimedianews.com\/live\/wp-content\/uploads\/2023\/05\/Tollens-Article.jpg?fit=1080%2C1080&ssl=1&resize=350%2C200","width":350,"height":200},"classes":[]},{"id":979,"url":"https:\/\/batimedianews.com\/live\/index.php\/2019\/03\/21\/le-batiment-au-coeur-des-politiques-de-developpement-durable\/","url_meta":{"origin":3423,"position":2},"title":"Le b\u00e2timent au c\u0153ur des politiques de d\u00e9veloppement durable.","date":"21 mars 2019","format":false,"excerpt":"Par Alric MARC , pr\u00e9sident-directeur g\u00e9n\u00e9ral de Eficia On entend souvent parler du b\u00e2timent comme \u00e9tant l'un des leviers incontournables du d\u00e9veloppement durable. Comment cela s\u2019explique-t-il ? En mettant en lumi\u00e8re plusieurs facteurs qui doivent \u00eatre pris en compte avant et apr\u00e8s la construction de chaque b\u00e2timent. Le b\u00e2timent, un\u2026","rel":"","context":"Dans &quot;Actualit\u00e9 Entreprises&quot;","img":{"alt_text":"","src":"https:\/\/batimedialive.files.wordpress.com\/2019\/03\/0.jpg?w=350&h=200&crop=1","width":350,"height":200},"classes":[]},{"id":43130,"url":"https:\/\/batimedianews.com\/live\/index.php\/2025\/02\/21\/certivea-et-climate-bonds-initiative-annoncent-un-partenariat-pour-renforcer-la-finance-durable-et-les-standards-de-certification-des-batiments-verts\/","url_meta":{"origin":3423,"position":3},"title":"CERTIVEA et Climate Bonds Initiative annoncent un partenariat pour renforcer la finance durable et les standards de certification des b\u00e2timents verts","date":"21 f\u00e9vrier 2025","format":false,"excerpt":"Paris, France & Londres, Royaume-Uni, 20 F\u00e9vrier 2025 | CERTIVEA, l\u2019un des leaders mondiaux de la certification des b\u00e2timents durables non r\u00e9sidentiels, et Climate Bonds Initiative, organisation mondiale d\u00e9di\u00e9e \u00e0 la mobilisation de capitaux pour l\u2019action climatique, ont sign\u00e9 un protocole d\u2019accord (MoU) visant \u00e0 renforcer la coop\u00e9ration internationale en\u2026","rel":"","context":"Dans &quot;Actualit\u00e9 Entreprises&quot;","img":{"alt_text":"","src":"https:\/\/i1.wp.com\/batimedianews.com\/live\/wp-content\/uploads\/2025\/02\/Certivea.jpg?fit=825%2C825&ssl=1&resize=350%2C200","width":350,"height":200},"classes":[]},{"id":34077,"url":"https:\/\/batimedianews.com\/live\/index.php\/2024\/01\/02\/barometre-de-la-performance-energetique-et-environnementale-des-batiments-un-outil-pour-comprendre-la-performance-des-batiments-francais-et-observer-quels-profils-de-batiments-sont-durables-au-sens\/","url_meta":{"origin":3423,"position":4},"title":"Barom\u00e8tre de la performance \u00e9nerg\u00e9tique et environnementale des b\u00e2timents : un outil pour comprendre la performance des b\u00e2timents fran\u00e7ais et observer quels profils de b\u00e2timents sont durables au sens de l\u2019UE","date":"2 janvier 2024","format":false,"excerpt":"\u00a0Paris, le 14 d\u00e9cembre 2023 \u2013 Dans un contexte de sobri\u00e9t\u00e9 promue par les pouvoirs publics et alors que l\u2019Union Europ\u00e9enne a rehauss\u00e9 l\u2019ambition de d\u00e9carbonation \u00e0 2030, comment \u00e9voluent les consommations \u00e9nerg\u00e9tiques r\u00e9elles des b\u00e2timents fran\u00e7ais ? Pour y r\u00e9pondre, l\u2019OID publie les r\u00e9sultats 2023 de son Barom\u00e8tre de\u2026","rel":"","context":"Dans &quot;B\u00e2timent Durable&quot;","img":{"alt_text":"","src":"https:\/\/i2.wp.com\/batimedianews.com\/live\/wp-content\/uploads\/2023\/12\/OIDvImage-articles-.jpg?fit=825%2C825&ssl=1&resize=350%2C200","width":350,"height":200},"classes":[]},{"id":6971,"url":"https:\/\/batimedianews.com\/live\/index.php\/2020\/11\/23\/saint-gobain-distribution-batiment-france-accompagne-la-croissance-de-solution-recyclage-batiment\/","url_meta":{"origin":3423,"position":5},"title":"SAINT-GOBAIN DISTRIBUTION B\u00c2TIMENT FRANCE ACCOMPAGNE LA CROISSANCE DE SOLUTION RECYCLAGE B\u00c2TIMENT","date":"23 novembre 2020","format":false,"excerpt":"Saint-Gobain Distribution B\u00e2timent France (SGDB France), premier distributeur de mat\u00e9riaux de construction en France, vient d\u2019investir dans la soci\u00e9t\u00e9 Solution Recyclage B\u00e2timent (SRB). Cette derni\u00e8re, fond\u00e9e en 2019 \u00e0 Nantes, propose une solution innovante de tri et de collecte sur chantier des d\u00e9chets du b\u00e2timent pour un meilleur recyclage et\u2026","rel":"","context":"Dans &quot;Actualit\u00e9 Entreprises&quot;","img":{"alt_text":"","src":"https:\/\/i2.wp.com\/batimedianews.com\/live\/wp-content\/uploads\/2020\/11\/image-239.png?fit=610%2C444&ssl=1&resize=350%2C200","width":350,"height":200},"classes":[]}],"_links":{"self":[{"href":"https:\/\/batimedianews.com\/live\/index.php\/wp-json\/wp\/v2\/posts\/3423"}],"collection":[{"href":"https:\/\/batimedianews.com\/live\/index.php\/wp-json\/wp\/v2\/posts"}],"about":[{"href":"https:\/\/batimedianews.com\/live\/index.php\/wp-json\/wp\/v2\/types\/post"}],"author":[{"embeddable":true,"href":"https:\/\/batimedianews.com\/live\/index.php\/wp-json\/wp\/v2\/users\/1"}],"replies":[{"embeddable":true,"href":"https:\/\/batimedianews.com\/live\/index.php\/wp-json\/wp\/v2\/comments?post=3423"}],"version-history":[{"count":1,"href":"https:\/\/batimedianews.com\/live\/index.php\/wp-json\/wp\/v2\/posts\/3423\/revisions"}],"predecessor-version":[{"id":3424,"href":"https:\/\/batimedianews.com\/live\/index.php\/wp-json\/wp\/v2\/posts\/3423\/revisions\/3424"}],"wp:attachment":[{"href":"https:\/\/batimedianews.com\/live\/index.php\/wp-json\/wp\/v2\/media?parent=3423"}],"wp:term":[{"taxonomy":"category","embeddable":true,"href":"https:\/\/batimedianews.com\/live\/index.php\/wp-json\/wp\/v2\/categories?post=3423"},{"taxonomy":"post_tag","embeddable":true,"href":"https:\/\/batimedianews.com\/live\/index.php\/wp-json\/wp\/v2\/tags?post=3423"}],"curies":[{"name":"wp","href":"https:\/\/api.w.org\/{rel}","templated":true}]}}