{"id":34245,"date":"2024-01-11T11:23:08","date_gmt":"2024-01-11T10:23:08","guid":{"rendered":"http:\/\/batimedianews.com\/live\/?p=34245"},"modified":"2024-06-04T14:12:15","modified_gmt":"2024-06-04T12:12:15","slug":"le-salon-du-batiment-bioclimatique-et-de-la-sobriete-energetique","status":"publish","type":"post","link":"https:\/\/batimedianews.com\/live\/index.php\/2024\/01\/11\/le-salon-du-batiment-bioclimatique-et-de-la-sobriete-energetique\/","title":{"rendered":"Le salon du b\u00e2timent bioclimatique et de la sobri\u00e9t\u00e9 \u00e9nerg\u00e9tique"},"content":{"rendered":"\n<div class=\"wp-block-group has-sm-light-primary-color has-text-color has-background\" style=\"background-color:#013e6f\"><div class=\"wp-block-group__inner-container\">\n<p class=\"has-large-font-size\">Passibat\u2019<\/p>\n\n\n\n<h2>LE SALON DU B\u00c2TIMENT BIOCLIMATIQUE ET DE LA SOBRI\u00c9T\u00c9 \u00c9NERG\u00c9TIQUE<\/h2>\n<\/div><\/div>\n\n\n\n<p>Seule manifestation nationale 100 % consacr\u00e9e au b\u00e2timent passif, positif et durable en France, Passibat\u2019 est le rendez-vous incontournable de tous les acteurs de la sobri\u00e9t\u00e9 \u00e9nerg\u00e9tique, qu\u2019ils soient professionnels du b\u00e2timent ou ma\u00eetres d\u2019ouvrages.<\/p>\n\n\n\n<p>Organis\u00e9e par l\u2019association La Maison du Passif, la manifestation revient du 26 au 27 mars 2024 au Pavillon Baltard \u00e0 Nogent-sur-Marne (94) pour une nouvelle \u00e9dition plac\u00e9e sous le signe du confort d\u2019\u00e9t\u00e9.<\/p>\n\n\n\n<div class=\"wp-block-media-text alignwide is-stacked-on-mobile\" style=\"grid-template-columns:38% auto\"><figure class=\"wp-block-media-text__media\"><img loading=\"lazy\" width=\"720\" height=\"486\" src=\"https:\/\/i2.wp.com\/batimedianews.com\/live\/wp-content\/uploads\/2024\/01\/image-25.png?resize=720%2C486\" alt=\"\" class=\"wp-image-34246 size-full\" srcset=\"https:\/\/i2.wp.com\/batimedianews.com\/live\/wp-content\/uploads\/2024\/01\/image-25.png?w=980&amp;ssl=1 980w, https:\/\/i2.wp.com\/batimedianews.com\/live\/wp-content\/uploads\/2024\/01\/image-25.png?resize=768%2C518&amp;ssl=1 768w, https:\/\/i2.wp.com\/batimedianews.com\/live\/wp-content\/uploads\/2024\/01\/image-25.png?resize=432%2C292&amp;ssl=1 432w, https:\/\/i2.wp.com\/batimedianews.com\/live\/wp-content\/uploads\/2024\/01\/image-25.png?resize=396%2C268&amp;ssl=1 396w, https:\/\/i2.wp.com\/batimedianews.com\/live\/wp-content\/uploads\/2024\/01\/image-25.png?resize=660%2C446&amp;ssl=1 660w\" sizes=\"(max-width: 600px) 91vw, (max-width: 900px) 600px, (max-width: 1060px) 50vw, (max-width: 1200px) 520px, (max-width: 1400px) 43vw, 600px\" data-recalc-dims=\"1\" \/><\/figure><div class=\"wp-block-media-text__content\">\n<p class=\"has-large-font-size\">Passibat\u2019 en chiffres<\/p>\n\n\n\n<p class=\"has-text-align-center has-medium-font-size\">+ de 2 000 visiteurs<\/p>\n\n\n\n<p class=\"has-text-align-center has-medium-font-size\">60 exposants<\/p>\n\n\n\n<p class=\"has-text-align-center has-medium-font-size\">50 conf\u00e9renciers<\/p>\n\n\n\n<p class=\"has-text-align-center has-medium-font-size\">30 conf\u00e9rences<\/p>\n<\/div><\/div>\n\n\n\n<div class=\"wp-block-media-text alignwide has-media-on-the-right is-stacked-on-mobile\" style=\"grid-template-columns:auto 33%\"><figure class=\"wp-block-media-text__media\"><img loading=\"lazy\" width=\"720\" height=\"720\" src=\"https:\/\/i0.wp.com\/batimedianews.com\/live\/wp-content\/uploads\/2024\/01\/image-26.png?resize=720%2C720\" alt=\"\" class=\"wp-image-34247 size-full\" srcset=\"https:\/\/i0.wp.com\/batimedianews.com\/live\/wp-content\/uploads\/2024\/01\/image-26.png?resize=1024%2C1024&amp;ssl=1 1024w, https:\/\/i0.wp.com\/batimedianews.com\/live\/wp-content\/uploads\/2024\/01\/image-26.png?resize=600%2C600&amp;ssl=1 600w, https:\/\/i0.wp.com\/batimedianews.com\/live\/wp-content\/uploads\/2024\/01\/image-26.png?resize=300%2C300&amp;ssl=1 300w, https:\/\/i0.wp.com\/batimedianews.com\/live\/wp-content\/uploads\/2024\/01\/image-26.png?resize=1536%2C1536&amp;ssl=1 1536w, https:\/\/i0.wp.com\/batimedianews.com\/live\/wp-content\/uploads\/2024\/01\/image-26.png?resize=2048%2C2048&amp;ssl=1 2048w, https:\/\/i0.wp.com\/batimedianews.com\/live\/wp-content\/uploads\/2024\/01\/image-26.png?resize=10%2C10&amp;ssl=1 10w\" sizes=\"(max-width: 600px) 91vw, (max-width: 900px) 600px, (max-width: 1060px) 50vw, (max-width: 1200px) 520px, (max-width: 1400px) 43vw, 600px\" data-recalc-dims=\"1\" \/><\/figure><div class=\"wp-block-media-text__content\">\n<p class=\"has-medium-font-size\"><strong>Le passif, une solution face \u00e0 la crise \u00e9nerg\u00e9tique<\/strong><\/p>\n\n\n\n<p>Cons\u00e9quences de la crise environnementale, les r\u00e9glementations en mati\u00e8re de construction et de r\u00e9novation \u00e9voluent. La RE2020 ou encore le d\u00e9cret tertiaire ont d\u2019ores-et-d\u00e9j\u00e0 modifi\u00e9 en profondeur les exigences auxquelles doit se plier le secteur du b\u00e2timent. Nul doute que celles-ci \u00e9volueront encore. Deux \u00e0 trois fois plus performants que ne l\u2019exigent les crit\u00e8res de la RE2020 du point de vue de la performance \u00e9nerg\u00e9tique, les b\u00e2timents passifs devancent les futures r\u00e9glementations et s\u2019affirment comme un r\u00e9el levier pour mettre en place la transition \u00e9cologique.<\/p>\n<\/div><\/div>\n\n\n\n<p class=\"has-large-font-size\">Th\u00e9matique de l\u2019\u00e9dition 2024 : <strong>Confort d\u2019\u00e9t\u00e9<\/strong><\/p>\n\n\n\n<div class=\"wp-block-columns\">\n<div class=\"wp-block-column\">\n<p class=\"has-medium-font-size\"><strong>Pour en finir avec les bouilloires thermiques !<\/strong><\/p>\n\n\n\n<p>43,2\u00b0C \u00e0 Carcassonne, 42,7\u00b0C \u00e0 Orange, 41,4\u00b0C \u00e0 Lyon. \u00c0 la fin de l\u2019\u00e9t\u00e9 2023, la France a connu l\u2019une de ses vagues de canicule les plus intenses \u2013 et les plus longues \u2013, encha\u00eenant de tristes records de temp\u00e9ratures\u2026 Un contexte qui ne fait qu\u2019accentuer l\u2019urgence de la transition \u00e9cologique et qui pose de surcro\u00eet la question du confort d\u2019\u00e9t\u00e9. Comment habiter, travailler, se divertir et se cultiver dans des b\u00e2timents qui deviennent de v\u00e9ritables bouilloires thermiques lorsque le mercure se rapproche dangereusement de la barre des 50\u00b0C ?<\/p>\n\n\n\n<p>Les b\u00e2timents passifs r\u00e9pondent avec brio \u00e0 la probl\u00e9matique du confort d\u2019\u00e9t\u00e9. Tr\u00e8s bien isol\u00e9s, presque parfaitement \u00e9tanches, efficacement ventil\u00e9s, et intelligemment prot\u00e9g\u00e9s du soleil, ils ont tous les atouts pour surmonter les records de chaleur. C\u2019est pourquoi le confort d\u2019\u00e9t\u00e9 sera au coeur des temps forts de Passibat\u2019 2024 !<\/p>\n\n\n\n<figure class=\"wp-block-image size-large\"><img loading=\"lazy\" width=\"720\" height=\"720\" src=\"https:\/\/i1.wp.com\/batimedianews.com\/live\/wp-content\/uploads\/2024\/01\/image-27.png?resize=720%2C720\" alt=\"\" class=\"wp-image-34248\" srcset=\"https:\/\/i1.wp.com\/batimedianews.com\/live\/wp-content\/uploads\/2024\/01\/image-27.png?resize=1024%2C1024&amp;ssl=1 1024w, https:\/\/i1.wp.com\/batimedianews.com\/live\/wp-content\/uploads\/2024\/01\/image-27.png?resize=600%2C600&amp;ssl=1 600w, https:\/\/i1.wp.com\/batimedianews.com\/live\/wp-content\/uploads\/2024\/01\/image-27.png?resize=300%2C300&amp;ssl=1 300w, https:\/\/i1.wp.com\/batimedianews.com\/live\/wp-content\/uploads\/2024\/01\/image-27.png?resize=1536%2C1536&amp;ssl=1 1536w, https:\/\/i1.wp.com\/batimedianews.com\/live\/wp-content\/uploads\/2024\/01\/image-27.png?resize=2048%2C2048&amp;ssl=1 2048w, https:\/\/i1.wp.com\/batimedianews.com\/live\/wp-content\/uploads\/2024\/01\/image-27.png?resize=10%2C10&amp;ssl=1 10w\" sizes=\"(max-width: 600px) 91vw, (max-width: 900px) 600px, (max-width: 1060px) 50vw, (max-width: 1200px) 520px, (max-width: 1400px) 43vw, 600px\" data-recalc-dims=\"1\" \/><\/figure>\n<\/div>\n\n\n\n<div class=\"wp-block-column\">\n<div class=\"wp-block-group alignwide has-background\" style=\"background-color:#013a69\"><div class=\"wp-block-group__inner-container\">\n<div class=\"wp-block-media-text alignwide is-stacked-on-mobile\" style=\"grid-template-columns:40% auto\"><figure class=\"wp-block-media-text__media\"><img loading=\"lazy\" width=\"304\" height=\"390\" src=\"https:\/\/i2.wp.com\/batimedianews.com\/live\/wp-content\/uploads\/2024\/01\/image-28.png?resize=304%2C390\" alt=\"\" class=\"wp-image-34249 size-full\" srcset=\"https:\/\/i2.wp.com\/batimedianews.com\/live\/wp-content\/uploads\/2024\/01\/image-28.png?w=304&amp;ssl=1 304w, https:\/\/i2.wp.com\/batimedianews.com\/live\/wp-content\/uploads\/2024\/01\/image-28.png?resize=768%2C985&amp;ssl=1 768w\" sizes=\"(max-width: 600px) 91vw, (max-width: 900px) 600px, (max-width: 1060px) 50vw, (max-width: 1200px) 520px, (max-width: 1400px) 43vw, 600px\" data-recalc-dims=\"1\" \/><\/figure><div class=\"wp-block-media-text__content\">\n<p class=\"has-sm-light-primary-color has-text-color\"><strong>Ivan Baudouin,<\/strong><\/p>\n\n\n\n<p class=\"has-sm-light-primary-color has-text-color\">pr\u00e9sident de La Maison du Passif<\/p>\n<\/div><\/div>\n\n\n\n<p class=\"has-sm-light-primary-color has-text-color\">\u00ab Ann\u00e9e apr\u00e8s ann\u00e9e, le salon Passibat\u2019 s\u2019impose comme le salon de la sobri\u00e9t\u00e9 \u00e9nerg\u00e9tique dans le b\u00e2timent. Il f\u00e9d\u00e8re tous les acteurs du secteur : ma\u00eetres d\u2019ouvrage, industriels, architectes, thermiciens et artisans autour de rencontres, de conf\u00e9rences et de tables rondes \u00e0 la fois pointues et accessibles.<\/p>\n\n\n\n<p class=\"has-sm-light-primary-color has-text-color\">Au coeur de la crise \u00e9nerg\u00e9tique et de l\u2019indispensable transition \u00e9cologique, le domaine du b\u00e2timent est le terrain d\u2019action prioritaire et le salon Passibat\u2019 devient au fil des ans un v\u00e9ritable phare d\u2019expertise et de solutions concr\u00e8tes dans la nuit du greenwashing.<\/p>\n\n\n\n<p class=\"has-sm-light-primary-color has-text-color\">L\u2019\u00e9dition 2024, centr\u00e9e sur le confort d\u2019\u00e9t\u00e9, proposera des dizaines de conf\u00e9rences, des tables rondes, des Troph\u00e9es et des retours d\u2019exp\u00e9rience. Vous y rencontrerez tous les acteurs r\u00e9ellement engag\u00e9s, ceux qui tentent de r\u00e9inventer notre rapport \u00e0 l\u2019acte de concevoir, de r\u00e9nover et de construire un b\u00e2timent.\u00bb<\/p>\n<\/div><\/div>\n<\/div>\n<\/div>\n\n\n\n<p class=\"has-sm-light-primary-color has-text-color has-background has-large-font-size\" style=\"background-color:#013a69\">Au programme<\/p>\n\n\n\n<div class=\"wp-block-media-text alignwide has-media-on-the-right is-stacked-on-mobile\" style=\"grid-template-columns:auto 39%\"><figure class=\"wp-block-media-text__media\"><img loading=\"lazy\" width=\"720\" height=\"417\" src=\"https:\/\/i2.wp.com\/batimedianews.com\/live\/wp-content\/uploads\/2024\/01\/image-29.png?resize=720%2C417\" alt=\"\" class=\"wp-image-34250 size-full\" srcset=\"https:\/\/i2.wp.com\/batimedianews.com\/live\/wp-content\/uploads\/2024\/01\/image-29.png?w=728&amp;ssl=1 728w, https:\/\/i2.wp.com\/batimedianews.com\/live\/wp-content\/uploads\/2024\/01\/image-29.png?resize=768%2C445&amp;ssl=1 768w, https:\/\/i2.wp.com\/batimedianews.com\/live\/wp-content\/uploads\/2024\/01\/image-29.png?resize=432%2C250&amp;ssl=1 432w, https:\/\/i2.wp.com\/batimedianews.com\/live\/wp-content\/uploads\/2024\/01\/image-29.png?resize=396%2C230&amp;ssl=1 396w, https:\/\/i2.wp.com\/batimedianews.com\/live\/wp-content\/uploads\/2024\/01\/image-29.png?resize=660%2C383&amp;ssl=1 660w\" sizes=\"(max-width: 600px) 91vw, (max-width: 900px) 600px, (max-width: 1060px) 50vw, (max-width: 1200px) 520px, (max-width: 1400px) 43vw, 600px\" data-recalc-dims=\"1\" \/><\/figure><div class=\"wp-block-media-text__content\">\n<p class=\"has-text-align-right has-medium-font-size\"><strong>Le Salon<\/strong><\/p>\n\n\n\n<p class=\"has-text-align-right\">Le salon Passibat\u2019 permet de r\u00e9unir et de rencontrer tous les acteurs du passif : constructeurs, architectes, bureaux d\u2019\u00e9tudes, fabricants et distributeurs sp\u00e9cialis\u00e9s. En compl\u00e9ment, un programme de conf\u00e9rences et de tables rondes ouvertes \u00e0 tous offre aux plus curieux l\u2019opportunit\u00e9 d\u2019en apprendre davantage sur le passif.<\/p>\n<\/div><\/div>\n\n\n\n<div class=\"wp-block-media-text alignwide is-stacked-on-mobile\" style=\"grid-template-columns:33% auto\"><figure class=\"wp-block-media-text__media\"><img loading=\"lazy\" width=\"710\" height=\"622\" src=\"https:\/\/i1.wp.com\/batimedianews.com\/live\/wp-content\/uploads\/2024\/01\/image-30.png?resize=710%2C622\" alt=\"\" class=\"wp-image-34251 size-full\" srcset=\"https:\/\/i1.wp.com\/batimedianews.com\/live\/wp-content\/uploads\/2024\/01\/image-30.png?w=710&amp;ssl=1 710w, https:\/\/i1.wp.com\/batimedianews.com\/live\/wp-content\/uploads\/2024\/01\/image-30.png?resize=768%2C672&amp;ssl=1 768w, https:\/\/i1.wp.com\/batimedianews.com\/live\/wp-content\/uploads\/2024\/01\/image-30.png?resize=10%2C10&amp;ssl=1 10w, https:\/\/i1.wp.com\/batimedianews.com\/live\/wp-content\/uploads\/2024\/01\/image-30.png?resize=432%2C378&amp;ssl=1 432w, https:\/\/i1.wp.com\/batimedianews.com\/live\/wp-content\/uploads\/2024\/01\/image-30.png?resize=396%2C347&amp;ssl=1 396w, https:\/\/i1.wp.com\/batimedianews.com\/live\/wp-content\/uploads\/2024\/01\/image-30.png?resize=660%2C578&amp;ssl=1 660w\" sizes=\"(max-width: 600px) 91vw, (max-width: 900px) 600px, (max-width: 1060px) 50vw, (max-width: 1200px) 520px, (max-width: 1400px) 43vw, 600px\" data-recalc-dims=\"1\" \/><\/figure><div class=\"wp-block-media-text__content\">\n<p class=\"has-medium-font-size\"><strong>Le Congr\u00e8s<\/strong><\/p>\n\n\n\n<p>Comme lors de chaque \u00e9dition, le Congr\u00e8s Passibat\u2019 r\u00e9unira experts fran\u00e7ais et internationaux autour d\u2019une vingtaine de sujets, dont plusieurs consacr\u00e9s au th\u00e8me du confort d\u2019\u00e9t\u00e9. Tables rondes, d\u00e9bats et retours d\u2019exp\u00e9riences autour de projets exemplaires permettront aux professionnels de perfectionner leurs connaissances et de monter en comp\u00e9tences.<\/p>\n\n\n\n<p>La premi\u00e8re journ\u00e9e du Congr\u00e8s s\u2019ach\u00e8ve sur un cocktail, moment d\u2019\u00e9changes privil\u00e9gi\u00e9 entre les acteurs du passif.<\/p>\n<\/div><\/div>\n\n\n\n<div class=\"wp-block-media-text alignwide has-media-on-the-right is-stacked-on-mobile\" style=\"grid-template-columns:auto 36%\"><figure class=\"wp-block-media-text__media\"><img loading=\"lazy\" width=\"720\" height=\"419\" src=\"https:\/\/i1.wp.com\/batimedianews.com\/live\/wp-content\/uploads\/2024\/01\/image-31.png?resize=720%2C419\" alt=\"\" class=\"wp-image-34252 size-full\" srcset=\"https:\/\/i1.wp.com\/batimedianews.com\/live\/wp-content\/uploads\/2024\/01\/image-31.png?w=726&amp;ssl=1 726w, https:\/\/i1.wp.com\/batimedianews.com\/live\/wp-content\/uploads\/2024\/01\/image-31.png?resize=768%2C446&amp;ssl=1 768w, https:\/\/i1.wp.com\/batimedianews.com\/live\/wp-content\/uploads\/2024\/01\/image-31.png?resize=432%2C251&amp;ssl=1 432w, https:\/\/i1.wp.com\/batimedianews.com\/live\/wp-content\/uploads\/2024\/01\/image-31.png?resize=396%2C230&amp;ssl=1 396w, https:\/\/i1.wp.com\/batimedianews.com\/live\/wp-content\/uploads\/2024\/01\/image-31.png?resize=660%2C384&amp;ssl=1 660w\" sizes=\"(max-width: 600px) 91vw, (max-width: 900px) 600px, (max-width: 1060px) 50vw, (max-width: 1200px) 520px, (max-width: 1400px) 43vw, 600px\" data-recalc-dims=\"1\" \/><\/figure><div class=\"wp-block-media-text__content\">\n<p class=\"has-text-align-right has-medium-font-size\"><strong>Les Troph\u00e9es du B\u00e2timent Passif 2024<\/strong><\/p>\n\n\n\n<p class=\"has-text-align-right\">Organis\u00e9s chaque ann\u00e9e par La Maison du Passif et remis \u00e0 l\u2019occasion du salon Passibat\u2019, ces prix r\u00e9compensent les projets passifs les plus exemplaires, en neuf comme en r\u00e9novation.<\/p>\n\n\n\n<p class=\"has-text-align-right\">Ils sont s\u00e9lectionn\u00e9s par un jury compos\u00e9 d\u2019architectes, d\u2019ing\u00e9nieurs, de d\u00e9cideurs et de journalistes sp\u00e9cialis\u00e9s.<\/p>\n<\/div><\/div>\n\n\n\n<figure class=\"wp-block-image size-full\"><img loading=\"lazy\" width=\"720\" height=\"342\" src=\"https:\/\/i1.wp.com\/batimedianews.com\/live\/wp-content\/uploads\/2024\/01\/image-32.png?resize=720%2C342\" alt=\"\" class=\"wp-image-34253\" srcset=\"https:\/\/i1.wp.com\/batimedianews.com\/live\/wp-content\/uploads\/2024\/01\/image-32.png?w=1456&amp;ssl=1 1456w, https:\/\/i1.wp.com\/batimedianews.com\/live\/wp-content\/uploads\/2024\/01\/image-32.png?resize=768%2C365&amp;ssl=1 768w, https:\/\/i1.wp.com\/batimedianews.com\/live\/wp-content\/uploads\/2024\/01\/image-32.png?resize=432%2C205&amp;ssl=1 432w, https:\/\/i1.wp.com\/batimedianews.com\/live\/wp-content\/uploads\/2024\/01\/image-32.png?resize=396%2C188&amp;ssl=1 396w, https:\/\/i1.wp.com\/batimedianews.com\/live\/wp-content\/uploads\/2024\/01\/image-32.png?resize=1120%2C532&amp;ssl=1 1120w, https:\/\/i1.wp.com\/batimedianews.com\/live\/wp-content\/uploads\/2024\/01\/image-32.png?resize=660%2C314&amp;ssl=1 660w\" sizes=\"(max-width: 600px) 91vw, (max-width: 900px) 600px, (max-width: 1060px) 50vw, (max-width: 1200px) 520px, (max-width: 1400px) 43vw, 600px\" data-recalc-dims=\"1\" \/><\/figure>\n\n\n\n<p class=\"has-sm-light-primary-color has-text-color has-background has-medium-font-size\" style=\"background-color:#c75f27\">NOUVEAUT\u00c9S 2024<\/p>\n\n\n\n<p><strong>Le Genius Caf\u00e9<\/strong>. Un projet ? Une question technique sur le passif ? Direction le Genius Caf\u00e9, am\u00e9nag\u00e9 sur le stand de La Maison du Passif, pour profiter d\u2019un rendez-vous avec un ing\u00e9nieur ou un architecte professionnel du passif.<\/p>\n\n\n\n<p><strong>Introduction aux formations CEPH et CEPH D\u00e9cideur<\/strong>. \u00c0 tous ceux qui envisagent de suivre une formation CEPH ou CEPH D\u00e9cideur, La Maison du Passif propose \u00e0 l\u2019occasion de Passibat\u2019 des sessions d\u2019introduction. Une premi\u00e8re \u00e9tape avant de devenir Concepteur\/Conseiller Europ\u00e9en B\u00e2timent Passif !<\/p>\n\n\n\n<p><strong>Fresques de la Construction et de la R\u00e9novation.<\/strong> Deux fresques sous forme d\u2019ateliers d\u2019intelligence collective pour saisir les enjeux li\u00e9s \u00e0 l\u2019\u00e9nergie, \u00e0 la construction et \u00e0 la r\u00e9novation, et imaginer ensemble des solutions pour les surmonter.<\/p>\n\n\n\n<p><strong>Le Village Partenaires<\/strong>. Nouveaut\u00e9 et succ\u00e8s de l\u2019\u00e9dition 2023, le Village Partenaires est de retour ! Le lieu id\u00e9al pour rencontrer les associations, maisons d\u2019\u00e9dition et autres institutions qui font vivre le passif en France.<\/p>\n\n\n\n<p class=\"has-text-color\" style=\"color:#024174\"><strong>\u00c0 propos de La Maison du Passif<\/strong><\/p>\n\n\n\n<p class=\"has-text-color\" style=\"color:#024174\">Association loi 1901, La Maison du Passif est pionni\u00e8re dans le domaine de la sobri\u00e9t\u00e9 \u00e9nerg\u00e9tique du b\u00e2timent par l\u2019interm\u00e9diaire d\u2019une m\u00e9thode de conception de b\u00e2timents dits \u00ab passifs \u00bb. Son objectif principal consiste \u00e0 promouvoir le standard du B\u00e2timent Passif en France. Pour cela, l\u2019association structure son action en 4 missions : f\u00e9d\u00e9rer les acteurs du passif, informer les professionnels comme le grand public sur ces principes de conception, former \u00e0 la conception passive et veiller \u00e0 la bonne mise en oeuvre de ces principes via la labellisation.<\/p>\n","protected":false},"excerpt":{"rendered":"<p>Seule manifestation nationale 100 % consacr\u00e9e au b\u00e2timent passif, positif et durable en France, Passibat\u2019 est le rendez-vous incontournable de tous les acteurs de la sobri\u00e9t\u00e9 \u00e9nerg\u00e9tique, qu\u2019ils soient professionnels du b\u00e2timent ou ma\u00eetres d\u2019ouvrages. Organis\u00e9e par l\u2019association La Maison du Passif, la manifestation revient du 26 au 27 mars 2024 au Pavillon Baltard \u00e0 [&hellip;]<\/p>\n","protected":false},"author":41,"featured_media":34254,"comment_status":"open","ping_status":"open","sticky":false,"template":"","format":"standard","meta":{"spay_email":""},"categories":[5,19,1758,108],"tags":[],"jetpack_featured_media_url":"https:\/\/i1.wp.com\/batimedianews.com\/live\/wp-content\/uploads\/2024\/01\/Passibat.jpg?fit=1513%2C825&ssl=1","jetpack_sharing_enabled":true,"jetpack_likes_enabled":true,"jetpack-related-posts":[{"id":36418,"url":"https:\/\/batimedianews.com\/live\/index.php\/2024\/03\/22\/passibat-2024-fatoumata-kone-marraine-de-la-prochaine-edition\/","url_meta":{"origin":34245,"position":0},"title":"Passibat\u2019 2024 : Fatoumata Kon\u00e9, marraine de la prochaine \u00e9dition !","date":"22 mars 2024","format":false,"excerpt":"Madame Fatoumata Kon\u00e9, Pr\u00e9sidente de l'Agence Parisienne du Climat et Pr\u00e9sidente du groupe Les \u00c9cologistes au Conseil de Paris, Marraine de Passibat' 2024 ! Nous sommes tr\u00e8s fiers de vous annoncer que Madame Fatoumata Kon\u00e9, Pr\u00e9sidente de l'Agence Parisienne du Climat et Pr\u00e9sidente du groupe. Les \u00c9cologistes au Conseil de\u2026","rel":"","context":"Dans &quot;Actualit\u00e9 Entreprises&quot;","img":{"alt_text":"","src":"https:\/\/i1.wp.com\/batimedianews.com\/live\/wp-content\/uploads\/2024\/03\/Passibat1.jpg?fit=825%2C825&ssl=1&resize=350%2C200","width":350,"height":200},"classes":[]},{"id":36502,"url":"https:\/\/batimedianews.com\/live\/index.php\/2024\/03\/25\/passibat-se-tient-au-pavillon-baltard-de-nogent-sur-marne-les-26-et-27-mars-2024\/","url_meta":{"origin":34245,"position":1},"title":"Passibat\u2019 se tient au Pavillon Baltard de Nogent-sur-Marne les 26 et 27 mars 2024","date":"25 mars 2024","format":false,"excerpt":"Pascal poggi pour batim\u00e9dia Organis\u00e9 par l\u2019association La Maison du Passif, Passibat\u2019 est la manifestation annuelle en France sur le b\u00e2timent bioclimatique et la sobri\u00e9t\u00e9 \u00e9nerg\u00e9tique, au sens du standard Passivhaus. Qu\u2019est-ce qu\u2019une construction passive\u00a0? Rappelons-le, le standard Passivhaus, certifi\u00e9 en France par La Maison du Passif et g\u00e9r\u00e9 au\u2026","rel":"","context":"Dans &quot;Salons professionnels&quot;","img":{"alt_text":"","src":"https:\/\/i1.wp.com\/batimedianews.com\/live\/wp-content\/uploads\/2024\/03\/passibat-image-scaled.jpeg?fit=1200%2C1200&ssl=1&resize=350%2C200","width":350,"height":200},"classes":[]},{"id":16618,"url":"https:\/\/batimedianews.com\/live\/index.php\/2022\/03\/02\/lenergie-la-moins-chere-est-celle-quon-ne-consomme-pas-batiment-passif-le-vrai-bouclier-tarifaire\/","url_meta":{"origin":34245,"position":2},"title":"L\u2019Energie la moins ch\u00e8re est celle qu\u2019on ne consomme pas ! B\u00e2timent Passif : le vrai bouclier tarifaire","date":"2 mars 2022","format":false,"excerpt":"Image d\u2019une thermographie : avant r\u00e9novation ( \u00e0 gauche) et apr\u00e8s r\u00e9novation passive (\u00e0 droite). Les couleurs chaudes repr\u00e9sentent les d\u00e9perditions d\u2019\u00e9nergie. Elles ont \u00e9t\u00e9 largement supprim\u00e9es apr\u00e8s r\u00e9novation. Les prix de l\u2019\u00e9nergie grimpent, cons\u00e9quence de la reprise \u00e9conomique mondiale et de notre d\u00e9pendance \u00e9nerg\u00e9tique. Contre 44,5 % d\u2019augmentation pr\u00e9vue\u2026","rel":"","context":"Dans &quot;Actualit\u00e9 Entreprises&quot;","img":{"alt_text":"","src":"https:\/\/i2.wp.com\/batimedianews.com\/live\/wp-content\/uploads\/2022\/02\/La-Maison-Passive-Article.jpg?fit=512%2C512&ssl=1&resize=350%2C200","width":350,"height":200},"classes":[]},{"id":17843,"url":"https:\/\/batimedianews.com\/live\/index.php\/2022\/03\/23\/passibat-les-solutions-techniques-a-la-consommation-denergie\/","url_meta":{"origin":34245,"position":3},"title":"Passi\u2019bat les solutions techniques \u00e0 la consommation d\u2019\u00e9nergie","date":"23 mars 2022","format":false,"excerpt":"Les journ\u00e9es du B\u00e2timent Passif, positif et durableles 12 et 13 avril au pavillon Baltard - Nogent sur Marne \u00c0 vos agendas ! Alors que les interrogations quant au prix\u2002\u00e0 venir des \u00e9nergies s\u2019intensifient, Passi\u2019bat s\u2019affirme d\u00e9finitivement comme un rendez-vous unique en France, \u00e0 ne pas manquer ! Chaque ann\u00e9e,\u2026","rel":"","context":"Dans &quot;Actualit\u00e9 Entreprises&quot;","img":{"alt_text":"","src":"https:\/\/i1.wp.com\/batimedianews.com\/live\/wp-content\/uploads\/2022\/03\/LaMaisonPassive-Article.jpg?fit=512%2C512&ssl=1&resize=350%2C200","width":350,"height":200},"classes":[]},{"id":36610,"url":"https:\/\/batimedianews.com\/live\/index.php\/2024\/03\/29\/portes-et-fenetres-a-passibat-2024\/","url_meta":{"origin":34245,"position":4},"title":"Portes et fen\u00eatres \u00e0 Passibat\u2019 2024","date":"29 mars 2024","format":false,"excerpt":"Dans un b\u00e2timent passif, quel qu\u2019il soit, la qualit\u00e9 des ouvrants, portes et fen\u00eatres, compte beaucoup dans le bilan final. A Passibat\u2019 2024, sept industriels pr\u00e9sentaient des ouvrants labellis\u00e9s Passivhaus. Leur performance thermique est tr\u00e8s au-dessus de la moyenne des fen\u00eatres vendues en France et pr\u00e9figure le type d\u2019ouvrants qui\u2026","rel":"","context":"Dans &quot;Batiment passif&quot;","img":{"alt_text":"","src":"https:\/\/i2.wp.com\/batimedianews.com\/live\/wp-content\/uploads\/2024\/03\/fenpassibatimage-scaled.jpeg?fit=1200%2C1200&ssl=1&resize=350%2C200","width":350,"height":200},"classes":[]},{"id":36688,"url":"https:\/\/batimedianews.com\/live\/index.php\/2024\/04\/03\/passibat-2024-limportance-de-la-ventilation-dans-la-construction-passive\/","url_meta":{"origin":34245,"position":5},"title":"Passibat\u2019 2024 : l\u2019importance de la ventilation dans la construction passive","date":"3 avril 2024","format":false,"excerpt":"Pascal Poggi pour Batim\u00e9dia La haute \u00e9tanch\u00e9it\u00e9 \u00e0 l\u2019air des b\u00e2timents passifs impose la pr\u00e9sence de syst\u00e8mes de ventilation efficaces. Zehnder, Blauberg, Brink, Geco, Meltem et Nilan exposaient des solutions de ventilation double flux \u00e0 r\u00e9cup\u00e9ration de chaleur lors du salon Passibat\u2019 2024. Dans un b\u00e2timent passif, l\u2019\u00e9tanch\u00e9it\u00e9 \u00e0 l\u2019air\u2026","rel":"","context":"Dans &quot;Batiment passif&quot;","img":{"alt_text":"","src":"https:\/\/i1.wp.com\/batimedianews.com\/live\/wp-content\/uploads\/2024\/04\/02passib-image-scaled.jpeg?fit=1200%2C1200&ssl=1&resize=350%2C200","width":350,"height":200},"classes":[]}],"_links":{"self":[{"href":"https:\/\/batimedianews.com\/live\/index.php\/wp-json\/wp\/v2\/posts\/34245"}],"collection":[{"href":"https:\/\/batimedianews.com\/live\/index.php\/wp-json\/wp\/v2\/posts"}],"about":[{"href":"https:\/\/batimedianews.com\/live\/index.php\/wp-json\/wp\/v2\/types\/post"}],"author":[{"embeddable":true,"href":"https:\/\/batimedianews.com\/live\/index.php\/wp-json\/wp\/v2\/users\/41"}],"replies":[{"embeddable":true,"href":"https:\/\/batimedianews.com\/live\/index.php\/wp-json\/wp\/v2\/comments?post=34245"}],"version-history":[{"count":3,"href":"https:\/\/batimedianews.com\/live\/index.php\/wp-json\/wp\/v2\/posts\/34245\/revisions"}],"predecessor-version":[{"id":34265,"href":"https:\/\/batimedianews.com\/live\/index.php\/wp-json\/wp\/v2\/posts\/34245\/revisions\/34265"}],"wp:featuredmedia":[{"embeddable":true,"href":"https:\/\/batimedianews.com\/live\/index.php\/wp-json\/wp\/v2\/media\/34254"}],"wp:attachment":[{"href":"https:\/\/batimedianews.com\/live\/index.php\/wp-json\/wp\/v2\/media?parent=34245"}],"wp:term":[{"taxonomy":"category","embeddable":true,"href":"https:\/\/batimedianews.com\/live\/index.php\/wp-json\/wp\/v2\/categories?post=34245"},{"taxonomy":"post_tag","embeddable":true,"href":"https:\/\/batimedianews.com\/live\/index.php\/wp-json\/wp\/v2\/tags?post=34245"}],"curies":[{"name":"wp","href":"https:\/\/api.w.org\/{rel}","templated":true}]}}