{"id":34256,"date":"2024-01-11T11:27:56","date_gmt":"2024-01-11T10:27:56","guid":{"rendered":"http:\/\/batimedianews.com\/live\/?p=34256"},"modified":"2024-06-04T14:12:15","modified_gmt":"2024-06-04T12:12:15","slug":"lindustriel-myral-vous-convie-a-la-table-ronde-les-acteurs-du-batiment-face-au-defi-de-la-renovation-du-patrimoine-des-bailleurs-sociaux","status":"publish","type":"post","link":"https:\/\/batimedianews.com\/live\/index.php\/2024\/01\/11\/lindustriel-myral-vous-convie-a-la-table-ronde-les-acteurs-du-batiment-face-au-defi-de-la-renovation-du-patrimoine-des-bailleurs-sociaux\/","title":{"rendered":"L\u2019industriel Myral vous convie \u00e0 la table ronde \u00ab Les acteurs du b\u00e2timent face au d\u00e9fi de la r\u00e9novation du patrimoine des bailleurs sociaux \u00bb."},"content":{"rendered":"\n<p class=\"has-text-color\" style=\"color:#f7a436;font-size:25px\"><strong>Mercredi 20 d\u00e9cembre 2023 \u00e0 18 h au Bazaar St-So, 292 rue Camille Gu\u00e9rin, Lille<\/strong><\/p>\n\n\n\n<figure class=\"wp-block-image size-large\"><img loading=\"lazy\" width=\"720\" height=\"720\" src=\"https:\/\/i1.wp.com\/batimedianews.com\/live\/wp-content\/uploads\/2024\/01\/image-33.png?resize=720%2C720\" alt=\"\" class=\"wp-image-34257\" srcset=\"https:\/\/i1.wp.com\/batimedianews.com\/live\/wp-content\/uploads\/2024\/01\/image-33.png?resize=1024%2C1024&amp;ssl=1 1024w, https:\/\/i1.wp.com\/batimedianews.com\/live\/wp-content\/uploads\/2024\/01\/image-33.png?resize=600%2C600&amp;ssl=1 600w, https:\/\/i1.wp.com\/batimedianews.com\/live\/wp-content\/uploads\/2024\/01\/image-33.png?resize=300%2C300&amp;ssl=1 300w, https:\/\/i1.wp.com\/batimedianews.com\/live\/wp-content\/uploads\/2024\/01\/image-33.png?resize=1536%2C1536&amp;ssl=1 1536w, https:\/\/i1.wp.com\/batimedianews.com\/live\/wp-content\/uploads\/2024\/01\/image-33.png?resize=2048%2C2048&amp;ssl=1 2048w, https:\/\/i1.wp.com\/batimedianews.com\/live\/wp-content\/uploads\/2024\/01\/image-33.png?resize=10%2C10&amp;ssl=1 10w\" sizes=\"(max-width: 600px) 91vw, (max-width: 900px) 600px, (max-width: 1060px) 50vw, (max-width: 1200px) 520px, (max-width: 1400px) 43vw, 600px\" data-recalc-dims=\"1\" \/><\/figure>\n\n\n\n<p class=\"has-sm-light-primary-color has-text-color has-background has-medium-font-size\" style=\"background-color:#f7a436\"><strong>Participants<\/strong><\/p>\n\n\n\n<p>\u2022 Julien Bagnard, directeur de Myral et Val\u00e9rie Lesage, charg\u00e9e d\u2019affaires prescription de Myral.<\/p>\n\n\n\n<p>\u2022 Loris Poidvin, directeur d\u00e9veloppement et patrimoine d\u2019ICF Habitat Nord-Est.<\/p>\n\n\n\n<p>\u2022 Guillaume Drelon, charg\u00e9 de projet de Maning et \u00c9ric Valageas, responsable p\u00f4le r\u00e9habilitation de Maning.<\/p>\n\n\n\n<p>\u2022 Vincent Michalak, pr\u00e9sident de S\u00e9pic Nord et Jordan Breuvart, conducteur de travaux de S\u00e9pic Nord.<\/p>\n\n\n\n<p>\u2022 S\u00e9bastien Lep\u00e8re, architecte, Lep\u00e8re Architectes \u00e0 Lille.<\/p>\n\n\n\n<p class=\"has-sm-light-primary-color has-text-color has-background has-medium-font-size\" style=\"background-color:#f7a436\"><strong>Programme<\/strong><\/p>\n\n\n\n<p>\u2022 \u00c0 partir de 18 h : Table ronde sur le th\u00e8me \u00ab Les acteurs du b\u00e2timent face au d\u00e9fi de la r\u00e9novation du patrimoine des bailleurs sociaux \u00bb, illustr\u00e9 par le projet de r\u00e9habilitation de la R\u00e9sidence Javary.<\/p>\n\n\n\n<p>\u2022 \u00c0 19 h 30 : Cocktail.<\/p>\n\n\n\n<figure class=\"wp-block-image size-full\"><img loading=\"lazy\" width=\"708\" height=\"270\" src=\"https:\/\/i0.wp.com\/batimedianews.com\/live\/wp-content\/uploads\/2024\/01\/image-34.png?resize=708%2C270\" alt=\"\" class=\"wp-image-34258\" srcset=\"https:\/\/i0.wp.com\/batimedianews.com\/live\/wp-content\/uploads\/2024\/01\/image-34.png?w=708&amp;ssl=1 708w, https:\/\/i0.wp.com\/batimedianews.com\/live\/wp-content\/uploads\/2024\/01\/image-34.png?resize=768%2C292&amp;ssl=1 768w, https:\/\/i0.wp.com\/batimedianews.com\/live\/wp-content\/uploads\/2024\/01\/image-34.png?resize=432%2C165&amp;ssl=1 432w, https:\/\/i0.wp.com\/batimedianews.com\/live\/wp-content\/uploads\/2024\/01\/image-34.png?resize=396%2C151&amp;ssl=1 396w, https:\/\/i0.wp.com\/batimedianews.com\/live\/wp-content\/uploads\/2024\/01\/image-34.png?resize=660%2C252&amp;ssl=1 660w\" sizes=\"(max-width: 600px) 91vw, (max-width: 900px) 600px, (max-width: 1060px) 50vw, (max-width: 1200px) 520px, (max-width: 1400px) 43vw, 600px\" data-recalc-dims=\"1\" \/><\/figure>\n\n\n\n<p class=\"has-sm-light-primary-color has-text-color has-background\" style=\"background-color:#f7a436\"><strong>Esth\u00e9tique &#8211; Thermique &#8211; COB &#8211; Amiante &#8211; Hauteur &#8211; \u00c9tanch\u00e9it\u00e9 &#8211; Hygrothermie &#8211; Risque incendie<\/strong><\/p>\n\n\n\n<p class=\"has-text-color has-medium-font-size\" style=\"color:#f7a436\"><strong>Pr\u00e9sentation de la r\u00e9habilitation de la R\u00e9sidence Javary \u00e0 Lille<\/strong><\/p>\n\n\n\n<p>C\u2019est un projet de r\u00e9novation esth\u00e9tique et thermique ambitieux qui illustre bien les difficult\u00e9s parfois rencontr\u00e9es par les ma\u00eetres d\u2019ouvrage pour r\u00e9nover des b\u00e2timents d\u2019habitation anciens en ensembles \u00e0 l\u2019allure moderne dot\u00e9s de logements performants et confortables pour leurs occupants.<\/p>\n\n\n\n<p>\u00c0 Lille, au 7 de la rue Javary, se dresse depuis les ann\u00e9es 50, cette r\u00e9sidence en forme de L, pos\u00e9e entre la Cit\u00e9 Administrative, le Conseil G\u00e9n\u00e9ral, la gare Lille-Flandres et proche de Lille Grand Palais. Propri\u00e9t\u00e9 d\u2019ICF Habitat Nord-Est (division logement de la SNCF), ce b\u00e2timent R+12 de 94 logements s\u2019\u00e9l\u00e8ve \u00e0 pr\u00e8s de 37 m de hauteur. L\u2019ensemble avait b\u00e9n\u00e9fici\u00e9 d\u2019une premi\u00e8re r\u00e9novation en 1990 avec la cr\u00e9ation d\u2019une toiture en pente de 2 \u00e9tages, ainsi que de fa\u00e7ades en COB (construction ossature bois) \u00e0 l\u2019arri\u00e8re du b\u00e2timent.<\/p>\n\n\n\n<figure class=\"wp-block-image size-full\"><img loading=\"lazy\" width=\"708\" height=\"360\" src=\"https:\/\/i1.wp.com\/batimedianews.com\/live\/wp-content\/uploads\/2024\/01\/image-35.png?resize=708%2C360\" alt=\"\" class=\"wp-image-34259\" srcset=\"https:\/\/i1.wp.com\/batimedianews.com\/live\/wp-content\/uploads\/2024\/01\/image-35.png?w=708&amp;ssl=1 708w, https:\/\/i1.wp.com\/batimedianews.com\/live\/wp-content\/uploads\/2024\/01\/image-35.png?resize=768%2C390&amp;ssl=1 768w, https:\/\/i1.wp.com\/batimedianews.com\/live\/wp-content\/uploads\/2024\/01\/image-35.png?resize=432%2C220&amp;ssl=1 432w, https:\/\/i1.wp.com\/batimedianews.com\/live\/wp-content\/uploads\/2024\/01\/image-35.png?resize=396%2C201&amp;ssl=1 396w, https:\/\/i1.wp.com\/batimedianews.com\/live\/wp-content\/uploads\/2024\/01\/image-35.png?resize=660%2C336&amp;ssl=1 660w\" sizes=\"(max-width: 600px) 91vw, (max-width: 900px) 600px, (max-width: 1060px) 50vw, (max-width: 1200px) 520px, (max-width: 1400px) 43vw, 600px\" data-recalc-dims=\"1\" \/><\/figure>\n\n\n\n<p>La mairie et la M\u00e9tropole europ\u00e9enne de Lille, qui, \u00e0 travers le projet Euraflandres, transfigurent les espaces publics autour de la gare Lille Flandres pour mieux y accueillir un flux de voyageurs en constante augmentation (25 millions de personnes y passent chaque ann\u00e9e), souhaitent aujourd\u2019hui que l\u2019ensemble du quartier se mette au diapason.<\/p>\n\n\n\n<p>ICF Habitat Nord-Est a donc d\u00e9cid\u00e9 de mener une nouvelle r\u00e9habilitation esth\u00e9tique, d\u2019op\u00e9rer un renfort thermique, tout en r\u00e9solvant les d\u00e9sordres du bardage existant.<\/p>\n\n\n\n<div class=\"wp-block-group\"><div class=\"wp-block-group__inner-container\">\n<p class=\"has-text-color\" style=\"color:#f7a436\"><strong>Difficult\u00e9s pour le ma\u00eetre d\u2019ouvrage : l\u2019op\u00e9ration s\u2019est r\u00e9v\u00e9l\u00e9e extr\u00eamement complexe. Car il n\u2019y avait pas d\u2019avis technique pour r\u00e9nover une fa\u00e7ade de 32,5 m\u00e8tres de hauteur en COB habill\u00e9e d\u2019un bardage ventil\u00e9 en ardoise amiant\u00e9 endommag\u00e9 par le temps.<\/strong><\/p>\n\n\n\n<p class=\"has-text-color\" style=\"color:#f7a436\"><strong>Tout en g\u00e9rant les probl\u00e9matiques d\u2019\u00e9tanch\u00e9it\u00e9, de poids, d\u2019hygrothermie et de risque incendie.<\/strong><\/p>\n<\/div><\/div>\n\n\n\n<p>Il a fallu la volont\u00e9 d\u2019ICF Habitat Nord-Est et l\u2019engagement de tous partenaires du projet \u2013 le bureau d\u2019\u00e9tudes Maning, l\u2019entreprise de pose Sepic Nord co-traitante avec Eiffage, et l\u2019industriel sp\u00e9cialiste de l\u2019ITE Myral \u2013 pour concevoir, mener l\u2019avis de chantier EFECTIS, l\u2019\u00e9tude hygrothermique et les tests (AEV), et aboutir \u00e0 la solution ad\u00e9quate qui a obtenu la conformit\u00e9 via une ATEx de cas B aupr\u00e8s du CSTB. Ce qui rend possible son assurabilit\u00e9 et constitue une premi\u00e8re \u00e9tape vers l\u2019Avis technique dont pourraient b\u00e9n\u00e9ficier d\u2019autres r\u00e9novations pr\u00e9sentant les m\u00eames caract\u00e9ristiques techniques.<\/p>\n\n\n\n<p>La solution de fa\u00e7ade : un parement isolant Myral bas carbone (aluminium, isolant PIR, PVC recycl\u00e9s) pos\u00e9 en v\u00eature sur tasseaux sur COB : M32 (R = 1,35 m\u00b2.K\/W) + isolant laine de roche entre tasseaux Alpalene 70 de 70 mm d\u2019Isover (R = 2 m\u00b2.K\/W) formant \u00e9cran thermique.<\/p>\n\n\n\n<p>Soit un R total = 3,35 m\u00b2.K\/W.<\/p>\n\n\n\n<p>La mise en oeuvre sur site occup\u00e9 est actuellement en cours.<\/p>\n\n\n\n<figure class=\"wp-block-image size-full\"><img loading=\"lazy\" width=\"532\" height=\"360\" src=\"https:\/\/i1.wp.com\/batimedianews.com\/live\/wp-content\/uploads\/2024\/01\/image-36.png?resize=532%2C360\" alt=\"\" class=\"wp-image-34260\" srcset=\"https:\/\/i1.wp.com\/batimedianews.com\/live\/wp-content\/uploads\/2024\/01\/image-36.png?w=532&amp;ssl=1 532w, https:\/\/i1.wp.com\/batimedianews.com\/live\/wp-content\/uploads\/2024\/01\/image-36.png?resize=768%2C519&amp;ssl=1 768w, https:\/\/i1.wp.com\/batimedianews.com\/live\/wp-content\/uploads\/2024\/01\/image-36.png?resize=432%2C292&amp;ssl=1 432w, https:\/\/i1.wp.com\/batimedianews.com\/live\/wp-content\/uploads\/2024\/01\/image-36.png?resize=396%2C268&amp;ssl=1 396w\" sizes=\"(max-width: 600px) 91vw, (max-width: 900px) 600px, (max-width: 1060px) 50vw, (max-width: 1200px) 520px, (max-width: 1400px) 43vw, 600px\" data-recalc-dims=\"1\" \/><\/figure>\n\n\n\n<div class=\"wp-block-group\"><div class=\"wp-block-group__inner-container\">\n<div class=\"wp-block-group has-background\" style=\"background-color:#f7a436\"><div class=\"wp-block-group__inner-container\">\n<p class=\"has-sm-light-primary-color has-text-color\"><strong>Myral, acteur majeur et engag\u00e9, de l\u2019industrie de l\u2019isolation par l\u2019ext\u00e9rieur<\/strong><\/p>\n\n\n\n<p>Depuis 1987, le groupe Myral, install\u00e9 \u00e0 Is-sur-Tille en Bourgogne, con\u00e7oit, fabrique et commercialise des solutions d\u2019Isolation Thermique par l\u2019Ext\u00e9rieur (ITE) et d\u2019habillage de fa\u00e7ades en neuf et en r\u00e9novation. Les parements ext\u00e9rieurs isolants Myral, labellis\u00e9s Origine France Garantie, \u00e9quipent les secteurs de l\u2019habitat individuel et collectif, des \u00e9tablissements recevant du public (ERP) et du march\u00e9 tertiaire.<\/p>\n\n\n\n<p class=\"has-sm-light-primary-color has-text-color\"><strong>Groupe industriel<\/strong><\/p>\n\n\n\n<p>Myral compte 5 soci\u00e9t\u00e9s et emploie plus d\u2019une centaine de salari\u00e9s, tous engag\u00e9s avec passion.<\/p>\n\n\n\n<p>Lanc\u00e9e depuis 2015 \u00e0 la conqu\u00eate des march\u00e9s du collectif et du tertiaire dans le neuf et la r\u00e9novation, l\u2019entreprise compte une multitude de projets d\u00e9j\u00e0 r\u00e9alis\u00e9s en France et \u00e0 l\u2019international.<\/p>\n\n\n\n<p>Le groupe produit aujourd\u2019hui 300 000 m\u00b2 par an de parements isolants et r\u00e9alise un chiffre d\u2019affaires de 29 millions d\u2019euros.<\/p>\n\n\n\n<p class=\"has-sm-light-primary-color has-text-color\"><strong>Engagements<\/strong><\/p>\n\n\n\n<p>Myral est engag\u00e9 dans le mouvement national de lutte contre la pr\u00e9carit\u00e9 \u00e9nerg\u00e9tique. Mais pour que cet engagement soit pertinent, il faut qu\u2019il s\u2019accompagne d\u2019une d\u00e9marche pragmatique de baisse de l\u2019empreinte sur l\u2019environnement. C\u2019est l\u2019ambition forte port\u00e9e par le groupe avec un objectif fix\u00e9 : &#8211; 63 % d\u2019impact carbone du syst\u00e8me d\u2019ITE Myral d\u2019ici 2025, notamment gr\u00e2ce \u00e0 l\u2019utilisation de mati\u00e8res premi\u00e8res recycl\u00e9es.<\/p>\n\n\n\n<p class=\"has-sm-light-primary-color has-text-color\"><strong>Car agir pour notre avenir n\u2019est pas un engagement de fa\u00e7ade !<\/strong><\/p>\n<\/div><\/div>\n<\/div><\/div>\n","protected":false},"excerpt":{"rendered":"<p>Mercredi 20 d\u00e9cembre 2023 \u00e0 18 h au Bazaar St-So, 292 rue Camille Gu\u00e9rin, Lille Participants \u2022 Julien Bagnard, directeur de Myral et Val\u00e9rie Lesage, charg\u00e9e d\u2019affaires prescription de Myral. \u2022 Loris Poidvin, directeur d\u00e9veloppement et patrimoine d\u2019ICF Habitat Nord-Est. \u2022 Guillaume Drelon, charg\u00e9 de projet de Maning et \u00c9ric Valageas, responsable p\u00f4le r\u00e9habilitation de [&hellip;]<\/p>\n","protected":false},"author":41,"featured_media":34261,"comment_status":"open","ping_status":"open","sticky":false,"template":"","format":"standard","meta":{"spay_email":""},"categories":[4,15,64,80],"tags":[],"jetpack_featured_media_url":"https:\/\/i2.wp.com\/batimedianews.com\/live\/wp-content\/uploads\/2024\/01\/Myral.jpg?fit=1513%2C825&ssl=1","jetpack_sharing_enabled":true,"jetpack_likes_enabled":true,"jetpack-related-posts":[{"id":19197,"url":"https:\/\/batimedianews.com\/live\/index.php\/2022\/04\/21\/myral-se-fixe-un-objectif-de-63-de-reduction-dimpact-carbone-a-lhorizon-2024\/","url_meta":{"origin":34256,"position":0},"title":"Myral se fixe un objectif de 63 % de r\u00e9duction d\u2019impact carbone \u00e0 l\u2019horizon 2024","date":"21 avril 2022","format":false,"excerpt":"Une d\u00e9marche environnementale entre actions et engagements Myral s\u2019appr\u00eate \u00e0 d\u00e9ployer une d\u00e9carbonation massive, apr\u00e8s plus de 10 ans de travail et de r\u00e9flexion en faveur de la transition \u00e9cologique et de la r\u00e9duction des \u00e9missions de CO2 dans le b\u00e2timent. Depuis sa cr\u00e9ation en 1987, Myral place les pr\u00e9occupations\u2026","rel":"","context":"Dans &quot;Bas carbone&quot;","img":{"alt_text":"","src":"https:\/\/i1.wp.com\/batimedianews.com\/live\/wp-content\/uploads\/2022\/04\/Myral-Article.jpg?fit=1080%2C1080&ssl=1&resize=350%2C200","width":350,"height":200},"classes":[]},{"id":23299,"url":"https:\/\/batimedianews.com\/live\/index.php\/2022\/09\/29\/isolation-thermique-par-lexterieur-myral-presente-ses-deux-dernieres-realisations\/","url_meta":{"origin":34256,"position":1},"title":"Isolation thermique par l&rsquo;ext\u00e9rieur &#8211; MYRAL pr\u00e9sente ses deux derni\u00e8res r\u00e9alisations","date":"29 septembre 2022","format":false,"excerpt":"Du complexe sportif et culturel au logement collectif, la solution MYRAL s\u2019adapte \u00e0 toutes les constructions et permet de r\u00e9pondre aux exigences de chaque chantier. Les panneaux Myral sont pl\u00e9biscit\u00e9s pour leurs performances, leur polyvalence et leur facilit\u00e9 de mise en oeuvre. Complexe culturel et sportif Ludres (54) Pour l\u2019habilitation\u2026","rel":"","context":"Dans &quot;Chantiers&quot;","img":{"alt_text":"","src":"https:\/\/i0.wp.com\/batimedianews.com\/live\/wp-content\/uploads\/2022\/09\/Myral-Article.jpg?fit=1080%2C1080&ssl=1&resize=350%2C200","width":350,"height":200},"classes":[]},{"id":198,"url":"https:\/\/batimedianews.com\/live\/index.php\/2018\/10\/04\/salon-hexpo-myral-presente-la-finition-en-joint-debout-destinee-aux-logements-collectifs\/","url_meta":{"origin":34256,"position":2},"title":"Salon H&#039;Expo : Myral pr\u00e9sente la finition en joint debout destin\u00e9e aux logements collectifs","date":"4 octobre 2018","format":false,"excerpt":"Myral,\u00a0expert en isolation thermique par l'ext\u00e9rieur\u00a0et\u00a0acteur\u00a0majeur\u00a0du logement social,\u00a0sera pr\u00e9sent\u00a0au\u00a079\u00e8me\u00a0Congr\u00e8s de l'Union sociale pour\u00a0l'habitat\u00a0qui se tiendra cette ann\u00e9e\u00a0du\u00a09 au 11 octobre\u00a0au\u00a0Parc Chanot \u00e0 Marseille. > L'\u00e9quipe prescription pr\u00e9sentera\u00a0la\u00a0nouvelle solution \u00e0 l'esth\u00e9tique joint debout. Une innovation simple de mise en\u00a0\u0153uvre et \u00e9conomique qui, seule ou mix\u00e9e, offre un style moderne et contemporain\u2026","rel":"","context":"Dans &quot;Isolation&quot;","img":{"alt_text":"","src":"https:\/\/i1.wp.com\/batimedianews.com\/live\/wp-content\/uploads\/2018\/10\/unnamed.jpg?fit=384%2C256&ssl=1&resize=350%2C200","width":350,"height":200},"classes":[]},{"id":25378,"url":"https:\/\/batimedianews.com\/live\/index.php\/2022\/12\/30\/la-neutralite-carbone-nest-pas-un-engagement-de-facade\/","url_meta":{"origin":34256,"position":3},"title":"La neutralit\u00e9 carbone n&rsquo;est pas un engagement de fa\u00e7ade !","date":"30 d\u00e9cembre 2022","format":false,"excerpt":"Avec Neutral.ITE d\u2002couvrez la d\u00e9marche de r\u00e9duction de l'impact carbone de la solution d'ITE de Myral, articul\u00e9e en trois axes : - Circularit\u00e9 - imiter la nature, - Agilit\u00e9 - s'adapter \u00e0 toutes les situations, - Sobri\u00e9t\u00e9 - parce que la technique et l'innovation ne suffiront pas. Gr\u00e2ce \u00e0 la\u2026","rel":"","context":"Dans &quot;Actualit\u00e9 Entreprises&quot;","img":{"alt_text":"","src":"https:\/\/i2.wp.com\/batimedianews.com\/live\/wp-content\/uploads\/2022\/12\/Myral-Article.jpg?fit=1080%2C1080&ssl=1&resize=350%2C200","width":350,"height":200},"classes":[]},{"id":1321,"url":"https:\/\/batimedianews.com\/live\/index.php\/2019\/06\/04\/myral-participe-a-la-renovation-globale-dune-copropriete-a-dijon\/","url_meta":{"origin":34256,"position":4},"title":"Myral participe \u00e0 la r\u00e9novation globale d&rsquo;une copropri\u00e9t\u00e9 \u00e0 Dijon","date":"4 juin 2019","format":false,"excerpt":"92 % de d\u00e9perdition \u00e9nerg\u00e9tique en moins ! En France, les copropri\u00e9t\u00e9s repr\u00e9sentent 10 millions de logements. Il s\u2019agit d\u2019un\u00a0vaste march\u00e9 dont les besoins \u00e9nerg\u00e9tiques sont importants. Cependant, malgr\u00e9\u00a0le lancement par le gouvernement du Plan de R\u00e9novation \u00e9nerg\u00e9tique des\u00a0b\u00e2timents, ce march\u00e9 a du mal \u00e0 d\u00e9coller \u00e0 cause d\u2019un mode\u2026","rel":"","context":"Dans &quot;Actualit\u00e9 Entreprises&quot;","img":{"alt_text":"","src":"https:\/\/i0.wp.com\/batimedianews.com\/live\/wp-content\/uploads\/2019\/08\/myral_image1.jpg?fit=1063%2C1063&ssl=1&resize=350%2C200","width":350,"height":200},"classes":[]},{"id":46496,"url":"https:\/\/batimedianews.com\/live\/index.php\/2025\/09\/15\/les-materiaux-ecosources-une-reponse-aux-defis-environnementaux-et-de-la-construction-renovation\/","url_meta":{"origin":34256,"position":5},"title":"Les mat\u00e9riaux \u00e9cosourc\u00e9s : une r\u00e9ponse aux d\u00e9fis environnementaux et de la construction \/ r\u00e9novation","date":"15 septembre 2025","format":false,"excerpt":"https:\/\/www.youtube.com\/watch?v=c-TA6Gp0-dM Face \u00e0 l'augmentation des d\u00e9chets plastiques ou aluminium et aux exigences croissantes en mati\u00e8re de construction durable, l'utilisation de mat\u00e9riaux \u00e9cosourc\u00e9s s'impose comme une solution pertinente et d\u2019avenir. Myral, industriel sp\u00e9cialiste de la fa\u00e7ade et entreprise pionni\u00e8re des mat\u00e9riaux \u00e9cosourc\u00e9s, illustre cette d\u00e9marche en int\u00e9grant des mati\u00e8res recycl\u00e9es dans\u2026","rel":"","context":"Dans &quot;Actualit\u00e9 Entreprises&quot;","img":{"alt_text":"","src":"https:\/\/i1.wp.com\/batimedianews.com\/live\/wp-content\/uploads\/2025\/09\/Myral.jpg?fit=825%2C825&ssl=1&resize=350%2C200","width":350,"height":200},"classes":[]}],"_links":{"self":[{"href":"https:\/\/batimedianews.com\/live\/index.php\/wp-json\/wp\/v2\/posts\/34256"}],"collection":[{"href":"https:\/\/batimedianews.com\/live\/index.php\/wp-json\/wp\/v2\/posts"}],"about":[{"href":"https:\/\/batimedianews.com\/live\/index.php\/wp-json\/wp\/v2\/types\/post"}],"author":[{"embeddable":true,"href":"https:\/\/batimedianews.com\/live\/index.php\/wp-json\/wp\/v2\/users\/41"}],"replies":[{"embeddable":true,"href":"https:\/\/batimedianews.com\/live\/index.php\/wp-json\/wp\/v2\/comments?post=34256"}],"version-history":[{"count":2,"href":"https:\/\/batimedianews.com\/live\/index.php\/wp-json\/wp\/v2\/posts\/34256\/revisions"}],"predecessor-version":[{"id":34269,"href":"https:\/\/batimedianews.com\/live\/index.php\/wp-json\/wp\/v2\/posts\/34256\/revisions\/34269"}],"wp:featuredmedia":[{"embeddable":true,"href":"https:\/\/batimedianews.com\/live\/index.php\/wp-json\/wp\/v2\/media\/34261"}],"wp:attachment":[{"href":"https:\/\/batimedianews.com\/live\/index.php\/wp-json\/wp\/v2\/media?parent=34256"}],"wp:term":[{"taxonomy":"category","embeddable":true,"href":"https:\/\/batimedianews.com\/live\/index.php\/wp-json\/wp\/v2\/categories?post=34256"},{"taxonomy":"post_tag","embeddable":true,"href":"https:\/\/batimedianews.com\/live\/index.php\/wp-json\/wp\/v2\/tags?post=34256"}],"curies":[{"name":"wp","href":"https:\/\/api.w.org\/{rel}","templated":true}]}}