{"id":3454,"date":"2019-11-06T07:50:07","date_gmt":"2019-11-06T06:50:07","guid":{"rendered":"http:\/\/batimedianews.com\/live\/?p=3454"},"modified":"2021-10-21T12:25:20","modified_gmt":"2021-10-21T10:25:20","slug":"bwt-filtre-e1","status":"publish","type":"post","link":"https:\/\/batimedianews.com\/live\/index.php\/2019\/11\/06\/bwt-filtre-e1\/","title":{"rendered":"BWT filtre E1"},"content":{"rendered":"\n<figure class=\"wp-block-embed-youtube wp-block-embed is-type-video is-provider-youtube wp-embed-aspect-16-9 wp-has-aspect-ratio\"><div class=\"wp-block-embed__wrapper\">\n<div class=\"jetpack-video-wrapper\"><iframe loading=\"lazy\" title=\"Bwt Filtre E1\" width=\"720\" height=\"405\" src=\"https:\/\/www.youtube.com\/embed\/45V4CX83d2Q?feature=oembed\" frameborder=\"0\" allow=\"accelerometer; autoplay; clipboard-write; encrypted-media; gyroscope; picture-in-picture\" allowfullscreen><\/iframe><\/div>\n<\/div><\/figure>\n","protected":false},"excerpt":{"rendered":"","protected":false},"author":1,"featured_media":0,"comment_status":"open","ping_status":"open","sticky":false,"template":"","format":"video","meta":{"spay_email":""},"categories":[4,142,571,84],"tags":[],"jetpack_featured_media_url":"","jetpack_sharing_enabled":true,"jetpack_likes_enabled":true,"jetpack-related-posts":[{"id":3456,"url":"https:\/\/batimedianews.com\/live\/index.php\/2019\/11\/06\/bwt-solutec\/","url_meta":{"origin":3454,"position":0},"title":"BWT Solutec","date":"6 novembre 2019","format":"video","excerpt":"https:\/\/youtu.be\/zt37D70W3mo","rel":"","context":"Dans &quot;Actualit\u00e9 Entreprises&quot;","img":{"alt_text":"","src":"https:\/\/i2.wp.com\/img.youtube.com\/vi\/zt37D70W3mo\/0.jpg?resize=350%2C200","width":350,"height":200},"classes":[]},{"id":3452,"url":"https:\/\/batimedianews.com\/live\/index.php\/2019\/11\/06\/bwt-adoucisseur-deau-perla-pour-la-maison-individuelle\/","url_meta":{"origin":3454,"position":1},"title":"BWT- adoucisseur d&rsquo;eau Perla pour la maison individuelle","date":"6 novembre 2019","format":"video","excerpt":"https:\/\/youtu.be\/USYj0BYbX7w","rel":"","context":"Dans &quot;Actualit\u00e9 Entreprises&quot;","img":{"alt_text":"","src":"https:\/\/i0.wp.com\/img.youtube.com\/vi\/USYj0BYbX7w\/0.jpg?resize=350%2C200","width":350,"height":200},"classes":[]},{"id":3466,"url":"https:\/\/batimedianews.com\/live\/index.php\/2019\/11\/06\/visite-live-bwt-et-librafit-concept-traitement-de-leau-et-digitalisation-des-batiments\/","url_meta":{"origin":3454,"position":2},"title":"Visite live BWT et librafit concept traitement de l\u2019eau et digitalisation des b\u00e2timents","date":"6 novembre 2019","format":"video","excerpt":"https:\/\/youtu.be\/03u-S65EzxI","rel":"","context":"Dans &quot;Batiment connect\u00e9&quot;","img":{"alt_text":"","src":"https:\/\/i2.wp.com\/img.youtube.com\/vi\/03u-S65EzxI\/0.jpg?resize=350%2C200","width":350,"height":200},"classes":[]},{"id":23995,"url":"https:\/\/batimedianews.com\/live\/index.php\/2022\/10\/05\/burgbad-au-mondial-du-batiment\/","url_meta":{"origin":3454,"position":3},"title":"Burgbad au Mondial du b\u00e2timent","date":"5 octobre 2022","format":false,"excerpt":"https:\/\/youtu.be\/C1NjxwC8qLs http:\/\/batimedianews.com\/live\/index.php\/2022\/09\/27\/invitation-03-au-06-octobre-burgbad-a-ideobain\/","rel":"","context":"Dans &quot;Fil d'actu Id\u00e9oBains 2022&quot;","img":{"alt_text":"","src":"https:\/\/i2.wp.com\/batimedianews.com\/live\/wp-content\/uploads\/2022\/10\/Burgbad.jpg?fit=1080%2C1080&ssl=1&resize=350%2C200","width":350,"height":200},"classes":[]},{"id":3495,"url":"https:\/\/batimedianews.com\/live\/index.php\/2019\/11\/11\/presentation-des-marques-du-groupe-ayor-avec-patrice-crosnier\/","url_meta":{"origin":3454,"position":4},"title":"Pr\u00e9sentation des marques du Groupe Ayor avec Patrice Crosnier","date":"11 novembre 2019","format":"video","excerpt":"https:\/\/youtu.be\/hlKgHo4g70o","rel":"","context":"Dans &quot;Actualit\u00e9 Entreprises&quot;","img":{"alt_text":"","src":"https:\/\/i2.wp.com\/img.youtube.com\/vi\/hlKgHo4g70o\/0.jpg?resize=350%2C200","width":350,"height":200},"classes":[]},{"id":3292,"url":"https:\/\/batimedianews.com\/live\/index.php\/2019\/10\/28\/bwt-present-au-salon-interclima-2019\/","url_meta":{"origin":3454,"position":5},"title":"BWT PRESENT AU SALON INTERCLIMA 2019","date":"28 octobre 2019","format":false,"excerpt":"BWT France, filiale du groupe Best Water Technology, leader europ\u00e9en du traitement de l\u2019eau participe au salon Interclima 2019, le salon du confort et de l\u2019efficacit\u00e9 \u00e9nerg\u00e9tique. BWT France, un expert au service des professionnels du b\u00e2timent est heureux de pr\u00e9senter ses nouveaut\u00e9s et sa nouvelle identit\u00e9 de marque \u00e0\u2026","rel":"","context":"Dans &quot;Actualit\u00e9 Entreprises&quot;","img":{"alt_text":"","src":"https:\/\/i1.wp.com\/batimedianews.com\/live\/wp-content\/uploads\/2019\/10\/bwt5.jpg?fit=834%2C662&ssl=1&resize=350%2C200","width":350,"height":200},"classes":[]}],"_links":{"self":[{"href":"https:\/\/batimedianews.com\/live\/index.php\/wp-json\/wp\/v2\/posts\/3454"}],"collection":[{"href":"https:\/\/batimedianews.com\/live\/index.php\/wp-json\/wp\/v2\/posts"}],"about":[{"href":"https:\/\/batimedianews.com\/live\/index.php\/wp-json\/wp\/v2\/types\/post"}],"author":[{"embeddable":true,"href":"https:\/\/batimedianews.com\/live\/index.php\/wp-json\/wp\/v2\/users\/1"}],"replies":[{"embeddable":true,"href":"https:\/\/batimedianews.com\/live\/index.php\/wp-json\/wp\/v2\/comments?post=3454"}],"version-history":[{"count":1,"href":"https:\/\/batimedianews.com\/live\/index.php\/wp-json\/wp\/v2\/posts\/3454\/revisions"}],"predecessor-version":[{"id":3455,"href":"https:\/\/batimedianews.com\/live\/index.php\/wp-json\/wp\/v2\/posts\/3454\/revisions\/3455"}],"wp:attachment":[{"href":"https:\/\/batimedianews.com\/live\/index.php\/wp-json\/wp\/v2\/media?parent=3454"}],"wp:term":[{"taxonomy":"category","embeddable":true,"href":"https:\/\/batimedianews.com\/live\/index.php\/wp-json\/wp\/v2\/categories?post=3454"},{"taxonomy":"post_tag","embeddable":true,"href":"https:\/\/batimedianews.com\/live\/index.php\/wp-json\/wp\/v2\/tags?post=3454"}],"curies":[{"name":"wp","href":"https:\/\/api.w.org\/{rel}","templated":true}]}}