{"id":3458,"date":"2019-11-06T08:00:06","date_gmt":"2019-11-06T07:00:06","guid":{"rendered":"http:\/\/batimedianews.com\/live\/?p=3458"},"modified":"2021-10-21T12:25:09","modified_gmt":"2021-10-21T10:25:09","slug":"airzone-piloter-le-chauffage-et-la-climatisation","status":"publish","type":"post","link":"https:\/\/batimedianews.com\/live\/index.php\/2019\/11\/06\/airzone-piloter-le-chauffage-et-la-climatisation\/","title":{"rendered":"Airzone Piloter le chauffage et la climatisation"},"content":{"rendered":"\n<figure class=\"wp-block-embed-youtube wp-block-embed is-type-video is-provider-youtube wp-embed-aspect-16-9 wp-has-aspect-ratio\"><div class=\"wp-block-embed__wrapper\">\n<div class=\"jetpack-video-wrapper\"><iframe loading=\"lazy\" title=\"Air zone piloter le chauffage et la climatisation\" width=\"720\" height=\"405\" src=\"https:\/\/www.youtube.com\/embed\/FrnGPfR8vwE?feature=oembed\" frameborder=\"0\" allow=\"accelerometer; autoplay; clipboard-write; encrypted-media; gyroscope; picture-in-picture\" allowfullscreen><\/iframe><\/div>\n<\/div><\/figure>\n","protected":false},"excerpt":{"rendered":"","protected":false},"author":1,"featured_media":0,"comment_status":"open","ping_status":"open","sticky":false,"template":"","format":"video","meta":{"spay_email":""},"categories":[4,31,35,143,571,84],"tags":[],"jetpack_featured_media_url":"","jetpack_sharing_enabled":true,"jetpack_likes_enabled":true,"jetpack-related-posts":[{"id":8367,"url":"https:\/\/batimedianews.com\/live\/index.php\/2021\/04\/30\/carrier-lance-la-plateforme-de-services-bluedge-pour-ses-clients-utilisateurs-de-systemes-de-chauffage-de-ventilation-et-de-climatisation-en-europe\/","url_meta":{"origin":3458,"position":0},"title":"Carrier lance la plateforme de services BluEdge pour ses clients utilisateurs de syst\u00e8mes de chauffage, de ventilation et de climatisation en Europe","date":"30 avril 2021","format":false,"excerpt":"Carrier Global Corporation (NYSE : CARR), grand fournisseur mondial de solutions saines, s\u00fbres et durables pour le b\u00e2timent et la cha\u00eene du froid, est ravi d'annoncer le lancement de sa nouvelle plateforme de services BluEdge, pour les \u00e9quipements de chauffage, ventilation et climatisation (HVAC) Carrier en Europe. La plateforme de\u2026","rel":"","context":"Dans &quot;Actualit\u00e9 Entreprises&quot;","img":{"alt_text":"","src":"https:\/\/i0.wp.com\/batimedianews.com\/live\/wp-content\/uploads\/2021\/02\/image-74.png?fit=1076%2C544&ssl=1&resize=350%2C200","width":350,"height":200},"classes":[]},{"id":8311,"url":"https:\/\/batimedianews.com\/live\/index.php\/2021\/04\/30\/les-futures-tendances-du-chauffage-et-de-la-climatisation\/","url_meta":{"origin":3458,"position":1},"title":"Les futures tendances du chauffage et de la climatisation","date":"30 avril 2021","format":false,"excerpt":"\u00ab L\u2019Europe ne sera pas neutre en carbone tant que l\u2019on ne s\u2019attaquera pas au chauffage domestique \u00bb Christian Deilmann, co-fondateur et directeur du d\u00e9veloppement produits chez tado\u00b0, pr\u00e9sente les mesures n\u00e9cessaires pour atteindre les objectifs climatiques de l'Europe. Le chauffage et le refroidissement des b\u00e2timents et de l'industrie repr\u00e9sentent\u2026","rel":"","context":"Dans &quot;Actualit\u00e9 Entreprises&quot;","img":{"alt_text":"","src":"https:\/\/i0.wp.com\/batimedianews.com\/live\/wp-content\/uploads\/2021\/02\/image-42.png?fit=778%2C624&ssl=1&resize=350%2C200","width":350,"height":200},"classes":[]},{"id":27047,"url":"https:\/\/batimedianews.com\/live\/index.php\/2023\/03\/17\/bosch-thermotechnologie-devient-bosch-home-comfort-group\/","url_meta":{"origin":3458,"position":2},"title":"Bosch Thermotechnologie devient Bosch Home Comfort Group","date":"17 mars 2023","format":false,"excerpt":"\u00a0Cr\u00e9dit photo Bosch\u00a0 \u00a0A l\u2019occasion d\u2019ISH, salon international du bain, des techniques du b\u00e2timent, du chauffage, de la climatisation et des \u00e9nergies renouvelables \u00e0 Francfort, la division chauffage-climatisation du Groupe Bosch vient d\u2019annoncer son changement d\u2019identit\u00e9. L\u2019entit\u00e9 est rebaptis\u00e9e \u00ab Bosch Home Comfort Group \u00bb (comprenant en France Bosch et\u2026","rel":"","context":"Dans &quot;Actualit\u00e9 Entreprises&quot;","img":{"alt_text":"","src":"https:\/\/i2.wp.com\/batimedianews.com\/live\/wp-content\/uploads\/2023\/03\/Bosch-Article.jpg?fit=1080%2C1080&ssl=1&resize=350%2C200","width":350,"height":200},"classes":[]},{"id":48587,"url":"https:\/\/batimedianews.com\/live\/index.php\/2025\/12\/18\/barometre-sur-la-consommation-energetique-des-batiments-tertiaires\/","url_meta":{"origin":3458,"position":3},"title":"Barom\u00e8tre sur la consommation \u00e9nerg\u00e9tique des b\u00e2timents tertiaires","date":"18 d\u00e9cembre 2025","format":false,"excerpt":"Pour la 1\u00e8re \u00e9dition de ce barom\u00e8tre, Mitsubishi Electric d\u00e9voile des chiffres in\u00e9dits sur la consommation \u00e9nerg\u00e9tique de bureaux, d\u2019h\u00f4tels et d\u2019\u00e9tablissements bancaires, repr\u00e9sentant 34 800 m\u00b2 et 1 600 dispositifs de chauffage\/climatisation (syst\u00e8mes de pompes \u00e0 chaleur), r\u00e9partis sur tout le territoire fran\u00e7ais. Ces donn\u00e9es pr\u00e9cises ont pu \u00eatre\u2026","rel":"","context":"Dans &quot;Actualit\u00e9 Entreprises&quot;","img":{"alt_text":"","src":"https:\/\/i2.wp.com\/batimedianews.com\/live\/wp-content\/uploads\/2025\/12\/barometre-MEL.png?fit=1169%2C638&ssl=1&resize=350%2C200","width":350,"height":200},"classes":[]},{"id":10083,"url":"https:\/\/batimedianews.com\/live\/index.php\/2021\/05\/27\/nouveaux-climatiseurs-reversibles-qlima-trois-as-du-confort-thermique-ete-comme-hiver\/","url_meta":{"origin":3458,"position":4},"title":"Nouveaux climatiseurs r\u00e9versibles QLIMA Trois as du confort thermique, \u00e9t\u00e9 comme hiver","date":"27 mai 2021","format":false,"excerpt":"Depuis quelque temps, la climatisation r\u00e9versible (ou pompe \u00e0 chaleur air\/air) conna\u00eet un d\u00e9veloppement dynamique dans les foyers fran\u00e7ais qui font le choix d'une solution durable, \u00e9cologique et \u00e9conomique. La multiplication des \u00e9t\u00e9s suffocants et des hivers relativement doux explique cette demande, que des sp\u00e9cialistes comme QLIMA savent anticiper. Ainsi,\u2026","rel":"","context":"Dans &quot;Actualit\u00e9 Entreprises&quot;","img":{"alt_text":"","src":"https:\/\/i2.wp.com\/batimedianews.com\/live\/wp-content\/uploads\/2021\/05\/image-248.png?fit=512%2C512&ssl=1&resize=350%2C200","width":350,"height":200},"classes":[]},{"id":31734,"url":"https:\/\/batimedianews.com\/live\/index.php\/2023\/10\/06\/idk-expose-ses-solutions-en-climatisation-chauffage-enr-ventilation-qai-a-artibat-pole-technique-hall-7-stand-a10\/","url_meta":{"origin":3458,"position":5},"title":"IDK expose ses solutions en climatisation, chauffage ENR, ventilation et QAI \u00e0 ARTIBAT &#8211; P\u00f4le Technique \u2013 hall 7 \u2013 stand A10","date":"6 octobre 2023","format":false,"excerpt":"\u00a0IDK, distributeur ind\u00e9pendant sp\u00e9cialis\u00e9 en accessoires, \u00e9quipements de climatisation, chauffage ENR, ventilation & QAI, sera pr\u00e9sent au salon ARTIBAT, qui se tient du 18 au 20 octobre au Parc des Expositions de Rennes (35). Cet \u00e9v\u00e9nement est l\u2019occasion pour les repr\u00e9sentants de l\u2019agence IDK, implant\u00e9e \u00e0 Nantes (44) depuis avril\u2026","rel":"","context":"Dans &quot;Actualit\u00e9 Entreprises&quot;","img":{"alt_text":"","src":"https:\/\/i0.wp.com\/batimedianews.com\/live\/wp-content\/uploads\/2023\/09\/IDK-articles.jpg?fit=825%2C825&ssl=1&resize=350%2C200","width":350,"height":200},"classes":[]}],"_links":{"self":[{"href":"https:\/\/batimedianews.com\/live\/index.php\/wp-json\/wp\/v2\/posts\/3458"}],"collection":[{"href":"https:\/\/batimedianews.com\/live\/index.php\/wp-json\/wp\/v2\/posts"}],"about":[{"href":"https:\/\/batimedianews.com\/live\/index.php\/wp-json\/wp\/v2\/types\/post"}],"author":[{"embeddable":true,"href":"https:\/\/batimedianews.com\/live\/index.php\/wp-json\/wp\/v2\/users\/1"}],"replies":[{"embeddable":true,"href":"https:\/\/batimedianews.com\/live\/index.php\/wp-json\/wp\/v2\/comments?post=3458"}],"version-history":[{"count":1,"href":"https:\/\/batimedianews.com\/live\/index.php\/wp-json\/wp\/v2\/posts\/3458\/revisions"}],"predecessor-version":[{"id":3459,"href":"https:\/\/batimedianews.com\/live\/index.php\/wp-json\/wp\/v2\/posts\/3458\/revisions\/3459"}],"wp:attachment":[{"href":"https:\/\/batimedianews.com\/live\/index.php\/wp-json\/wp\/v2\/media?parent=3458"}],"wp:term":[{"taxonomy":"category","embeddable":true,"href":"https:\/\/batimedianews.com\/live\/index.php\/wp-json\/wp\/v2\/categories?post=3458"},{"taxonomy":"post_tag","embeddable":true,"href":"https:\/\/batimedianews.com\/live\/index.php\/wp-json\/wp\/v2\/tags?post=3458"}],"curies":[{"name":"wp","href":"https:\/\/api.w.org\/{rel}","templated":true}]}}