{"id":3466,"date":"2019-11-06T17:18:58","date_gmt":"2019-11-06T16:18:58","guid":{"rendered":"http:\/\/batimedianews.com\/live\/?p=3466"},"modified":"2021-10-21T12:23:57","modified_gmt":"2021-10-21T10:23:57","slug":"visite-live-bwt-et-librafit-concept-traitement-de-leau-et-digitalisation-des-batiments","status":"publish","type":"post","link":"https:\/\/batimedianews.com\/live\/index.php\/2019\/11\/06\/visite-live-bwt-et-librafit-concept-traitement-de-leau-et-digitalisation-des-batiments\/","title":{"rendered":"Visite live BWT et librafit concept traitement de l\u2019eau et digitalisation des b\u00e2timents"},"content":{"rendered":"\n<figure class=\"wp-block-embed-youtube wp-block-embed is-type-video is-provider-youtube wp-embed-aspect-16-9 wp-has-aspect-ratio\"><div class=\"wp-block-embed__wrapper\">\n<div class=\"jetpack-video-wrapper\"><iframe loading=\"lazy\" title=\"Visite live BWT et librafit concept traitement de l\u2019eau et digitalisation des b\u00e2timents\" width=\"720\" height=\"405\" src=\"https:\/\/www.youtube.com\/embed\/03u-S65EzxI?feature=oembed\" frameborder=\"0\" allow=\"accelerometer; autoplay; clipboard-write; encrypted-media; gyroscope; picture-in-picture\" allowfullscreen><\/iframe><\/div>\n<\/div><\/figure>\n","protected":false},"excerpt":{"rendered":"","protected":false},"author":1,"featured_media":0,"comment_status":"open","ping_status":"open","sticky":false,"template":"","format":"video","meta":{"spay_email":""},"categories":[18,143,571,84,579],"tags":[],"jetpack_featured_media_url":"","jetpack_sharing_enabled":true,"jetpack_likes_enabled":true,"jetpack-related-posts":[{"id":23825,"url":"https:\/\/batimedianews.com\/live\/index.php\/2022\/09\/30\/interclima-2022\/","url_meta":{"origin":3466,"position":0},"title":"Interclima 2022 pour BWT","date":"30 septembre 2022","format":false,"excerpt":"Acteur de la qualit\u00e9 et de la pr\u00e9servation de la ressource eau, BWT France pr\u00e9sentera ses solutions de traitement de l\u2019eau aux professionnels du b\u00e2timent Paris \u2013 Porte de Versailles Du 3 au 6 octobre 2022 Stand 3 - A40 Paris, le 28 septembre 2022 \u2013 BWT France, filiale du\u2026","rel":"","context":"Dans &quot;Actualit\u00e9 Entreprises&quot;","img":{"alt_text":"","src":"https:\/\/i1.wp.com\/batimedianews.com\/live\/wp-content\/uploads\/2022\/09\/bwt_article-.png?fit=712%2C712&ssl=1&resize=350%2C200","width":350,"height":200},"classes":[]},{"id":9187,"url":"https:\/\/batimedianews.com\/live\/index.php\/2021\/04\/15\/bwt-presente-ladoucisseur-deau-nouvelle-generation-bwt-perla-pro-xl\/","url_meta":{"origin":3466,"position":1},"title":"BWT PR\u00c9SENTE L&rsquo;ADOUCISSEUR D&rsquo;EAU NOUVELLE G\u00c9N\u00c9RATION : BWT PERLA PRO XL","date":"15 avril 2021","format":false,"excerpt":"BWT France, filiale du groupe Best Water Technology, leader europ\u00e9en du traitement de l'eau, annonce le lancement de l'adoucisseur d'eau BWT Perla PRO XL. Enti\u00e8rement con\u00e7u par BWT, ce nouvel appareil int\u00e8gre des technologies innovantes permettant un meilleur rendement, une capacit\u00e9 d'\u00e9change \u00e9lev\u00e9e et d'importantes \u00e9conomies de fonctionnement pour l'utilisateur\u2026","rel":"","context":"Dans &quot;Actualit\u00e9 Entreprises&quot;","img":{"alt_text":"","src":"https:\/\/i2.wp.com\/batimedianews.com\/live\/wp-content\/uploads\/2021\/04\/image-87.png?fit=778%2C402&ssl=1&resize=350%2C200","width":350,"height":200},"classes":[]},{"id":12549,"url":"https:\/\/batimedianews.com\/live\/index.php\/2021\/10\/08\/abiotec-developpe-un-systeme-a-haute-technologie-uv-pour-desinfecter-lair-dans-un-batiment-entier\/","url_meta":{"origin":3466,"position":2},"title":"ABIOTEC d\u00e9veloppe un syst\u00e8me \u00e0 haute technologie UV pour d\u00e9sinfecter l\u2019air dans un b\u00e2timent entier","date":"8 octobre 2021","format":false,"excerpt":"Capitalisant sur plus de 35 ans d\u2019exp\u00e9rience, le sp\u00e9cialiste des solutions UV, Abiotec, a d\u00e9velopp\u00e9 un syst\u00e8me r\u00e9volutionnaire de traitement d\u2019air capable de d\u00e9sinfecter un b\u00e2timent entier. Gr\u00e2ce \u00e0 l\u2019int\u00e9gration des lampes UV dans les Centrales de Traitement d\u2019Air (CTA), diff\u00e9rents agents pathog\u00e8nes, bact\u00e9ries et virus (y compris le SARS-Cov-2)\u2026","rel":"","context":"Dans &quot;Actualit\u00e9 Entreprises&quot;","img":{"alt_text":"","src":"https:\/\/i0.wp.com\/batimedianews.com\/live\/wp-content\/uploads\/2021\/10\/Abiotec-Article.jpg?fit=512%2C512&ssl=1&resize=350%2C200","width":350,"height":200},"classes":[]},{"id":3292,"url":"https:\/\/batimedianews.com\/live\/index.php\/2019\/10\/28\/bwt-present-au-salon-interclima-2019\/","url_meta":{"origin":3466,"position":3},"title":"BWT PRESENT AU SALON INTERCLIMA 2019","date":"28 octobre 2019","format":false,"excerpt":"BWT France, filiale du groupe Best Water Technology, leader europ\u00e9en du traitement de l\u2019eau participe au salon Interclima 2019, le salon du confort et de l\u2019efficacit\u00e9 \u00e9nerg\u00e9tique. BWT France, un expert au service des professionnels du b\u00e2timent est heureux de pr\u00e9senter ses nouveaut\u00e9s et sa nouvelle identit\u00e9 de marque \u00e0\u2026","rel":"","context":"Dans &quot;Actualit\u00e9 Entreprises&quot;","img":{"alt_text":"","src":"https:\/\/i1.wp.com\/batimedianews.com\/live\/wp-content\/uploads\/2019\/10\/bwt5.jpg?fit=834%2C662&ssl=1&resize=350%2C200","width":350,"height":200},"classes":[]},{"id":14422,"url":"https:\/\/batimedianews.com\/live\/index.php\/2021\/12\/14\/references-2021-aliaxis-equipe-les-bains-municipaux-de-strasbourg\/","url_meta":{"origin":3466,"position":4},"title":"R\u00c9F\u00c9RENCES 2021 : Aliaxis \u00e9quipe les Bains municipaux de Strasbourg","date":"14 d\u00e9cembre 2021","format":false,"excerpt":"Sp\u00e9cialiste des syst\u00e8mes de pointe dans le transport de fluides en mat\u00e9riaux de synth\u00e8se pour la construction, les infrastructures et l\u2019industrie, ALIAXIS d\u00e9veloppe et fabrique des produits innovants et de haute qualit\u00e9 pour les piscines et les centres aquatiques ; des installations pour le traitement d\u2019eau aux r\u00e9seaux d\u2019\u00e9vacuation en\u2026","rel":"","context":"Dans &quot;Actualit\u00e9 Entreprises&quot;","img":{"alt_text":"","src":"https:\/\/i1.wp.com\/batimedianews.com\/live\/wp-content\/uploads\/2021\/12\/Aliaxis-Article.jpg?fit=512%2C512&ssl=1&resize=350%2C200","width":350,"height":200},"classes":[]},{"id":520,"url":"https:\/\/batimedianews.com\/live\/index.php\/2018\/11\/12\/ista-et-batiment-connecte-645-000-logements-equipes-de-ista-smart-services-pour-reduire-ses-charges\/","url_meta":{"origin":3466,"position":5},"title":"ista et b\u00e2timent connect\u00e9 : 645 000 logements \u00e9quip\u00e9s de ista Smart Services pour r\u00e9duire ses charges","date":"12 novembre 2018","format":false,"excerpt":"A l\u2019occasion du 10e Congr\u00e8s de l\u2019Union des Syndicats de l\u2019Immobilier (UNIS),\u00a0ista, leader du comptage individuel d\u2019eau et de chauffage en habitat collectif,\u00a0prouve que le march\u00e9 du b\u00e2timent connect\u00e9 poursuit son essor. En effet, plus\u00a0de 11 000 copropri\u00e9t\u00e9s ont d\u00e9j\u00e0 souscrit \u00e0 ista Smart Services, annonce\u00a0l\u2019entreprise, une offre cl\u00e9 en\u2026","rel":"","context":"Dans &quot;Batiment connect\u00e9&quot;","img":{"alt_text":"","src":"","width":0,"height":0},"classes":[]}],"_links":{"self":[{"href":"https:\/\/batimedianews.com\/live\/index.php\/wp-json\/wp\/v2\/posts\/3466"}],"collection":[{"href":"https:\/\/batimedianews.com\/live\/index.php\/wp-json\/wp\/v2\/posts"}],"about":[{"href":"https:\/\/batimedianews.com\/live\/index.php\/wp-json\/wp\/v2\/types\/post"}],"author":[{"embeddable":true,"href":"https:\/\/batimedianews.com\/live\/index.php\/wp-json\/wp\/v2\/users\/1"}],"replies":[{"embeddable":true,"href":"https:\/\/batimedianews.com\/live\/index.php\/wp-json\/wp\/v2\/comments?post=3466"}],"version-history":[{"count":2,"href":"https:\/\/batimedianews.com\/live\/index.php\/wp-json\/wp\/v2\/posts\/3466\/revisions"}],"predecessor-version":[{"id":3472,"href":"https:\/\/batimedianews.com\/live\/index.php\/wp-json\/wp\/v2\/posts\/3466\/revisions\/3472"}],"wp:attachment":[{"href":"https:\/\/batimedianews.com\/live\/index.php\/wp-json\/wp\/v2\/media?parent=3466"}],"wp:term":[{"taxonomy":"category","embeddable":true,"href":"https:\/\/batimedianews.com\/live\/index.php\/wp-json\/wp\/v2\/categories?post=3466"},{"taxonomy":"post_tag","embeddable":true,"href":"https:\/\/batimedianews.com\/live\/index.php\/wp-json\/wp\/v2\/tags?post=3466"}],"curies":[{"name":"wp","href":"https:\/\/api.w.org\/{rel}","templated":true}]}}