{"id":34748,"date":"2024-01-29T08:40:35","date_gmt":"2024-01-29T07:40:35","guid":{"rendered":"http:\/\/batimedianews.com\/live\/?p=34748"},"modified":"2024-06-04T14:11:25","modified_gmt":"2024-06-04T12:11:25","slug":"barometre-2023-des-energies-renouvelables-electriques-en-france","status":"publish","type":"post","link":"https:\/\/batimedianews.com\/live\/index.php\/2024\/01\/29\/barometre-2023-des-energies-renouvelables-electriques-en-france\/","title":{"rendered":"Barom\u00e8tre 2023 des \u00e9nergies renouvelables \u00e9lectriques en France"},"content":{"rendered":"\n<p class=\"has-text-align-center has-text-color has-large-font-size\" style=\"color:#7f00a3\">&nbsp;La France reste en retard sur ses objectifs&nbsp;<\/p>\n\n\n\n<p><strong>Malgr\u00e9 une acc\u00e9l\u00e9ration de son rythme depuis 2021, le d\u00e9veloppement des \u00e9nergies renouvelables \u00e9lectriques en France accuse toujours un retard par rapport \u00e0 ses objectifs. Si le photovolta\u00efque arrive \u00e0 raccorder entre 2,5 et 3 GW de puissance suppl\u00e9mentaire chaque ann\u00e9e, l\u2019\u00e9olien ne parvient toujours pas \u00e0 acc\u00e9l\u00e9rer son d\u00e9veloppement. Compte tenu de la progression du secteur \u00e9lectrique renouvelable, l\u2019objectif de 40 % de part renouvelable dans la consommation \u00e9lectrique du pays \u00e0 fin 2030 reste hors d\u2019atteinte.&nbsp;<\/strong><\/p>\n\n\n\n<p>En 2023, la France a raccord\u00e9 4,5 gigawatts (GW) de capacit\u00e9s suppl\u00e9mentaires \u00e9lectriques renouvelables, un r\u00e9sultat en recul par rapport \u00e0 2022 (5,3 GW), qui maintient le pays dans son retard par rapport \u00e0 ses objectifs. Le photovolta\u00efque r\u00e9alise cependant une tr\u00e8s bonne ann\u00e9e avec plus de 3 GW nouvellement raccord\u00e9s. Les hausses du prix de l\u2019\u00e9lectricit\u00e9 sur le r\u00e9seau \u00e9lectrique et l\u2019engouement toujours plus fort pour l\u2019autoconsommation auront jou\u00e9 un r\u00f4le dans cette dynamique qui permet \u00e0 la fili\u00e8re d\u2019\u00eatre tr\u00e8s proche du point de passage qui lui avait \u00e9t\u00e9 fix\u00e9 pour 2023.&nbsp;<\/p>\n\n\n\n<div class=\"wp-block-media-text alignwide has-media-on-the-right is-stacked-on-mobile\" style=\"grid-template-columns:auto 22%\"><figure class=\"wp-block-media-text__media\"><img loading=\"lazy\" width=\"388\" height=\"554\" src=\"https:\/\/i1.wp.com\/batimedianews.com\/live\/wp-content\/uploads\/2024\/01\/image-190.png?resize=388%2C554\" alt=\"\" class=\"wp-image-34749 size-full\" srcset=\"https:\/\/i1.wp.com\/batimedianews.com\/live\/wp-content\/uploads\/2024\/01\/image-190.png?w=388&amp;ssl=1 388w, https:\/\/i1.wp.com\/batimedianews.com\/live\/wp-content\/uploads\/2024\/01\/image-190.png?resize=768%2C1096&amp;ssl=1 768w\" sizes=\"(max-width: 600px) 91vw, (max-width: 900px) 600px, (max-width: 1060px) 50vw, (max-width: 1200px) 520px, (max-width: 1400px) 43vw, 600px\" data-recalc-dims=\"1\" \/><\/figure><div class=\"wp-block-media-text__content\">\n<p>&nbsp;L\u2019\u00e9olien, autre pilier renouvelable de la transition \u00e9nerg\u00e9tique fran\u00e7aise, ne conna\u00eet pas la m\u00eame trajectoire. Le secteur reste toujours confront\u00e9 \u00e0 de tr\u00e8s longs d\u00e9lais de traitement des dossiers et \u00e0 un ensemble de contraintes r\u00e9glementaires qui r\u00e9duit consid\u00e9rablement le nombre de territoires disponibles pour de nouvelles installations. La fili\u00e8re terrestre peine \u00e0 d\u00e9passer le seuil de 1,5 GW de capacit\u00e9s nouvelles annuelles et le segment de l\u2019offshore accuse un gros retard sur sa feuille de route.&nbsp;<\/p>\n\n\n\n<p>Si la dynamique de l\u2019ensemble des fili\u00e8res renouvelables \u00e9lectriques a affich\u00e9 en 2022 et 2023 un meilleur rythme qu\u2019au tournant des ann\u00e9es 2020, le pays n\u2019en reste toujours pas moins en retard sur ses objectifs. Avec 28 % de part des \u00e9nergies renouvelables dans sa consommation d\u2019\u00e9lectricit\u00e9 en 2022, le pays d\u00e9passe enfin le seuil des 27 %, qui \u00e9tait son objectif \u00e0 fin 2020, mais n\u2019est toujours pas sur la trajectoire qui lui permettra d\u2019atteindre les 40 % vis\u00e9s \u00e0 fin 2030.<\/p>\n<\/div><\/div>\n\n\n\n<p><strong>Ces constats sont issus du quatorzi\u00e8me \u00ab Barom\u00e8tre des \u00e9nergies renouvelables \u00e9lectriques en France \u00bb. Sous la forme de fiches synth\u00e9tiques, cette publication dresse un \u00e9tat complet des dynamiques de huit secteurs au cours des douze derniers mois.&nbsp;<\/strong><\/p>\n\n\n\n<p>&nbsp;Ouvrage en libre t\u00e9l\u00e9chargement :<a href=\"https:\/\/www.fnccr.asso.fr\/article\/la-france-reste-en-retard-sur-ses-objectifs\/&nbsp;\"> https:\/\/www.fnccr.asso.fr\/article\/la-france-reste-en-retard-sur-ses-objectifs\/&nbsp;<\/a><\/p>\n\n\n\n<p><strong>Observ\u2019ER&nbsp;<\/strong><\/p>\n\n\n\n<p>Organisme ind\u00e9pendant, Observ\u2019ER publie informations et analyses sur le d\u00e9veloppement des \u00e9nergies renouvelables en France et en Europe depuis 1980 : \u00e9tudes multisecteurs d\u2019int\u00e9r\u00eat g\u00e9n\u00e9ral, ouvrages et magazines d\u00e9di\u00e9s \u00e0 l\u2019actualit\u00e9 des fili\u00e8res renouvelables sont disponibles en ligne.&nbsp;<\/p>\n\n\n\n<p><strong>FNCCR&nbsp;<\/strong><\/p>\n\n\n\n<p>Cr\u00e9\u00e9e en 1934, la F\u00e9d\u00e9ration nationale des collectivit\u00e9s conc\u00e9dantes et r\u00e9gies (FNCCR) &#8211; Territoire d\u2019\u00e9nergie est une association regroupant plus de 900 collectivit\u00e9s territoriales et \u00e9tablissements publics de coop\u00e9ration, sp\u00e9cialis\u00e9s dans les services publics d\u2019\u00e9lectricit\u00e9, de gaz, de chaleur et de froid, d\u2019eau et d\u2019assainissement, de communications num\u00e9riques, de valorisation des d\u00e9chets, que ces services soient d\u00e9l\u00e9gu\u00e9s (en concession) ou g\u00e9r\u00e9s directement (en r\u00e9gie).&nbsp;<\/p>\n\n\n\n<p><strong>Ademe&nbsp;<\/strong><\/p>\n\n\n\n<p>L\u2019Ademe est l\u2019op\u00e9rateur de l\u2019\u00c9tat pour accompagner la transition \u00e9cologique et \u00e9nerg\u00e9tique du pays. Actrice du d\u00e9veloppement durable, elle participe \u00e0 la mise en \u0153uvre des politiques publiques en mati\u00e8re d&rsquo;\u00e9nergie et de protection de l&rsquo;environnement. Elle intervient, depuis la recherche jusqu&rsquo;\u00e0 la diffusion de l&rsquo;information dans les domaines de la gestion des d\u00e9chets, la pr\u00e9servation des sols, l&rsquo;efficacit\u00e9 \u00e9nerg\u00e9tique, les \u00e9nergies renouvelables, la lutte contre la pollution de l&rsquo;air et les nuisances sonores.\u00a0<\/p>\n","protected":false},"excerpt":{"rendered":"<p>&nbsp;La France reste en retard sur ses objectifs&nbsp; Malgr\u00e9 une acc\u00e9l\u00e9ration de son rythme depuis 2021, le d\u00e9veloppement des \u00e9nergies renouvelables \u00e9lectriques en France accuse toujours un retard par rapport \u00e0 ses objectifs. Si le photovolta\u00efque arrive \u00e0 raccorder entre 2,5 et 3 GW de puissance suppl\u00e9mentaire chaque ann\u00e9e, l\u2019\u00e9olien ne parvient toujours pas \u00e0 [&hellip;]<\/p>\n","protected":false},"author":41,"featured_media":34752,"comment_status":"open","ping_status":"open","sticky":false,"template":"","format":"standard","meta":{"spay_email":""},"categories":[4,57,2345,2322],"tags":[],"jetpack_featured_media_url":"https:\/\/i1.wp.com\/batimedianews.com\/live\/wp-content\/uploads\/2024\/01\/Enrergies-renouvelables-1.jpg?fit=1513%2C825&ssl=1","jetpack_sharing_enabled":true,"jetpack_likes_enabled":true,"jetpack-related-posts":[{"id":42373,"url":"https:\/\/batimedianews.com\/live\/index.php\/2025\/01\/27\/barometre-2024-de-lelectricite-renouvelable-en-france\/","url_meta":{"origin":34748,"position":0},"title":"Barom\u00e8tre 2024 de l\u2019\u00e9lectricit\u00e9 renouvelable en France","date":"27 janvier 2025","format":false,"excerpt":"\u00a0Une bonne ann\u00e9e 2024 essentiellement port\u00e9e par le photovolta\u00efque\u00a0 Jamais la production d\u2019\u00e9lectricit\u00e9 renouvelable n\u2019aura \u00e9t\u00e9 aussi forte en France et jamais la puissance raccord\u00e9e n\u2019aura autant progress\u00e9 qu\u2019en 2024. Si les chiffres traduisent une avanc\u00e9e remarquable, l\u2019essor des fili\u00e8res \u00e9lectriques renouvelables se r\u00e9sume n\u00e9anmoins cette ann\u00e9e au seul secteur\u2026","rel":"","context":"Dans &quot;Actualit\u00e9 Entreprises&quot;","img":{"alt_text":"","src":"https:\/\/i0.wp.com\/batimedianews.com\/live\/wp-content\/uploads\/2025\/01\/FNCCR.jpg?fit=825%2C825&ssl=1&resize=350%2C200","width":350,"height":200},"classes":[]},{"id":29183,"url":"https:\/\/batimedianews.com\/live\/index.php\/2023\/06\/11\/felix-grolman-devient-le-nouveau-ceo-du-groupe-vsb\/","url_meta":{"origin":34748,"position":1},"title":"F\u00e9lix Grolman devient le nouveau CEO du groupe VSB","date":"11 juin 2023","format":false,"excerpt":"Dresde, 7 juin 2023 - VSB, le d\u00e9veloppeur europ\u00e9en de projets d'\u00e9nergie \u00e9olienne et photovolta\u00efque, annonce un changement dans la direction du groupe : \u00e0 partir du 1er juillet 2023, Felix Grolman, un cadre exp\u00e9riment\u00e9 et au profil international cumulant de nombreuses ann\u00e9es d'exp\u00e9rience dans le secteur des \u00e9nergies renouvelables,\u2026","rel":"","context":"Dans &quot;Actualit\u00e9 Entreprises&quot;","img":{"alt_text":"","src":"https:\/\/i0.wp.com\/batimedianews.com\/live\/wp-content\/uploads\/2023\/06\/vsb-e1686479783200.png?fit=1000%2C667&ssl=1&resize=350%2C200","width":350,"height":200},"classes":[]},{"id":37760,"url":"https:\/\/batimedianews.com\/live\/index.php\/2024\/05\/30\/en-espagne-un-parc-photovoltaique-mise-sur-agriculture-et-biodiversite-pour-alimenter-en-energie-renouvelable-le-groupe-velux\/","url_meta":{"origin":34748,"position":2},"title":"En Espagne, un parc photovolta\u00efque mise sur agriculture et biodiversit\u00e9 pour alimenter en \u00e9nergie renouvelable le groupe VELUX","date":"30 mai 2024","format":false,"excerpt":"Un grand parc solaire d\u00e9velopp\u00e9 pour le groupe VELUX afin de r\u00e9pondre \u00e0 ses besoins en \u00e9nergie renouvelable en Europe est d\u00e9sormais pleinement op\u00e9rationnel et connect\u00e9 au r\u00e9seau \u00e9lectrique local en Espagne. Le parc photovolta\u00efque (PV) de 54 MWc int\u00e8gre la production d'\u00e9lectricit\u00e9 renouvelable, l'agriculture et la biodiversit\u00e9. Il s'agit\u2026","rel":"","context":"Dans &quot;Actualit\u00e9 Entreprises&quot;","img":{"alt_text":"","src":"https:\/\/i2.wp.com\/batimedianews.com\/live\/wp-content\/uploads\/2024\/05\/Velux.jpg?fit=825%2C825&ssl=1&resize=350%2C200","width":350,"height":200},"classes":[]},{"id":29550,"url":"https:\/\/batimedianews.com\/live\/index.php\/2023\/06\/21\/chaleur-solaire-accelerer-et-simplifier-pour-concretiser-un-marche-en-gw-dici-2030\/","url_meta":{"origin":34748,"position":3},"title":"Chaleur solaire : acc\u00e9l\u00e9rer et simplifier pour concr\u00e9tiser un march\u00e9 en GW d\u2019ici 2030","date":"21 juin 2023","format":false,"excerpt":"Les Etats G\u00e9n\u00e9raux de la Chaleur Solaire, dont la 10e \u00e9dition se d\u00e9roule ce 20 juin \u00e0 Strasbourg, vont permettre de d\u00e9voiler les chiffres 2022 d\u2019un march\u00e9 en nette croissance, les objectifs et la feuille de route de la fili\u00e8re pour 2030\u00a0 Apr\u00e8s avoir renou\u00e9 avec la croissance en 2021,\u2026","rel":"","context":"Dans &quot;Actualit\u00e9 Entreprises&quot;","img":{"alt_text":"","src":"https:\/\/i0.wp.com\/batimedianews.com\/live\/wp-content\/uploads\/2023\/06\/enerplan.jpg?fit=1200%2C1200&ssl=1&resize=350%2C200","width":350,"height":200},"classes":[]},{"id":16805,"url":"https:\/\/batimedianews.com\/live\/index.php\/2022\/03\/04\/engie-green-et-alkern-signent-un-partenariat-pour-developper-30-mwc-de-projets-solaires\/","url_meta":{"origin":34748,"position":4},"title":"ENGIE Green et ALKERN signent un partenariat pour d\u00e9velopper 30 MWc de projets solaires","date":"4 mars 2022","format":false,"excerpt":"ALKERN, n\u00b01 des produits pr\u00e9fabriqu\u00e9s b\u00e9ton, a choisi ENGIE Green pour concevoir des centrales solaires en ombri\u00e8res qui abriteront les zones de stockage d\u2019une s\u00e9lection de ses sites de production en France. Une surface globale d\u2019environ 150 000 m2 sera ainsi valoris\u00e9e en installations d\u2019\u00e9nergie renouvelable dont la production \u00e9lectrique\u2026","rel":"","context":"Dans &quot;Actualit\u00e9 Entreprises&quot;","img":{"alt_text":"","src":"https:\/\/i0.wp.com\/batimedianews.com\/live\/wp-content\/uploads\/2022\/03\/Alkern-Article.jpg?fit=512%2C512&ssl=1&resize=350%2C200","width":350,"height":200},"classes":[]},{"id":30480,"url":"https:\/\/batimedianews.com\/live\/index.php\/2023\/08\/09\/octopus-energy-annonce-investir-20-milliards-de-dollars-dans-leolien-offshore-dici-a-2030\/","url_meta":{"origin":34748,"position":5},"title":"Octopus Energy annonce investir 20 milliards de dollars dans l&rsquo;\u00e9olien offshore d&rsquo;ici \u00e0 2030","date":"9 ao\u00fbt 2023","format":false,"excerpt":"\u25cf Cet investissement permettra de produire de l'\u00e9nergie \u00e9olienne pour plus de 10 millions de foyers dans le monde.\u25cf De nouveaux moyens de production d\u2019\u00e9nergie qui permettront d\u2019acc\u00e9l\u00e9rer la transition \u00e9nerg\u00e9tique, de renforcer la s\u00e9curit\u00e9 \u00e9nerg\u00e9tique mais \u00e9galement de r\u00e9duire les factures des consommateurs. Paris, le 2 ao\u00fbt 2023 -\u2026","rel":"","context":"Dans &quot;Actualit\u00e9 Entreprises&quot;","img":{"alt_text":"","src":"https:\/\/i2.wp.com\/batimedianews.com\/live\/wp-content\/uploads\/2023\/08\/OctopusEnergy-Article.jpeg?fit=818%2C818&ssl=1&resize=350%2C200","width":350,"height":200},"classes":[]}],"_links":{"self":[{"href":"https:\/\/batimedianews.com\/live\/index.php\/wp-json\/wp\/v2\/posts\/34748"}],"collection":[{"href":"https:\/\/batimedianews.com\/live\/index.php\/wp-json\/wp\/v2\/posts"}],"about":[{"href":"https:\/\/batimedianews.com\/live\/index.php\/wp-json\/wp\/v2\/types\/post"}],"author":[{"embeddable":true,"href":"https:\/\/batimedianews.com\/live\/index.php\/wp-json\/wp\/v2\/users\/41"}],"replies":[{"embeddable":true,"href":"https:\/\/batimedianews.com\/live\/index.php\/wp-json\/wp\/v2\/comments?post=34748"}],"version-history":[{"count":4,"href":"https:\/\/batimedianews.com\/live\/index.php\/wp-json\/wp\/v2\/posts\/34748\/revisions"}],"predecessor-version":[{"id":34773,"href":"https:\/\/batimedianews.com\/live\/index.php\/wp-json\/wp\/v2\/posts\/34748\/revisions\/34773"}],"wp:featuredmedia":[{"embeddable":true,"href":"https:\/\/batimedianews.com\/live\/index.php\/wp-json\/wp\/v2\/media\/34752"}],"wp:attachment":[{"href":"https:\/\/batimedianews.com\/live\/index.php\/wp-json\/wp\/v2\/media?parent=34748"}],"wp:term":[{"taxonomy":"category","embeddable":true,"href":"https:\/\/batimedianews.com\/live\/index.php\/wp-json\/wp\/v2\/categories?post=34748"},{"taxonomy":"post_tag","embeddable":true,"href":"https:\/\/batimedianews.com\/live\/index.php\/wp-json\/wp\/v2\/tags?post=34748"}],"curies":[{"name":"wp","href":"https:\/\/api.w.org\/{rel}","templated":true}]}}