{"id":3499,"date":"2019-11-11T18:45:07","date_gmt":"2019-11-11T17:45:07","guid":{"rendered":"http:\/\/batimedianews.com\/live\/?p=3499"},"modified":"2021-10-20T13:00:12","modified_gmt":"2021-10-20T11:00:12","slug":"groupe-ayor-demonstration-du-fixoplac","status":"publish","type":"post","link":"https:\/\/batimedianews.com\/live\/index.php\/2019\/11\/11\/groupe-ayor-demonstration-du-fixoplac\/","title":{"rendered":"Groupe Ayor D\u00e9monstration du Fixoplac"},"content":{"rendered":"\n<figure class=\"wp-block-embed-youtube wp-block-embed is-type-video is-provider-youtube wp-embed-aspect-16-9 wp-has-aspect-ratio\"><div class=\"wp-block-embed__wrapper\">\n<div class=\"jetpack-video-wrapper\"><iframe loading=\"lazy\" title=\"Groupe Ayor D\u00e9monstration du Fixoplac\" width=\"720\" height=\"405\" src=\"https:\/\/www.youtube.com\/embed\/M347mS6ukfY?feature=oembed\" frameborder=\"0\" allow=\"accelerometer; autoplay; clipboard-write; encrypted-media; gyroscope; picture-in-picture\" allowfullscreen><\/iframe><\/div>\n<\/div><\/figure>\n","protected":false},"excerpt":{"rendered":"","protected":false},"author":1,"featured_media":0,"comment_status":"open","ping_status":"open","sticky":false,"template":"","format":"video","meta":{"spay_email":""},"categories":[142,571,84,580],"tags":[],"jetpack_featured_media_url":"","jetpack_sharing_enabled":true,"jetpack_likes_enabled":true,"jetpack-related-posts":[{"id":3497,"url":"https:\/\/batimedianews.com\/live\/index.php\/2019\/11\/11\/groupe-ayor-demonstration-douche-elmer\/","url_meta":{"origin":3499,"position":0},"title":"Groupe Ayor &#8211; D\u00e9monstration Douche Elmer","date":"11 novembre 2019","format":"video","excerpt":"https:\/\/youtu.be\/jU650ekTSao","rel":"","context":"Dans &quot;Douches&quot;","img":{"alt_text":"","src":"https:\/\/i1.wp.com\/img.youtube.com\/vi\/jU650ekTSao\/0.jpg?resize=350%2C200","width":350,"height":200},"classes":[]},{"id":3495,"url":"https:\/\/batimedianews.com\/live\/index.php\/2019\/11\/11\/presentation-des-marques-du-groupe-ayor-avec-patrice-crosnier\/","url_meta":{"origin":3499,"position":1},"title":"Pr\u00e9sentation des marques du Groupe Ayor avec Patrice Crosnier","date":"11 novembre 2019","format":"video","excerpt":"https:\/\/youtu.be\/hlKgHo4g70o","rel":"","context":"Dans &quot;Actualit\u00e9 Entreprises&quot;","img":{"alt_text":"","src":"https:\/\/i2.wp.com\/img.youtube.com\/vi\/hlKgHo4g70o\/0.jpg?resize=350%2C200","width":350,"height":200},"classes":[]},{"id":3402,"url":"https:\/\/batimedianews.com\/live\/index.php\/2019\/11\/04\/kinedo-demonstration-de-montage\/","url_meta":{"origin":3499,"position":2},"title":"Kinedo , d\u00e9monstration de montage PAROIS SMART DESIGN","date":"4 novembre 2019","format":"video","excerpt":"https:\/\/youtu.be\/WYQZ-RhZ8hA","rel":"","context":"Dans &quot;Id\u00e9obain&quot;","img":{"alt_text":"","src":"https:\/\/i1.wp.com\/img.youtube.com\/vi\/WYQZ-RhZ8hA\/0.jpg?resize=350%2C200","width":350,"height":200},"classes":[]},{"id":23995,"url":"https:\/\/batimedianews.com\/live\/index.php\/2022\/10\/05\/burgbad-au-mondial-du-batiment\/","url_meta":{"origin":3499,"position":3},"title":"Burgbad au Mondial du b\u00e2timent","date":"5 octobre 2022","format":false,"excerpt":"https:\/\/youtu.be\/C1NjxwC8qLs http:\/\/batimedianews.com\/live\/index.php\/2022\/09\/27\/invitation-03-au-06-octobre-burgbad-a-ideobain\/","rel":"","context":"Dans &quot;Fil d'actu Id\u00e9oBains 2022&quot;","img":{"alt_text":"","src":"https:\/\/i2.wp.com\/batimedianews.com\/live\/wp-content\/uploads\/2022\/10\/Burgbad.jpg?fit=1080%2C1080&ssl=1&resize=350%2C200","width":350,"height":200},"classes":[]},{"id":13313,"url":"https:\/\/batimedianews.com\/live\/index.php\/2021\/10\/22\/demonstration-live-artibat-2021-xella-et-siporex\/","url_meta":{"origin":3499,"position":4},"title":"DEMONSTRATION LIVE ARTIBAT 2021: XELLA et SIPOREX","date":"22 octobre 2021","format":false,"excerpt":"Batim\u00e9dia vous propose une information professionnelle en direct des fabricants. Nous avons r\u00e9alis\u00e9 une vid\u00e9o d\u00e9monstration live sur le stand de XELLA Nous vous remercions de votre \u00e9coute. Pour suivre notre fil d\u2019actualit\u00e9\u00a0 http:\/\/www.batimedialive.com \u00a0http:\/\/www.batimedianews.com\u00a0 Chaine batimedialive :\u00a0https:\/\/www.youtube.com\/playlist?list=PLg80m-0ZHETfo-qzvjx3J88wU3tKk6ywA Le groupe Xella, qui poss\u00e8de son propre centre de Recherche et D\u00e9veloppement,\u2026","rel":"","context":"Dans &quot;Artibat 2021&quot;","img":{"alt_text":"","src":"https:\/\/i0.wp.com\/batimedianews.com\/live\/wp-content\/uploads\/2021\/10\/xella_image.jpg?fit=1080%2C1080&ssl=1&resize=350%2C200","width":350,"height":200},"classes":[]},{"id":3456,"url":"https:\/\/batimedianews.com\/live\/index.php\/2019\/11\/06\/bwt-solutec\/","url_meta":{"origin":3499,"position":5},"title":"BWT Solutec","date":"6 novembre 2019","format":"video","excerpt":"https:\/\/youtu.be\/zt37D70W3mo","rel":"","context":"Dans &quot;Actualit\u00e9 Entreprises&quot;","img":{"alt_text":"","src":"https:\/\/i2.wp.com\/img.youtube.com\/vi\/zt37D70W3mo\/0.jpg?resize=350%2C200","width":350,"height":200},"classes":[]}],"_links":{"self":[{"href":"https:\/\/batimedianews.com\/live\/index.php\/wp-json\/wp\/v2\/posts\/3499"}],"collection":[{"href":"https:\/\/batimedianews.com\/live\/index.php\/wp-json\/wp\/v2\/posts"}],"about":[{"href":"https:\/\/batimedianews.com\/live\/index.php\/wp-json\/wp\/v2\/types\/post"}],"author":[{"embeddable":true,"href":"https:\/\/batimedianews.com\/live\/index.php\/wp-json\/wp\/v2\/users\/1"}],"replies":[{"embeddable":true,"href":"https:\/\/batimedianews.com\/live\/index.php\/wp-json\/wp\/v2\/comments?post=3499"}],"version-history":[{"count":1,"href":"https:\/\/batimedianews.com\/live\/index.php\/wp-json\/wp\/v2\/posts\/3499\/revisions"}],"predecessor-version":[{"id":3500,"href":"https:\/\/batimedianews.com\/live\/index.php\/wp-json\/wp\/v2\/posts\/3499\/revisions\/3500"}],"wp:attachment":[{"href":"https:\/\/batimedianews.com\/live\/index.php\/wp-json\/wp\/v2\/media?parent=3499"}],"wp:term":[{"taxonomy":"category","embeddable":true,"href":"https:\/\/batimedianews.com\/live\/index.php\/wp-json\/wp\/v2\/categories?post=3499"},{"taxonomy":"post_tag","embeddable":true,"href":"https:\/\/batimedianews.com\/live\/index.php\/wp-json\/wp\/v2\/tags?post=3499"}],"curies":[{"name":"wp","href":"https:\/\/api.w.org\/{rel}","templated":true}]}}