{"id":35102,"date":"2024-02-12T14:10:26","date_gmt":"2024-02-12T13:10:26","guid":{"rendered":"http:\/\/batimedianews.com\/live\/?p=35102"},"modified":"2024-06-04T14:13:56","modified_gmt":"2024-06-04T12:13:56","slug":"la-construction-metallique-une-dynamique-soutenue-par-les-ouvrages-dart-les-batiments-industriels-et-commerciaux","status":"publish","type":"post","link":"https:\/\/batimedianews.com\/live\/index.php\/2024\/02\/12\/la-construction-metallique-une-dynamique-soutenue-par-les-ouvrages-dart-les-batiments-industriels-et-commerciaux\/","title":{"rendered":"La construction m\u00e9tallique, une dynamique soutenue par les ouvrages d\u2019art, les b\u00e2timents industriels et commerciaux"},"content":{"rendered":"\n<figure class=\"wp-block-image size-full\"><img loading=\"lazy\" width=\"720\" height=\"322\" src=\"https:\/\/i0.wp.com\/batimedianews.com\/live\/wp-content\/uploads\/2024\/02\/image-50.png?resize=720%2C322\" alt=\"\" class=\"wp-image-35103\" srcset=\"https:\/\/i0.wp.com\/batimedianews.com\/live\/wp-content\/uploads\/2024\/02\/image-50.png?w=1222&amp;ssl=1 1222w, https:\/\/i0.wp.com\/batimedianews.com\/live\/wp-content\/uploads\/2024\/02\/image-50.png?resize=768%2C343&amp;ssl=1 768w, https:\/\/i0.wp.com\/batimedianews.com\/live\/wp-content\/uploads\/2024\/02\/image-50.png?resize=432%2C193&amp;ssl=1 432w, https:\/\/i0.wp.com\/batimedianews.com\/live\/wp-content\/uploads\/2024\/02\/image-50.png?resize=396%2C177&amp;ssl=1 396w, https:\/\/i0.wp.com\/batimedianews.com\/live\/wp-content\/uploads\/2024\/02\/image-50.png?resize=1120%2C500&amp;ssl=1 1120w, https:\/\/i0.wp.com\/batimedianews.com\/live\/wp-content\/uploads\/2024\/02\/image-50.png?resize=660%2C295&amp;ssl=1 660w\" sizes=\"(max-width: 600px) 91vw, (max-width: 900px) 600px, (max-width: 1060px) 50vw, (max-width: 1200px) 520px, (max-width: 1400px) 43vw, 600px\" data-recalc-dims=\"1\" \/><figcaption>Doc SCMF<\/figcaption><\/figure>\n\n\n\n<p class=\"has-text-color\" style=\"color:#04aff8;font-size:35px\">Conjoncture et activit\u00e9 des constructeurs m\u00e9talliques&nbsp;<\/p>\n\n\n\n<div class=\"wp-block-media-text alignwide is-stacked-on-mobile\" style=\"grid-template-columns:18% auto\"><figure class=\"wp-block-media-text__media\"><img loading=\"lazy\" width=\"302\" height=\"434\" src=\"https:\/\/i2.wp.com\/batimedianews.com\/live\/wp-content\/uploads\/2024\/02\/image-51.png?resize=302%2C434\" alt=\"\" class=\"wp-image-35104 size-full\" srcset=\"https:\/\/i2.wp.com\/batimedianews.com\/live\/wp-content\/uploads\/2024\/02\/image-51.png?w=302&amp;ssl=1 302w, https:\/\/i2.wp.com\/batimedianews.com\/live\/wp-content\/uploads\/2024\/02\/image-51.png?resize=768%2C1103&amp;ssl=1 768w\" sizes=\"(max-width: 600px) 91vw, (max-width: 900px) 600px, (max-width: 1060px) 50vw, (max-width: 1200px) 520px, (max-width: 1400px) 43vw, 600px\" data-recalc-dims=\"1\" \/><\/figure><div class=\"wp-block-media-text__content\">\n<div class=\"wp-block-columns\">\n<div class=\"wp-block-column\" style=\"flex-basis:100%\">\n<div class=\"wp-block-columns\">\n<div class=\"wp-block-column\" style=\"flex-basis:100%\">\n<p class=\"has-normal-font-size\">&nbsp;Un premier bilan des activit\u00e9s 2023 de la construction m\u00e9tallique fran\u00e7aise (25.000 personnes) fait appara\u00eetre des r\u00e9sultats sup\u00e9rieurs \u00e0 l\u2019exercice 2022, avec une croissance attendue de + 3,5 %. Une tendance positive, selon le pr\u00e9sident du SCMF, Roger Briand, qui assure aux constructeurs m\u00e9talliques tricolores de faire face \u00e0 leurs investissements, tant en mati\u00e8re de personnel que de modernisation de leurs outils industriels. Rappelons que les 800 entreprises de construction m\u00e9tallique fran\u00e7aises, pour l\u2019essentiel des PME et des ETI \u00e0 structure familiale, octroient annuellement 10 % de leur activit\u00e9 dans la modernisation de leurs unit\u00e9s de production.&nbsp;<\/p>\n<\/div>\n<\/div>\n<\/div>\n<\/div>\n<\/div><\/div>\n\n\n\n<p>&nbsp;Le chiffre d\u2019affaires 2023 s\u2019\u00e9tablit donc \u00e0 environ 4,3 milliards d\u2019euros, dont 10 % r\u00e9alis\u00e9s \u00e0 l\u2019export, ce qui repr\u00e9sente une production de quelque 780.000 tonnes d\u2019acier. Un secteur d\u2019activit\u00e9 qui se base essentiellement sur de l\u2019investissement priv\u00e9, les sources publiques se faisant plus rares. Par ailleurs, Roger Briand pr\u00e9cise que les constructeurs m\u00e9talliques ont d\u00fb faire face \u00e0 des difficult\u00e9s dans la gestion de leur planning d\u2019activit\u00e9. Les donneurs d\u2019ordres \u00e9tant de plus en plus h\u00e9sitants, les reports de prises de d\u00e9cision ont en effet affect\u00e9 directement la programmation de l\u2019activit\u00e9. Mais Roger Briand pond\u00e8re : \u00ab Toutefois, depuis 3 mois, nous constatons une reprise des dossiers et des lancements de projets, les carnets de commande repr\u00e9sentent aujourd\u2019hui entre 6 mois et 12 mois d\u2019activit\u00e9. Un volume confortable pour aborder sereinement 2024. \u00bb<\/p>\n\n\n\n<p class=\"has-text-color\" style=\"color:#04aef8\">&nbsp;<strong>Activit\u00e9 de la construction m\u00e9tallique par type d\u2019ouvrages&nbsp;<\/strong><\/p>\n\n\n\n<div class=\"wp-block-media-text alignwide is-stacked-on-mobile\" style=\"grid-template-columns:32% auto\"><figure class=\"wp-block-media-text__media\"><img loading=\"lazy\" width=\"670\" height=\"472\" src=\"https:\/\/i0.wp.com\/batimedianews.com\/live\/wp-content\/uploads\/2024\/02\/image-52.png?resize=670%2C472\" alt=\"\" class=\"wp-image-35105 size-full\" srcset=\"https:\/\/i0.wp.com\/batimedianews.com\/live\/wp-content\/uploads\/2024\/02\/image-52.png?w=670&amp;ssl=1 670w, https:\/\/i0.wp.com\/batimedianews.com\/live\/wp-content\/uploads\/2024\/02\/image-52.png?resize=768%2C541&amp;ssl=1 768w, https:\/\/i0.wp.com\/batimedianews.com\/live\/wp-content\/uploads\/2024\/02\/image-52.png?resize=432%2C304&amp;ssl=1 432w, https:\/\/i0.wp.com\/batimedianews.com\/live\/wp-content\/uploads\/2024\/02\/image-52.png?resize=396%2C279&amp;ssl=1 396w, https:\/\/i0.wp.com\/batimedianews.com\/live\/wp-content\/uploads\/2024\/02\/image-52.png?resize=660%2C465&amp;ssl=1 660w\" sizes=\"(max-width: 600px) 91vw, (max-width: 900px) 600px, (max-width: 1060px) 50vw, (max-width: 1200px) 520px, (max-width: 1400px) 43vw, 600px\" data-recalc-dims=\"1\" \/><\/figure><div class=\"wp-block-media-text__content\">\n<p class=\"has-normal-font-size\">&nbsp;Les march\u00e9s de la construction m\u00e9tallique en d\u00e9veloppement sont nombreux. Au premier plan, la construction d\u2019ouvrages d\u2019art tels que les viaducs, les ponts, les passerelles, les gares, avec notamment les ouvrages des lignes de m\u00e9tro 16 et 17 du Grand Paris ont permis de d\u00e9velopper l\u2019activit\u00e9. Une autre part importante de l\u2019activit\u00e9 concerne les b\u00e2timents industriels et commerciaux, avec la r\u00e9industrialisation de la France en toile de fond, m\u00eame s\u2019il est vrai que ce n\u2019est pas l\u2019unique raison. Mentionnons ensuite la construction des ombri\u00e8res et des supports de centrales photovolta\u00efques, repr\u00e9sentant un march\u00e9 devenu tr\u00e8s dynamique, sans compter sur la r\u00e9habilitation d\u2019ouvrages m\u00e9talliques existants, qui se d\u00e9veloppe \u00e9galement. A ce titre, pr\u00e9cisons que la construction m\u00e9tallique s\u2019av\u00e8re particuli\u00e8rement bien adapt\u00e9e pour les march\u00e9s de r\u00e9novation et r\u00e9habilitation.&nbsp;<\/p>\n<\/div><\/div>\n\n\n\n<div class=\"wp-block-columns\">\n<div class=\"wp-block-column\">\n<p class=\"has-text-color\" style=\"color:#03aff9\"><strong>Evolution des affaires conclues&nbsp;<\/strong><\/p>\n\n\n\n<figure class=\"wp-block-image size-full\"><img loading=\"lazy\" width=\"720\" height=\"545\" src=\"https:\/\/i1.wp.com\/batimedianews.com\/live\/wp-content\/uploads\/2024\/02\/image-53.png?resize=720%2C545\" alt=\"\" class=\"wp-image-35106\" srcset=\"https:\/\/i1.wp.com\/batimedianews.com\/live\/wp-content\/uploads\/2024\/02\/image-53.png?w=772&amp;ssl=1 772w, https:\/\/i1.wp.com\/batimedianews.com\/live\/wp-content\/uploads\/2024\/02\/image-53.png?resize=768%2C580&amp;ssl=1 768w, https:\/\/i1.wp.com\/batimedianews.com\/live\/wp-content\/uploads\/2024\/02\/image-53.png?resize=432%2C327&amp;ssl=1 432w, https:\/\/i1.wp.com\/batimedianews.com\/live\/wp-content\/uploads\/2024\/02\/image-53.png?resize=396%2C300&amp;ssl=1 396w, https:\/\/i1.wp.com\/batimedianews.com\/live\/wp-content\/uploads\/2024\/02\/image-53.png?resize=660%2C499&amp;ssl=1 660w\" sizes=\"(max-width: 600px) 91vw, (max-width: 900px) 600px, (max-width: 1060px) 50vw, (max-width: 1200px) 520px, (max-width: 1400px) 43vw, 600px\" data-recalc-dims=\"1\" \/><figcaption>Doc SCMF<\/figcaption><\/figure>\n\n\n\n<p class=\"has-text-color\" style=\"color:#02aff9\"><strong>Evolution des effectifs&nbsp;<\/strong><\/p>\n\n\n\n<figure class=\"wp-block-image size-full\"><img loading=\"lazy\" width=\"720\" height=\"265\" src=\"https:\/\/i2.wp.com\/batimedianews.com\/live\/wp-content\/uploads\/2024\/02\/image-54.png?resize=720%2C265\" alt=\"\" class=\"wp-image-35107\" srcset=\"https:\/\/i2.wp.com\/batimedianews.com\/live\/wp-content\/uploads\/2024\/02\/image-54.png?w=772&amp;ssl=1 772w, https:\/\/i2.wp.com\/batimedianews.com\/live\/wp-content\/uploads\/2024\/02\/image-54.png?resize=768%2C282&amp;ssl=1 768w, https:\/\/i2.wp.com\/batimedianews.com\/live\/wp-content\/uploads\/2024\/02\/image-54.png?resize=432%2C159&amp;ssl=1 432w, https:\/\/i2.wp.com\/batimedianews.com\/live\/wp-content\/uploads\/2024\/02\/image-54.png?resize=396%2C146&amp;ssl=1 396w, https:\/\/i2.wp.com\/batimedianews.com\/live\/wp-content\/uploads\/2024\/02\/image-54.png?resize=660%2C243&amp;ssl=1 660w\" sizes=\"(max-width: 600px) 91vw, (max-width: 900px) 600px, (max-width: 1060px) 50vw, (max-width: 1200px) 520px, (max-width: 1400px) 43vw, 600px\" data-recalc-dims=\"1\" \/><figcaption>Doc SCMF<\/figcaption><\/figure>\n\n\n\n<p>Les besoins en recrutement des constructeurs m\u00e9talliques se chiffrent \u00e0 plus de 20 000 emplois sur les 4 ans \u00e0 venir. Le manque de formations pour ces m\u00e9tiers contraint les entrepreneurs \u00e0 d\u00e9velopper des formations internes mais aussi \u00e0 multiplier les contrats d\u2019alternance.&nbsp;<\/p>\n<\/div>\n\n\n\n<div class=\"wp-block-column\">\n<p class=\"has-text-color\" style=\"color:#02adf6\"><strong>Productivit\u00e9&nbsp;<\/strong><\/p>\n\n\n\n<figure class=\"wp-block-image size-full\"><img loading=\"lazy\" width=\"720\" height=\"483\" src=\"https:\/\/i1.wp.com\/batimedianews.com\/live\/wp-content\/uploads\/2024\/02\/image-55.png?resize=720%2C483\" alt=\"\" class=\"wp-image-35108\" srcset=\"https:\/\/i1.wp.com\/batimedianews.com\/live\/wp-content\/uploads\/2024\/02\/image-55.png?w=772&amp;ssl=1 772w, https:\/\/i1.wp.com\/batimedianews.com\/live\/wp-content\/uploads\/2024\/02\/image-55.png?resize=768%2C515&amp;ssl=1 768w, https:\/\/i1.wp.com\/batimedianews.com\/live\/wp-content\/uploads\/2024\/02\/image-55.png?resize=432%2C290&amp;ssl=1 432w, https:\/\/i1.wp.com\/batimedianews.com\/live\/wp-content\/uploads\/2024\/02\/image-55.png?resize=396%2C266&amp;ssl=1 396w, https:\/\/i1.wp.com\/batimedianews.com\/live\/wp-content\/uploads\/2024\/02\/image-55.png?resize=660%2C443&amp;ssl=1 660w\" sizes=\"(max-width: 600px) 91vw, (max-width: 900px) 600px, (max-width: 1060px) 50vw, (max-width: 1200px) 520px, (max-width: 1400px) 43vw, 600px\" data-recalc-dims=\"1\" \/><figcaption>Doc. SCMF \/ Banque de France&nbsp;<\/figcaption><\/figure>\n\n\n\n<p>Le taux d\u2019activit\u00e9 de notre profession s\u2019av\u00e8re \u00e9troitement li\u00e9 \u00e0 l\u2019indice publi\u00e9 par la banque de France du taux d\u2019utilisation des capacit\u00e9s de toutes les productions en France. Roger Briand constate, que, depuis mai 2023, le taux baisse l\u00e9g\u00e8rement pour atteindre en d\u00e9cembre 2023 : 76 %. Si la d\u00e9croissance de ce taux se confirme, l\u2019\u00e9volution de l\u2019activit\u00e9 g\u00e9n\u00e9rale de la profession pourrait \u00eatre impact\u00e9e, sachant que le 1er march\u00e9 des constructeurs m\u00e9talliques concerne les b\u00e2timents industriels (78% de part de march\u00e9).<\/p>\n\n\n\n<p class=\"has-text-color\" style=\"color:#01acf6\"><strong>Evolution des carnets de commande&nbsp;<\/strong><\/p>\n\n\n\n<figure class=\"wp-block-image size-full\"><img loading=\"lazy\" width=\"720\" height=\"377\" src=\"https:\/\/i1.wp.com\/batimedianews.com\/live\/wp-content\/uploads\/2024\/02\/SCMFPhoto7.jpg?resize=720%2C377\" alt=\"\" class=\"wp-image-35109\" srcset=\"https:\/\/i1.wp.com\/batimedianews.com\/live\/wp-content\/uploads\/2024\/02\/SCMFPhoto7.jpg?w=772&amp;ssl=1 772w, https:\/\/i1.wp.com\/batimedianews.com\/live\/wp-content\/uploads\/2024\/02\/SCMFPhoto7.jpg?resize=768%2C401&amp;ssl=1 768w, https:\/\/i1.wp.com\/batimedianews.com\/live\/wp-content\/uploads\/2024\/02\/SCMFPhoto7.jpg?resize=432%2C226&amp;ssl=1 432w, https:\/\/i1.wp.com\/batimedianews.com\/live\/wp-content\/uploads\/2024\/02\/SCMFPhoto7.jpg?resize=396%2C207&amp;ssl=1 396w, https:\/\/i1.wp.com\/batimedianews.com\/live\/wp-content\/uploads\/2024\/02\/SCMFPhoto7.jpg?resize=660%2C345&amp;ssl=1 660w\" sizes=\"(max-width: 600px) 91vw, (max-width: 900px) 600px, (max-width: 1060px) 50vw, (max-width: 1200px) 520px, (max-width: 1400px) 43vw, 600px\" data-recalc-dims=\"1\" \/><figcaption>Doc. SCMF&nbsp;<\/figcaption><\/figure>\n<\/div>\n<\/div>\n\n\n\n<p class=\"has-text-color\" style=\"color:#03aef8;font-size:35px\">Les principaux enjeux de la construction m\u00e9tallique<\/p>\n\n\n\n<div class=\"wp-block-columns\">\n<div class=\"wp-block-column\" style=\"flex-basis:100%\">\n<div class=\"wp-block-columns\">\n<div class=\"wp-block-column\">\n<p><em>Roger Briand en profite \u00e9galement pour faire le point sur les grands enjeux \u00e0 relever pour la construction m\u00e9tallique. \u00ab Comme l\u2019ensemble des secteurs li\u00e9s \u00e0 la construction et \u00e0 l\u2019\u00e9nergie, ce sont l\u2019environnement, la d\u00e9carbonation, l\u2019\u00e9conomie circulaire qui nous conduits \u00e0 innover et concevoir nos constructions \u00e0 travers le prisme des bilans carbone et de l\u2019\u00e9conomie des ressources. De ce fait, nous orientons nos pratiques vers le r\u00e9emploi qui pr\u00e9sente la mani\u00e8re la plus vertueuse pour la construction. \u00bb A ce sujet, Roger Briand rappelle que les constructeurs m\u00e9talliques fran\u00e7ais poss\u00e8dent le mat\u00e9riau le plus irr\u00e9prochable en mati\u00e8re de recyclage et donc d\u2019\u00e9conomie circulaire. Avec 97 % des aciers longs recycl\u00e9s et recyclables cela contribue effectivement \u00e0 la pr\u00e9servation des ressources naturelles. Et Roger Briand de d\u00e9velopper : \u00ab Il faut dire que nous b\u00e9n\u00e9ficions d\u2019un mat\u00e9riau exceptionnel qui est recyclable \u00e0 l\u2019infini tout en conservant ses caract\u00e9ristiques m\u00e9caniques, sans aucune alt\u00e9ration dans le temps.&nbsp;<\/em><\/p>\n<\/div>\n\n\n\n<div class=\"wp-block-column\">\n<p><em>Nos constructions pr\u00e9sentent l\u2019avantage d\u2019\u00eatre facilement d\u00e9montables et remontables, cette propri\u00e9t\u00e9 constitue un atout pour favoriser le r\u00e9emploi. Surtout qu\u2019il s\u2019agit d\u2019une pratique tendant \u00e0 se d\u00e9velopper.&nbsp;<\/em><\/p>\n\n\n\n<p><em>C\u2019est la raison pour laquelle nous venons de d\u00e9poser la premi\u00e8re recommandation professionnelle concernant le r\u00e9emploi de mat\u00e9riaux structurels en acier, un document r\u00e9dig\u00e9 par le Centre technique industriel de la construction m\u00e9tallique (CTICM), qui est le bureau de recherche de la profession. \u00bb Avant de conclure : \u00ab Nous n\u2019avons pas attendu la RE2020, la loi AGEC ou la REP pour nous engager dans une d\u00e9marche d\u2019\u00e9conomie responsable. Parall\u00e8lement, aujourd\u2019hui, le d\u00e9veloppement des aciers bas carbone et demain celui \u00e0 z\u00e9ro \u00e9mission de CO2 gr\u00e2ce \u00e0 l\u2019\u00e9nergie verte place l\u2019acier au premier plan. Les bilans carbone de nos b\u00e2timents se veulent ainsi tr\u00e8s comp\u00e9titifs, ils r\u00e9pondent, d\u2019ores et d\u00e9j\u00e0 aux enjeux environnementaux \u00e0 venir. \u00bb&nbsp;<\/em><\/p>\n<\/div>\n<\/div>\n<\/div>\n<\/div>\n\n\n\n<p class=\"has-text-color\" style=\"color:#02adf6;font-size:35px\">LE SCMF plaide contre le projet d\u2019arr\u00eat\u00e9 modifiant le cahier des charges des eco-organismes&nbsp;<\/p>\n\n\n\n<div class=\"wp-block-columns\">\n<div class=\"wp-block-column\">\n<p><em>Fort du constat que la Direction G\u00e9n\u00e9rale de la Pr\u00e9vention des Risques a d\u00e9but\u00e9 ce mois-ci une consultation visant \u00e0 revoir, pour la fili\u00e8re bois, les modalit\u00e9s de financement de la REP PMCB (produits et mat\u00e9riaux de construction du secteur du b\u00e2timent), Roger Briand d\u00e9plore que l\u2019administration souhaite faire porter, \u00e0 l\u2019ensemble des acteurs des autres produits et mat\u00e9riaux de construction (hormis le b\u00e9ton), une partie des co\u00fbts correspondants aux traitements de ces bois en fin de vie. Roger Briand de d\u00e9tailler : \u00ab Les acteurs de la fili\u00e8re m\u00e9tallique refusent une telle option. Depuis plus d\u2019un si\u00e8cle, les produits et mat\u00e9riaux de la construction m\u00e9tallique sont largement recycl\u00e9s, atteignant aujourd\u2019hui un niveau d\u2019excellence avec plus de 90 % de taux de recyclage (taux reconnu dans le cahier des charges des \u00e9co-organismes). Au regard de l\u2019investissement accompli par notre fili\u00e8re, il va sans dire que nous consid\u00e9rons comme une double peine de devoir financer le verdissement d\u2019activit\u00e9s d\u2019autres secteurs, alors que le m\u00e9tal est d\u00e9j\u00e0 100 % circulaire.&nbsp;<\/em><\/p>\n<\/div>\n\n\n\n<div class=\"wp-block-column\">\n<p><em>Aujourd\u2019hui, nous d\u00e9veloppons le r\u00e9emploi de nos produits et nous portons aussi tous nos efforts et investissements pour d\u00e9carboner au plus vite nos productions d\u2019acier recycl\u00e9, notamment en utilisant des fours \u00e9lectriques aliment\u00e9s par de l\u2019\u00e9nergie verte. Les effets \u00e9conomiques de l\u2019adoption d\u2019une telle mesure auraient pour cons\u00e9quence, une distorsion de concurrence, des impacts plus que significatifs sur tout notre \u00e9cosyst\u00e8me et mettraient en p\u00e9ril nos investissements en cours et notre fili\u00e8re. Aussi, nous consid\u00e9rons l\u00e9gitime d\u2019\u00eatre exempt\u00e9s de ce dispositif, compte-tenu de l\u2019exemplarit\u00e9 de nos activit\u00e9s au regard des objectifs poursuivis par la REP. Nous avons d\u2019ailleurs sollicit\u00e9 \u00e0 ce sujet le Minist\u00e8re de la Transition Ecologique et de la Coh\u00e9sion des Territoires pour une rencontre prochaine.\u00bb<\/em>&nbsp;<\/p>\n<\/div>\n<\/div>\n\n\n\n<p class=\"has-text-color\" style=\"color:#03adf6\"><strong>Exemples de quelques r\u00e9f\u00e9rences de r\u00e9novations r\u00e9alis\u00e9es en construction m\u00e9tallique&nbsp;<\/strong><\/p>\n\n\n\n<ul><li><strong>Viaduc autoroutier d\u2019Autreville (54) par Berthold&nbsp;<\/strong><\/li><\/ul>\n\n\n\n<div class=\"wp-block-columns\">\n<div class=\"wp-block-column\">\n<p>Datant de 1971, ce pont \u00e0 tablier toute largeur d\u2019autoroute rend difficile son remplacement \u00e0 neuf. De plus, l\u2019augmentation importante du trafic et les d\u00e9fauts de conception d\u2019\u00e9poque ont excessivement \u00ab fatigu\u00e9 \u00bb le pont aujourd\u2019hui menac\u00e9. Apr\u00e8s diagnostic et analyse du CEREMA, la DIR Est a octroy\u00e9 le march\u00e9 de r\u00e9paration p\u00e9renne de l\u2019ouvrage \u00e0 hauteur de 32 M\u00a4 au groupement Demathieu \/ Baudin Chateauneuf \/ Berthold. Il s\u2019agit d\u2019une r\u00e9novation exceptionnelle de par son ampleur et par son principe qui combine le r\u00e9emploi de la structure m\u00e9tallique existante avec l\u2019ajout de structures relais neuves. Plus pr\u00e9cis\u00e9ment, il s\u2019agit d\u2019un renforcement de l\u2019existant par le dessous, avec une structure neuve \u00e0 caissons m\u00e9talliques, par le dessus avec une dalle enti\u00e8rement connect\u00e9e en B\u00e9ton Fibr\u00e9 \u00e0 Ultra haute Performance. Et les rives n\u2019ont pas \u00e9t\u00e9 publi\u00e9es avec le remplacement \u00e0 neuf des dispositifs de retenue (nouvelles parties de structure recevant de nouveaux \u00e9quipements de s\u00e9curit\u00e9 aux normes d\u2019aujourd\u2019hui). Outre la remise en peinture compl\u00e8te de l\u2019ossature m\u00e9tallique, les travaux ont consist\u00e9 en la cr\u00e9ation de nouveaux chev\u00eatres b\u00e9ton et m\u00e9tal entre les piles ainsi que d\u2019une nouvelle structure porteuse (4 poutres caissons) install\u00e9e par voie fluviale sous l\u2019ouvrage existant (environ 3.500 tonnes d\u2019acier). Notons aussi l\u2019ajout de renforts sur la structure existante (environ 50 tonnes d\u2019acier) et le transfert de charges de l\u2019ancien sur le nouveau (environ 200 appuis en simultan\u00e9e), comme le remplacement des caissons de rives de l\u2019ouvrage pour mise aux normes des dispositifs de retenue (environ 400 tonnes d\u2019acier).&nbsp;<\/p>\n<\/div>\n\n\n\n<div class=\"wp-block-column\">\n<p>Autres faits marquants de cette r\u00e9f\u00e9rence, le soudage sur la dalle m\u00e9tallique de goujons connecteur (environ 100.000 goujons) comme le coulage d\u2019une dalle de r\u00e9partition en BFUP (pour stopper la progression de la fatigue dans le platelage).&nbsp;<\/p>\n\n\n\n<figure class=\"wp-block-image size-full\"><img loading=\"lazy\" width=\"720\" height=\"387\" src=\"https:\/\/i2.wp.com\/batimedianews.com\/live\/wp-content\/uploads\/2024\/02\/image-56.png?resize=720%2C387\" alt=\"\" class=\"wp-image-35110\" srcset=\"https:\/\/i2.wp.com\/batimedianews.com\/live\/wp-content\/uploads\/2024\/02\/image-56.png?w=770&amp;ssl=1 770w, https:\/\/i2.wp.com\/batimedianews.com\/live\/wp-content\/uploads\/2024\/02\/image-56.png?resize=768%2C412&amp;ssl=1 768w, https:\/\/i2.wp.com\/batimedianews.com\/live\/wp-content\/uploads\/2024\/02\/image-56.png?resize=432%2C232&amp;ssl=1 432w, https:\/\/i2.wp.com\/batimedianews.com\/live\/wp-content\/uploads\/2024\/02\/image-56.png?resize=396%2C213&amp;ssl=1 396w, https:\/\/i2.wp.com\/batimedianews.com\/live\/wp-content\/uploads\/2024\/02\/image-56.png?resize=660%2C355&amp;ssl=1 660w\" sizes=\"(max-width: 600px) 91vw, (max-width: 900px) 600px, (max-width: 1060px) 50vw, (max-width: 1200px) 520px, (max-width: 1400px) 43vw, 600px\" data-recalc-dims=\"1\" \/><figcaption>Doc. SCMF\/Berthold&nbsp;<\/figcaption><\/figure>\n\n\n\n<figure class=\"wp-block-image size-full\"><img loading=\"lazy\" width=\"720\" height=\"228\" src=\"https:\/\/i1.wp.com\/batimedianews.com\/live\/wp-content\/uploads\/2024\/02\/image-57.png?resize=720%2C228\" alt=\"\" class=\"wp-image-35111\" srcset=\"https:\/\/i1.wp.com\/batimedianews.com\/live\/wp-content\/uploads\/2024\/02\/image-57.png?w=770&amp;ssl=1 770w, https:\/\/i1.wp.com\/batimedianews.com\/live\/wp-content\/uploads\/2024\/02\/image-57.png?resize=768%2C243&amp;ssl=1 768w, https:\/\/i1.wp.com\/batimedianews.com\/live\/wp-content\/uploads\/2024\/02\/image-57.png?resize=432%2C137&amp;ssl=1 432w, https:\/\/i1.wp.com\/batimedianews.com\/live\/wp-content\/uploads\/2024\/02\/image-57.png?resize=396%2C125&amp;ssl=1 396w, https:\/\/i1.wp.com\/batimedianews.com\/live\/wp-content\/uploads\/2024\/02\/image-57.png?resize=660%2C209&amp;ssl=1 660w\" sizes=\"(max-width: 600px) 91vw, (max-width: 900px) 600px, (max-width: 1060px) 50vw, (max-width: 1200px) 520px, (max-width: 1400px) 43vw, 600px\" data-recalc-dims=\"1\" \/><figcaption>Doc. SCMF\/Berthold&nbsp;<\/figcaption><\/figure>\n\n\n\n<p><\/p>\n<\/div>\n<\/div>\n\n\n\n<ul><li><strong>R\u00e9novation du Parc des Expositions de B\u00e9ziers (34) par Cabrol&nbsp;<\/strong><\/li><\/ul>\n\n\n\n<div class=\"wp-block-columns\">\n<div class=\"wp-block-column\">\n<p>Afin de s\u2019adapter aux besoins des acteurs \u00e9conomiques locaux, la CCI de l\u2019H\u00e9rault a investi dans la r\u00e9novation et l\u2019extension du Parc des Expositions de B\u00e9ziers (7.200 m2). Un chantier qui s\u2019est d\u00e9compos\u00e9 en plusieurs phases entre : \u00e9tudes, fabrication en atelier, d\u00e9pose de l\u2019existant, montage de la charpente, mise en oeuvre de la couverture et du bardage.&nbsp;<\/p>\n\n\n\n<figure class=\"wp-block-image size-full\"><img loading=\"lazy\" width=\"720\" height=\"174\" src=\"https:\/\/i1.wp.com\/batimedianews.com\/live\/wp-content\/uploads\/2024\/02\/image-58.png?resize=720%2C174\" alt=\"\" class=\"wp-image-35112\" srcset=\"https:\/\/i1.wp.com\/batimedianews.com\/live\/wp-content\/uploads\/2024\/02\/image-58.png?w=878&amp;ssl=1 878w, https:\/\/i1.wp.com\/batimedianews.com\/live\/wp-content\/uploads\/2024\/02\/image-58.png?resize=768%2C185&amp;ssl=1 768w, https:\/\/i1.wp.com\/batimedianews.com\/live\/wp-content\/uploads\/2024\/02\/image-58.png?resize=432%2C104&amp;ssl=1 432w, https:\/\/i1.wp.com\/batimedianews.com\/live\/wp-content\/uploads\/2024\/02\/image-58.png?resize=396%2C96&amp;ssl=1 396w, https:\/\/i1.wp.com\/batimedianews.com\/live\/wp-content\/uploads\/2024\/02\/image-58.png?resize=660%2C159&amp;ssl=1 660w\" sizes=\"(max-width: 600px) 91vw, (max-width: 900px) 600px, (max-width: 1060px) 50vw, (max-width: 1200px) 520px, (max-width: 1400px) 43vw, 600px\" data-recalc-dims=\"1\" \/><figcaption>Doc. SCMF\/CABROL&nbsp;<\/figcaption><\/figure>\n<\/div>\n\n\n\n<div class=\"wp-block-column\">\n<p>La d\u00e9pose du b\u00e2timent existant (1.640 m2 de bardage, 4.000 m2 de couverture, contreventements, pannes et auvents) a devanc\u00e9 les travaux de remplacement des pannes IPE par des pannes galva en Z, mais aussi le renforcement de la charpente existante (36 tonnes) et la remise en peinture.&nbsp;<\/p>\n\n\n\n<p>Notons aussi la cr\u00e9ation de la charpente m\u00e9tallique du hall 4 (25 tonnes), du hall 3 (19 tonnes), d\u2019un atelier (7 tonnes) ainsi que d\u2019un logement gardiens (6 tonnes), tout comme la mise en oeuvre de la nouvelle couverture (4.000 m2) et du bardage (2.100 m2) principalement en panneaux sandwich. Ma\u00eetre d\u2019ouvrage : CCI de l\u2019H\u00e9rault &#8211; Architecte : ID&amp;M \u2013 ARCAN<\/p>\n<\/div>\n<\/div>\n\n\n\n<ul><li><strong>Business resort Paris Pleyel par SMB Constructions M\u00e9talliques&nbsp;<\/strong><\/li><\/ul>\n\n\n\n<div class=\"wp-block-columns\">\n<div class=\"wp-block-column\">\n<p>SMB, filiale de SOPREMA Entreprises, intervient sur le chantier du Business resort Paris Pleyel pour la r\u00e9alisation des structures en acier de l\u2019ouvrage. Un programme d\u2019envergure qui n\u2019a pas laiss\u00e9 place \u00e0 l\u2019improvisation, des \u00e9tudes pouss\u00e9es \u00e0 la logistique chantier, en passant par la mise en oeuvre \u00e0 une hauteur d\u00e9passant les 100 m. Le volet h\u00f4telier (4*) de cet ambitieux complexe, imagin\u00e9 par l\u2019architecte Sretchko Markovic (163 Ateliers), sera livr\u00e9 au printemps 2024, \u00e0 l\u2019aube des Jeux Olympiques de Paris. Il comprend la restructuration lourde et la reconversion de l\u2019embl\u00e9matique tour d\u2019affaires Pleyel, qui accueillera pr\u00e8s de 700 chambres, des espaces de restauration, un bar et une piscine panoramiques au 40e \u00e9tage \u00e0 plus de 130 m de haut. Deux nouveaux b\u00e2timents tertiaires, de plus de 18 000 m2 chacun, sont parall\u00e8lement en cours de construction. Le premier de 6 \u00e9tages, baptis\u00e9 \u00ab Music-Hall \u00bb, est implant\u00e9 au pied de la tour historique. Le second, \u00ab Maestro \u00bb, est une nouvelle tour de 25 \u00e9tages. Le centre de conf\u00e9rences, socle commun \u00e0 ces deux nouveaux immeubles, offrira un espace de r\u00e9ceptions multifonction et modulable de 8 000 m2, capable d\u2019accueillir jusqu\u2019\u00e0 2 500 personnes.&nbsp;<\/p>\n\n\n\n<figure class=\"wp-block-image size-full\"><img loading=\"lazy\" width=\"720\" height=\"342\" src=\"https:\/\/i0.wp.com\/batimedianews.com\/live\/wp-content\/uploads\/2024\/02\/image-59.png?resize=720%2C342\" alt=\"\" class=\"wp-image-35113\" srcset=\"https:\/\/i0.wp.com\/batimedianews.com\/live\/wp-content\/uploads\/2024\/02\/image-59.png?w=766&amp;ssl=1 766w, https:\/\/i0.wp.com\/batimedianews.com\/live\/wp-content\/uploads\/2024\/02\/image-59.png?resize=768%2C364&amp;ssl=1 768w, https:\/\/i0.wp.com\/batimedianews.com\/live\/wp-content\/uploads\/2024\/02\/image-59.png?resize=432%2C205&amp;ssl=1 432w, https:\/\/i0.wp.com\/batimedianews.com\/live\/wp-content\/uploads\/2024\/02\/image-59.png?resize=396%2C188&amp;ssl=1 396w, https:\/\/i0.wp.com\/batimedianews.com\/live\/wp-content\/uploads\/2024\/02\/image-59.png?resize=660%2C314&amp;ssl=1 660w\" sizes=\"(max-width: 600px) 91vw, (max-width: 900px) 600px, (max-width: 1060px) 50vw, (max-width: 1200px) 520px, (max-width: 1400px) 43vw, 600px\" data-recalc-dims=\"1\" \/><figcaption>Doc. SCMF\/SMB Constructions M\u00e9talliques&nbsp;<\/figcaption><\/figure>\n<\/div>\n\n\n\n<div class=\"wp-block-column\">\n<p>Sur la tour Pleyel, 3 niveaux suppl\u00e9mentaires, dont celui d\u00e9di\u00e9 \u00e0 la piscine, ont \u00e9t\u00e9 ajout\u00e9s pour atteindre 41 \u00e9tages au total.&nbsp;<\/p>\n\n\n\n<p>Entre 6 \u00e0 9 compagnons ont mont\u00e9 la coiffe m\u00e9tallique de 250 tonnes entre juillet et d\u00e9cembre 2022. Les conditions d\u2019acc\u00e8s et la hauteur vertigineuse de cette r\u00e9habilitation lourde ont \u00e9t\u00e9 int\u00e9gr\u00e9es d\u00e8s la phase \u00e9tude en r\u00e9duisant le poids et la longueur des \u00e9l\u00e9ments de charpente. Cette nouvelle structure stylis\u00e9e permet l\u2019installation des parois de verre du rooftop offrant une vue imprenable sur Paris. L\u2019ossature porteuse de la tour Maestro de 25 \u00e9tages sort de terre depuis novembre 2022 et devrait s\u2019achever courant 2024. Il s\u2019agit du seul IGH 100 % m\u00e9tallique* en cours de construction actuellement en France. Cet exosquelette \u00e0 l\u2019architecture originale atteint un poids total de pr\u00e8s de 5.000 tonnes. Les caissons m\u00e9talliques formant les diagonales, de 18 \u00e0 20 m de long**, sont reli\u00e9s entre eux par des noeuds en forme de X ou de K. Chacun de ces noeuds repr\u00e9sente une prouesse technique n\u00e9cessitant, jusqu\u2019\u00e0 1.500 heures de fabrication et pr\u00e8s de 600 kg de m\u00e9tal d\u2019apport par pi\u00e8ce pour les plus complexes. La g\u00e9om\u00e9trie complexe de l\u2019ouvrage a impos\u00e9 des tol\u00e9rances de fabrication et de mise en oeuvre proche du millim\u00e8tre. Notons enfin que la charpente poss\u00e8de une finition blanche en \u00e9cho \u00e0 la nouvelle enveloppe en aluminium de la tour.&nbsp;<\/p>\n\n\n\n<p class=\"has-small-font-size\">* Uniquement un noyau b\u00e9ton pour les ascenseurs.&nbsp;<\/p>\n\n\n\n<p class=\"has-small-font-size\">** Section de 800 x 800 mm, reconstitu\u00e9e et soud\u00e9e en t\u00f4les S355 ou S460 allant jusqu\u2019\u00e0 150 mm d\u2019\u00e9paisseur.&nbsp;<\/p>\n\n\n\n<p class=\"has-small-font-size\">D\u00e9veloppeur\/Investisseur &#8211; Ma\u00eetrise d\u2019ouvrage : Pleyel Investissement (filiale de la soci\u00e9t\u00e9 d\u2019assurance vie, install\u00e9e \u00e0 Strasbourg : AFI.ESCA &#8211; Groupe Burrus) &#8211; propri\u00e9taire de l\u2019ensemble&nbsp;<\/p>\n\n\n\n<p class=\"has-small-font-size\">AMO : Financi\u00e8re des Quatre Rives, repr\u00e9sent\u00e9e par Boris LITTY, Directeur G\u00e9n\u00e9ral &#8211; Fondateur &#8211; Groupe Liberg&nbsp;<\/p>\n\n\n\n<p class=\"has-small-font-size\">MOE : Pang\u00e9a Design et Ing\u00e9nierie&nbsp;<\/p>\n\n\n\n<p class=\"has-small-font-size\">Architecte : Sretchko Markovic (163 Ateliers)&nbsp;<\/p>\n\n\n\n<p class=\"has-small-font-size\">Exploitant de l\u2019h\u00f4tel et du centre de conf\u00e9rences : H-Hotels (1er \u00e9tablissement de l\u2019enseigne allemande en France)&nbsp;<\/p>\n\n\n\n<p class=\"has-small-font-size\">Architecte d\u2019int\u00e9rieur de l\u2019h\u00f4tel : Agence Axel Schoenert architectes&nbsp;<\/p>\n\n\n\n<p class=\"has-small-font-size\">Structures en acier : SMB Constructions M\u00e9talliques&nbsp;<\/p>\n<\/div>\n<\/div>\n\n\n\n<ul><li><strong>R\u00e9habilitation de l\u2019immeuble de bureaux Bel\u2019Air \u00e0 Nanterre (92) par Vilquin (Fayat Group)&nbsp;<\/strong><\/li><\/ul>\n\n\n\n<div class=\"wp-block-columns\">\n<div class=\"wp-block-column\">\n<p>Situ\u00e9 au coeur de la ville de Nanterre, l\u2019ancien si\u00e8ge de l\u2019INPI \u00e9tait vacant depuis 2016. Il a \u00e9t\u00e9 int\u00e9gralement d\u00e9pollu\u00e9 et d\u00e9samiant\u00e9 avant d\u2019\u00eatre recycl\u00e9. Le nouveau bureau s\u2019\u00e9tend sur plus de 5.400 m2 r\u00e9partis sur 7 \u00e9tages (comprenant une caf\u00e9t\u00e9ria au rez-de-chauss\u00e9e \u2013 ERP-, un espace collaboratif, un local v\u00e9los, un toit-terrasse, et une terrasse v\u00e9g\u00e9talis\u00e9e de 500 m2) pour un montant de travaux de 14,3 millions d\u2019euros et quelques 125 tonnes d\u2019acier. La structure en b\u00e9ton a \u00e9t\u00e9 en majorit\u00e9 conserv\u00e9e pour la nouvelle construction, ce qui notamment a permis de diminuer le rejet de CO2 de 60 % par rapport \u00e0 une construction neuve ex nihilo (370 tonnes).&nbsp;<\/p>\n\n\n\n<p>C\u00f4t\u00e9 environnemental, l\u2019immeuble BEL\u2019AIR est efficient \u00e9nerg\u00e9tiquement et vise l\u2019obtention de plusieurs certifications et labels (BBC Effinergie R\u00e9novation, HQE\u00ae R\u00e9novation Excellent, BREEAM Very Good et WiredScore Gold). Pr\u00e9cisons que Vilquin a r\u00e9alis\u00e9 la cr\u00e9ation de nouveaux planchers, la conservation des fa\u00e7ades existantes (sauf ajout de profil\u00e9s m\u00e9talliques pour maintien des planchers en portes \u00e0 faux), ainsi que l\u2019ajout d\u2019une sur\u00e9l\u00e9vation (cr\u00e9ation d\u2019un \u00e9tage en plus).&nbsp;<\/p>\n\n\n\n<p>Ma\u00eetre d\u2019ouvrage : NOVAXIA AMO : AMO Environnement IDEAM\/ELAN Architecte : CALQ Architectes&nbsp;<\/p>\n<\/div>\n\n\n\n<div class=\"wp-block-column\">\n<figure class=\"wp-block-image size-large\"><img loading=\"lazy\" width=\"720\" height=\"720\" src=\"https:\/\/i0.wp.com\/batimedianews.com\/live\/wp-content\/uploads\/2024\/02\/image-60.png?resize=720%2C720\" alt=\"\" class=\"wp-image-35114\" srcset=\"https:\/\/i0.wp.com\/batimedianews.com\/live\/wp-content\/uploads\/2024\/02\/image-60.png?resize=1024%2C1024&amp;ssl=1 1024w, https:\/\/i0.wp.com\/batimedianews.com\/live\/wp-content\/uploads\/2024\/02\/image-60.png?resize=600%2C600&amp;ssl=1 600w, https:\/\/i0.wp.com\/batimedianews.com\/live\/wp-content\/uploads\/2024\/02\/image-60.png?resize=300%2C300&amp;ssl=1 300w, https:\/\/i0.wp.com\/batimedianews.com\/live\/wp-content\/uploads\/2024\/02\/image-60.png?resize=1536%2C1536&amp;ssl=1 1536w, https:\/\/i0.wp.com\/batimedianews.com\/live\/wp-content\/uploads\/2024\/02\/image-60.png?resize=2048%2C2048&amp;ssl=1 2048w, https:\/\/i0.wp.com\/batimedianews.com\/live\/wp-content\/uploads\/2024\/02\/image-60.png?resize=10%2C10&amp;ssl=1 10w\" sizes=\"(max-width: 600px) 91vw, (max-width: 900px) 600px, (max-width: 1060px) 50vw, (max-width: 1200px) 520px, (max-width: 1400px) 43vw, 600px\" data-recalc-dims=\"1\" \/><figcaption>Doc. SCMF\/Vilquin\/Fayat Group\/CALQ Architectes\/ Morgane Renou<\/figcaption><\/figure>\n\n\n\n<p><\/p>\n<\/div>\n<\/div>\n","protected":false},"excerpt":{"rendered":"<p>Conjoncture et activit\u00e9 des constructeurs m\u00e9talliques&nbsp; &nbsp;Le chiffre d\u2019affaires 2023 s\u2019\u00e9tablit donc \u00e0 environ 4,3 milliards d\u2019euros, dont 10 % r\u00e9alis\u00e9s \u00e0 l\u2019export, ce qui repr\u00e9sente une production de quelque 780.000 tonnes d\u2019acier. Un secteur d\u2019activit\u00e9 qui se base essentiellement sur de l\u2019investissement priv\u00e9, les sources publiques se faisant plus rares. Par ailleurs, Roger Briand [&hellip;]<\/p>\n","protected":false},"author":41,"featured_media":35116,"comment_status":"open","ping_status":"open","sticky":false,"template":"","format":"standard","meta":{"spay_email":""},"categories":[4,1364,39,70],"tags":[1621,1754],"jetpack_featured_media_url":"https:\/\/i1.wp.com\/batimedianews.com\/live\/wp-content\/uploads\/2024\/02\/SCMF.jpg?fit=1513%2C825&ssl=1","jetpack_sharing_enabled":true,"jetpack_likes_enabled":true,"jetpack-related-posts":[{"id":40014,"url":"https:\/\/batimedianews.com\/live\/index.php\/2024\/09\/26\/awards-de-linnovation-du-mondial-du-batiment-le-cticm-laureat-de-laward-dor-dans-la-categorie-formation-et-services\/","url_meta":{"origin":35102,"position":0},"title":"Awards de l\u2019Innovation du Mondial du B\u00e2timent : le CTICM laur\u00e9at de l\u2019Award d\u2019Or dans la cat\u00e9gorie Formation et Services","date":"26 septembre 2024","format":false,"excerpt":"https:\/\/www.youtube.com\/watch?v=FX2n1nnVCvY R\u00e9cemment mis en ligne sur le site Internet du Centre Technique Industriel de la Construction M\u00e9tallique, le r\u00e9f\u00e9rentiel pour favoriser le r\u00e9emploi de mat\u00e9riaux en acier vient de remporter un Award d\u2019Or aux Awards de l\u2019Innovation du Mondial du B\u00e2timent dans la cat\u00e9gorie Formation et Services. Au-del\u00e0 du r\u00e9f\u00e9rentiel,\u2026","rel":"","context":"Dans &quot;Actualit\u00e9 Entreprises&quot;","img":{"alt_text":"","src":"https:\/\/i1.wp.com\/batimedianews.com\/live\/wp-content\/uploads\/2024\/09\/MCM-articles-.jpg?fit=825%2C825&ssl=1&resize=350%2C200","width":350,"height":200},"classes":[]},{"id":29784,"url":"https:\/\/batimedianews.com\/live\/index.php\/2023\/07\/06\/le-scmf-confirme-la-dynamique-de-la-construction-metallique\/","url_meta":{"origin":35102,"position":1},"title":"LE SCMF confirme la dynamique de la construction m\u00e9tallique","date":"6 juillet 2023","format":false,"excerpt":"Doc. BLOCK Architectes Nantes \/BRIAND\/SCMF Conjoncture et activit\u00e9 des constructeurs m\u00e9talliques L\u2019activit\u00e9 de la construction m\u00e9tallique de France confirme sa dynamique. Force est en effet de constater que l\u2019exercice 2022\/2023 pr\u00e9sente des points positifs notoires. Outre une activit\u00e9 en croissance, de plus de 6 %, avec la mise en oeuvre\u2026","rel":"","context":"Dans &quot;Actualit\u00e9 Entreprises&quot;","img":{"alt_text":"","src":"https:\/\/i1.wp.com\/batimedianews.com\/live\/wp-content\/uploads\/2023\/06\/ConstructionMetallique-Article.jpg?fit=1080%2C1080&ssl=1&resize=350%2C200","width":350,"height":200},"classes":[]},{"id":45700,"url":"https:\/\/batimedianews.com\/live\/index.php\/2025\/06\/30\/le-scmf-syndicat-de-la-construction-metallique-de-france-se-mobilise-pour-la-defense-de-lindustrie-francaise\/","url_meta":{"origin":35102,"position":2},"title":"Le SCMF (Syndicat de la Construction M\u00e9tallique de France) se mobilise pour la d\u00e9fense de l\u2019industrie fran\u00e7aise","date":"30 juin 2025","format":false,"excerpt":"\u00a0Le chef de l\u2019Etat, Emmanuel Macron, a r\u00e9affirm\u00e9 lors de son allocution t\u00e9l\u00e9vis\u00e9e du 13 mai dernier, son ambition d\u2019\u00e9tablir \u00ab une politique qui prot\u00e8ge notre acier \u00bb. Les industriels fran\u00e7ais de la construction m\u00e9tallique, f\u00e9d\u00e9r\u00e9s au sein du Syndicat de la Construction M\u00e9tallique de France (SCMF) saluent cet engagement\u2026","rel":"","context":"Dans &quot;Actualit\u00e9 Entreprises&quot;","img":{"alt_text":"","src":"https:\/\/i1.wp.com\/batimedianews.com\/live\/wp-content\/uploads\/2025\/06\/SCMF.jpg?fit=825%2C825&ssl=1&resize=350%2C200","width":350,"height":200},"classes":[]},{"id":42646,"url":"https:\/\/batimedianews.com\/live\/index.php\/2025\/02\/05\/le-cticm-le-scmf-et-la-maison-de-la-construction-metallique-se-mobilisent-pour-transformer-les-entreprises-de-la-filiere-face-au-defi-de-la-decarbonation\/","url_meta":{"origin":35102,"position":3},"title":"Le CTICM, le SCMF et la Maison de la Construction M\u00e9tallique, se mobilisent pour transformer les entreprises de la fili\u00e8re face au d\u00e9fi de la d\u00e9carbonation","date":"5 f\u00e9vrier 2025","format":false,"excerpt":"Le Centre Technique Industriel de la Construction M\u00e9tallique (CTICM), acteur cl\u00e9 dans la recherche et l'innovation pour la fili\u00e8re m\u00e9tallique, le Syndicat de la Construction M\u00e9tallique de France (SCMF) et la Maison de la Construction M\u00e9tallique (MCM), intensifient leurs efforts pour accompagner le secteur de la construction dans sa transition\u2026","rel":"","context":"Dans &quot;Actualit\u00e9 Entreprises&quot;","img":{"alt_text":"","src":"https:\/\/i1.wp.com\/batimedianews.com\/live\/wp-content\/uploads\/2025\/02\/CTICM-articles-.jpg?fit=825%2C825&ssl=1&resize=350%2C200","width":350,"height":200},"classes":[]},{"id":49339,"url":"https:\/\/batimedianews.com\/live\/index.php\/2026\/02\/19\/le-syndicat-de-la-construction-metallique-de-france-scmf-dresse-son-point-de-conjoncture-annuel-et-organise-la-celebration-de-ses-140-ans\/","url_meta":{"origin":35102,"position":4},"title":"Le Syndicat de la Construction M\u00e9tallique de France (SCMF) dresse son point de conjoncture annuel et organise la c\u00e9l\u00e9bration de ses 140 ans","date":"19 f\u00e9vrier 2026","format":false,"excerpt":"B\u00e2timent prim\u00e9 Prix Versailles 2025, Le Colis\u00e9e \u00e0 Chartres, complexe culturel et sportif (ma\u00eetrise d\u2019ouvrage Chartres M\u00e9tropole, architecte Groupe-6 architectes).\u00a0 Gare de Villejuif Institut Gustave Roussy (ma\u00eetrise d\u2019ouvrage Soci\u00e9t\u00e9 du Grand Paris, Dominique Perrault Architecture).\u00a0 Ch\u00e2teau Lynch-Bages, constructeur SMB Constructions m\u00e9talliques - Chien Chung Pei - Pei Partnership Architects (New\u2026","rel":"","context":"Dans &quot;Actualit\u00e9 Entreprises&quot;","img":{"alt_text":"","src":"https:\/\/i1.wp.com\/batimedianews.com\/live\/wp-content\/uploads\/2026\/02\/1-SCMF-Michel-Denance-scaled.jpg?resize=350%2C200&ssl=1","width":350,"height":200},"classes":[]},{"id":48286,"url":"https:\/\/batimedianews.com\/live\/index.php\/2025\/12\/11\/belle-mobilisation-pour-le-colloque-ambition-france-acier-construction-organise-par-le-scmf\/","url_meta":{"origin":35102,"position":5},"title":"Belle mobilisation pour le Colloque Ambition France Acier Construction organis\u00e9 par le SCMF","date":"11 d\u00e9cembre 2025","format":false,"excerpt":"Herv\u00e9 Gastaud, D\u00e9l\u00e9gu\u00e9 g\u00e9n\u00e9ral du SCMF, Alexandra Emery, pr\u00e9sidente PROPLINK et animatrice du colloque, S\u00e9bastien Martin Ministre d\u00e9l\u00e9gu\u00e9 en charge de l\u2019Industrie, Clarisse Maillet, Pr\u00e9sidente Section Industrie de la CPME et Pr\u00e9sidente CPME 71, Emmanuel de Laage, Pr\u00e9sident du SCMF.\u00a0 Le SCMF (Syndicat de la Construction M\u00e9tallique de France) confirme\u2026","rel":"","context":"Dans &quot;Actualit\u00e9 Entreprises&quot;","img":{"alt_text":"","src":"https:\/\/i2.wp.com\/batimedianews.com\/live\/wp-content\/uploads\/2025\/12\/SCMF.jpg?fit=825%2C825&ssl=1&resize=350%2C200","width":350,"height":200},"classes":[]}],"_links":{"self":[{"href":"https:\/\/batimedianews.com\/live\/index.php\/wp-json\/wp\/v2\/posts\/35102"}],"collection":[{"href":"https:\/\/batimedianews.com\/live\/index.php\/wp-json\/wp\/v2\/posts"}],"about":[{"href":"https:\/\/batimedianews.com\/live\/index.php\/wp-json\/wp\/v2\/types\/post"}],"author":[{"embeddable":true,"href":"https:\/\/batimedianews.com\/live\/index.php\/wp-json\/wp\/v2\/users\/41"}],"replies":[{"embeddable":true,"href":"https:\/\/batimedianews.com\/live\/index.php\/wp-json\/wp\/v2\/comments?post=35102"}],"version-history":[{"count":3,"href":"https:\/\/batimedianews.com\/live\/index.php\/wp-json\/wp\/v2\/posts\/35102\/revisions"}],"predecessor-version":[{"id":35223,"href":"https:\/\/batimedianews.com\/live\/index.php\/wp-json\/wp\/v2\/posts\/35102\/revisions\/35223"}],"wp:featuredmedia":[{"embeddable":true,"href":"https:\/\/batimedianews.com\/live\/index.php\/wp-json\/wp\/v2\/media\/35116"}],"wp:attachment":[{"href":"https:\/\/batimedianews.com\/live\/index.php\/wp-json\/wp\/v2\/media?parent=35102"}],"wp:term":[{"taxonomy":"category","embeddable":true,"href":"https:\/\/batimedianews.com\/live\/index.php\/wp-json\/wp\/v2\/categories?post=35102"},{"taxonomy":"post_tag","embeddable":true,"href":"https:\/\/batimedianews.com\/live\/index.php\/wp-json\/wp\/v2\/tags?post=35102"}],"curies":[{"name":"wp","href":"https:\/\/api.w.org\/{rel}","templated":true}]}}