{"id":35873,"date":"2024-03-05T10:26:07","date_gmt":"2024-03-05T09:26:07","guid":{"rendered":"http:\/\/batimedianews.com\/live\/?p=35873"},"modified":"2024-06-04T14:15:16","modified_gmt":"2024-06-04T12:15:16","slug":"les-catalogues-regionaux-alkern-2024-saccompagnent-dun-florilege-de-nouveautes-pour-reussir-son-amenagement-exterieur","status":"publish","type":"post","link":"https:\/\/batimedianews.com\/live\/index.php\/2024\/03\/05\/les-catalogues-regionaux-alkern-2024-saccompagnent-dun-florilege-de-nouveautes-pour-reussir-son-amenagement-exterieur\/","title":{"rendered":"Les catalogues r\u00e9gionaux Alkern 2024 s\u2019accompagnent d\u2019un floril\u00e8ge de nouveaut\u00e9s pour r\u00e9ussir son am\u00e9nagement ext\u00e9rieur"},"content":{"rendered":"\n<div class=\"wp-block-media-text alignwide has-media-on-the-right is-stacked-on-mobile\" style=\"grid-template-columns:auto 38%\"><figure class=\"wp-block-media-text__media\"><img loading=\"lazy\" width=\"638\" height=\"944\" src=\"https:\/\/i0.wp.com\/batimedianews.com\/live\/wp-content\/uploads\/2024\/03\/image-50.png?resize=638%2C944\" alt=\"\" class=\"wp-image-35874 size-full\" srcset=\"https:\/\/i0.wp.com\/batimedianews.com\/live\/wp-content\/uploads\/2024\/03\/image-50.png?w=638&amp;ssl=1 638w, https:\/\/i0.wp.com\/batimedianews.com\/live\/wp-content\/uploads\/2024\/03\/image-50.png?resize=768%2C1136&amp;ssl=1 768w, https:\/\/i0.wp.com\/batimedianews.com\/live\/wp-content\/uploads\/2024\/03\/image-50.png?resize=432%2C639&amp;ssl=1 432w, https:\/\/i0.wp.com\/batimedianews.com\/live\/wp-content\/uploads\/2024\/03\/image-50.png?resize=396%2C586&amp;ssl=1 396w\" sizes=\"(max-width: 600px) 91vw, (max-width: 900px) 600px, (max-width: 1060px) 50vw, (max-width: 1200px) 520px, (max-width: 1400px) 43vw, 600px\" data-recalc-dims=\"1\" \/><\/figure><div class=\"wp-block-media-text__content\">\n<p>&nbsp;Alkern s\u2019impose tant aupr\u00e8s des professionnels du paysagisme que des particuliers comme un leader incontournable de l\u2019am\u00e9nagement ext\u00e9rieur. Avec une offre riche de plus de 2.500 r\u00e9f\u00e9rences (dalles, pav\u00e9s, margelles, bordures, bordurettes, piliers, fontaines\u2026), 100 % fran\u00e7aises, Alkern poursuit en 2024 sa d\u00e9marche d\u2019\u00e9dition de ses 3 catalogues r\u00e9gionaux, afin de valoriser ses gammes r\u00e9gionales, tout en s\u2019inscrivant au plus proche des envies de cr\u00e9ation d\u2019environnements sublim\u00e9s. En pr\u00f4nant cette offre, avec des r\u00e9f\u00e9rences plus adapt\u00e9es aux styles architecturaux locaux comme aux conditions climatiques, Alkern s\u2019assure \u00e9galement de privil\u00e9gier les circuits courts puisque rappelons que l\u2019industriel dispose de 55 sites de productions sur le territoire national.&nbsp;<\/p>\n\n\n\n<p>Si ces trois nouveaux ouvrages 2024 (Nord-Centre- Est, Sud-Est et Grand-Ouest) affichent la m\u00eame logique d\u2019organisation avec des chapitres d\u00e9volus tour \u00e0 tour au jardin, \u00e0 la piscine, \u00e0 la d\u00e9coration et aux accessoires, pr\u00e9cisons qu\u2019Alkern a impuls\u00e9 un v\u00e9ritable travail sur la qualit\u00e9 des images mises en sc\u00e8ne. Un parti pris qui permet aussi d\u2019exposer la largeur des gammes, l\u2019harmonie des textures et des styles pour que chacun trouve inspiration pour la cr\u00e9ation de son ext\u00e9rieur. Notons, de plus, que ces nouvelles \u00e9ditions se veulent \u00e9galement didactiques et p\u00e9dagogiques, gr\u00e2ce aux pr\u00e9cieux conseils distill\u00e9s dans les pages \u00ab techniques \u00bb, \u00ab mise en oeuvre et entretien \u00bb, mais aussi via l\u2019int\u00e9gration d\u2019une double-page d\u00e9di\u00e9e \u00e0 l\u2019effet alb\u00e9do. Un picto a d\u2019ailleurs \u00e9t\u00e9 cr\u00e9\u00e9 pour retrouver, tout au long des catalogues, les produits Alkern \u00e0 valeur alb\u00e9do, assurant confort de marche et diminution jusqu\u2019\u00e0 5\u00b0C de la temp\u00e9rature ressentie. Mentionnons enfin que l\u2019industriel a aussi souhait\u00e9 renforcer la mise en valeur des nouveaut\u00e9s et qu\u2019elles s\u2019av\u00e8rent d\u2019ailleurs encore plurielles pour 2024, dont voici une s\u00e9lection.&nbsp;<\/p>\n<\/div><\/div>\n\n\n\n<figure class=\"wp-block-gallery columns-3 is-cropped\"><ul class=\"blocks-gallery-grid\"><li class=\"blocks-gallery-item\"><figure><img loading=\"lazy\" width=\"433\" height=\"567\" src=\"https:\/\/i1.wp.com\/batimedianews.com\/live\/wp-content\/uploads\/2024\/03\/2-ALKERN-2024-COUV-GO.jpg?resize=433%2C567\" alt=\"\" data-id=\"35875\" data-full-url=\"https:\/\/i1.wp.com\/batimedianews.com\/live\/wp-content\/uploads\/2024\/03\/2-ALKERN-2024-COUV-GO.jpg?resize=433%2C567\" data-link=\"http:\/\/batimedianews.com\/live\/?attachment_id=35875\" class=\"wp-image-35875\" srcset=\"https:\/\/i1.wp.com\/batimedianews.com\/live\/wp-content\/uploads\/2024\/03\/2-ALKERN-2024-COUV-GO.jpg?w=433&amp;ssl=1 433w, https:\/\/i1.wp.com\/batimedianews.com\/live\/wp-content\/uploads\/2024\/03\/2-ALKERN-2024-COUV-GO.jpg?resize=768%2C1005&amp;ssl=1 768w, https:\/\/i1.wp.com\/batimedianews.com\/live\/wp-content\/uploads\/2024\/03\/2-ALKERN-2024-COUV-GO.jpg?resize=396%2C519&amp;ssl=1 396w\" sizes=\"(max-width: 600px) 91vw, (max-width: 900px) 600px, (max-width: 1060px) 50vw, (max-width: 1200px) 520px, (max-width: 1400px) 43vw, 600px\" data-recalc-dims=\"1\" \/><\/figure><\/li><li class=\"blocks-gallery-item\"><figure><img loading=\"lazy\" width=\"433\" height=\"567\" src=\"https:\/\/i0.wp.com\/batimedianews.com\/live\/wp-content\/uploads\/2024\/03\/3-ALKERN-2024-COUV-NCE.jpg?resize=433%2C567\" alt=\"\" data-id=\"35876\" data-full-url=\"https:\/\/i0.wp.com\/batimedianews.com\/live\/wp-content\/uploads\/2024\/03\/3-ALKERN-2024-COUV-NCE.jpg?resize=433%2C567\" data-link=\"http:\/\/batimedianews.com\/live\/?attachment_id=35876\" class=\"wp-image-35876\" srcset=\"https:\/\/i0.wp.com\/batimedianews.com\/live\/wp-content\/uploads\/2024\/03\/3-ALKERN-2024-COUV-NCE.jpg?w=433&amp;ssl=1 433w, https:\/\/i0.wp.com\/batimedianews.com\/live\/wp-content\/uploads\/2024\/03\/3-ALKERN-2024-COUV-NCE.jpg?resize=768%2C1005&amp;ssl=1 768w, https:\/\/i0.wp.com\/batimedianews.com\/live\/wp-content\/uploads\/2024\/03\/3-ALKERN-2024-COUV-NCE.jpg?resize=396%2C519&amp;ssl=1 396w\" sizes=\"(max-width: 600px) 91vw, (max-width: 900px) 600px, (max-width: 1060px) 50vw, (max-width: 1200px) 520px, (max-width: 1400px) 43vw, 600px\" data-recalc-dims=\"1\" \/><\/figure><\/li><li class=\"blocks-gallery-item\"><figure><img loading=\"lazy\" width=\"433\" height=\"567\" src=\"https:\/\/i2.wp.com\/batimedianews.com\/live\/wp-content\/uploads\/2024\/03\/4-ALKERN-2024-COUV-SE.jpg?resize=433%2C567\" alt=\"\" data-id=\"35877\" data-full-url=\"https:\/\/i2.wp.com\/batimedianews.com\/live\/wp-content\/uploads\/2024\/03\/4-ALKERN-2024-COUV-SE.jpg?resize=433%2C567\" data-link=\"http:\/\/batimedianews.com\/live\/?attachment_id=35877\" class=\"wp-image-35877\" srcset=\"https:\/\/i2.wp.com\/batimedianews.com\/live\/wp-content\/uploads\/2024\/03\/4-ALKERN-2024-COUV-SE.jpg?w=433&amp;ssl=1 433w, https:\/\/i2.wp.com\/batimedianews.com\/live\/wp-content\/uploads\/2024\/03\/4-ALKERN-2024-COUV-SE.jpg?resize=768%2C1005&amp;ssl=1 768w, https:\/\/i2.wp.com\/batimedianews.com\/live\/wp-content\/uploads\/2024\/03\/4-ALKERN-2024-COUV-SE.jpg?resize=396%2C519&amp;ssl=1 396w\" sizes=\"(max-width: 600px) 91vw, (max-width: 900px) 600px, (max-width: 1060px) 50vw, (max-width: 1200px) 520px, (max-width: 1400px) 43vw, 600px\" data-recalc-dims=\"1\" \/><\/figure><\/li><\/ul><figcaption class=\"blocks-gallery-caption\">&nbsp;Diff\u00e9renciantes des autres ann\u00e9es, les couvertures 2024 des catalogues r\u00e9gionaux Alkern mettent en avant le secteur pav\u00e9 et la nouveaut\u00e9, le pav\u00e9 Signature.&nbsp;<\/figcaption><\/figure>\n\n\n\n<p class=\"has-text-color\" style=\"color:#59b503\"><strong>Mises en lumi\u00e8re des nouveaut\u00e9s Alkern 2024&nbsp;<\/strong><\/p>\n\n\n\n<div class=\"wp-block-media-text alignwide has-media-on-the-right is-stacked-on-mobile\" style=\"grid-template-columns:auto 39%\"><figure class=\"wp-block-media-text__media\"><img loading=\"lazy\" width=\"720\" height=\"720\" src=\"https:\/\/i1.wp.com\/batimedianews.com\/live\/wp-content\/uploads\/2024\/03\/7-ALKERN-rustique-bullee-ambiance-scaled.jpg?resize=720%2C720\" alt=\"\" class=\"wp-image-35878 size-full\" srcset=\"https:\/\/i1.wp.com\/batimedianews.com\/live\/wp-content\/uploads\/2024\/03\/7-ALKERN-rustique-bullee-ambiance-scaled.jpg?w=2560&amp;ssl=1 2560w, https:\/\/i1.wp.com\/batimedianews.com\/live\/wp-content\/uploads\/2024\/03\/7-ALKERN-rustique-bullee-ambiance-scaled.jpg?resize=600%2C600&amp;ssl=1 600w, https:\/\/i1.wp.com\/batimedianews.com\/live\/wp-content\/uploads\/2024\/03\/7-ALKERN-rustique-bullee-ambiance-scaled.jpg?resize=1024%2C1024&amp;ssl=1 1024w, https:\/\/i1.wp.com\/batimedianews.com\/live\/wp-content\/uploads\/2024\/03\/7-ALKERN-rustique-bullee-ambiance-scaled.jpg?resize=300%2C300&amp;ssl=1 300w, https:\/\/i1.wp.com\/batimedianews.com\/live\/wp-content\/uploads\/2024\/03\/7-ALKERN-rustique-bullee-ambiance-scaled.jpg?resize=1536%2C1536&amp;ssl=1 1536w, https:\/\/i1.wp.com\/batimedianews.com\/live\/wp-content\/uploads\/2024\/03\/7-ALKERN-rustique-bullee-ambiance-scaled.jpg?resize=2048%2C2048&amp;ssl=1 2048w, https:\/\/i1.wp.com\/batimedianews.com\/live\/wp-content\/uploads\/2024\/03\/7-ALKERN-rustique-bullee-ambiance-scaled.jpg?resize=10%2C10&amp;ssl=1 10w, https:\/\/i1.wp.com\/batimedianews.com\/live\/wp-content\/uploads\/2024\/03\/7-ALKERN-rustique-bullee-ambiance-scaled.jpg?w=1440 1440w, https:\/\/i1.wp.com\/batimedianews.com\/live\/wp-content\/uploads\/2024\/03\/7-ALKERN-rustique-bullee-ambiance-scaled.jpg?w=2160 2160w\" sizes=\"(max-width: 600px) 91vw, (max-width: 900px) 600px, (max-width: 1060px) 50vw, (max-width: 1200px) 520px, (max-width: 1400px) 43vw, 600px\" data-recalc-dims=\"1\" \/><\/figure><div class=\"wp-block-media-text__content\">\n<p class=\"has-normal-font-size\">Les dalles \u00ab Rustique Bull\u00e9e \u00bb T7, pour usage pi\u00e9tonnier privatif, ont \u00e9t\u00e9 d\u00e9velopp\u00e9es afin de s\u2019adapter \u00e0 tous les styles gr\u00e2ce justement \u00e0 leur effet bull\u00e9. Propos\u00e9es en formats de 50 x 50 x 3,6 cm et 40 x 40 x 3,6 cm, elles se d\u00e9clinent en Ton pierre nuanc\u00e9 et gris nuanc\u00e9. Pr\u00e9cisons qu\u2019elles affichent une diminution de 23 % du poids par dalle (vs l\u2019\u00e9paisseur en 4,5 cm en casse T7 en format 50 x 50 cm) et qu\u2019elles se posent indiff\u00e9remment sur plots, sur sable ou bien encore sur gravillons. Anti-d\u00e9rapantes, ces dalles s\u2019av\u00e8rent aussi r\u00e9sistantes au gel. Prix public indicatif \u00e0 partir de 37,82 euros HT le m2 hors pose.&nbsp;<\/p>\n\n\n\n<figure class=\"wp-block-image size-full\"><img loading=\"lazy\" width=\"586\" height=\"204\" src=\"https:\/\/i2.wp.com\/batimedianews.com\/live\/wp-content\/uploads\/2024\/03\/image-51.png?resize=586%2C204\" alt=\"\" class=\"wp-image-35880\" srcset=\"https:\/\/i2.wp.com\/batimedianews.com\/live\/wp-content\/uploads\/2024\/03\/image-51.png?w=586&amp;ssl=1 586w, https:\/\/i2.wp.com\/batimedianews.com\/live\/wp-content\/uploads\/2024\/03\/image-51.png?resize=768%2C267&amp;ssl=1 768w, https:\/\/i2.wp.com\/batimedianews.com\/live\/wp-content\/uploads\/2024\/03\/image-51.png?resize=432%2C150&amp;ssl=1 432w, https:\/\/i2.wp.com\/batimedianews.com\/live\/wp-content\/uploads\/2024\/03\/image-51.png?resize=396%2C138&amp;ssl=1 396w\" sizes=\"(max-width: 600px) 91vw, (max-width: 900px) 600px, (max-width: 1060px) 50vw, (max-width: 1200px) 520px, (max-width: 1400px) 43vw, 600px\" data-recalc-dims=\"1\" \/><\/figure>\n<\/div><\/div>\n\n\n\n<div class=\"wp-block-media-text alignwide is-stacked-on-mobile\" style=\"grid-template-columns:34% auto\"><figure class=\"wp-block-media-text__media\"><img loading=\"lazy\" width=\"720\" height=\"720\" src=\"https:\/\/i0.wp.com\/batimedianews.com\/live\/wp-content\/uploads\/2024\/03\/8-ALKERN-pierre-du-lot-scaled.jpg?resize=720%2C720\" alt=\"\" class=\"wp-image-35886 size-full\" srcset=\"https:\/\/i0.wp.com\/batimedianews.com\/live\/wp-content\/uploads\/2024\/03\/8-ALKERN-pierre-du-lot-scaled.jpg?w=2560&amp;ssl=1 2560w, https:\/\/i0.wp.com\/batimedianews.com\/live\/wp-content\/uploads\/2024\/03\/8-ALKERN-pierre-du-lot-scaled.jpg?resize=600%2C600&amp;ssl=1 600w, https:\/\/i0.wp.com\/batimedianews.com\/live\/wp-content\/uploads\/2024\/03\/8-ALKERN-pierre-du-lot-scaled.jpg?resize=1024%2C1024&amp;ssl=1 1024w, https:\/\/i0.wp.com\/batimedianews.com\/live\/wp-content\/uploads\/2024\/03\/8-ALKERN-pierre-du-lot-scaled.jpg?resize=300%2C300&amp;ssl=1 300w, https:\/\/i0.wp.com\/batimedianews.com\/live\/wp-content\/uploads\/2024\/03\/8-ALKERN-pierre-du-lot-scaled.jpg?resize=1536%2C1536&amp;ssl=1 1536w, https:\/\/i0.wp.com\/batimedianews.com\/live\/wp-content\/uploads\/2024\/03\/8-ALKERN-pierre-du-lot-scaled.jpg?resize=2048%2C2048&amp;ssl=1 2048w, https:\/\/i0.wp.com\/batimedianews.com\/live\/wp-content\/uploads\/2024\/03\/8-ALKERN-pierre-du-lot-scaled.jpg?resize=10%2C10&amp;ssl=1 10w, https:\/\/i0.wp.com\/batimedianews.com\/live\/wp-content\/uploads\/2024\/03\/8-ALKERN-pierre-du-lot-scaled.jpg?w=1440 1440w, https:\/\/i0.wp.com\/batimedianews.com\/live\/wp-content\/uploads\/2024\/03\/8-ALKERN-pierre-du-lot-scaled.jpg?w=2160 2160w\" sizes=\"(max-width: 600px) 91vw, (max-width: 900px) 600px, (max-width: 1060px) 50vw, (max-width: 1200px) 520px, (max-width: 1400px) 43vw, 600px\" data-recalc-dims=\"1\" \/><\/figure><div class=\"wp-block-media-text__content\">\n<p class=\"has-normal-font-size\">Les Dalles Pierre du Lot, en \u00e9paisseur 3,6 cm, font leur entr\u00e9e au sein de l\u2019offre Alkern. Elles aussi class\u00e9es T7 pour un usage pi\u00e9tonnier privatif, elles sont propos\u00e9es en format de 50 x 50 x 3,6 cm. Elles affichent un style naturel afin de pr\u00e9server le charme et l\u2019authenticit\u00e9 des ext\u00e9rieurs. Avec une pose possible sur plots, sur sable ou encore sur gravillons, elles sont anti-d\u00e9rapantes et r\u00e9sistantes au gel. Les dalles Pierre du Lot se d\u00e9clinent en Ton Pierre Nuanc\u00e9 et Gris Nuanc\u00e9 et sont commercialis\u00e9es au prix public indicatif \u00e0 partir de 42,08 euros HT le m2 hors pose.&nbsp;<\/p>\n\n\n\n<figure class=\"wp-block-image size-full\"><img loading=\"lazy\" width=\"484\" height=\"204\" src=\"https:\/\/i2.wp.com\/batimedianews.com\/live\/wp-content\/uploads\/2024\/03\/image-52.png?resize=484%2C204\" alt=\"\" class=\"wp-image-35887\" srcset=\"https:\/\/i2.wp.com\/batimedianews.com\/live\/wp-content\/uploads\/2024\/03\/image-52.png?w=484&amp;ssl=1 484w, https:\/\/i2.wp.com\/batimedianews.com\/live\/wp-content\/uploads\/2024\/03\/image-52.png?resize=768%2C323&amp;ssl=1 768w, https:\/\/i2.wp.com\/batimedianews.com\/live\/wp-content\/uploads\/2024\/03\/image-52.png?resize=432%2C182&amp;ssl=1 432w, https:\/\/i2.wp.com\/batimedianews.com\/live\/wp-content\/uploads\/2024\/03\/image-52.png?resize=396%2C167&amp;ssl=1 396w\" sizes=\"(max-width: 600px) 91vw, (max-width: 900px) 600px, (max-width: 1060px) 50vw, (max-width: 1200px) 520px, (max-width: 1400px) 43vw, 600px\" data-recalc-dims=\"1\" \/><\/figure>\n<\/div><\/div>\n\n\n\n<div class=\"wp-block-columns\">\n<div class=\"wp-block-column\">\n<p><strong>Les dalles Luna<\/strong>, avec leur \u00e9paisseur 3,6 cm, sont, elles aussi, class\u00e9es T7. Disponibles en formats de 50 x 50 cm, elles se d\u00e9clinent en coloris Sable, Gris et Blanc. Anti-d\u00e9rapantes, r\u00e9sistantes au gel, leur aspect pierre naturel conf\u00e8re charme et \u00e9l\u00e9gance \u00e0 la terrasse. Elles proposent aussi une large vari\u00e9t\u00e9 de pose possibles (sur plots, sur sable et gravillons). Prix public indicatif \u00e0 partir de 39,10 euros HT le m2 hors pose.&nbsp;<\/p>\n\n\n\n<figure class=\"wp-block-image size-full\"><img loading=\"lazy\" width=\"570\" height=\"734\" src=\"https:\/\/i2.wp.com\/batimedianews.com\/live\/wp-content\/uploads\/2024\/03\/image-53.png?resize=570%2C734\" alt=\"\" class=\"wp-image-35889\" srcset=\"https:\/\/i2.wp.com\/batimedianews.com\/live\/wp-content\/uploads\/2024\/03\/image-53.png?w=570&amp;ssl=1 570w, https:\/\/i2.wp.com\/batimedianews.com\/live\/wp-content\/uploads\/2024\/03\/image-53.png?resize=768%2C988&amp;ssl=1 768w, https:\/\/i2.wp.com\/batimedianews.com\/live\/wp-content\/uploads\/2024\/03\/image-53.png?resize=432%2C556&amp;ssl=1 432w, https:\/\/i2.wp.com\/batimedianews.com\/live\/wp-content\/uploads\/2024\/03\/image-53.png?resize=396%2C510&amp;ssl=1 396w\" sizes=\"(max-width: 600px) 91vw, (max-width: 900px) 600px, (max-width: 1060px) 50vw, (max-width: 1200px) 520px, (max-width: 1400px) 43vw, 600px\" data-recalc-dims=\"1\" \/><\/figure>\n<\/div>\n\n\n\n<div class=\"wp-block-column\">\n<p>Les dalles Rustique Re-source, au style naturel, viennent en remplacement de la version classique. Plus \u00e9cologiques et plus responsables, elles int\u00e8grent d\u00e9sormais dans leur composition 10 % de granulats de b\u00e9ton recycl\u00e9s. Si le coloris jaune a \u00e9t\u00e9 supprim\u00e9, elles conservent leurs d\u00e9clinaisons en deux coloris (Gris et Blanc) et un tarif attractif, \u00e0 partir de 27,86 euros le m2 hors pose. Anti-d\u00e9rapantes, de format unique de 40 x 40 x 3,5 cm, les dalles Rustique Re-source, \u00e0 l\u2019aspect de surface l\u00e9g\u00e8rement textur\u00e9, se posent sur lit de sable ou gravillons.&nbsp;<\/p>\n\n\n\n<figure class=\"wp-block-image size-full\"><img loading=\"lazy\" width=\"492\" height=\"662\" src=\"https:\/\/i0.wp.com\/batimedianews.com\/live\/wp-content\/uploads\/2024\/03\/image-54.png?resize=492%2C662\" alt=\"\" class=\"wp-image-35890\" srcset=\"https:\/\/i0.wp.com\/batimedianews.com\/live\/wp-content\/uploads\/2024\/03\/image-54.png?w=492&amp;ssl=1 492w, https:\/\/i0.wp.com\/batimedianews.com\/live\/wp-content\/uploads\/2024\/03\/image-54.png?resize=768%2C1033&amp;ssl=1 768w, https:\/\/i0.wp.com\/batimedianews.com\/live\/wp-content\/uploads\/2024\/03\/image-54.png?resize=432%2C581&amp;ssl=1 432w, https:\/\/i0.wp.com\/batimedianews.com\/live\/wp-content\/uploads\/2024\/03\/image-54.png?resize=396%2C533&amp;ssl=1 396w\" sizes=\"(max-width: 600px) 91vw, (max-width: 900px) 600px, (max-width: 1060px) 50vw, (max-width: 1200px) 520px, (max-width: 1400px) 43vw, 600px\" data-recalc-dims=\"1\" \/><\/figure>\n<\/div>\n<\/div>\n\n\n\n<div class=\"wp-block-media-text alignwide is-stacked-on-mobile\" style=\"grid-template-columns:30% auto\"><figure class=\"wp-block-media-text__media\"><img loading=\"lazy\" width=\"720\" height=\"720\" src=\"https:\/\/i0.wp.com\/batimedianews.com\/live\/wp-content\/uploads\/2024\/03\/16-ALKERN-ATLAS_310018_JAUNE_AMBIANCE-scaled.jpg?resize=720%2C720\" alt=\"\" class=\"wp-image-35891 size-full\" srcset=\"https:\/\/i0.wp.com\/batimedianews.com\/live\/wp-content\/uploads\/2024\/03\/16-ALKERN-ATLAS_310018_JAUNE_AMBIANCE-scaled.jpg?w=2560&amp;ssl=1 2560w, https:\/\/i0.wp.com\/batimedianews.com\/live\/wp-content\/uploads\/2024\/03\/16-ALKERN-ATLAS_310018_JAUNE_AMBIANCE-scaled.jpg?resize=600%2C600&amp;ssl=1 600w, https:\/\/i0.wp.com\/batimedianews.com\/live\/wp-content\/uploads\/2024\/03\/16-ALKERN-ATLAS_310018_JAUNE_AMBIANCE-scaled.jpg?resize=1024%2C1024&amp;ssl=1 1024w, https:\/\/i0.wp.com\/batimedianews.com\/live\/wp-content\/uploads\/2024\/03\/16-ALKERN-ATLAS_310018_JAUNE_AMBIANCE-scaled.jpg?resize=300%2C300&amp;ssl=1 300w, https:\/\/i0.wp.com\/batimedianews.com\/live\/wp-content\/uploads\/2024\/03\/16-ALKERN-ATLAS_310018_JAUNE_AMBIANCE-scaled.jpg?resize=1536%2C1536&amp;ssl=1 1536w, https:\/\/i0.wp.com\/batimedianews.com\/live\/wp-content\/uploads\/2024\/03\/16-ALKERN-ATLAS_310018_JAUNE_AMBIANCE-scaled.jpg?resize=2048%2C2048&amp;ssl=1 2048w, https:\/\/i0.wp.com\/batimedianews.com\/live\/wp-content\/uploads\/2024\/03\/16-ALKERN-ATLAS_310018_JAUNE_AMBIANCE-scaled.jpg?resize=10%2C10&amp;ssl=1 10w, https:\/\/i0.wp.com\/batimedianews.com\/live\/wp-content\/uploads\/2024\/03\/16-ALKERN-ATLAS_310018_JAUNE_AMBIANCE-scaled.jpg?w=1440 1440w, https:\/\/i0.wp.com\/batimedianews.com\/live\/wp-content\/uploads\/2024\/03\/16-ALKERN-ATLAS_310018_JAUNE_AMBIANCE-scaled.jpg?w=2160 2160w\" sizes=\"(max-width: 600px) 91vw, (max-width: 900px) 600px, (max-width: 1060px) 50vw, (max-width: 1200px) 520px, (max-width: 1400px) 43vw, 600px\" data-recalc-dims=\"1\" \/><\/figure><div class=\"wp-block-media-text__content\">\n<p class=\"has-normal-font-size\">\u00c9volution concernant <strong>les dalles gravillonn\u00e9es Atlas<\/strong> aux couleurs chaudes qui valorisent les espaces ext\u00e9rieurs. De format 40 x 40 x 3,5 cm, rappelons que ces dalles se posent sur sable ou gravillons et que leur usage est strictement pi\u00e9tonnier. Anti-d\u00e9rapantes, elles proposent une surface d\u2019aspect classique qui laisse ressortir tous les grains dans leur apparence originelle. Prix public indicatif \u00e0 partir de 29,68 euros HT le m2 hors pose.<\/p>\n\n\n\n<div class=\"wp-block-image\"><figure class=\"aligncenter size-full\"><img loading=\"lazy\" width=\"352\" height=\"188\" src=\"https:\/\/i1.wp.com\/batimedianews.com\/live\/wp-content\/uploads\/2024\/03\/image-55.png?resize=352%2C188\" alt=\"\" class=\"wp-image-35893\" srcset=\"https:\/\/i1.wp.com\/batimedianews.com\/live\/wp-content\/uploads\/2024\/03\/image-55.png?w=352&amp;ssl=1 352w, https:\/\/i1.wp.com\/batimedianews.com\/live\/wp-content\/uploads\/2024\/03\/image-55.png?resize=768%2C410&amp;ssl=1 768w\" sizes=\"(max-width: 600px) 91vw, (max-width: 900px) 600px, (max-width: 1060px) 50vw, (max-width: 1200px) 520px, (max-width: 1400px) 43vw, 600px\" data-recalc-dims=\"1\" \/><\/figure><\/div>\n<\/div><\/div>\n\n\n\n<div class=\"wp-block-media-text alignwide is-stacked-on-mobile\" style=\"grid-template-columns:31% auto\"><figure class=\"wp-block-media-text__media\"><img loading=\"lazy\" width=\"720\" height=\"720\" src=\"https:\/\/i0.wp.com\/batimedianews.com\/live\/wp-content\/uploads\/2024\/03\/19-ALKERN-AQUAFIL-scaled.jpg?resize=720%2C720\" alt=\"\" class=\"wp-image-35894 size-full\" srcset=\"https:\/\/i0.wp.com\/batimedianews.com\/live\/wp-content\/uploads\/2024\/03\/19-ALKERN-AQUAFIL-scaled.jpg?w=2560&amp;ssl=1 2560w, https:\/\/i0.wp.com\/batimedianews.com\/live\/wp-content\/uploads\/2024\/03\/19-ALKERN-AQUAFIL-scaled.jpg?resize=600%2C600&amp;ssl=1 600w, https:\/\/i0.wp.com\/batimedianews.com\/live\/wp-content\/uploads\/2024\/03\/19-ALKERN-AQUAFIL-scaled.jpg?resize=1024%2C1024&amp;ssl=1 1024w, https:\/\/i0.wp.com\/batimedianews.com\/live\/wp-content\/uploads\/2024\/03\/19-ALKERN-AQUAFIL-scaled.jpg?resize=300%2C300&amp;ssl=1 300w, https:\/\/i0.wp.com\/batimedianews.com\/live\/wp-content\/uploads\/2024\/03\/19-ALKERN-AQUAFIL-scaled.jpg?resize=1536%2C1536&amp;ssl=1 1536w, https:\/\/i0.wp.com\/batimedianews.com\/live\/wp-content\/uploads\/2024\/03\/19-ALKERN-AQUAFIL-scaled.jpg?resize=2048%2C2048&amp;ssl=1 2048w, https:\/\/i0.wp.com\/batimedianews.com\/live\/wp-content\/uploads\/2024\/03\/19-ALKERN-AQUAFIL-scaled.jpg?resize=10%2C10&amp;ssl=1 10w, https:\/\/i0.wp.com\/batimedianews.com\/live\/wp-content\/uploads\/2024\/03\/19-ALKERN-AQUAFIL-scaled.jpg?w=1440 1440w, https:\/\/i0.wp.com\/batimedianews.com\/live\/wp-content\/uploads\/2024\/03\/19-ALKERN-AQUAFIL-scaled.jpg?w=2160 2160w\" sizes=\"(max-width: 600px) 91vw, (max-width: 900px) 600px, (max-width: 1060px) 50vw, (max-width: 1200px) 520px, (max-width: 1400px) 43vw, 600px\" data-recalc-dims=\"1\" \/><\/figure><div class=\"wp-block-media-text__content\">\n<p class=\"has-normal-font-size\">Multifonctionnel, le pav\u00e9 perm\u00e9able Aquafil se veut particuli\u00e8rement \u00e9cologique et esth\u00e9tique. Sa formulation sp\u00e9cifique assure, en effet, une infiltration in situ et quasi-imm\u00e9diate des eaux de pluie, \u00e9vitant ainsi la formation de flaques comme la saturation des r\u00e9seaux, tout en r\u00e9duisant le risque de chute (coefficients de perm\u00e9abilit\u00e9 mesur\u00e9s de K &gt; 17 700 l\/s\/ha ou 1,77*10-3 m\/s). De classe de trafic T3- (entre 50 et 100 poids lourds par jour), il peut donc \u00eatre mis en oeuvre sur les voiries et aires de stationnement de v\u00e9hicules l\u00e9gers, zones pi\u00e9tonnes, esplanades, places publiques, trottoirs, cours d\u2019\u00e9cole. Mentionnons aussi sa faible largeur de joints (2-4 mm), parfaitement adapt\u00e9e \u00e0 la circulation des Personnes \u00e0 Mobilit\u00e9 R\u00e9duite. Aquafil est propos\u00e9 en deux coloris : Gris et Blanc (qui, dans cette version, assure un r\u00e9fl\u00e9chissement de la lumi\u00e8re pour engendrer moins de chaleur au niveau des chauss\u00e9es, d\u2019autant qu\u2019il peut \u00eatre associ\u00e9 \u00e0 un syst\u00e8me d\u2019irrigation, l\u2019eau stock\u00e9e dans les pores participant au rafra\u00eechissement des sols par \u00e9vaporation). Enfin, il est disponible en diff\u00e9rentes dimensions en fonction des r\u00e9gions (10 x 10 x 8 cm, 10 x 20 x 8 cm, 20 x 20 x 8 cm et 20 x 30 x 8 cm pour Nord Centre et Est \/ 12 x 12 x 8 cm, 8 x 16 x 8 cm, 16 x 16 x 8 cm et 24 x 16 x 8 cm pour Grand Ouest et Sud Est). Prix public indicatif \u00e0 partir de 37,09 euros HT le m2.&nbsp;<\/p>\n<\/div><\/div>\n\n\n\n<figure class=\"wp-block-image size-full\"><img loading=\"lazy\" width=\"720\" height=\"222\" src=\"https:\/\/i2.wp.com\/batimedianews.com\/live\/wp-content\/uploads\/2024\/03\/image-56.png?resize=720%2C222\" alt=\"\" class=\"wp-image-35895\" srcset=\"https:\/\/i2.wp.com\/batimedianews.com\/live\/wp-content\/uploads\/2024\/03\/image-56.png?w=1148&amp;ssl=1 1148w, https:\/\/i2.wp.com\/batimedianews.com\/live\/wp-content\/uploads\/2024\/03\/image-56.png?resize=768%2C236&amp;ssl=1 768w, https:\/\/i2.wp.com\/batimedianews.com\/live\/wp-content\/uploads\/2024\/03\/image-56.png?resize=432%2C133&amp;ssl=1 432w, https:\/\/i2.wp.com\/batimedianews.com\/live\/wp-content\/uploads\/2024\/03\/image-56.png?resize=396%2C122&amp;ssl=1 396w, https:\/\/i2.wp.com\/batimedianews.com\/live\/wp-content\/uploads\/2024\/03\/image-56.png?resize=1120%2C345&amp;ssl=1 1120w, https:\/\/i2.wp.com\/batimedianews.com\/live\/wp-content\/uploads\/2024\/03\/image-56.png?resize=660%2C204&amp;ssl=1 660w, https:\/\/i2.wp.com\/batimedianews.com\/live\/wp-content\/uploads\/2024\/03\/image-56.png?resize=710%2C220&amp;ssl=1 710w\" sizes=\"(max-width: 600px) 91vw, (max-width: 900px) 600px, (max-width: 1060px) 50vw, (max-width: 1200px) 520px, (max-width: 1400px) 43vw, 600px\" data-recalc-dims=\"1\" \/><\/figure>\n\n\n\n<p>Disponibles en versions vieillie ou classique, de format de 15,2 x 15,2 x 6 cm, <strong>les pav\u00e9s Signature<\/strong> se posent sur lit de sable. Ils disposent de 2 c\u00f4t\u00e9s munis d\u2019\u00e9carteurs, assurant notamment la r\u00e9alisation de joints calibr\u00e9s, pour une esth\u00e9tique parfaite. Ces pav\u00e9s Signature se d\u00e9clinent en trois nuances in\u00e9dites et harmonieuses d\u2019Ambre Dor\u00e9, d\u2019Onyx Nuanc\u00e9 et de Terre Ombr\u00e9e et revendiquent r\u00e9sistance au gel, au salage (Classe B et D), \u00e0 l\u2019abrasion (classe H), avec aussi un effet antid\u00e9rapant notoire. Ils sont carrossables par des v\u00e9hicules l\u00e9gers (classe T5) et commercialis\u00e9s \u00e0 partir de 31,83 euros HT euros le m2 pour la version classique et de 38,33 euros HT le m2 pour le vieilli.&nbsp;<\/p>\n\n\n\n<p class=\"has-background has-small-font-size\" style=\"background-color:#c1c3c4\">Le groupe Alkern est un des leaders fran\u00e7ais de la pr\u00e9fabrication d\u2019\u00e9l\u00e9ments en b\u00e9ton permettant des modes constructifs peu carbon\u00e9s pour le b\u00e2timent, offrant des solutions d\u2019am\u00e9nagement durable des villes, ayant la capacit\u00e9 d\u2019infiltrer les eaux de surface et proposant des produits d\u2019embellissement des espaces ext\u00e9rieurs (jardins, piscines, voirie). En apportant des r\u00e9ponses concr\u00e8tes au regard des enjeux majeurs du r\u00e9chauffement climatique et de ses effets, le Groupe Alkern propose ainsi des solutions durables \u00e0 l\u2019am\u00e9nagement des territoires, aux besoins d\u2019un habitat sain, confortable, esth\u00e9tique, respectueux de l\u2019environnement et patrimonial. Avec plus de 250 millions de chiffre d\u2019affaires en 2022 et plus de 1 000 collaborateurs, engag\u00e9s dans une d\u00e9marche RSE pragmatique, le Groupe se d\u00e9veloppe avec des \u00e9quipes responsables, mobilis\u00e9es sur les enjeux soci\u00e9taux, sur la s\u00e9curit\u00e9 au travail et sur la ma\u00eetrise de l\u2019impact environnemental de son activit\u00e9 et de ses produits. L\u2019obtention de la m\u00e9daille d\u2019Or Ecovadis en 2021, puis de la m\u00e9daille Ecovadis Platinium en 2022, en sont une parfaite illustration !&nbsp;<\/p>\n","protected":false},"excerpt":{"rendered":"<p>&nbsp;Alkern s\u2019impose tant aupr\u00e8s des professionnels du paysagisme que des particuliers comme un leader incontournable de l\u2019am\u00e9nagement ext\u00e9rieur. Avec une offre riche de plus de 2.500 r\u00e9f\u00e9rences (dalles, pav\u00e9s, margelles, bordures, bordurettes, piliers, fontaines\u2026), 100 % fran\u00e7aises, Alkern poursuit en 2024 sa d\u00e9marche d\u2019\u00e9dition de ses 3 catalogues r\u00e9gionaux, afin de valoriser ses gammes r\u00e9gionales, [&hellip;]<\/p>\n","protected":false},"author":41,"featured_media":35896,"comment_status":"open","ping_status":"open","sticky":false,"template":"","format":"standard","meta":{"spay_email":""},"categories":[4,792,1222,1223],"tags":[],"jetpack_featured_media_url":"https:\/\/i1.wp.com\/batimedianews.com\/live\/wp-content\/uploads\/2024\/03\/Alkern.jpg?fit=1513%2C825&ssl=1","jetpack_sharing_enabled":true,"jetpack_likes_enabled":true,"jetpack-related-posts":[{"id":49397,"url":"https:\/\/batimedianews.com\/live\/index.php\/2026\/03\/05\/amenagement-exterieur-alkern-devoile-ses-catalogues-regionaux-2026-des-editions-engagees-et-resolument-locales\/","url_meta":{"origin":35873,"position":0},"title":"Am\u00e9nagement ext\u00e9rieur : Alkern d\u00e9voile ses catalogues r\u00e9gionaux 2026, des \u00e9ditions engag\u00e9es et r\u00e9solument locales","date":"5 mars 2026","format":false,"excerpt":"Alkern confirme en 2026 son statut d\u2019acteur de r\u00e9f\u00e9rence de l\u2019am\u00e9nagement ext\u00e9rieur avec la sortie de ses trois nouveaux catalogues r\u00e9gionaux : Nord Centre Est, Grand Ouest, Sud Est. R\u00e9pondant aux sp\u00e9cificit\u00e9s architecturales, climatiques comme esth\u00e9tiques de chaque territoire, ces \u00e9ditions valorisent \u00e0 la fois la richesse des gammes Alkern\u2026","rel":"","context":"Dans &quot;Actualit\u00e9 Entreprises&quot;","img":{"alt_text":"","src":"https:\/\/i0.wp.com\/batimedianews.com\/live\/wp-content\/uploads\/2026\/02\/Alkern.jpg?fit=825%2C825&ssl=1&resize=350%2C200","width":350,"height":200},"classes":[]},{"id":2901,"url":"https:\/\/batimedianews.com\/live\/index.php\/2019\/09\/04\/special-amenagement-exterieur-toutes-les-solutions-alkern-dans-ses-nouvelles-editions-2019\/","url_meta":{"origin":35873,"position":1},"title":"Sp\u00e9cial Am\u00e9nagement ext\u00e9rieur : toutes les solutions Alkern dans ses nouvelles \u00e9ditions 2019","date":"4 septembre 2019","format":false,"excerpt":"Premier fabricant ind\u00e9pendant de produits pr\u00e9fabriqu\u00e9s en b\u00e9ton en France, le Groupe Alkern impose son expertise en am\u00e9nagement ext\u00e9rieur avec de nombreuses solutions en pierre reconstitu\u00e9e et b\u00e9ton press\u00e9. Permettant d\u2019am\u00e9nager, structurer et d\u00e9corer terrasse, plage de piscine, all\u00e9e de jardin et m\u00eame habiller ses murs int\u00e9rieurs, les r\u00e9f\u00e9rences Alkern\u2026","rel":"","context":"Dans &quot;B\u00e9ton&quot;","img":{"alt_text":"","src":"https:\/\/i1.wp.com\/batimedianews.com\/live\/wp-content\/uploads\/2019\/09\/alkern5image.jpg?fit=995%2C995&ssl=1&resize=350%2C200","width":350,"height":200},"classes":[]},{"id":14030,"url":"https:\/\/batimedianews.com\/live\/index.php\/2021\/11\/29\/paysalia-alkern-devoile-en-avant-premiere-ses-nouveaux-catalogues-2022-et-une-offre-dediee-aux-professionnels-de-la-piscine\/","url_meta":{"origin":35873,"position":2},"title":"Paysalia : Alkern d\u00e9voile en avant-premi\u00e8re ses nouveaux catalogues 2022 et une offre d\u00e9di\u00e9e aux professionnels de la piscine","date":"29 novembre 2021","format":false,"excerpt":"EUREXPO Lyon Stand 6A102 Paysalia 2021 constitue, pour ALKERN, une occasion privil\u00e9gi\u00e9e de d\u00e9voiler, en avant-premi\u00e8re, ses nouvelles \u00e9ditions de catalogues r\u00e9gionaux 2022. Une bonne nouvelle n\u2019arrivant jamais seule, ALKERN en profitera pour mettre en lumi\u00e8re une offre d\u00e9volue aux professionnels avec ses Kits Piscine : des solutions en pierre\u2026","rel":"","context":"Dans &quot;Actualit\u00e9 Entreprises&quot;","img":{"alt_text":"","src":"https:\/\/i2.wp.com\/batimedianews.com\/live\/wp-content\/uploads\/2021\/11\/Alkern-Article.jpg?fit=512%2C512&ssl=1&resize=350%2C200","width":350,"height":200},"classes":[]},{"id":8050,"url":"https:\/\/batimedianews.com\/live\/index.php\/2021\/01\/28\/nouveau-catalogue-2021-des-solutions-amenagement-exterieur-alkern\/","url_meta":{"origin":35873,"position":3},"title":"Nouveau catalogue 2021 des solutions Am\u00e9nagement Ext\u00e9rieur Alkern","date":"28 janvier 2021","format":false,"excerpt":"Nouvelle bible sign\u00e9e du leader fran\u00e7ais des produits pr\u00e9fabriqu\u00e9s en b\u00e9ton, le catalogue ALKERN 2021 propose de donner mati\u00e8re \u00e0 tous les projets d\u2019am\u00e9nagement ext\u00e9rieur. Sur 140 pages richement illustr\u00e9es pour se projeter ais\u00e9ment, chacun y trouvera, \u00e0 coup s\u00fbr, les r\u00e9ponses \u00e0 ses souhaits parmi la largeur de gamme\u2026","rel":"","context":"Dans &quot;Actualit\u00e9 Entreprises&quot;","img":{"alt_text":"","src":"https:\/\/i0.wp.com\/batimedianews.com\/live\/wp-content\/uploads\/2021\/01\/alkern.jpg?fit=506%2C374&ssl=1&resize=350%2C200","width":350,"height":200},"classes":[]},{"id":45272,"url":"https:\/\/batimedianews.com\/live\/index.php\/2025\/06\/12\/alkern-confirme-son-developpement-et-envisage-de-doubler-de-taille-dici-2030\/","url_meta":{"origin":35873,"position":4},"title":"ALKERN confirme son d\u00e9veloppement et envisage de doubler de taille d\u2019ici 2030","date":"12 juin 2025","format":false,"excerpt":"Alkern dispose d\u2019un large \u00e9ventail d\u2019offres d\u00e9di\u00e9es tant aux modes constructifs peu carbon\u00e9s pour le b\u00e2timent, que des solutions d\u2019am\u00e9nagement durables des villes ou encore des produits d\u2019embellissement des espaces ext\u00e9rieurs. Proposant des solutions adapt\u00e9es au changement climatique, notamment au c\u0153ur de l\u2019am\u00e9nagement des villes et de leurs infrastructures, Alkern\u2026","rel":"","context":"Dans &quot;Actualit\u00e9 Entreprises&quot;","img":{"alt_text":"","src":"https:\/\/i0.wp.com\/batimedianews.com\/live\/wp-content\/uploads\/2025\/06\/Alkern.jpg?fit=825%2C825&ssl=1&resize=350%2C200","width":350,"height":200},"classes":[]},{"id":43801,"url":"https:\/\/batimedianews.com\/live\/index.php\/2025\/03\/25\/alkern-un-large-eventail-de-solutions-dediees-a-lamenagement-urbain-qui-senrichit-cette-annee-encore\/","url_meta":{"origin":35873,"position":5},"title":"Alkern : un large \u00e9ventail de solutions d\u00e9di\u00e9es \u00e0 l\u2019am\u00e9nagement urbain qui s\u2019enrichit cette ann\u00e9e encore","date":"25 mars 2025","format":false,"excerpt":"Alkern confirme son positionnement d\u2019acteur majeur de la pr\u00e9fabrication d\u2019\u00e9l\u00e9ments b\u00e9ton d\u00e9di\u00e9s \u00e0 l\u2019am\u00e9nagement durable des villes. Son offre est en effet reconnue des acteurs de l\u2019am\u00e9nagement urbain pour ses atouts : r\u00e9sistance aux intemp\u00e9ries comme aux variations de temp\u00e9ratures, antid\u00e9rapant, durable, facile d\u2019entretien, bas carbone\u2026\u00a0 Parant \u00e0 tous les\u2026","rel":"","context":"Dans &quot;Actualit\u00e9 Entreprises&quot;","img":{"alt_text":"","src":"https:\/\/i2.wp.com\/batimedianews.com\/live\/wp-content\/uploads\/2025\/03\/Alkern.jpg?fit=825%2C825&ssl=1&resize=350%2C200","width":350,"height":200},"classes":[]}],"_links":{"self":[{"href":"https:\/\/batimedianews.com\/live\/index.php\/wp-json\/wp\/v2\/posts\/35873"}],"collection":[{"href":"https:\/\/batimedianews.com\/live\/index.php\/wp-json\/wp\/v2\/posts"}],"about":[{"href":"https:\/\/batimedianews.com\/live\/index.php\/wp-json\/wp\/v2\/types\/post"}],"author":[{"embeddable":true,"href":"https:\/\/batimedianews.com\/live\/index.php\/wp-json\/wp\/v2\/users\/41"}],"replies":[{"embeddable":true,"href":"https:\/\/batimedianews.com\/live\/index.php\/wp-json\/wp\/v2\/comments?post=35873"}],"version-history":[{"count":3,"href":"https:\/\/batimedianews.com\/live\/index.php\/wp-json\/wp\/v2\/posts\/35873\/revisions"}],"predecessor-version":[{"id":35898,"href":"https:\/\/batimedianews.com\/live\/index.php\/wp-json\/wp\/v2\/posts\/35873\/revisions\/35898"}],"wp:featuredmedia":[{"embeddable":true,"href":"https:\/\/batimedianews.com\/live\/index.php\/wp-json\/wp\/v2\/media\/35896"}],"wp:attachment":[{"href":"https:\/\/batimedianews.com\/live\/index.php\/wp-json\/wp\/v2\/media?parent=35873"}],"wp:term":[{"taxonomy":"category","embeddable":true,"href":"https:\/\/batimedianews.com\/live\/index.php\/wp-json\/wp\/v2\/categories?post=35873"},{"taxonomy":"post_tag","embeddable":true,"href":"https:\/\/batimedianews.com\/live\/index.php\/wp-json\/wp\/v2\/tags?post=35873"}],"curies":[{"name":"wp","href":"https:\/\/api.w.org\/{rel}","templated":true}]}}