{"id":36174,"date":"2024-03-13T12:57:26","date_gmt":"2024-03-13T11:57:26","guid":{"rendered":"http:\/\/batimedianews.com\/live\/?p=36174"},"modified":"2024-06-04T14:14:55","modified_gmt":"2024-06-04T12:14:55","slug":"equans-lance-carbon-shift-pour-accelerer-la-transformation-de-ses-clients-vers-un-monde-bas-carbone-et-resilient","status":"publish","type":"post","link":"https:\/\/batimedianews.com\/live\/index.php\/2024\/03\/13\/equans-lance-carbon-shift-pour-accelerer-la-transformation-de-ses-clients-vers-un-monde-bas-carbone-et-resilient\/","title":{"rendered":"EQUANS lance CARBON SHIFT pour acc\u00e9l\u00e9rer la transformation de ses clients vers un monde bas carbone et r\u00e9silient"},"content":{"rendered":"\n<p><strong>Equans<\/strong>, leader mondial des \u00e9nergies et services, lance <strong>Carbon Shift<\/strong>, une approche int\u00e9gr\u00e9e pour accompagner entreprises et collectivit\u00e9s dans leurs enjeux de d\u00e9carbonation et plus g\u00e9n\u00e9ralement de transformation vers un mod\u00e8le durable tenant compte des limites plan\u00e9taires.&nbsp;<\/p>\n\n\n\n<div class=\"wp-block-image\"><figure class=\"aligncenter size-full is-resized\"><img loading=\"lazy\" src=\"https:\/\/i2.wp.com\/batimedianews.com\/live\/wp-content\/uploads\/2024\/03\/image-118.png?resize=354%2C84\" alt=\"\" class=\"wp-image-36175\" width=\"354\" height=\"84\" srcset=\"https:\/\/i2.wp.com\/batimedianews.com\/live\/wp-content\/uploads\/2024\/03\/image-118.png?w=784&amp;ssl=1 784w, https:\/\/i2.wp.com\/batimedianews.com\/live\/wp-content\/uploads\/2024\/03\/image-118.png?resize=768%2C184&amp;ssl=1 768w, https:\/\/i2.wp.com\/batimedianews.com\/live\/wp-content\/uploads\/2024\/03\/image-118.png?resize=432%2C104&amp;ssl=1 432w, https:\/\/i2.wp.com\/batimedianews.com\/live\/wp-content\/uploads\/2024\/03\/image-118.png?resize=396%2C95&amp;ssl=1 396w, https:\/\/i2.wp.com\/batimedianews.com\/live\/wp-content\/uploads\/2024\/03\/image-118.png?resize=660%2C158&amp;ssl=1 660w\" sizes=\"(max-width: 600px) 91vw, (max-width: 900px) 600px, (max-width: 1060px) 50vw, (max-width: 1200px) 520px, (max-width: 1400px) 43vw, 600px\" data-recalc-dims=\"1\" \/><\/figure><\/div>\n\n\n\n<p>&nbsp;Equans, fort de ses expertises techniques en mati\u00e8re de d\u00e9carbonation et d\u2019efficacit\u00e9 \u00e9nerg\u00e9tique, lance <strong>Carbon Shift <\/strong>afin de simplifier la d\u00e9marche de transformation de ses clients. <strong>Carbon Shift <\/strong>regroupe plusieurs centaines d\u2019experts capable d\u2019aider les entreprises \u00e0 se d\u00e9carboner vraiment, en r\u00e9duisant leurs consommations \u00e9nerg\u00e9tiques et en \u00e9lectrifiant les besoins en chaleur, froid, et en flotte de v\u00e9hicules.&nbsp;<\/p>\n\n\n\n<p><strong>Carbon Shift <\/strong>couvre l\u2019ensemble de la gamme de services, depuis les premiers bilans \u00e9nerg\u00e9tiques et CO2, l\u2019aide \u00e0 d\u00e9finir une trajectoire r\u00e9glementaire, SBTI, CSRD\u2026 jusqu\u2019\u00e0 la mise en place d\u2019un plan d\u00e9taill\u00e9 chiffr\u00e9 par les professionnels des m\u00e9tiers du g\u00e9nie \u00e9lectrique et thermique, puis la mise en place des syst\u00e8mes visant \u00e0 r\u00e9duire les consommations \u00e9nerg\u00e9tiques, \u00e0 effacer les pics de consommation et \u00e0 \u00e9lectrifier les besoins en \u00e9nergie.&nbsp;<\/p>\n\n\n\n<p><strong>Carbon Shift <\/strong>agr\u00e8ge et simplifie l\u2019acc\u00e8s \u00e0 la large gamme de comp\u00e9tences d\u2019Equans, en termes d\u2019informatique, d\u2019automatisme de r\u00e9gulation, de stockage \u00e9lectrique ou thermique, de pompe \u00e0 chaleur, de gestion de flottes \u00e9lectriques, de photovolta\u00efque, de mini-grid.&nbsp;<\/p>\n\n\n\n<p><strong>Carbon Shift <\/strong>apporte une offre int\u00e9gr\u00e9e ind\u00e9pendante de tous producteurs d\u2019\u00e9nergie, permettant, \u00e0 ses clients de toute taille, de minimiser ses consommations en \u00e9nergie carbon\u00e9e, en se concentrant sur ses savoir-faire principaux tout en gardant une compl\u00e8te flexibilit\u00e9 pour rechercher les meilleures tarifications \u00e9nerg\u00e9tiques.&nbsp;<\/p>\n\n\n\n<p>\u00ab <em>Nous avons r\u00e9alis\u00e9 des centaines de projets de d\u00e9carbonation de nos clients, modifiant les productions de chaleur des usines, informatisant les r\u00e9gulations des b\u00e2timents, stockant de l\u2019\u00e9nergie thermique de l\u2019\u00e9t\u00e9 pour l\u2019hiver, installant des syst\u00e8mes photovolta\u00efques en autoconsommation. Nos clients nous demandent d\u2019int\u00e9grer toutes ces offres afin d\u2019optimiser leur plan de d\u00e9croissance de leur empreinte \u00e9cologique puis de la r\u00e9aliser. C\u2019est pour cela que nous sommes heureux de lancer <\/em><strong><em>Carbon Shift<\/em><\/strong><em>, une marque mondiale, aujourd\u2019hui en France et aux Pays-Bas et bient\u00f4t dans d\u2019autres pays regroupant plusieurs centaines d\u2019experts ayant acc\u00e8s aux milliers d\u2019ing\u00e9nieurs d\u2019Equans. L\u2019\u00e9nergie \u00e9lectrique se d\u00e9carbone rapidement, elle offre maintenant une capacit\u00e9 \u00e0 d\u00e9carboner les infrastructures, process, transports de nos clients afin de r\u00e9ussir ensemble \u00e0 aller vers le \u00ab Net Zero Carbon \u00bb dans un futur proche. Un moment majeur pour notre entreprise, un engagement strat\u00e9gique pour Equans, un engagement pour construire les plans strat\u00e9giques \u00e9nerg\u00e9tiques essentiels de nos clients et contribuer \u00e0 leur performance \u00e9conomique \u00e0 long terme. \u00bb <\/em>d\u00e9clare J\u00e9r\u00f4me Stubler, Pr\u00e9sident d\u2019Equans.&nbsp;<\/p>\n\n\n\n<p><strong>Carbon Shift <\/strong>s&rsquo;appuiera sur l\u2019expertise mondiale d\u2019Equans pour d\u00e9ployer des solutions gr\u00e2ce \u00e0 la proximit\u00e9 des \u00e9quipes locales pouvant assurer :&nbsp;<\/p>\n\n\n\n<p>&#8211; Un accompagnement \u00e0 chacune des \u00e9tapes des projets : du conseil amont au suivi voire \u00e0 l\u2019engagement de performance, en passant par la conception d\u00e9taill\u00e9e, les solutions de financement locales, la gestion des travaux d\u2019installation, la maintenance ;&nbsp;<\/p>\n\n\n\n<p>&#8211; Une gamme de solutions bas carbone ma\u00eetris\u00e9es et \u00e9prouv\u00e9es ;&nbsp;<\/p>\n\n\n\n<p>&#8211; Une d\u00e9marche collective de construction de solutions sur-mesure vers un mod\u00e8le d\u2019\u00e9conomie circulaire et d\u2019usage ;&nbsp;<\/p>\n\n\n\n<p>&#8211; La mise \u00e0 disposition d\u2019\u00e9quipes expertes dans le conseil et la mise en oeuvre de strat\u00e9gie climat, regroupant 500 personnes en France, aux Pays-Bas, en Grande-Bretagne, en Belgique et au Canada.&nbsp;<\/p>\n\n\n\n<p><strong>A propos d&rsquo;Equans&nbsp;<\/strong><\/p>\n\n\n\n<p>Equans, filiale du groupe Bouygues, est un leader mondial du secteur des \u00e9nergies et services implant\u00e9 dans 20 pays, avec 90 000 collaborateurs travaillant sur les 5 continents et un chiffre d&rsquo;affaires 2023 de 18,8 milliards d&rsquo;euros.&nbsp;<\/p>\n\n\n\n<p>Equans con\u00e7oit, installe et fournit des solutions sur mesure pour am\u00e9liorer les \u00e9quipements, les syst\u00e8mes et les processus techniques de ses clients et optimiser leur utilisation dans le contexte de leurs transitions \u00e9nerg\u00e9tique, industrielle et num\u00e9rique. Gr\u00e2ce \u00e0 une forte empreinte territoriale li\u00e9e \u00e0 ses marques locales historiques et un excellent savoir-faire technique, les experts hautement qualifi\u00e9s d&rsquo;Equans sont en mesure d&rsquo;accompagner les territoires, les villes, les industries, les b\u00e2timents dans les domaines du CVC (chauffage, ventilation et climatisation), du Froid et de la S\u00e9curit\u00e9 Incendie, du Facility Management, du Num\u00e9rique et des TIC, de l&rsquo;Electricit\u00e9, de la M\u00e9canique et de la Robotique. Equans est leader sur les principaux march\u00e9s europ\u00e9ens (France, Suisse, Belgique, Pays-Bas et Royaume-Uni) et est \u00e9galement bien positionn\u00e9 aux \u00c9tats-Unis et en Am\u00e9rique Latine.&nbsp;<\/p>\n\n\n\n<p><\/p>\n","protected":false},"excerpt":{"rendered":"<p>Equans, leader mondial des \u00e9nergies et services, lance Carbon Shift, une approche int\u00e9gr\u00e9e pour accompagner entreprises et collectivit\u00e9s dans leurs enjeux de d\u00e9carbonation et plus g\u00e9n\u00e9ralement de transformation vers un mod\u00e8le durable tenant compte des limites plan\u00e9taires.&nbsp; &nbsp;Equans, fort de ses expertises techniques en mati\u00e8re de d\u00e9carbonation et d\u2019efficacit\u00e9 \u00e9nerg\u00e9tique, lance Carbon Shift afin de [&hellip;]<\/p>\n","protected":false},"author":41,"featured_media":36176,"comment_status":"open","ping_status":"open","sticky":false,"template":"","format":"standard","meta":{"spay_email":""},"categories":[4],"tags":[],"jetpack_featured_media_url":"https:\/\/i0.wp.com\/batimedianews.com\/live\/wp-content\/uploads\/2024\/03\/EQUANS.jpg?fit=1513%2C825&ssl=1","jetpack_sharing_enabled":true,"jetpack_likes_enabled":true,"jetpack-related-posts":[{"id":36178,"url":"https:\/\/batimedianews.com\/live\/index.php\/2024\/03\/13\/julien-amouyal-prend-la-direction-de-carbon-shift\/","url_meta":{"origin":36174,"position":0},"title":"Julien Amouyal prend la direction de Carbon Shift","date":"13 mars 2024","format":false,"excerpt":"\u00a0Nouvelle entit\u00e9 lanc\u00e9e ce lundi 4 mars par le groupe Equans, Carbon Shift entend mettre \u00e0 disposition de ses clients un panel d\u2019expertises compl\u00e9mentaires pour acc\u00e9l\u00e9rer leur d\u00e9marche de d\u00e9carbonation. En tant que Directeur G\u00e9n\u00e9ral de cette entit\u00e9, Julien Amouyal prend la t\u00eate d\u2019une \u00e9quipe d\u2019une centaine d\u2019experts charg\u00e9s de\u2026","rel":"","context":"Dans &quot;Actualit\u00e9 Entreprises&quot;","img":{"alt_text":"","src":"https:\/\/i2.wp.com\/batimedianews.com\/live\/wp-content\/uploads\/2024\/03\/EQUANS_CarbonShift.jpg?fit=825%2C825&ssl=1&resize=350%2C200","width":350,"height":200},"classes":[]},{"id":33275,"url":"https:\/\/batimedianews.com\/live\/index.php\/2023\/11\/23\/le-defi-de-limmobilier-bas-carbone-a-lheure-de-la-sobriete-energetique\/","url_meta":{"origin":36174,"position":1},"title":"Le d\u00e9fi de l\u2019immobilier bas carbone \u00e0 l\u2019heure de la sobri\u00e9t\u00e9 \u00e9nerg\u00e9tique","date":"23 novembre 2023","format":false,"excerpt":"D\u00e9cryptage avec Ludovic Mouly, Directeur G\u00e9n\u00e9ral Adjoint d\u2019Aire Nouvelle\u00a0 Alors que la phase 2 du plan de sobri\u00e9t\u00e9 gouvernemental, visant \u00e0 r\u00e9duire de 40 % la consommation \u00e9nerg\u00e9tique en France d\u2019ici 2050, a \u00e9t\u00e9 lanc\u00e9e, l\u2019immobilier constitue l\u2019un des principaux gisements d\u2019\u00e9conomies d\u2019\u00e9nergie. Comme l\u2019a initi\u00e9 la loi sur l\u2019acc\u00e9l\u00e9ration\u2026","rel":"","context":"Dans &quot;Actualit\u00e9 Entreprises&quot;","img":{"alt_text":"","src":"https:\/\/i0.wp.com\/batimedianews.com\/live\/wp-content\/uploads\/2023\/11\/Equans_AireNouvelle-Image-articles-.jpg?fit=825%2C825&ssl=1&resize=350%2C200","width":350,"height":200},"classes":[]},{"id":33991,"url":"https:\/\/batimedianews.com\/live\/index.php\/2023\/12\/19\/efficacity-et-aire-nouvelle-sassocient-pour-promouvoir-la-conception-de-lamenagement-bas-carbone\/","url_meta":{"origin":36174,"position":2},"title":"Efficacity et Aire Nouvelle s\u2019associent pour promouvoir la conception de l\u2019am\u00e9nagement bas carbone","date":"19 d\u00e9cembre 2023","format":false,"excerpt":"Mardi 12 d\u00e9cembre, \u00e0 l\u2019occasion du SIMI, Michel Salem-Sermanet, Directeur g\u00e9n\u00e9ral d\u2019Efficacity, institut de R&D pour la transition \u00e9nerg\u00e9tique et \u00e9cologique des villes, et Ludovic Mouly, nouveau Directeur g\u00e9n\u00e9ral d\u2019Aire Nouvelle, filiale d\u2019Equans France, ont renouvel\u00e9 leur partenariat relatif \u00e0 la conception de quartiers bas carbone, pour une dur\u00e9e de\u2026","rel":"","context":"Dans &quot;Actualit\u00e9 Entreprises&quot;","img":{"alt_text":"","src":"https:\/\/i0.wp.com\/batimedianews.com\/live\/wp-content\/uploads\/2023\/12\/Nouvelle-aire_EquansImage-articles-.jpg?fit=825%2C825&ssl=1&resize=350%2C200","width":350,"height":200},"classes":[]},{"id":26026,"url":"https:\/\/batimedianews.com\/live\/index.php\/2023\/02\/08\/loxam-et-bouygues-energies-services-signent-un-partenariat-strategique-pour-accelerer-la-filiere-hydrogene\/","url_meta":{"origin":36174,"position":3},"title":"LOXAM ET BOUYGUES ENERGIES et SERVICES signent un partenariat strat\u00e9gique pour acc\u00e9l\u00e9rer la fili\u00e8re hydrog\u00e8ne","date":"8 f\u00e9vrier 2023","format":false,"excerpt":"Dans le cadre du salon HyVolution, le groupe Loxam, leader fran\u00e7ais et europ\u00e9en, 4e acteur mondial du march\u00e9 de la location de mat\u00e9riels et outillage, et Bouygues Energies & Services, acteur cl\u00e9 de la transition \u00e9nerg\u00e9tique et digitale des territoires, des industries et des b\u00e2timents, annoncent la signature d\u2019un accord\u2026","rel":"","context":"Dans &quot;Actualit\u00e9 Entreprises&quot;","img":{"alt_text":"","src":"https:\/\/i0.wp.com\/batimedianews.com\/live\/wp-content\/uploads\/2023\/02\/Bouygues_Loxam-Article.jpg?fit=1080%2C1080&ssl=1&resize=350%2C200","width":350,"height":200},"classes":[]},{"id":25233,"url":"https:\/\/batimedianews.com\/live\/index.php\/2022\/12\/13\/avec-equans-digital-la-region-ile-de-france-accelere-dans-la-digitalisation-de-laction-publique\/","url_meta":{"origin":36174,"position":4},"title":"Avec Equans Digital, la R\u00e9gion Ile-de-France acc\u00e9l\u00e8re dans la digitalisation de l&rsquo;action publique","date":"13 d\u00e9cembre 2022","format":false,"excerpt":"Avec des solutions num\u00e9riques et audiovisuelles innovantes mises en place par Equans, la R\u00e9gion \u00cele-de-France contribue directement \u00e0 sa mission : favoriser le dialogue public et servir l'attractivit\u00e9 \u00e9conomique du territoire. \u00c0 travers cette transformation num\u00e9rique, l'enjeu est de simplifier la d\u00e9cision publique. Les liens entre \u00e9lus, agents, citoyens, entreprises\u2026","rel":"","context":"Dans &quot;Actualit\u00e9 Entreprises&quot;","img":{"alt_text":"","src":"https:\/\/i1.wp.com\/batimedianews.com\/live\/wp-content\/uploads\/2022\/12\/Equans-Article.jpg?fit=1080%2C1080&ssl=1&resize=350%2C200","width":350,"height":200},"classes":[]},{"id":22000,"url":"https:\/\/batimedianews.com\/live\/index.php\/2022\/07\/13\/les-etablissements-de-sante-a-lheure-du-defi-de-la-transition-energetique-et-digitale\/","url_meta":{"origin":36174,"position":5},"title":"Les \u00e9tablissements de sant\u00e9 \u00e0 l\u2019heure du d\u00e9fi  de la transition \u00e9nerg\u00e9tique et digitale","date":"13 juillet 2022","format":false,"excerpt":"Besoin primaire, la sant\u00e9 repose sur un syst\u00e8me complexe alliant savoir-faire, innovation et transmission avec une tol\u00e9rance z\u00e9ro face aux al\u00e9as et accidents. La pand\u00e9mie de Covid rappelle l\u2019importance de cet enjeu qui n\u00e9cessite la conjugaison de l\u2019humain et de la technologie. Leader mondial des services multi-techniques, EQUANS est le\u2026","rel":"","context":"Dans &quot;Actualit\u00e9 Entreprises&quot;","img":{"alt_text":"","src":"https:\/\/i2.wp.com\/batimedianews.com\/live\/wp-content\/uploads\/2022\/07\/Equans-Article.jpg?fit=1080%2C1080&ssl=1&resize=350%2C200","width":350,"height":200},"classes":[]}],"_links":{"self":[{"href":"https:\/\/batimedianews.com\/live\/index.php\/wp-json\/wp\/v2\/posts\/36174"}],"collection":[{"href":"https:\/\/batimedianews.com\/live\/index.php\/wp-json\/wp\/v2\/posts"}],"about":[{"href":"https:\/\/batimedianews.com\/live\/index.php\/wp-json\/wp\/v2\/types\/post"}],"author":[{"embeddable":true,"href":"https:\/\/batimedianews.com\/live\/index.php\/wp-json\/wp\/v2\/users\/41"}],"replies":[{"embeddable":true,"href":"https:\/\/batimedianews.com\/live\/index.php\/wp-json\/wp\/v2\/comments?post=36174"}],"version-history":[{"count":2,"href":"https:\/\/batimedianews.com\/live\/index.php\/wp-json\/wp\/v2\/posts\/36174\/revisions"}],"predecessor-version":[{"id":36194,"href":"https:\/\/batimedianews.com\/live\/index.php\/wp-json\/wp\/v2\/posts\/36174\/revisions\/36194"}],"wp:featuredmedia":[{"embeddable":true,"href":"https:\/\/batimedianews.com\/live\/index.php\/wp-json\/wp\/v2\/media\/36176"}],"wp:attachment":[{"href":"https:\/\/batimedianews.com\/live\/index.php\/wp-json\/wp\/v2\/media?parent=36174"}],"wp:term":[{"taxonomy":"category","embeddable":true,"href":"https:\/\/batimedianews.com\/live\/index.php\/wp-json\/wp\/v2\/categories?post=36174"},{"taxonomy":"post_tag","embeddable":true,"href":"https:\/\/batimedianews.com\/live\/index.php\/wp-json\/wp\/v2\/tags?post=36174"}],"curies":[{"name":"wp","href":"https:\/\/api.w.org\/{rel}","templated":true}]}}