{"id":36256,"date":"2024-03-15T11:25:43","date_gmt":"2024-03-15T10:25:43","guid":{"rendered":"http:\/\/batimedianews.com\/live\/?p=36256"},"modified":"2024-06-04T13:56:12","modified_gmt":"2024-06-04T11:56:12","slug":"profils-systemes-est-heureuse-dannoncer-que-le-sbti-initiative-science-based-targets-valide-les-objectifs-de-reduction-de-co2-du-groupe-corialis-auquel-elle-appartient","status":"publish","type":"post","link":"https:\/\/batimedianews.com\/live\/index.php\/2024\/03\/15\/profils-systemes-est-heureuse-dannoncer-que-le-sbti-initiative-science-based-targets-valide-les-objectifs-de-reduction-de-co2-du-groupe-corialis-auquel-elle-appartient\/","title":{"rendered":"PROFILS SYSTEMES est heureuse d\u2019annoncer que le SBTi (Initiative Science Based Targets) valide les objectifs de r\u00e9duction de CO2 du Groupe CORIALIS\u00ae auquel elle appartient"},"content":{"rendered":"\n<figure class=\"wp-block-image size-full\"><img loading=\"lazy\" width=\"720\" height=\"480\" src=\"https:\/\/i1.wp.com\/batimedianews.com\/live\/wp-content\/uploads\/2024\/03\/image-153.png?resize=720%2C480\" alt=\"\" class=\"wp-image-36257\" srcset=\"https:\/\/i1.wp.com\/batimedianews.com\/live\/wp-content\/uploads\/2024\/03\/image-153.png?w=850&amp;ssl=1 850w, https:\/\/i1.wp.com\/batimedianews.com\/live\/wp-content\/uploads\/2024\/03\/image-153.png?resize=768%2C512&amp;ssl=1 768w, https:\/\/i1.wp.com\/batimedianews.com\/live\/wp-content\/uploads\/2024\/03\/image-153.png?resize=432%2C288&amp;ssl=1 432w, https:\/\/i1.wp.com\/batimedianews.com\/live\/wp-content\/uploads\/2024\/03\/image-153.png?resize=396%2C264&amp;ssl=1 396w, https:\/\/i1.wp.com\/batimedianews.com\/live\/wp-content\/uploads\/2024\/03\/image-153.png?resize=660%2C440&amp;ssl=1 660w\" sizes=\"(max-width: 600px) 91vw, (max-width: 900px) 600px, (max-width: 1060px) 50vw, (max-width: 1200px) 520px, (max-width: 1400px) 43vw, 600px\" data-recalc-dims=\"1\" \/><\/figure>\n\n\n\n<p>&nbsp;En ao\u00fbt 2023, le Groupe Corialis\u00ae a soumis ses objectifs de r\u00e9duction des \u00e9missions de carbone \u00e0 la validation du SBTi. Rappelons que le SBTi est une initiative ayant vocation \u00e0 accompagner les entreprises dans la r\u00e9duction de leurs \u00e9missions de CO2, n\u00e9e de la collaboration en 2015, dans le contexte de la COP 21, entre le Carbon Disclosure Project (CDP), le Global Compact des Nations Unies (UNGC), le World Ressources Institute (WRI) et le World Wide Fund for Nature (WWF). Les entreprises rejoignant le SBTi s&rsquo;engagent \u00e0 d\u00e9finir des objectifs de r\u00e9duction de leurs \u00e9missions de gaz \u00e0 effet de serre (GES), conform\u00e9ment aux pr\u00e9conisations scientifiques dress\u00e9es \u00e0 l\u2019issue de la COP21.<\/p>\n\n\n\n<p>Apr\u00e8s \u00e9tude approfondie, ce dernier a approuv\u00e9, le 27 f\u00e9vrier 2024, les objectifs \u00e0 court terme du Groupe Corialis\u00aequi s\u2019alignent sur l&rsquo;engagement mondial de limiter le r\u00e9chauffement climatique de la plan\u00e8te \u00e0 1,5\u00b0 C par an. Cet engagement souligne la volont\u00e9 du Groupe Corialis\u00ae et de l\u2019ensemble de ses filiales, dont Profils Syst\u00e8mes, de r\u00e9duire au maximum leur impact sur le climat dans l&rsquo;ensemble de la cha\u00eene de valeur.<\/p>\n\n\n\n<p class=\"has-sm-dark-tertiary-color has-text-color has-large-font-size\">&nbsp;Objectifs scientifiques \u00e0 court terme<\/p>\n\n\n\n<p>Pr\u00e9cisons que ces objectifs doivent imp\u00e9rativement prendre en compte les scopes 1 et 2 du Greenhouse Gas Protocol (GHG), sous peine d\u2019\u00eatre invalid\u00e9s par le collectif. Le scope 3 doit \u00e9galement \u00eatre consid\u00e9r\u00e9 s\u2019il repr\u00e9sente plus de 40 % des \u00e9missions totales de l\u2019entreprise.<\/p>\n\n\n\n<p>Ainsi, le Groupe Corialis\u00ae s&rsquo;engage, d\u2019une part, \u00e0 <strong>r\u00e9duire les \u00e9missions de GES <\/strong>des scopes 1, 2 et 3, <strong>de 25,5 % d&rsquo;ici \u00e0 2030 <\/strong>par rapport \u00e0 2022, ann\u00e9e de r\u00e9f\u00e9rence. D\u2019autre part, il s\u2019engage \u00e9galement \u00e0 <strong>augmenter l&rsquo;approvisionnement annuel en \u00e9lectricit\u00e9 renouvelable <\/strong>de 63 % en 2022 <strong>\u00e0 100 % d\u2019ici 2030<\/strong>.<\/p>\n\n\n\n<p>Conscient que les achats de billettes aluminium repr\u00e9sentent environ 70 % des \u00e9missions de gaz \u00e0 effet de serre du groupe, le Groupe Corialis\u00ae va concentrer ses efforts sur l\u2019approvisionnement de ses billettes.<\/p>\n","protected":false},"excerpt":{"rendered":"<p>&nbsp;En ao\u00fbt 2023, le Groupe Corialis\u00ae a soumis ses objectifs de r\u00e9duction des \u00e9missions de carbone \u00e0 la validation du SBTi. Rappelons que le SBTi est une initiative ayant vocation \u00e0 accompagner les entreprises dans la r\u00e9duction de leurs \u00e9missions de CO2, n\u00e9e de la collaboration en 2015, dans le contexte de la COP 21, [&hellip;]<\/p>\n","protected":false},"author":41,"featured_media":36265,"comment_status":"open","ping_status":"open","sticky":false,"template":"","format":"standard","meta":{"spay_email":""},"categories":[16,1727],"tags":[],"jetpack_featured_media_url":"https:\/\/i1.wp.com\/batimedianews.com\/live\/wp-content\/uploads\/2024\/03\/Profils.jpg?fit=1513%2C825&ssl=1","jetpack_sharing_enabled":true,"jetpack_likes_enabled":true,"jetpack-related-posts":[{"id":31275,"url":"https:\/\/batimedianews.com\/live\/index.php\/2023\/09\/13\/herige-voit-ses-objectifs-climatiques-pour-2030-valides-par-linitiative-science-based-targets-sbti\/","url_meta":{"origin":36256,"position":0},"title":"HERIGE voit ses objectifs climatiques pour 2030 valid\u00e9s par l&rsquo;initiative Science Based Targets (SBTi)","date":"13 septembre 2023","format":false,"excerpt":"\u00a0L\u2019initiative Science Based Targets (SBTi)1 vient de valider ce jour les objectifs de r\u00e9duction des \u00e9missions de gaz \u00e0 effet de serre (GES) \u00e0 court terme du Groupe HERIGE, conform\u00e9ment \u00e0 leur standard 1,5\u00b0C et \u00e0 l\u2019Accord de Paris sur le climat visant \u00e0 limiter le r\u00e9chauffement de la plan\u00e8te.\u00a0\u2026","rel":"","context":"Dans &quot;Actualit\u00e9 Entreprises&quot;","img":{"alt_text":"","src":"https:\/\/i1.wp.com\/batimedianews.com\/live\/wp-content\/uploads\/2023\/09\/Herige-articles.jpg?fit=825%2C825&ssl=1&resize=350%2C200","width":350,"height":200},"classes":[]},{"id":12380,"url":"https:\/\/batimedianews.com\/live\/index.php\/2021\/10\/06\/a-la-veille-de-la-cop26-loxam-devoile-sa-trajectoire-carbone-etablie-dans-le-cadre-dune-demarche-scientifique-sbti\/","url_meta":{"origin":36256,"position":1},"title":"\u00c0 la veille de la COP26, Loxam d\u00e9voile sa trajectoire carbone \u00e9tablie dans le cadre d&rsquo;une d\u00e9marche scientifique (SBTi)","date":"6 octobre 2021","format":false,"excerpt":"Dans la continuit\u00e9 des engagements du Groupe, et notamment de son adh\u00e9sion aux principes du Global Compact des Nations Unies depuis 2015, Loxam, leader europ\u00e9en de la location de mat\u00e9riel, souhaite acc\u00e9l\u00e9rer sa d\u00e9marche environnementale en soutenant l'initiative \u00ab\u00a0Science\u00a0Based\u00a0Targets\u00a0\u00bb, une premi\u00e8re dans le secteur de la location de mat\u00e9riel.\u00a0\u00a0Port\u00e9e conjointement\u2026","rel":"","context":"Dans &quot;Actualit\u00e9 Entreprises&quot;","img":{"alt_text":"","src":"https:\/\/i0.wp.com\/batimedianews.com\/live\/wp-content\/uploads\/2021\/09\/Loxam-Article.jpg?fit=512%2C512&ssl=1&resize=350%2C200","width":350,"height":200},"classes":[]},{"id":31946,"url":"https:\/\/batimedianews.com\/live\/index.php\/2023\/10\/03\/plan-de-transformation-du-groupe-herige\/","url_meta":{"origin":36256,"position":2},"title":"Plan de transformation du groupe HERIGE","date":"3 octobre 2023","format":false,"excerpt":"\u00a0Une trajectoire climatique d\u00e9finie et valid\u00e9e,un tournant engage vers l\u2019\u00e9conomie circulaire,\u00a0une entreprise \u00ab data-centric \u00bb en devenir.\u00a0 \u00a0\u00c0 propos du Groupe HERIGE\u00a0 Fond\u00e9 en 1907 \u00e0 l'Herbergement en Vend\u00e9e, HERIGE est centr\u00e9 sur l\u2019univers du b\u00e2timent, \u00e0 travers 3 domaines d\u2019activit\u00e9 : le N\u00e9goce de mat\u00e9riaux, l\u2019industrie du B\u00e9ton et\u2026","rel":"","context":"Dans &quot;Actualit\u00e9 Entreprises&quot;","img":{"alt_text":"","src":"https:\/\/i2.wp.com\/batimedianews.com\/live\/wp-content\/uploads\/2023\/10\/Herige-articles.jpg?fit=825%2C825&ssl=1&resize=350%2C200","width":350,"height":200},"classes":[]},{"id":37303,"url":"https:\/\/batimedianews.com\/live\/index.php\/2024\/05\/17\/holcim-porte-a-260-millions-deuros-son-investissement-pour-accelerer-la-decarbonation-de-ses-activites-en-france\/","url_meta":{"origin":36256,"position":3},"title":"Holcim porte \u00e0 260 millions d\u2019euros son investissement pour acc\u00e9l\u00e9rer la d\u00e9carbonation de ses activit\u00e9s en France","date":"17 mai 2024","format":false,"excerpt":"\u00c0 l'occasion de la 7\u00e8me \u00e9dition du Sommet Choose France, Holcim, leader mondial des solutions de construction innovantes et durables, annonce d\u00e9ployer 60 millions d'euros additionnels afin de poursuivre la d\u00e9carbonation de ses sites industriels en France. Ces fonds viennent \u00e9galement s\u2019ajouter aux 200 millions d\u2019euros d\u00e9j\u00e0 investis ces trois\u2026","rel":"","context":"Dans &quot;Actualit\u00e9 Entreprises&quot;","img":{"alt_text":"","src":"https:\/\/i0.wp.com\/batimedianews.com\/live\/wp-content\/uploads\/2024\/05\/Holcim.jpg?fit=825%2C825&ssl=1&resize=350%2C200","width":350,"height":200},"classes":[]},{"id":5855,"url":"https:\/\/batimedianews.com\/live\/index.php\/2020\/09\/02\/le-groupe-velux-sengage-pour-une-neutralite-carbone-a-vie-en-partenariat-avec-le-wwf\/","url_meta":{"origin":36256,"position":4},"title":"Le Groupe VELUX s&rsquo;engage pour une \u00ab neutralit\u00e9 carbone \u00e0 vie \u00bb en partenariat avec le WWF","date":"2 septembre 2020","format":false,"excerpt":"https:\/\/www.youtube.com\/watch?time_continue=45&v=Slo981CoznQ&feature=emb_logo Le Groupe VELUX s'engage \u00e0 r\u00e9duire ses futures \u00e9missions de carbone et \u00e0 capturer l'\u00e9quivalent de son empreinte carbone historique depuis sa cr\u00e9ation en 1941, repr\u00e9sentant un total de 5,6 millions de tonnes de CO2. Pour cela, il s\u2019est alli\u00e9 au WWF pour mettre en oeuvre des projets de\u2026","rel":"","context":"Dans &quot;Actualit\u00e9 Entreprises&quot;","img":{"alt_text":"","src":"https:\/\/i1.wp.com\/batimedianews.com\/live\/wp-content\/uploads\/2020\/09\/velux_image-1.jpg?fit=739%2C424&ssl=1&resize=350%2C200","width":350,"height":200},"classes":[]},{"id":41609,"url":"https:\/\/batimedianews.com\/live\/index.php\/2024\/11\/26\/wicona-sengage-a-reduire-limpact-carbone-de-son-activite-transport-et-devient-le-1er-gammiste-a-sengager-dans-le-dispositif-fret21-du-programme-eve\/","url_meta":{"origin":36256,"position":5},"title":"WICONA s\u2019engage \u00e0 r\u00e9duire l\u2019impact carbone de son activit\u00e9 transport et devient le 1er gammiste \u00e0 s\u2019engager dans le dispositif fret21 du programme EVE","date":"26 novembre 2024","format":false,"excerpt":"Un programme d\u2019Engagements Volontaires pour l\u2019Environnement \u2013 Transports et Logistique (EVE) \u2013 qui vise \u00e0 accompagner l\u2019ensemble des entreprises dans la r\u00e9duction de l\u2019impact \u00e9nerg\u00e9tique et environnemental de leurs activit\u00e9s de transport et logistique. Pla\u00e7ant la Responsabilit\u00e9 Sociale et Environnementale au c\u0153ur de ses enjeux depuis de nombreuses ann\u00e9es, WICONA,\u2026","rel":"","context":"Dans &quot;Actualit\u00e9 Entreprises&quot;","img":{"alt_text":"","src":"https:\/\/i0.wp.com\/batimedianews.com\/live\/wp-content\/uploads\/2024\/11\/Wicona.jpg?fit=825%2C825&ssl=1&resize=350%2C200","width":350,"height":200},"classes":[]}],"_links":{"self":[{"href":"https:\/\/batimedianews.com\/live\/index.php\/wp-json\/wp\/v2\/posts\/36256"}],"collection":[{"href":"https:\/\/batimedianews.com\/live\/index.php\/wp-json\/wp\/v2\/posts"}],"about":[{"href":"https:\/\/batimedianews.com\/live\/index.php\/wp-json\/wp\/v2\/types\/post"}],"author":[{"embeddable":true,"href":"https:\/\/batimedianews.com\/live\/index.php\/wp-json\/wp\/v2\/users\/41"}],"replies":[{"embeddable":true,"href":"https:\/\/batimedianews.com\/live\/index.php\/wp-json\/wp\/v2\/comments?post=36256"}],"version-history":[{"count":2,"href":"https:\/\/batimedianews.com\/live\/index.php\/wp-json\/wp\/v2\/posts\/36256\/revisions"}],"predecessor-version":[{"id":36276,"href":"https:\/\/batimedianews.com\/live\/index.php\/wp-json\/wp\/v2\/posts\/36256\/revisions\/36276"}],"wp:featuredmedia":[{"embeddable":true,"href":"https:\/\/batimedianews.com\/live\/index.php\/wp-json\/wp\/v2\/media\/36265"}],"wp:attachment":[{"href":"https:\/\/batimedianews.com\/live\/index.php\/wp-json\/wp\/v2\/media?parent=36256"}],"wp:term":[{"taxonomy":"category","embeddable":true,"href":"https:\/\/batimedianews.com\/live\/index.php\/wp-json\/wp\/v2\/categories?post=36256"},{"taxonomy":"post_tag","embeddable":true,"href":"https:\/\/batimedianews.com\/live\/index.php\/wp-json\/wp\/v2\/tags?post=36256"}],"curies":[{"name":"wp","href":"https:\/\/api.w.org\/{rel}","templated":true}]}}