{"id":36418,"date":"2024-03-22T10:00:13","date_gmt":"2024-03-22T09:00:13","guid":{"rendered":"http:\/\/batimedianews.com\/live\/?p=36418"},"modified":"2024-06-04T13:56:12","modified_gmt":"2024-06-04T11:56:12","slug":"passibat-2024-fatoumata-kone-marraine-de-la-prochaine-edition","status":"publish","type":"post","link":"https:\/\/batimedianews.com\/live\/index.php\/2024\/03\/22\/passibat-2024-fatoumata-kone-marraine-de-la-prochaine-edition\/","title":{"rendered":"Passibat\u2019 2024 : Fatoumata Kon\u00e9, marraine de la prochaine \u00e9dition !"},"content":{"rendered":"\n<p>Madame Fatoumata Kon\u00e9, Pr\u00e9sidente de l&rsquo;Agence Parisienne du Climat et Pr\u00e9sidente du groupe Les \u00c9cologistes au Conseil de Paris, Marraine de Passibat&rsquo; 2024 !<\/p>\n\n\n\n<div class=\"wp-block-media-text alignwide is-stacked-on-mobile\" style=\"grid-template-columns:32% auto\"><figure class=\"wp-block-media-text__media\"><img loading=\"lazy\" width=\"720\" height=\"720\" src=\"https:\/\/i0.wp.com\/batimedianews.com\/live\/wp-content\/uploads\/2024\/03\/image-195.png?resize=720%2C720\" alt=\"\" class=\"wp-image-36419 size-full\" srcset=\"https:\/\/i0.wp.com\/batimedianews.com\/live\/wp-content\/uploads\/2024\/03\/image-195.png?resize=1024%2C1024&amp;ssl=1 1024w, https:\/\/i0.wp.com\/batimedianews.com\/live\/wp-content\/uploads\/2024\/03\/image-195.png?resize=600%2C600&amp;ssl=1 600w, https:\/\/i0.wp.com\/batimedianews.com\/live\/wp-content\/uploads\/2024\/03\/image-195.png?resize=300%2C300&amp;ssl=1 300w, https:\/\/i0.wp.com\/batimedianews.com\/live\/wp-content\/uploads\/2024\/03\/image-195.png?resize=1536%2C1536&amp;ssl=1 1536w, https:\/\/i0.wp.com\/batimedianews.com\/live\/wp-content\/uploads\/2024\/03\/image-195.png?resize=2048%2C2048&amp;ssl=1 2048w, https:\/\/i0.wp.com\/batimedianews.com\/live\/wp-content\/uploads\/2024\/03\/image-195.png?resize=10%2C10&amp;ssl=1 10w\" sizes=\"(max-width: 600px) 91vw, (max-width: 900px) 600px, (max-width: 1060px) 50vw, (max-width: 1200px) 520px, (max-width: 1400px) 43vw, 600px\" data-recalc-dims=\"1\" \/><\/figure><div class=\"wp-block-media-text__content\">\n<p class=\"has-normal-font-size\">Nous sommes tr\u00e8s fiers de vous annoncer que Madame Fatoumata Kon\u00e9, Pr\u00e9sidente de l&rsquo;Agence Parisienne du Climat et Pr\u00e9sidente du groupe. Les \u00c9cologistes au Conseil de paris, sera la marraine de l&rsquo;\u00e9dition 2024 de Passibat&rsquo; !<\/p>\n\n\n\n<p>Elle sera notamment pr\u00e9sente pour introduire la Remise des Troph\u00e9es du B\u00e2timent Passif 2024.<\/p>\n<\/div><\/div>\n\n\n\n<figure class=\"wp-block-image size-full\"><img loading=\"lazy\" width=\"588\" height=\"126\" src=\"https:\/\/i0.wp.com\/batimedianews.com\/live\/wp-content\/uploads\/2024\/03\/image-196.png?resize=588%2C126\" alt=\"\" class=\"wp-image-36420\" srcset=\"https:\/\/i0.wp.com\/batimedianews.com\/live\/wp-content\/uploads\/2024\/03\/image-196.png?w=588&amp;ssl=1 588w, https:\/\/i0.wp.com\/batimedianews.com\/live\/wp-content\/uploads\/2024\/03\/image-196.png?resize=768%2C164&amp;ssl=1 768w, https:\/\/i0.wp.com\/batimedianews.com\/live\/wp-content\/uploads\/2024\/03\/image-196.png?resize=432%2C93&amp;ssl=1 432w, https:\/\/i0.wp.com\/batimedianews.com\/live\/wp-content\/uploads\/2024\/03\/image-196.png?resize=396%2C85&amp;ssl=1 396w\" sizes=\"(max-width: 600px) 91vw, (max-width: 900px) 600px, (max-width: 1060px) 50vw, (max-width: 1200px) 520px, (max-width: 1400px) 43vw, 600px\" data-recalc-dims=\"1\" \/><\/figure>\n\n\n\n<p class=\"has-small-font-size\"><strong>\u00c0 propos de La Maison du Passif<\/strong><\/p>\n\n\n\n<p class=\"has-small-font-size\">Association loi 1901, La Maison du Passif est pionni\u00e8re dans le domaine de la sobri\u00e9t\u00e9 \u00e9nerg\u00e9tique du b\u00e2timent par l&rsquo;interm\u00e9diaire d&rsquo;une m\u00e9thode de conception de b\u00e2timents dits \u00ab\u00a0passifs\u00a0\u00bb. Son objectif principal consiste \u00e0 promouvoir le standard du B\u00e2timent Passif en France. Pour cela, l&rsquo;association structure son action en 4 missions : f\u00e9d\u00e9rer les acteurs du passif, informer les professionnels comme le grand public sur ces principes de conception, former \u00e0 la conception passive et veiller \u00e0 la bonne mise en oeuvre de ces principes via la labellisation.<\/p>\n","protected":false},"excerpt":{"rendered":"<p>Madame Fatoumata Kon\u00e9, Pr\u00e9sidente de l&rsquo;Agence Parisienne du Climat et Pr\u00e9sidente du groupe Les \u00c9cologistes au Conseil de Paris, Marraine de Passibat&rsquo; 2024 ! Nous sommes tr\u00e8s fiers de vous annoncer que Madame Fatoumata Kon\u00e9, Pr\u00e9sidente de l&rsquo;Agence Parisienne du Climat et Pr\u00e9sidente du groupe. Les \u00c9cologistes au Conseil de paris, sera la marraine de [&hellip;]<\/p>\n","protected":false},"author":41,"featured_media":36421,"comment_status":"open","ping_status":"open","sticky":false,"template":"","format":"standard","meta":{"spay_email":""},"categories":[4,5,19,88,1758],"tags":[],"jetpack_featured_media_url":"https:\/\/i1.wp.com\/batimedianews.com\/live\/wp-content\/uploads\/2024\/03\/Passibat1.jpg?fit=1513%2C825&ssl=1","jetpack_sharing_enabled":true,"jetpack_likes_enabled":true,"jetpack-related-posts":[{"id":36502,"url":"https:\/\/batimedianews.com\/live\/index.php\/2024\/03\/25\/passibat-se-tient-au-pavillon-baltard-de-nogent-sur-marne-les-26-et-27-mars-2024\/","url_meta":{"origin":36418,"position":0},"title":"Passibat\u2019 se tient au Pavillon Baltard de Nogent-sur-Marne les 26 et 27 mars 2024","date":"25 mars 2024","format":false,"excerpt":"Pascal poggi pour batim\u00e9dia Organis\u00e9 par l\u2019association La Maison du Passif, Passibat\u2019 est la manifestation annuelle en France sur le b\u00e2timent bioclimatique et la sobri\u00e9t\u00e9 \u00e9nerg\u00e9tique, au sens du standard Passivhaus. Qu\u2019est-ce qu\u2019une construction passive\u00a0? Rappelons-le, le standard Passivhaus, certifi\u00e9 en France par La Maison du Passif et g\u00e9r\u00e9 au\u2026","rel":"","context":"Dans &quot;Salons professionnels&quot;","img":{"alt_text":"","src":"https:\/\/i1.wp.com\/batimedianews.com\/live\/wp-content\/uploads\/2024\/03\/passibat-image-scaled.jpeg?fit=1200%2C1200&ssl=1&resize=350%2C200","width":350,"height":200},"classes":[]},{"id":34245,"url":"https:\/\/batimedianews.com\/live\/index.php\/2024\/01\/11\/le-salon-du-batiment-bioclimatique-et-de-la-sobriete-energetique\/","url_meta":{"origin":36418,"position":1},"title":"Le salon du b\u00e2timent bioclimatique et de la sobri\u00e9t\u00e9 \u00e9nerg\u00e9tique","date":"11 janvier 2024","format":false,"excerpt":"Passibat\u2019 LE SALON DU B\u00c2TIMENT BIOCLIMATIQUE ET DE LA SOBRI\u00c9T\u00c9 \u00c9NERG\u00c9TIQUE Seule manifestation nationale 100 % consacr\u00e9e au b\u00e2timent passif, positif et durable en France, Passibat\u2019 est le rendez-vous incontournable de tous les acteurs de la sobri\u00e9t\u00e9 \u00e9nerg\u00e9tique, qu\u2019ils soient professionnels du b\u00e2timent ou ma\u00eetres d\u2019ouvrages. Organis\u00e9e par l\u2019association La\u2026","rel":"","context":"Dans &quot;Actualit\u00e9s salons&quot;","img":{"alt_text":"","src":"https:\/\/i1.wp.com\/batimedianews.com\/live\/wp-content\/uploads\/2024\/01\/Passibat.jpg?fit=825%2C825&ssl=1&resize=350%2C200","width":350,"height":200},"classes":[]},{"id":36610,"url":"https:\/\/batimedianews.com\/live\/index.php\/2024\/03\/29\/portes-et-fenetres-a-passibat-2024\/","url_meta":{"origin":36418,"position":2},"title":"Portes et fen\u00eatres \u00e0 Passibat\u2019 2024","date":"29 mars 2024","format":false,"excerpt":"Dans un b\u00e2timent passif, quel qu\u2019il soit, la qualit\u00e9 des ouvrants, portes et fen\u00eatres, compte beaucoup dans le bilan final. A Passibat\u2019 2024, sept industriels pr\u00e9sentaient des ouvrants labellis\u00e9s Passivhaus. Leur performance thermique est tr\u00e8s au-dessus de la moyenne des fen\u00eatres vendues en France et pr\u00e9figure le type d\u2019ouvrants qui\u2026","rel":"","context":"Dans &quot;Batiment passif&quot;","img":{"alt_text":"","src":"https:\/\/i2.wp.com\/batimedianews.com\/live\/wp-content\/uploads\/2024\/03\/fenpassibatimage-scaled.jpeg?fit=1200%2C1200&ssl=1&resize=350%2C200","width":350,"height":200},"classes":[]},{"id":16680,"url":"https:\/\/batimedianews.com\/live\/index.php\/2022\/03\/03\/re2020-quels-changements-pour-les-ascenseurs\/","url_meta":{"origin":36418,"position":3},"title":"RE2020 :  Quels changements pour les ascenseurs ?","date":"3 mars 2022","format":false,"excerpt":"En avance de phase, KONE pr\u00e9sente ses solutions les plus performantes pour r\u00e9duire l\u2019empreinte carbone du cycle de vie de l\u2019ascenseur*\u00a0 La nouvelle r\u00e9glementation applicable aux constructions neuves RE2020 impose d\u00e9sormais que l\u2019ensemble des \u00e9missions du b\u00e2timent soient prises en compte sur tout le cycle de vie du b\u00e2timent, ce\u2026","rel":"","context":"Dans &quot;Actualit\u00e9 Entreprises&quot;","img":{"alt_text":"","src":"https:\/\/i1.wp.com\/batimedianews.com\/live\/wp-content\/uploads\/2022\/02\/KONE-Article.jpg?fit=512%2C512&ssl=1&resize=350%2C200","width":350,"height":200},"classes":[]},{"id":36688,"url":"https:\/\/batimedianews.com\/live\/index.php\/2024\/04\/03\/passibat-2024-limportance-de-la-ventilation-dans-la-construction-passive\/","url_meta":{"origin":36418,"position":4},"title":"Passibat\u2019 2024 : l\u2019importance de la ventilation dans la construction passive","date":"3 avril 2024","format":false,"excerpt":"Pascal Poggi pour Batim\u00e9dia La haute \u00e9tanch\u00e9it\u00e9 \u00e0 l\u2019air des b\u00e2timents passifs impose la pr\u00e9sence de syst\u00e8mes de ventilation efficaces. Zehnder, Blauberg, Brink, Geco, Meltem et Nilan exposaient des solutions de ventilation double flux \u00e0 r\u00e9cup\u00e9ration de chaleur lors du salon Passibat\u2019 2024. Dans un b\u00e2timent passif, l\u2019\u00e9tanch\u00e9it\u00e9 \u00e0 l\u2019air\u2026","rel":"","context":"Dans &quot;Batiment passif&quot;","img":{"alt_text":"","src":"https:\/\/i1.wp.com\/batimedianews.com\/live\/wp-content\/uploads\/2024\/04\/02passib-image-scaled.jpeg?fit=1200%2C1200&ssl=1&resize=350%2C200","width":350,"height":200},"classes":[]},{"id":16618,"url":"https:\/\/batimedianews.com\/live\/index.php\/2022\/03\/02\/lenergie-la-moins-chere-est-celle-quon-ne-consomme-pas-batiment-passif-le-vrai-bouclier-tarifaire\/","url_meta":{"origin":36418,"position":5},"title":"L\u2019Energie la moins ch\u00e8re est celle qu\u2019on ne consomme pas ! B\u00e2timent Passif : le vrai bouclier tarifaire","date":"2 mars 2022","format":false,"excerpt":"Image d\u2019une thermographie : avant r\u00e9novation ( \u00e0 gauche) et apr\u00e8s r\u00e9novation passive (\u00e0 droite). Les couleurs chaudes repr\u00e9sentent les d\u00e9perditions d\u2019\u00e9nergie. Elles ont \u00e9t\u00e9 largement supprim\u00e9es apr\u00e8s r\u00e9novation. Les prix de l\u2019\u00e9nergie grimpent, cons\u00e9quence de la reprise \u00e9conomique mondiale et de notre d\u00e9pendance \u00e9nerg\u00e9tique. Contre 44,5 % d\u2019augmentation pr\u00e9vue\u2026","rel":"","context":"Dans &quot;Actualit\u00e9 Entreprises&quot;","img":{"alt_text":"","src":"https:\/\/i2.wp.com\/batimedianews.com\/live\/wp-content\/uploads\/2022\/02\/La-Maison-Passive-Article.jpg?fit=512%2C512&ssl=1&resize=350%2C200","width":350,"height":200},"classes":[]}],"_links":{"self":[{"href":"https:\/\/batimedianews.com\/live\/index.php\/wp-json\/wp\/v2\/posts\/36418"}],"collection":[{"href":"https:\/\/batimedianews.com\/live\/index.php\/wp-json\/wp\/v2\/posts"}],"about":[{"href":"https:\/\/batimedianews.com\/live\/index.php\/wp-json\/wp\/v2\/types\/post"}],"author":[{"embeddable":true,"href":"https:\/\/batimedianews.com\/live\/index.php\/wp-json\/wp\/v2\/users\/41"}],"replies":[{"embeddable":true,"href":"https:\/\/batimedianews.com\/live\/index.php\/wp-json\/wp\/v2\/comments?post=36418"}],"version-history":[{"count":2,"href":"https:\/\/batimedianews.com\/live\/index.php\/wp-json\/wp\/v2\/posts\/36418\/revisions"}],"predecessor-version":[{"id":36467,"href":"https:\/\/batimedianews.com\/live\/index.php\/wp-json\/wp\/v2\/posts\/36418\/revisions\/36467"}],"wp:featuredmedia":[{"embeddable":true,"href":"https:\/\/batimedianews.com\/live\/index.php\/wp-json\/wp\/v2\/media\/36421"}],"wp:attachment":[{"href":"https:\/\/batimedianews.com\/live\/index.php\/wp-json\/wp\/v2\/media?parent=36418"}],"wp:term":[{"taxonomy":"category","embeddable":true,"href":"https:\/\/batimedianews.com\/live\/index.php\/wp-json\/wp\/v2\/categories?post=36418"},{"taxonomy":"post_tag","embeddable":true,"href":"https:\/\/batimedianews.com\/live\/index.php\/wp-json\/wp\/v2\/tags?post=36418"}],"curies":[{"name":"wp","href":"https:\/\/api.w.org\/{rel}","templated":true}]}}