{"id":36557,"date":"2024-03-29T10:39:35","date_gmt":"2024-03-29T09:39:35","guid":{"rendered":"http:\/\/batimedianews.com\/live\/?p=36557"},"modified":"2024-06-04T13:55:45","modified_gmt":"2024-06-04T11:55:45","slug":"viega-nomme-un-nouveau-pdg","status":"publish","type":"post","link":"https:\/\/batimedianews.com\/live\/index.php\/2024\/03\/29\/viega-nomme-un-nouveau-pdg\/","title":{"rendered":"Viega nomme un nouveau PDG"},"content":{"rendered":"\n<p><strong>Attendorn\/Schiltigheim, le 26 mars 2024 \u2013 \u00c0 compter du 1er septembre 2024, Markus Brettschneider acc\u00e8dera au poste de directeur g\u00e9n\u00e9ral (CEO) de Viega. Il succ\u00e8de \u00e0 Claus Holst-Gydesen, qui int\u00e8gre le conseil d\u2019administration du groupe international. Cette transition marque un tournant pour l\u2019entreprise familiale d\u2019Attendorn (Westphalie) privil\u00e9giant une succession interne.&nbsp;<\/strong><\/p>\n\n\n\n<p>\u00ab <strong><em>Nous sommes ravis d\u2019annoncer la nomination d\u2019un candidat interne exceptionnel \u00e0 la pr\u00e9sidence du conseil d\u2019administration de notre groupe, \u00e0 l\u2019issue d\u2019un processus de s\u00e9lection rigoureux \u00bb <\/em><\/strong>se f\u00e9licitent Anna et Walter Viegener, pr\u00e9sidents du comit\u00e9 d\u2019associ\u00e9s de Viega. \u00ab <strong><em>Il \u00e9tait primordial de maintenir notre collaboration avec un PDG en qui nous avons une confiance absolue. Cette d\u00e9cision est cruciale non seulement pour assurer la croissance future de notre groupe, mais \u00e9galement pour pr\u00e9server l\u2019identit\u00e9 culturelle de notre entreprise familiale, forte de 125 ans d\u2019histoire <\/em><\/strong>\u00bb.&nbsp;<\/p>\n\n\n\n<p>&nbsp;<strong>Markus Brettschneider, PDG du groupe Viega \u00e0 partir du 1er septembre&nbsp;<\/strong><\/p>\n\n\n\n<p>Ces trois derni\u00e8res ann\u00e9es, Markus Brettschneider a dirig\u00e9 l\u2019entreprise nord-am\u00e9ricaine Viega LLC et a tr\u00e8s largement contribu\u00e9 \u00e0 sa croissance. Sous sa pr\u00e9sidence, le groupe a connu une expansion significative en mati\u00e8re de parts de march\u00e9, de pr\u00e9sence g\u00e9ographique et d\u2019effectifs aux \u00c9tats-Unis comme au Canada. Avant de rejoindre Viega, Markus Brettschneider a occup\u00e9 des postes de haute direction chez ABB et FrieslandCampina. Originaire d\u2019Allemagne, il y a grandi et a poursuivi ses \u00e9tudes d\u2019\u00e9conomie en Allemagne, en \u00c9cosse et aux \u00c9tats-Unis.&nbsp;<\/p>\n\n\n\n<p>\u00ab <strong><em>Je suis reconnaissant envers la famille Viegener pour leur confiance <\/em><\/strong>\u00bb, remercie le futur PDG. \u00ab <strong><em>Je me r\u00e9jouis de poursuivre l\u2019histoire de notre succ\u00e8s aux c\u00f4t\u00e9s de mes coll\u00e8gues de la direction et de nos 5 000 employ\u00e9s. <\/em><\/strong>\u00bb Il exprime \u00e9galement toute sa gratitude envers Claus Holst-Gydesen, actuel PDG du groupe Viega, qui lui a assur\u00e9 de son soutien pour les mois de transition \u00e0 venir et au-del\u00e0.&nbsp;<\/p>\n\n\n\n<p><strong>Claus Holst-Gydesen devient membre du conseil d\u2019administration&nbsp;<\/strong><\/p>\n\n\n\n<p>Claus Holst-Gydesen, \u00e2g\u00e9 de 63 ans, rejoindra le conseil d\u2019administration apr\u00e8s avoir dirig\u00e9 le groupe avec succ\u00e8s pendant pr\u00e8s d\u2019une d\u00e9cennie. Sa pr\u00e9sidence a \u00e9t\u00e9 marqu\u00e9e par une p\u00e9riode de croissance remarquable et des succ\u00e8s retentissants. Viega s\u2019est impos\u00e9 comme l\u2019un des leaders mondiaux du march\u00e9 des techniques sanitaires et de chauffage. En 2022, l\u2019entreprise a enregistr\u00e9 un chiffre d\u2019affaires de 1,8 milliard d\u2019euros.&nbsp;<\/p>\n\n\n\n<p>Anna et Walter Viegener soulignent les r\u00e9alisations exceptionnelles de Claus Holst-Gydesen au sein de l\u2019entreprise. Ils lui expriment leur profonde gratitude et se r\u00e9jouissent de leur collaboration future en cette p\u00e9riode de transition dans la direction de l\u2019entreprise. Ils sont reconnaissants de pouvoir compter sur son soutien et ses conseils, mettant en avant la valeur inestimable de son expertise pour l\u2019avenir de l\u2019entreprise.&nbsp;<\/p>\n\n\n\n<p><strong>Andreas Reger, nouveau CEO de Viega LLC&nbsp;<\/strong><\/p>\n\n\n\n<p>Andreas Reger prendra les r\u00eanes de la filiale am\u00e9ricaine, succ\u00e9dant \u00e0 Markus Brettschneider. Avant de rejoindre Viega LLC, Andreas Reger occupait le poste de directeur g\u00e9n\u00e9ral chez BBB Industries, o\u00f9 il a acquis plus de vingt ans d\u2019exp\u00e9rience sur le march\u00e9 am\u00e9ricain et dans la haute direction d\u2019entreprises familiales.&nbsp;<\/p>\n\n\n\n<figure class=\"wp-block-image size-full\"><img loading=\"lazy\" width=\"552\" height=\"398\" src=\"https:\/\/i2.wp.com\/batimedianews.com\/live\/wp-content\/uploads\/2024\/03\/image-235.png?resize=552%2C398\" alt=\"\" class=\"wp-image-36558\" srcset=\"https:\/\/i2.wp.com\/batimedianews.com\/live\/wp-content\/uploads\/2024\/03\/image-235.png?w=552&amp;ssl=1 552w, https:\/\/i2.wp.com\/batimedianews.com\/live\/wp-content\/uploads\/2024\/03\/image-235.png?resize=768%2C553&amp;ssl=1 768w, https:\/\/i2.wp.com\/batimedianews.com\/live\/wp-content\/uploads\/2024\/03\/image-235.png?resize=432%2C311&amp;ssl=1 432w, https:\/\/i2.wp.com\/batimedianews.com\/live\/wp-content\/uploads\/2024\/03\/image-235.png?resize=396%2C286&amp;ssl=1 396w\" sizes=\"(max-width: 600px) 91vw, (max-width: 900px) 600px, (max-width: 1060px) 50vw, (max-width: 1200px) 520px, (max-width: 1400px) 43vw, 600px\" data-recalc-dims=\"1\" \/><\/figure>\n\n\n\n<p>Anna et Walter Viegener (\u00e0 droite), pr\u00e9sidents du comit\u00e9 d\u2019associ\u00e9s de Viega, aux c\u00f4t\u00e9s de Claus Holst-Gydesen, actuel PDG du groupe. Ils se f\u00e9licitent d\u2019avoir identifi\u00e9 en interne un candidat qualifi\u00e9 et exp\u00e9riment\u00e9 pour assurer la succession au poste de PDG.&nbsp;<\/p>\n\n\n\n<figure class=\"wp-block-image size-full\"><img loading=\"lazy\" width=\"522\" height=\"380\" src=\"https:\/\/i1.wp.com\/batimedianews.com\/live\/wp-content\/uploads\/2024\/03\/image-236.png?resize=522%2C380\" alt=\"\" class=\"wp-image-36559\" srcset=\"https:\/\/i1.wp.com\/batimedianews.com\/live\/wp-content\/uploads\/2024\/03\/image-236.png?w=522&amp;ssl=1 522w, https:\/\/i1.wp.com\/batimedianews.com\/live\/wp-content\/uploads\/2024\/03\/image-236.png?resize=768%2C559&amp;ssl=1 768w, https:\/\/i1.wp.com\/batimedianews.com\/live\/wp-content\/uploads\/2024\/03\/image-236.png?resize=432%2C314&amp;ssl=1 432w, https:\/\/i1.wp.com\/batimedianews.com\/live\/wp-content\/uploads\/2024\/03\/image-236.png?resize=396%2C288&amp;ssl=1 396w\" sizes=\"(max-width: 600px) 91vw, (max-width: 900px) 600px, (max-width: 1060px) 50vw, (max-width: 1200px) 520px, (max-width: 1400px) 43vw, 600px\" data-recalc-dims=\"1\" \/><\/figure>\n\n\n\n<p>Markus Brettschneider deviendra le nouveau PDG du groupe Viega \u00e0 partir du 1er septembre 2024.&nbsp;<\/p>\n\n\n\n<p class=\"has-small-font-size\">\u00c0 propos de Viega :&nbsp;<\/p>\n\n\n\n<p class=\"has-small-font-size\">Viega est expert en eau potable saine dans les b\u00e2timents et compte parmi les leaders mondiaux du secteur de l\u2019installation. Cette entreprise familiale, ax\u00e9e sur la qualit\u00e9, emploie pr\u00e8s de 5 000 personnes \u00e0 l\u2019\u00e9chelle internationale. L\u2019entreprise dispose de plus de 120 ans d\u2019exp\u00e9rience dans le domaine de la technique du b\u00e2timent. Ses comp\u00e9tences cl\u00e9s sont le maintien et le d\u00e9veloppement de l\u2019hygi\u00e8ne de l\u2019eau potable, l\u2019efficacit\u00e9 \u00e9nerg\u00e9tique, le confort et la s\u00e9curit\u00e9 des b\u00e2timents. L\u2019entreprise commerciale plus de 17 000 produits et syst\u00e8mes sur dix sites \u00e0 travers le monde.&nbsp;<\/p>\n\n\n\n<p><\/p>\n","protected":false},"excerpt":{"rendered":"<p>Attendorn\/Schiltigheim, le 26 mars 2024 \u2013 \u00c0 compter du 1er septembre 2024, Markus Brettschneider acc\u00e8dera au poste de directeur g\u00e9n\u00e9ral (CEO) de Viega. Il succ\u00e8de \u00e0 Claus Holst-Gydesen, qui int\u00e8gre le conseil d\u2019administration du groupe international. Cette transition marque un tournant pour l\u2019entreprise familiale d\u2019Attendorn (Westphalie) privil\u00e9giant une succession interne.&nbsp; \u00ab Nous sommes ravis d\u2019annoncer [&hellip;]<\/p>\n","protected":false},"author":41,"featured_media":36561,"comment_status":"open","ping_status":"open","sticky":false,"template":"","format":"standard","meta":{"spay_email":""},"categories":[4,88,762],"tags":[],"jetpack_featured_media_url":"https:\/\/i0.wp.com\/batimedianews.com\/live\/wp-content\/uploads\/2024\/03\/Viega.jpg?fit=1513%2C825&ssl=1","jetpack_sharing_enabled":true,"jetpack_likes_enabled":true,"jetpack-related-posts":[{"id":26487,"url":"https:\/\/batimedianews.com\/live\/index.php\/2023\/03\/01\/ouverture-de-viega-world-le-bim-revolutionne-le-secteur-de-la-construction\/","url_meta":{"origin":36557,"position":0},"title":"Ouverture de Viega World : le BIM r\u00e9volutionne le secteur de la construction","date":"1 mars 2023","format":false,"excerpt":"Schiltigheim, f\u00e9vrier 2023 - Viega a ouvert le centre de s\u00e9minaires le plus innovant et le plus durable du secteur \u00e0 Attendorn (Allemagne). Le Viega World est un projet de r\u00e9f\u00e9rence pour la construction du futur. Il montre de quelle mani\u00e8re les projets de construction peuvent profiter d\u2019une planification int\u00e9grale\u2026","rel":"","context":"Dans &quot;Actualit\u00e9 Entreprises&quot;","img":{"alt_text":"","src":"https:\/\/i1.wp.com\/batimedianews.com\/live\/wp-content\/uploads\/2023\/02\/Viega-Article.jpg?fit=1080%2C1080&ssl=1&resize=350%2C200","width":350,"height":200},"classes":[]},{"id":44913,"url":"https:\/\/batimedianews.com\/live\/index.php\/2025\/05\/19\/viega-reprend-un-ancien-site-michelin-un-nouveau-site-de-production-prevu-en-sarre\/","url_meta":{"origin":36557,"position":1},"title":"Viega reprend un ancien site Michelin &#8211; Un nouveau site de production pr\u00e9vu en Sarre","date":"19 mai 2025","format":false,"excerpt":"Attendorn \/ Homburg, le 13 mai 2025 \u2013 Le groupe Viega investit environ 150 millions d\u2019euros dans la cr\u00e9ation d\u2019un nouveau site de production dans la commune sarroise de Kirkel, pr\u00e8s de Homburg. Cette entreprise familiale \u00e0 rayonnement international, dont le si\u00e8ge est bas\u00e9 \u00e0 Attendorn en Rh\u00e9nanie-du-Nord-Westphalie, a repris\u2026","rel":"","context":"Dans &quot;Actualit\u00e9 Entreprises&quot;","img":{"alt_text":"","src":"https:\/\/i2.wp.com\/batimedianews.com\/live\/wp-content\/uploads\/2025\/05\/Viega.jpg?fit=825%2C825&ssl=1&resize=350%2C200","width":350,"height":200},"classes":[]},{"id":13329,"url":"https:\/\/batimedianews.com\/live\/index.php\/2021\/10\/22\/demonstration-live-artibat-2021-viega\/","url_meta":{"origin":36557,"position":2},"title":"DEMONSTRATION LIVE ARTIBAT 2021 : VIEGA","date":"22 octobre 2021","format":false,"excerpt":"Batim\u00e9dia vous propose une information professionnelle en direct des fabricants. Nous avons r\u00e9alis\u00e9 une vid\u00e9o d\u00e9monstration live sur le stand de VIEGA Nous vous remercions de votre \u00e9coute. Pour suivre notre fil d\u2019actualit\u00e9\u00a0 http:\/\/www.batimedialive.com \u00a0http:\/\/www.batimedianews.com\u00a0 Chaine batimedialive :\u00a0https:\/\/www.youtube.com\/playlist?list=PLg80m-0ZHETfo-qzvjx3J88wU3tKk6ywA ___________________________________________________________________________ Le groupe Viega emploie actuellement plus de quatre mille sept cents\u2026","rel":"","context":"Dans &quot;Artibat 2021&quot;","img":{"alt_text":"","src":"https:\/\/i1.wp.com\/batimedianews.com\/live\/wp-content\/uploads\/2021\/10\/VIEGA8IMAGE.jpg?fit=982%2C546&ssl=1&resize=350%2C200","width":350,"height":200},"classes":[]},{"id":653,"url":"https:\/\/batimedianews.com\/live\/index.php\/2018\/11\/29\/viega-linstallation-de-chauffage-et-deau-sanitaire-pour-un-chalet-en-haute-savoie\/","url_meta":{"origin":36557,"position":3},"title":"Viega : l&#039;installation de chauffage et d&#039;eau sanitaire pour un chalet en Haute-Savoie","date":"29 novembre 2018","format":false,"excerpt":"Chantier : le sertissage Viega pour un chalet en\u00a0Haute-Savoie Sur le chantier d\u2019un chalet en bois de 340\u00a0m\u00b2 situ\u00e9e \u00e0 Morzine en Haute-Savoie (74), l\u2019installateur a choisi le\u00a0syst\u00e8me de sertissage multicouche avec raccords en acier inoxydable\u00a0et en bronze Viega Smartpress. Ce choix a principalement \u00e9t\u00e9 motiv\u00e9 par\u00a0la qualit\u00e9, la s\u00e9curit\u00e9\u2026","rel":"","context":"Dans &quot;Chauffage&quot;","img":{"alt_text":"","src":"https:\/\/i2.wp.com\/batimedianews.com\/live\/wp-content\/uploads\/2019\/08\/viega_image1.jpg?fit=1018%2C583&ssl=1&resize=350%2C200","width":350,"height":200},"classes":[]},{"id":7715,"url":"https:\/\/batimedianews.com\/live\/index.php\/2021\/01\/11\/evaluation-de-la-consommation-deau-de-lhygiene-et-du-confort-le-reservoir-de-chasse-deau-viega-prevista-obtient-la-note-maximale-du-certificat-well\/","url_meta":{"origin":36557,"position":4},"title":"\u00c9valuation de la consommation d\u2019eau, de l\u2019hygi\u00e8ne et du confort : Le r\u00e9servoir de chasse d\u2019eau Viega Prevista obtient la note maximale du certificat WELL","date":"11 janvier 2021","format":false,"excerpt":"Sarrebourg, janvier 2021 - Le nouveau syst\u00e8me de b\u00e2ti-support Viega Prevista s\u00e9duit les artisans, autant pour sa flexibilit\u00e9 que pour son montage simple et rapide. Pour l\u2019utilisateur, les caract\u00e9ristiques techniques comme la consommation d\u2019eau des r\u00e9servoirs, le confort et l\u2019hygi\u00e8ne demeurent des donn\u00e9es fondamentales. Le r\u00e9servoir de chasse d\u2019eau Prevista\u2026","rel":"","context":"Dans &quot;Actualit\u00e9 Entreprises&quot;","img":{"alt_text":"","src":"https:\/\/i2.wp.com\/batimedianews.com\/live\/wp-content\/uploads\/2021\/01\/image-35.png?fit=732%2C390&ssl=1&resize=350%2C200","width":350,"height":200},"classes":[]},{"id":13748,"url":"https:\/\/batimedianews.com\/live\/index.php\/2021\/11\/10\/plaques-de-commande-sans-contact-pour-wc-de-viega\/","url_meta":{"origin":36557,"position":5},"title":"Plaques de commande sans contact pour WC de Viega","date":"10 novembre 2021","format":false,"excerpt":"\u00a0Tirer la chasse d\u2019eau n\u2019a jamais \u00e9t\u00e9 aussi hygi\u00e9nique\u00a0 Schiltigheim, novembre 2021 \u2013 Avec plus de cinquante r\u00e9f\u00e9rences de plaques de commande pour WC, livrables de s\u00e9rie, Viega propose un design personnalis\u00e9 pour chaque salle de bains. Les plaques de commande \u00ab Visign \u00bb sont \u00e9galement compos\u00e9es de mat\u00e9riaux particuli\u00e8rement\u2026","rel":"","context":"Dans &quot;Actualit\u00e9 Entreprises&quot;","img":{"alt_text":"","src":"https:\/\/i0.wp.com\/batimedianews.com\/live\/wp-content\/uploads\/2021\/11\/viella-Article.jpg?fit=512%2C512&ssl=1&resize=350%2C200","width":350,"height":200},"classes":[]}],"_links":{"self":[{"href":"https:\/\/batimedianews.com\/live\/index.php\/wp-json\/wp\/v2\/posts\/36557"}],"collection":[{"href":"https:\/\/batimedianews.com\/live\/index.php\/wp-json\/wp\/v2\/posts"}],"about":[{"href":"https:\/\/batimedianews.com\/live\/index.php\/wp-json\/wp\/v2\/types\/post"}],"author":[{"embeddable":true,"href":"https:\/\/batimedianews.com\/live\/index.php\/wp-json\/wp\/v2\/users\/41"}],"replies":[{"embeddable":true,"href":"https:\/\/batimedianews.com\/live\/index.php\/wp-json\/wp\/v2\/comments?post=36557"}],"version-history":[{"count":2,"href":"https:\/\/batimedianews.com\/live\/index.php\/wp-json\/wp\/v2\/posts\/36557\/revisions"}],"predecessor-version":[{"id":36573,"href":"https:\/\/batimedianews.com\/live\/index.php\/wp-json\/wp\/v2\/posts\/36557\/revisions\/36573"}],"wp:featuredmedia":[{"embeddable":true,"href":"https:\/\/batimedianews.com\/live\/index.php\/wp-json\/wp\/v2\/media\/36561"}],"wp:attachment":[{"href":"https:\/\/batimedianews.com\/live\/index.php\/wp-json\/wp\/v2\/media?parent=36557"}],"wp:term":[{"taxonomy":"category","embeddable":true,"href":"https:\/\/batimedianews.com\/live\/index.php\/wp-json\/wp\/v2\/categories?post=36557"},{"taxonomy":"post_tag","embeddable":true,"href":"https:\/\/batimedianews.com\/live\/index.php\/wp-json\/wp\/v2\/tags?post=36557"}],"curies":[{"name":"wp","href":"https:\/\/api.w.org\/{rel}","templated":true}]}}