{"id":36587,"date":"2024-03-29T11:10:35","date_gmt":"2024-03-29T10:10:35","guid":{"rendered":"http:\/\/batimedianews.com\/live\/?p=36587"},"modified":"2024-06-04T13:55:45","modified_gmt":"2024-06-04T11:55:45","slug":"cupa-pizarras-confirme-ses-ambitions-sur-le-marche-du-bardage-exterieur-en-nommant-un-nouveau-responsable-cupaclad-pour-la-france","status":"publish","type":"post","link":"https:\/\/batimedianews.com\/live\/index.php\/2024\/03\/29\/cupa-pizarras-confirme-ses-ambitions-sur-le-marche-du-bardage-exterieur-en-nommant-un-nouveau-responsable-cupaclad-pour-la-france\/","title":{"rendered":"CUPA PIZARRAS confirme ses ambitions sur le march\u00e9 du bardage ext\u00e9rieur en nommant un nouveau responsable CUPACLAD pour la France."},"content":{"rendered":"\n<figure class=\"wp-block-image size-large\"><img loading=\"lazy\" width=\"720\" height=\"720\" src=\"https:\/\/i0.wp.com\/batimedianews.com\/live\/wp-content\/uploads\/2024\/03\/Cupa-Pizzaras-nomination.jpg?resize=720%2C720\" alt=\"\" class=\"wp-image-36588\" srcset=\"https:\/\/i2.wp.com\/batimedianews.com\/live\/wp-content\/uploads\/2024\/03\/Cupa-Pizzaras-nomination-scaled.jpg?resize=1024%2C1024&amp;ssl=1 1024w, https:\/\/i2.wp.com\/batimedianews.com\/live\/wp-content\/uploads\/2024\/03\/Cupa-Pizzaras-nomination-scaled.jpg?resize=600%2C600&amp;ssl=1 600w, https:\/\/i2.wp.com\/batimedianews.com\/live\/wp-content\/uploads\/2024\/03\/Cupa-Pizzaras-nomination-scaled.jpg?resize=300%2C300&amp;ssl=1 300w, https:\/\/i2.wp.com\/batimedianews.com\/live\/wp-content\/uploads\/2024\/03\/Cupa-Pizzaras-nomination-scaled.jpg?resize=1536%2C1536&amp;ssl=1 1536w, https:\/\/i2.wp.com\/batimedianews.com\/live\/wp-content\/uploads\/2024\/03\/Cupa-Pizzaras-nomination-scaled.jpg?resize=2048%2C2048&amp;ssl=1 2048w, https:\/\/i2.wp.com\/batimedianews.com\/live\/wp-content\/uploads\/2024\/03\/Cupa-Pizzaras-nomination-scaled.jpg?resize=10%2C10&amp;ssl=1 10w, https:\/\/i2.wp.com\/batimedianews.com\/live\/wp-content\/uploads\/2024\/03\/Cupa-Pizzaras-nomination-scaled.jpg?w=1440 1440w, https:\/\/i2.wp.com\/batimedianews.com\/live\/wp-content\/uploads\/2024\/03\/Cupa-Pizzaras-nomination-scaled.jpg?w=2160 2160w\" sizes=\"(max-width: 600px) 91vw, (max-width: 900px) 600px, (max-width: 1060px) 50vw, (max-width: 1200px) 520px, (max-width: 1400px) 43vw, 600px\" data-recalc-dims=\"1\" \/><\/figure>\n\n\n\n<p><strong>Le leader mondial de l\u2019ardoise naturelle annonce la nomination de S\u00e9bastien Salch en tant que nouveau responsable en France de CUPACLAD, son offre durable de fa\u00e7ade ventil\u00e9e en ardoise naturelle.<\/strong><\/p>\n\n\n\n<p>Le leader mondial de l\u2019ardoise naturelle annonce la nomination de S\u00e9bastien Salch en tant que nouveau responsable en France de CUPACLAD, son offre durable de fa\u00e7ade ventil\u00e9e en ardoise naturelle.<\/p>\n\n\n\n<p>Fort d\u2019une solide exp\u00e9rience dans le secteur du b\u00e2timent et de la construction \u2013 notamment chez Carea ou chez Terreal o\u00f9 il \u00e9tait en charge de la Prescription fa\u00e7ade \u2013 S\u00e9bastien Salch apportera son savoir-faire et son excellente connaissance des attentes de la prescription. En quelques ann\u00e9es, CUPACLAD s\u2019est implant\u00e9 sur le march\u00e9 fran\u00e7ais et a conquis une place de choix \u00e0 l\u2019international. La nomination de S\u00e9bastien Salch en tant que responsable de CUPACLAD France s\u2019inscrit dans cette trajectoire ascendante.<\/p>\n\n\n\n<p><em>\u00ab&nbsp;Relever le d\u00e9fi d\u2019assurer la croissance et la notori\u00e9t\u00e9 de CUPACLAD sur le march\u00e9 fran\u00e7ais est une mission que j\u2019aborde avec enthousiasme. Les syst\u00e8mes CUPACLAD combinent deux \u00e9l\u00e9ments cl\u00e9s pour les prescripteurs&nbsp;: une esth\u00e9tique contemporaine et une durabilit\u00e9 exceptionnelle&nbsp;\u00bb&nbsp;<\/em>d\u00e9clare S\u00e9bastien Salch.&nbsp;<em>\u00ab&nbsp;Passionn\u00e9 de construction et esth\u00e8te, je souhaite dans cette nouvelle mission contribuer \u00e0 l\u2019embellissement du paysage architectural.&nbsp;\u00bb<\/em><\/p>\n","protected":false},"excerpt":{"rendered":"<p>Le leader mondial de l\u2019ardoise naturelle annonce la nomination de S\u00e9bastien Salch en tant que nouveau responsable en France de CUPACLAD, son offre durable de fa\u00e7ade ventil\u00e9e en ardoise naturelle. Le leader mondial de l\u2019ardoise naturelle annonce la nomination de S\u00e9bastien Salch en tant que nouveau responsable en France de CUPACLAD, son offre durable de [&hellip;]<\/p>\n","protected":false},"author":41,"featured_media":36589,"comment_status":"open","ping_status":"open","sticky":false,"template":"","format":"standard","meta":{"spay_email":""},"categories":[4],"tags":[],"jetpack_featured_media_url":"https:\/\/i0.wp.com\/batimedianews.com\/live\/wp-content\/uploads\/2024\/03\/Cupa-Pizarras.jpg?fit=1513%2C825&ssl=1","jetpack_sharing_enabled":true,"jetpack_likes_enabled":true,"jetpack-related-posts":[{"id":36591,"url":"https:\/\/batimedianews.com\/live\/index.php\/2024\/03\/29\/de-nouveaux-standards-pour-les-facades\/","url_meta":{"origin":36587,"position":0},"title":"De nouveaux standards pour les fa\u00e7ades","date":"29 mars 2024","format":false,"excerpt":"Port\u00e9e par l\u2019isolation thermique par l\u2019ext\u00e9rieur (ITE), le march\u00e9 du bardage de fa\u00e7ade a beaucoup \u00e9volu\u00e9 cette derni\u00e8re d\u00e9cennie. \u00c0 c\u00f4t\u00e9 des traditionnelles solutions bois ou cr\u00e9pi, il existe un mat\u00e9riau extr\u00eamement durable, dont l\u2019esth\u00e9tique s\u00e9duit la prescription\u00a0: l\u2019ardoise naturelle. Port\u00e9e par l\u2019isolation thermique par l\u2019ext\u00e9rieur (ITE), le march\u00e9 du\u2026","rel":"","context":"Dans &quot;Actualit\u00e9 Entreprises&quot;","img":{"alt_text":"","src":"https:\/\/i2.wp.com\/batimedianews.com\/live\/wp-content\/uploads\/2024\/03\/Cupa-Pizarras-1.jpg?fit=825%2C825&ssl=1&resize=350%2C200","width":350,"height":200},"classes":[]},{"id":36596,"url":"https:\/\/batimedianews.com\/live\/index.php\/2024\/03\/29\/quand-lardoise-vient-souligner-laudacieuse-extension-dune-maison-typique-du-nord\/","url_meta":{"origin":36587,"position":1},"title":"Quand l\u2019ardoise vient souligner l\u2019audacieuse extension d\u2019une maison typique du Nord.","date":"29 mars 2024","format":false,"excerpt":"Situ\u00e9e dans la campagne wallone, cette ancienne maison construite en briques et pierres n\u00e9cessitait de s\u2019agrandir au rythme de la famille qui l\u2019occupe. Pour r\u00e9pondre \u00e0 cette demande, le Bureau d\u2019Architectes Desmedt-Purnelle a imagin\u00e9 une extension compos\u00e9e de deux cubes habill\u00e9s d\u2019un bardage qui mixe bois et ardoise naturelle CUPACLAD.\u2026","rel":"","context":"Dans &quot;architecture&quot;","img":{"alt_text":"","src":"https:\/\/i0.wp.com\/batimedianews.com\/live\/wp-content\/uploads\/2024\/03\/Cupa-Pizarras-2.jpg?fit=825%2C825&ssl=1&resize=350%2C200","width":350,"height":200},"classes":[]},{"id":26511,"url":"https:\/\/batimedianews.com\/live\/index.php\/2023\/03\/01\/siniat-accueille-son-nouveau-directeur-marketing-et-strategie\/","url_meta":{"origin":36587,"position":2},"title":"Siniat accueille son nouveau Directeur Marketing et Strat\u00e9gie","date":"1 mars 2023","format":false,"excerpt":"Etex France Building Performance annonce la nomination de Marc-Robert JEAN au poste de Directeur Marketing et Strat\u00e9gie pour sa marque phare Siniat. Dipl\u00f4m\u00e9 de l\u2019INSA Lyon compl\u00e9t\u00e9 par un 3\u00e8me cycle marketing-strat\u00e9gie \u00e0 l\u2019IAE d\u2019Aix-en-Provence, Marc-Robert JEAN travaille depuis plus de 25 ans chez des industriels du second oeuvre du\u2026","rel":"","context":"Dans &quot;Actualit\u00e9 Entreprises&quot;","img":{"alt_text":"","src":"https:\/\/i0.wp.com\/batimedianews.com\/live\/wp-content\/uploads\/2023\/02\/Siniat-Article-1.jpg?fit=1080%2C1080&ssl=1&resize=350%2C200","width":350,"height":200},"classes":[]},{"id":4151,"url":"https:\/\/batimedianews.com\/live\/index.php\/2020\/04\/21\/veka-annonce-la-nomination-de-son-nouveau-directeur-commercial-france\/","url_meta":{"origin":36587,"position":3},"title":"VEKA annonce la nomination de son nouveau Directeur Commercial France","date":"21 avril 2020","format":false,"excerpt":"Sp\u00e9cialis\u00e9 dans l\u2019extrusion de profil\u00e9s PVC et la conception de syst\u00e8mes de menuiseries (fen\u00eatres, volets et portes), VEKA annonce la nomination de Emmanuel Demesmay au poste de Directeur Commercial France, \u00e0 compter du 18 mai 2020. Pr\u00e9cisons qu\u2019il remplace David Taveira qui prend lui en charge de nouvelles fonctions avec\u2026","rel":"","context":"Dans &quot;Actualit\u00e9 Entreprises&quot;","img":{"alt_text":"","src":"https:\/\/i2.wp.com\/batimedianews.com\/live\/wp-content\/uploads\/2020\/04\/v2image.jpg?fit=633%2C633&ssl=1&resize=350%2C200","width":350,"height":200},"classes":[]},{"id":9111,"url":"https:\/\/batimedianews.com\/live\/index.php\/2021\/04\/26\/refection-de-la-basilique-saint-donatien\/","url_meta":{"origin":36587,"position":4},"title":"R\u00c9FECTION DE LA BASILIQUE SAINT DONATIEN","date":"26 avril 2021","format":false,"excerpt":"LARIVIERE, DES SOLUTIONS D\u2019EXPERT POUR TOUS LES B\u00c2TIMENTS LARIVIERE appartient au Groupe SIG, distributeur sp\u00e9cialiste de l\u2019enveloppe du b\u00e2timent, de l\u2019am\u00e9nagement int\u00e9rieur, de l\u2019isolation et de l\u2019efficacit\u00e9 \u00e9nerg\u00e9tique. Depuis plus de 70 ans, LARIVIERE accompagne les professionnels du b\u00e2timent sur tous les projets de construction neuve ou de r\u00e9novation sur\u2026","rel":"","context":"Dans &quot;Actualit\u00e9 Entreprises&quot;","img":{"alt_text":"","src":"https:\/\/i1.wp.com\/batimedianews.com\/live\/wp-content\/uploads\/2021\/04\/image-41.png?fit=718%2C530&ssl=1&resize=350%2C200","width":350,"height":200},"classes":[]},{"id":46986,"url":"https:\/\/batimedianews.com\/live\/index.php\/2025\/09\/29\/sto-enrichit-son-offre-de-finitions-pour-les-facades-ventilees-avec-stocera-une-nouvelle-gamme-de-parements-ceramiques\/","url_meta":{"origin":36587,"position":5},"title":"Sto enrichit son offre de finitions pour les fa\u00e7ades ventil\u00e9es avec StoCera : Une nouvelle gamme de parements c\u00e9ramiques","date":"29 septembre 2025","format":false,"excerpt":"Sto, leader mondial de l\u2019isolation thermique par l\u2019ext\u00e9rieur et sp\u00e9cialiste de l'embellissement de fa\u00e7ade, \u00e9largit son offre de parements avec le lancement de StoCera, une nouvelle gamme en c\u00e9ramique. Con\u00e7ue particuli\u00e8rement pour une mise en \u0153uvre sur le syst\u00e8me de bardage ventil\u00e9 StoVentec C, cette nouvelle finition vient compl\u00e9ter le\u2026","rel":"","context":"Dans &quot;Actualit\u00e9 Entreprises&quot;","img":{"alt_text":"","src":"https:\/\/i0.wp.com\/batimedianews.com\/live\/wp-content\/uploads\/2025\/09\/sto-1.jpg?fit=825%2C825&ssl=1&resize=350%2C200","width":350,"height":200},"classes":[]}],"_links":{"self":[{"href":"https:\/\/batimedianews.com\/live\/index.php\/wp-json\/wp\/v2\/posts\/36587"}],"collection":[{"href":"https:\/\/batimedianews.com\/live\/index.php\/wp-json\/wp\/v2\/posts"}],"about":[{"href":"https:\/\/batimedianews.com\/live\/index.php\/wp-json\/wp\/v2\/types\/post"}],"author":[{"embeddable":true,"href":"https:\/\/batimedianews.com\/live\/index.php\/wp-json\/wp\/v2\/users\/41"}],"replies":[{"embeddable":true,"href":"https:\/\/batimedianews.com\/live\/index.php\/wp-json\/wp\/v2\/comments?post=36587"}],"version-history":[{"count":2,"href":"https:\/\/batimedianews.com\/live\/index.php\/wp-json\/wp\/v2\/posts\/36587\/revisions"}],"predecessor-version":[{"id":36634,"href":"https:\/\/batimedianews.com\/live\/index.php\/wp-json\/wp\/v2\/posts\/36587\/revisions\/36634"}],"wp:featuredmedia":[{"embeddable":true,"href":"https:\/\/batimedianews.com\/live\/index.php\/wp-json\/wp\/v2\/media\/36589"}],"wp:attachment":[{"href":"https:\/\/batimedianews.com\/live\/index.php\/wp-json\/wp\/v2\/media?parent=36587"}],"wp:term":[{"taxonomy":"category","embeddable":true,"href":"https:\/\/batimedianews.com\/live\/index.php\/wp-json\/wp\/v2\/categories?post=36587"},{"taxonomy":"post_tag","embeddable":true,"href":"https:\/\/batimedianews.com\/live\/index.php\/wp-json\/wp\/v2\/tags?post=36587"}],"curies":[{"name":"wp","href":"https:\/\/api.w.org\/{rel}","templated":true}]}}