{"id":36603,"date":"2024-03-29T13:31:53","date_gmt":"2024-03-29T12:31:53","guid":{"rendered":"http:\/\/batimedianews.com\/live\/?p=36603"},"modified":"2024-06-04T13:55:45","modified_gmt":"2024-06-04T11:55:45","slug":"jean-philippe-nuel-devoile-maslo-un-immeuble-de-bureau-realise-pour-covivio","status":"publish","type":"post","link":"https:\/\/batimedianews.com\/live\/index.php\/2024\/03\/29\/jean-philippe-nuel-devoile-maslo-un-immeuble-de-bureau-realise-pour-covivio\/","title":{"rendered":"Jean-Philippe Nuel d\u00e9voile MASL\u00d6, un immeuble de bureau r\u00e9alis\u00e9 pour Covivio"},"content":{"rendered":"\n<div class=\"wp-block-media-text alignwide has-media-on-the-right is-stacked-on-mobile\" style=\"grid-template-columns:auto 38%\"><figure class=\"wp-block-media-text__media\"><img loading=\"lazy\" width=\"720\" height=\"720\" src=\"https:\/\/i2.wp.com\/batimedianews.com\/live\/wp-content\/uploads\/2024\/03\/JeanPhilippeNuelPhoto2.jpg?resize=720%2C720\" alt=\"\" class=\"wp-image-36604 size-full\" srcset=\"https:\/\/i2.wp.com\/batimedianews.com\/live\/wp-content\/uploads\/2024\/03\/JeanPhilippeNuelPhoto2.jpg?resize=1024%2C1024&amp;ssl=1 1024w, https:\/\/i2.wp.com\/batimedianews.com\/live\/wp-content\/uploads\/2024\/03\/JeanPhilippeNuelPhoto2.jpg?resize=600%2C600&amp;ssl=1 600w, https:\/\/i2.wp.com\/batimedianews.com\/live\/wp-content\/uploads\/2024\/03\/JeanPhilippeNuelPhoto2.jpg?resize=300%2C300&amp;ssl=1 300w, https:\/\/i2.wp.com\/batimedianews.com\/live\/wp-content\/uploads\/2024\/03\/JeanPhilippeNuelPhoto2.jpg?resize=1536%2C1536&amp;ssl=1 1536w, https:\/\/i2.wp.com\/batimedianews.com\/live\/wp-content\/uploads\/2024\/03\/JeanPhilippeNuelPhoto2.jpg?resize=2048%2C2048&amp;ssl=1 2048w, https:\/\/i2.wp.com\/batimedianews.com\/live\/wp-content\/uploads\/2024\/03\/JeanPhilippeNuelPhoto2.jpg?resize=10%2C10&amp;ssl=1 10w\" sizes=\"(max-width: 600px) 91vw, (max-width: 900px) 600px, (max-width: 1060px) 50vw, (max-width: 1200px) 520px, (max-width: 1400px) 43vw, 600px\" data-recalc-dims=\"1\" \/><\/figure><div class=\"wp-block-media-text__content\">\n<p style=\"font-size:29px\"><strong>MASL\u00d6, UN PROJET D\u2019ENVERGURE<\/strong><\/p>\n\n\n\n<p>Le projet MASL\u00d6, r\u00e9alis\u00e9 pour Covivio, consistait en une reconversion totale d&rsquo;un immeuble de bureau des ann\u00e9es 70 sans changer sa destination tertiaire, mais en le r\u00e9inscrivant dans les nouveaux objectifs techniques, fonctionnels et qualitatifs d&rsquo;un lieu de travail d&rsquo;aujourd&rsquo;hui.<\/p>\n\n\n\n<p>L&rsquo;agence a \u00e9t\u00e9 charg\u00e9e de la conception int\u00e9rieure des lieux de vie et de tous les espaces partag\u00e9s de l&rsquo;immeuble. L&rsquo;immeuble est aujourd&rsquo;hui occup\u00e9 par plusieurs soci\u00e9t\u00e9s, chacune responsables de l&rsquo;am\u00e9nagement de ses propres bureaux.<\/p>\n\n\n\n<p>Au vu de l&rsquo;importance du projet (20 000 m2), le rez-de-chauss\u00e9e repr\u00e9sentait un v\u00e9ritable enjeu pour cr\u00e9er une dynamique capable de f\u00e9d\u00e9rer les diff\u00e9rentes soci\u00e9t\u00e9s dans un espace partag\u00e9 et multifonctions.<\/p>\n\n\n\n<p>Dans ce cadre, le projet MASL\u00d6 s&rsquo;inscrit parfaitement dans une nouvelle approche des projets tertiaires qui doivent proposer une v\u00e9ritable compl\u00e9mentarit\u00e9 avec le t\u00e9l\u00e9travail.<\/p>\n\n\n\n<p>Le chois de l&rsquo;appellation \u00ab\u00a0MASL\u00d6\u00a0\u00bb fait sens avec cet objectif puisqu&rsquo;au travers du nom de son cr\u00e9ateur, il exprime la pyramide de Maslow qui th\u00e9orise la hi\u00e9rarchie des besoins sur un lieu de travail.<\/p>\n<\/div><\/div>\n\n\n\n<div class=\"wp-block-media-text alignwide is-stacked-on-mobile\" style=\"grid-template-columns:39% auto\"><figure class=\"wp-block-media-text__media\"><img loading=\"lazy\" width=\"720\" height=\"720\" src=\"https:\/\/i0.wp.com\/batimedianews.com\/live\/wp-content\/uploads\/2024\/03\/image-243.png?resize=720%2C720\" alt=\"\" class=\"wp-image-36605 size-full\" srcset=\"https:\/\/i0.wp.com\/batimedianews.com\/live\/wp-content\/uploads\/2024\/03\/image-243.png?resize=1024%2C1024&amp;ssl=1 1024w, https:\/\/i0.wp.com\/batimedianews.com\/live\/wp-content\/uploads\/2024\/03\/image-243.png?resize=600%2C600&amp;ssl=1 600w, https:\/\/i0.wp.com\/batimedianews.com\/live\/wp-content\/uploads\/2024\/03\/image-243.png?resize=300%2C300&amp;ssl=1 300w, https:\/\/i0.wp.com\/batimedianews.com\/live\/wp-content\/uploads\/2024\/03\/image-243.png?resize=1536%2C1536&amp;ssl=1 1536w, https:\/\/i0.wp.com\/batimedianews.com\/live\/wp-content\/uploads\/2024\/03\/image-243.png?resize=2048%2C2048&amp;ssl=1 2048w, https:\/\/i0.wp.com\/batimedianews.com\/live\/wp-content\/uploads\/2024\/03\/image-243.png?resize=10%2C10&amp;ssl=1 10w\" sizes=\"(max-width: 600px) 91vw, (max-width: 900px) 600px, (max-width: 1060px) 50vw, (max-width: 1200px) 520px, (max-width: 1400px) 43vw, 600px\" data-recalc-dims=\"1\" \/><\/figure><div class=\"wp-block-media-text__content\">\n<p style=\"font-size:30px\"><strong>M\u00c4SLO, une approche diff\u00e9renciante des espaces de travail&nbsp;<\/strong><\/p>\n\n\n\n<p>&nbsp;Abraham Maslow \u00e9tait un psychologue am\u00e9ricain du XX\u00e8me si\u00e8cle qui a fait le lien entrer les besoins des salari\u00e9s et leur motivation au sein de leur entreprise. Son travail, n\u00e9 avec l\u2019av\u00e8nement des grands espaces tertiaires aux Etats-Unis apr\u00e8s la seconde guerre mondiale, reste particuli\u00e8rement int\u00e9ressant aujourd\u2019hui car si le cadre a radicalement chang\u00e9, les besoins fondamentaux des hommes et des femmes au travail restent les m\u00eames.&nbsp;<\/p>\n\n\n\n<p>Dans la nouvelle approche des espaces de travail, on peut m\u00eame constater que les besoins identifi\u00e9s pour Maslow sont justement beaucoup plus pris en compte aujourd&rsquo;hui que pr\u00e9c\u00e9demment. La pyramide de Maslow a la particularit\u00e9 en outre de hi\u00e9rarchiser les besoins sur 5 niveaux.\u00a0<\/p>\n\n\n\n<p>Le premier niveau constitue la base de la pyramide et exprime les besoins physiologiques : respirer, boire, s\u2019alimenter.&nbsp;Le deuxi\u00e8me niveau exprime les besoins de s\u00e9r\u00e9nit\u00e9, d\u2019environnements table sans anxi\u00e9t\u00e9. Le troisi\u00e8me niveau exprime les besoins d\u2019appartenance et d\u2019amour, l\u2019affection des autres. Le quatri\u00e8me le besoin d\u2019estime, la reconnaissance.&nbsp;<\/p>\n\n\n\n<p>Enfin le cinqui\u00e8me niveau, qui est le sommet de la pyramide et donc l\u2019objectif final, exprime le besoin d\u2019accomplissement de soi.<\/p>\n\n\n\n<p>&nbsp;<\/p>\n<\/div><\/div>\n\n\n\n<div class=\"wp-block-media-text alignwide has-media-on-the-right is-stacked-on-mobile\" style=\"grid-template-columns:auto 37%\"><figure class=\"wp-block-media-text__media\"><img loading=\"lazy\" width=\"720\" height=\"959\" src=\"https:\/\/i2.wp.com\/batimedianews.com\/live\/wp-content\/uploads\/2024\/03\/image-244.png?resize=720%2C959\" alt=\"\" class=\"wp-image-36606 size-full\" srcset=\"https:\/\/i2.wp.com\/batimedianews.com\/live\/wp-content\/uploads\/2024\/03\/image-244.png?w=854&amp;ssl=1 854w, https:\/\/i2.wp.com\/batimedianews.com\/live\/wp-content\/uploads\/2024\/03\/image-244.png?resize=768%2C1023&amp;ssl=1 768w, https:\/\/i2.wp.com\/batimedianews.com\/live\/wp-content\/uploads\/2024\/03\/image-244.png?resize=432%2C576&amp;ssl=1 432w, https:\/\/i2.wp.com\/batimedianews.com\/live\/wp-content\/uploads\/2024\/03\/image-244.png?resize=396%2C528&amp;ssl=1 396w, https:\/\/i2.wp.com\/batimedianews.com\/live\/wp-content\/uploads\/2024\/03\/image-244.png?resize=660%2C879&amp;ssl=1 660w\" sizes=\"(max-width: 600px) 91vw, (max-width: 900px) 600px, (max-width: 1060px) 50vw, (max-width: 1200px) 520px, (max-width: 1400px) 43vw, 600px\" data-recalc-dims=\"1\" \/><\/figure><div class=\"wp-block-media-text__content\">\n<p class=\"has-normal-font-size\">Le projet se veut compl\u00e8tement en phase avec les objectifs de Maslow tout enprenant en compte ses sp\u00e9cificit\u00e9s propres.<\/p>\n\n\n\n<p class=\"has-normal-font-size\">Le rez-de-chauss\u00e9e comporte des particularit\u00e9s, avec entres autres deux entr\u00e9es oppos\u00e9es qui induisent un flux de circulation. Le restaurant d\u2019entreprise n\u2019est plus de ce fait un espace sans animation en dehors des heures de repas, il est au contraire int\u00e9gr\u00e9 dans la vie permanente du rez-de-chauss\u00e9e, c\u2019est un lieu de convivialit\u00e9 connect\u00e9 au patio int\u00e9rieur. L\u2019ambition est d\u2019en faire un lieu de vie \u00e0 toute heure de la journ\u00e9e : pause repos, coworking, espace connect\u00e9.<\/p>\n\n\n\n<p class=\"has-normal-font-size\">Le patio v\u00e9g\u00e9talis\u00e9 accessible depuis plusieurs espaces est ainsi un cocon vert synonyme de bien-\u00eatre.<\/p>\n\n\n\n<p>La v\u00e9g\u00e9talisation s\u2019exporte d\u2019ailleurs dans les espaces int\u00e9rieurs, dans le hall, le restaurant et \u00e9galement en transparence de cloisons vitr\u00e9es pour faire de la nature et du bien-\u00eatre un th\u00e8me central du projet.<\/p>\n\n\n\n<p>Le hall principal est \u00e9galement marqu\u00e9 par un geste fort ; le travail lumineux du Studio Cocorico joue avec la double hauteur et marque l\u2019entr\u00e9e de l\u2019immeuble depuis la rue.<\/p>\n<\/div><\/div>\n\n\n\n<div class=\"wp-block-media-text alignwide is-stacked-on-mobile\" style=\"grid-template-columns:33% auto\"><figure class=\"wp-block-media-text__media\"><img loading=\"lazy\" width=\"720\" height=\"880\" src=\"https:\/\/i0.wp.com\/batimedianews.com\/live\/wp-content\/uploads\/2024\/03\/image-245.png?resize=720%2C880\" alt=\"\" class=\"wp-image-36607 size-full\" srcset=\"https:\/\/i0.wp.com\/batimedianews.com\/live\/wp-content\/uploads\/2024\/03\/image-245.png?w=934&amp;ssl=1 934w, https:\/\/i0.wp.com\/batimedianews.com\/live\/wp-content\/uploads\/2024\/03\/image-245.png?resize=768%2C939&amp;ssl=1 768w, https:\/\/i0.wp.com\/batimedianews.com\/live\/wp-content\/uploads\/2024\/03\/image-245.png?resize=432%2C528&amp;ssl=1 432w, https:\/\/i0.wp.com\/batimedianews.com\/live\/wp-content\/uploads\/2024\/03\/image-245.png?resize=396%2C484&amp;ssl=1 396w, https:\/\/i0.wp.com\/batimedianews.com\/live\/wp-content\/uploads\/2024\/03\/image-245.png?resize=660%2C807&amp;ssl=1 660w\" sizes=\"(max-width: 600px) 91vw, (max-width: 900px) 600px, (max-width: 1060px) 50vw, (max-width: 1200px) 520px, (max-width: 1400px) 43vw, 600px\" data-recalc-dims=\"1\" \/><\/figure><div class=\"wp-block-media-text__content\">\n<p class=\"has-normal-font-size\">Cette dimension artistique est pr\u00e9sente dans tout le projet au travers de cr\u00e9ations graphiques de Musco et Lysanne Koller (Art Consult). L\u2019art, l\u2019attention port\u00e9e au design et au sens large \u00e0 la cr\u00e9ativit\u00e9 donnent une identit\u00e9 unique au b\u00e2timent. Cela cr\u00e9e \u00e9galement un sentiment d\u2019appartenance mat\u00e9rialis\u00e9 par ce lien et partag\u00e9 autour de valeurs culturelles. <\/p>\n\n\n\n<p class=\"has-normal-font-size\">Utiliser l\u2019art, d\u00e9passer la seule analyse fonctionnelle marquent l\u2019estime port\u00e9e aux utilisateurs, c\u2019est une reconnaissance implicite du travail de chacun.<\/p>\n\n\n\n<p class=\"has-normal-font-size\">Sur ces deux points, le projet s\u2019inscrit parfaitement dans les objectifs exprim\u00e9s par Maslow.<\/p>\n\n\n\n<p class=\"has-normal-font-size\">Comme autre particularit\u00e9, le rez-de-chauss\u00e9e accueille \u00e9galement un espace Cojean, un restaurant VIP, l\u2019ensemble apportant une grade vari\u00e9t\u00e9 de l\u2019offre restauration.<\/p>\n\n\n\n<p class=\"has-normal-font-size\">Un p\u00f4le \u00e9v\u00e8nement et un business center compl\u00e8tent le programme. C\u2019est la diversit\u00e9 des lieux et des usages, \u00e9galement son design en rupture inspir\u00e9 par la nature, qui donnent du sens au projet en coh\u00e9rence avec le travail de Maslow, tout en r\u00e9pondant aux nouvelles attentes des lieux de travail.<\/p>\n<\/div><\/div>\n\n\n\n<p><\/p>\n","protected":false},"excerpt":{"rendered":"<p>MASL\u00d6, UN PROJET D\u2019ENVERGURE Le projet MASL\u00d6, r\u00e9alis\u00e9 pour Covivio, consistait en une reconversion totale d&rsquo;un immeuble de bureau des ann\u00e9es 70 sans changer sa destination tertiaire, mais en le r\u00e9inscrivant dans les nouveaux objectifs techniques, fonctionnels et qualitatifs d&rsquo;un lieu de travail d&rsquo;aujourd&rsquo;hui. L&rsquo;agence a \u00e9t\u00e9 charg\u00e9e de la conception int\u00e9rieure des lieux de [&hellip;]<\/p>\n","protected":false},"author":41,"featured_media":36608,"comment_status":"open","ping_status":"open","sticky":false,"template":"","format":"standard","meta":{"spay_email":""},"categories":[4,8,1256,1862],"tags":[],"jetpack_featured_media_url":"https:\/\/i1.wp.com\/batimedianews.com\/live\/wp-content\/uploads\/2024\/03\/JeanPhilippeNuel.jpg?fit=1513%2C825&ssl=1","jetpack_sharing_enabled":true,"jetpack_likes_enabled":true,"jetpack-related-posts":[{"id":11370,"url":"https:\/\/batimedianews.com\/live\/index.php\/2021\/08\/04\/wavin-accompagne-le-chantier-so-pop-a-saint-ouen-avec-plus-de-4-000-raccords-tigris-m5-et-environ-5-000-m-de-tubes-multicouches\/","url_meta":{"origin":36603,"position":0},"title":"Wavin accompagne le chantier SO POP \u00e0 Saint-Ouen avec plus de 4 000 raccords Tigris M5 et environ 5 000 m de tubes multicouches","date":"4 ao\u00fbt 2021","format":false,"excerpt":"Des r\u00e9seaux d\u2019eau plus fiables et performants La r\u00e9duction des risques de fuites d\u2019eau et le d\u00e9veloppement de solutions pour des installations sanitaires fiables et durables sont au coeur de la philosophie Wavin. L\u2019entreprise propose des produits de qualit\u00e9 permettant un approvisionnement s\u00fbr et une bonne distribution de l\u2019eau.","rel":"","context":"Dans &quot;Actualit\u00e9 Entreprises&quot;","img":{"alt_text":"","src":"https:\/\/i2.wp.com\/batimedianews.com\/live\/wp-content\/uploads\/2021\/07\/Wavin-Article.jpg?fit=512%2C512&ssl=1&resize=350%2C200","width":350,"height":200},"classes":[]},{"id":36229,"url":"https:\/\/batimedianews.com\/live\/index.php\/2024\/03\/15\/lassociation-bbca-lance-un-label-bas-carbone-pour-les-hotels\/","url_meta":{"origin":36603,"position":1},"title":"L\u2019association BBCA lance un label bas carbone pour les h\u00f4tels","date":"15 mars 2024","format":false,"excerpt":"\u00a0Les h\u00f4tels deviennent \u00e9ligibles au label bas carbone BBCA pour la construction neuve, la r\u00e9novation et l\u2019exploitation : une mesure de l\u2019empreinte carbone de l\u2019h\u00f4tel sur tout son cycle de vie et un label de performance pour la mise en lumi\u00e8re des b\u00e2timents exemplaires\u00a0 \u00a0L\u2019h\u00f4tel est d\u00e9sormais une nouvelle cat\u00e9gorie\u2026","rel":"","context":"Dans &quot;Bas carbone&quot;","img":{"alt_text":"","src":"https:\/\/i2.wp.com\/batimedianews.com\/live\/wp-content\/uploads\/2024\/03\/BBCA.jpg?fit=825%2C825&ssl=1&resize=350%2C200","width":350,"height":200},"classes":[]},{"id":35046,"url":"https:\/\/batimedianews.com\/live\/index.php\/2024\/02\/13\/a-nanterre-lagence-darchitecture-a26-transforme-un-immeuble-de-bureaux-pour-y-accueillir-une-nouvelle-ecole\/","url_meta":{"origin":36603,"position":2},"title":"\u00c0 Nanterre, l\u2019agence d\u2019architecture A26 transforme un immeuble de bureaux pour y accueillir une nouvelle \u00e9cole","date":"13 f\u00e9vrier 2024","format":false,"excerpt":"L' Agence d\u2019architecture A26 a \u00e9t\u00e9 s\u00e9lectionn\u00e9e par SwissLife pour r\u00e9habiliter et restructurer compl\u00e8tement un immeuble de bureaux \u00e0 Nanterre. Le nouvel ensemble accueille d\u00e9sormais les \u00e9l\u00e8ves des \u00e9coles du Digital Coll\u00e8ge et du Metaverse College, auparavant install\u00e9s dans les locaux du Coll\u00e8ge de Paris \u00e0 la Grande Arche. Ce\u2026","rel":"","context":"Dans &quot;Actualit\u00e9 Entreprises&quot;","img":{"alt_text":"","src":"https:\/\/i1.wp.com\/batimedianews.com\/live\/wp-content\/uploads\/2024\/02\/A26.jpg?fit=825%2C825&ssl=1&resize=350%2C200","width":350,"height":200},"classes":[]},{"id":24622,"url":"https:\/\/batimedianews.com\/live\/index.php\/2022\/11\/17\/les-cycles-de-conferences-du-simi-2022\/","url_meta":{"origin":36603,"position":3},"title":"Les cycles de conf\u00e9rences du SIMI 2022","date":"17 novembre 2022","format":false,"excerpt":"Le SIMI, le rendez-vous majeur du secteur immobilier fran\u00e7ais, revient les mardi 6, mercredi 7 et jeudi 8 d\u00e9cembre 2022 au Palais des Congr\u00e8s de Paris. Les enjeux soci\u00e9taux et \u00e9cologiques sont au coeur du programme de cette nouvelle \u00e9dition. L\u2019organisation du SIMI 2022 d\u00e9voile ses 14 cycles de conf\u00e9rences.\u00a0\u2026","rel":"","context":"Dans &quot;Actualit\u00e9 Entreprises&quot;","img":{"alt_text":"","src":"https:\/\/i2.wp.com\/batimedianews.com\/live\/wp-content\/uploads\/2022\/11\/Simi-Article.jpg?fit=1080%2C1080&ssl=1&resize=350%2C200","width":350,"height":200},"classes":[]},{"id":4295,"url":"https:\/\/batimedianews.com\/live\/index.php\/2020\/05\/09\/alerte-chantier-rockfon-mono-acoustic\/","url_meta":{"origin":36603,"position":4},"title":"Alerte chantier : Rockfon\u00ae Mono\u00ae Acoustic","date":"9 mai 2020","format":false,"excerpt":"Rockfon\u00ae met en oeuvre son savoir-faire en termes d'acoustique et de design dans l'immeuble de bureaux 83 Grande Arm\u00e9e \u00e0 Paris Apr\u00e8s vingt-six mois de travaux, l'immeuble embl\u00e9matique de bureaux de 10 000 m2 situ\u00e9 au 83 avenue de la Grande Arm\u00e9e dans le 16\u00e8me arrondissement de Paris a r\u00e9ouvert\u2026","rel":"","context":"Dans &quot;Acoustique&quot;","img":{"alt_text":"","src":"https:\/\/i2.wp.com\/batimedianews.com\/live\/wp-content\/uploads\/2020\/05\/image-17.png?fit=476%2C476&ssl=1&resize=350%2C200","width":350,"height":200},"classes":[]},{"id":9042,"url":"https:\/\/batimedianews.com\/live\/index.php\/2021\/04\/27\/les-ilots-acoustiques-topiq-sonic-element-de-knauf-amf-flottent-dans-deux-immeubles-de-bureaux-de-phoenixhof-a-hambourg-allemagne\/","url_meta":{"origin":36603,"position":5},"title":"Les \u00eelots acoustiques TOPIQ\u00ae Sonic Element de KNAUF AMF flottent dans deux immeubles de bureaux de Phoenixhof \u00e0 Hambourg (Allemagne)","date":"27 avril 2021","format":false,"excerpt":"\u00a0Immeuble de bureaux Landmark 7 en arri\u00e8re-plan\u00a0 Cr\u00e9dit photo KNAUF AMF - Photographe Jan Haeselich\u00a0 L\u2019ancien site de sid\u00e9rurgie Phoenixhof, situ\u00e9 dans le quartier Ottensen de Hambourg, est aujourd\u2019hui une zone d\u2019affaires. Sa mutation a d\u00e9but\u00e9 dans les ann\u00e9es 1990. Les b\u00e2timents existants ont \u00e9t\u00e9 r\u00e9habilit\u00e9s et de nouveaux immeubles\u2026","rel":"","context":"Dans &quot;Actualit\u00e9 Entreprises&quot;","img":{"alt_text":"","src":"https:\/\/i2.wp.com\/batimedianews.com\/live\/wp-content\/uploads\/2021\/04\/image-7.png?fit=866%2C584&ssl=1&resize=350%2C200","width":350,"height":200},"classes":[]}],"_links":{"self":[{"href":"https:\/\/batimedianews.com\/live\/index.php\/wp-json\/wp\/v2\/posts\/36603"}],"collection":[{"href":"https:\/\/batimedianews.com\/live\/index.php\/wp-json\/wp\/v2\/posts"}],"about":[{"href":"https:\/\/batimedianews.com\/live\/index.php\/wp-json\/wp\/v2\/types\/post"}],"author":[{"embeddable":true,"href":"https:\/\/batimedianews.com\/live\/index.php\/wp-json\/wp\/v2\/users\/41"}],"replies":[{"embeddable":true,"href":"https:\/\/batimedianews.com\/live\/index.php\/wp-json\/wp\/v2\/comments?post=36603"}],"version-history":[{"count":2,"href":"https:\/\/batimedianews.com\/live\/index.php\/wp-json\/wp\/v2\/posts\/36603\/revisions"}],"predecessor-version":[{"id":36638,"href":"https:\/\/batimedianews.com\/live\/index.php\/wp-json\/wp\/v2\/posts\/36603\/revisions\/36638"}],"wp:featuredmedia":[{"embeddable":true,"href":"https:\/\/batimedianews.com\/live\/index.php\/wp-json\/wp\/v2\/media\/36608"}],"wp:attachment":[{"href":"https:\/\/batimedianews.com\/live\/index.php\/wp-json\/wp\/v2\/media?parent=36603"}],"wp:term":[{"taxonomy":"category","embeddable":true,"href":"https:\/\/batimedianews.com\/live\/index.php\/wp-json\/wp\/v2\/categories?post=36603"},{"taxonomy":"post_tag","embeddable":true,"href":"https:\/\/batimedianews.com\/live\/index.php\/wp-json\/wp\/v2\/tags?post=36603"}],"curies":[{"name":"wp","href":"https:\/\/api.w.org\/{rel}","templated":true}]}}