{"id":36610,"date":"2024-03-29T10:46:18","date_gmt":"2024-03-29T09:46:18","guid":{"rendered":"https:\/\/batimedianews.com\/live\/?p=36610"},"modified":"2024-06-04T13:55:45","modified_gmt":"2024-06-04T11:55:45","slug":"portes-et-fenetres-a-passibat-2024","status":"publish","type":"post","link":"https:\/\/batimedianews.com\/live\/index.php\/2024\/03\/29\/portes-et-fenetres-a-passibat-2024\/","title":{"rendered":"Portes et fen\u00eatres \u00e0 Passibat\u2019 2024"},"content":{"rendered":"\n<p>Dans un b\u00e2timent passif, quel qu\u2019il soit, la qualit\u00e9 des ouvrants, portes et fen\u00eatres, compte beaucoup dans le bilan final. A Passibat\u2019 2024, sept industriels pr\u00e9sentaient des ouvrants labellis\u00e9s Passivhaus. Leur performance thermique est tr\u00e8s au-dessus de la moyenne des fen\u00eatres vendues en France et pr\u00e9figure le type d\u2019ouvrants qui devront \u00eatre install\u00e9s en construction neuve \u00e0 partir de l\u2019\u00e9ch\u00e9ance 2028 de la RE2020.<\/p>\n\n\n\n<p>Depuis plus de trente ans, le Passivhaus Institut de Darmstadt (PHI) a mis au point des exigences de performances minimales pour les diff\u00e9rents composants de l\u2019enveloppe du b\u00e2timent et les diff\u00e9rents \u00e9quipements techniques et a entrepris de certifier ces composants par rapport aux dites exigences. Lors d\u2019un calcul de b\u00e2timent passif, r\u00e9alis\u00e9 \u00e0 l\u2019aide de l\u2019outil PHPP (Passive House Planning Package, disponible \u00e0 la vente en fran\u00e7ais sur le site <a href=\"https:\/\/www.lamaisonpassive.fr\/documents-et-logiciels\/le-logiciel-phpp\/\">https:\/\/www.lamaisonpassive.fr\/documents-et-logiciels\/le-logiciel-phpp\/<\/a>), les composants certifi\u00e9s Passivhaus sont avantag\u00e9s par rapports \u00e0 ceux qui ne sont pas certifi\u00e9s.<\/p>\n\n\n\n<p><strong>Certification des ouvrants<\/strong><\/p>\n\n\n\n<p>En ce qui concerne les fen\u00eatres et les portes, le Passivhaus Institut de Darmstadt a labellis\u00e9 les fen\u00eatres et portes fen\u00eatres coulissantes, battantes, les fen\u00eatres de toit, les fa\u00e7ades, ainsi que leurs composants\u00a0: verre, joints, profil\u00e9s, etc. Dans la base de donn\u00e9es officielle du PHI, on trouve 10 portes-fen\u00eatres coulissantes, dont Lumia du fran\u00e7ais MINCO SA, install\u00e9 dans le 44 \u00e0 Aigrefeuille-sur-Maine et qui exposait \u00e0 Passibat\u2019 2024. Au salon Passibat\u2019 2024, outre Minco, nous avons rencontr\u00e9 Alliances Portes et Fen\u00eatres, Bader Menuiseries, Heroal, Internorm, Menuiserie Andr\u00e9, ROMA pr\u00e9sentait ses protections solaires \u00e9galement labellis\u00e9es Passivhaus, ainsi que ISO-Chemie qui propose des solutions d\u2019\u00e9tanch\u00e9it\u00e9 \u00e0 l\u2019air et \u00e0 l\u2019eau, utilis\u00e9es par les artisans lors de la pose des portes et fen\u00eatres, elle aussi labellis\u00e9es par le PHI. D\u2019une mani\u00e8re g\u00e9n\u00e9rale, une fen\u00eatre passive porte au minimum du triple vitrage si elle est destin\u00e9e au climats frais (France, Allemagne, Belgique, etc.), avec des espaceurs performants. Il n\u2019existe pour l\u2019instant aucune fen\u00eatre certifi\u00e9e par le PHI avec du vitrage sous vide. Mais, dans la base de donn\u00e9es du PHI, on trouve quantit\u00e9 de fen\u00eatres et fa\u00e7ades \u00e0 quadruple vitrage et une poign\u00e9e de menuiseries \u00e0 quintuple vitrage destin\u00e9es aux zones arctiques.<\/p>\n\n\n\n<figure class=\"wp-block-image size-large\"><img loading=\"lazy\" width=\"720\" height=\"720\" src=\"https:\/\/i2.wp.com\/batimedianews.com\/live\/wp-content\/uploads\/2024\/03\/10-passibat-2024-1024x1024.jpg?resize=720%2C720&#038;ssl=1\" alt=\"\" class=\"wp-image-36612\" srcset=\"https:\/\/i0.wp.com\/batimedianews.com\/live\/wp-content\/uploads\/2024\/03\/10-passibat-2024-scaled.jpg?resize=1024%2C1024&amp;ssl=1 1024w, https:\/\/i0.wp.com\/batimedianews.com\/live\/wp-content\/uploads\/2024\/03\/10-passibat-2024-scaled.jpg?resize=600%2C600&amp;ssl=1 600w, https:\/\/i0.wp.com\/batimedianews.com\/live\/wp-content\/uploads\/2024\/03\/10-passibat-2024-scaled.jpg?resize=300%2C300&amp;ssl=1 300w, https:\/\/i0.wp.com\/batimedianews.com\/live\/wp-content\/uploads\/2024\/03\/10-passibat-2024-scaled.jpg?resize=1536%2C1536&amp;ssl=1 1536w, https:\/\/i0.wp.com\/batimedianews.com\/live\/wp-content\/uploads\/2024\/03\/10-passibat-2024-scaled.jpg?resize=2048%2C2048&amp;ssl=1 2048w, https:\/\/i0.wp.com\/batimedianews.com\/live\/wp-content\/uploads\/2024\/03\/10-passibat-2024-scaled.jpg?resize=10%2C10&amp;ssl=1 10w, https:\/\/i0.wp.com\/batimedianews.com\/live\/wp-content\/uploads\/2024\/03\/10-passibat-2024-scaled.jpg?w=1440 1440w, https:\/\/i0.wp.com\/batimedianews.com\/live\/wp-content\/uploads\/2024\/03\/10-passibat-2024-scaled.jpg?w=2160 2160w\" sizes=\"(max-width: 600px) 91vw, (max-width: 900px) 600px, (max-width: 1060px) 50vw, (max-width: 1200px) 520px, (max-width: 1400px) 43vw, 600px\" data-recalc-dims=\"1\" \/><figcaption>Pascal Poggi pour Batim\u00e9dia <\/figcaption><\/figure>\n\n\n\n<p>Lumia de Minco SA utilise des profil\u00e9s hybrides bois \u00e0 l\u2019int\u00e9rieur\/aluminium \u00e0 l\u2019ext\u00e9rieur. Cette porte-fen\u00eatre \u00e0 ouvrant et dormant cach\u00e9s est certifi\u00e9e par le PHI pour les climats frais et temp\u00e9r\u00e9s avec un coefficient Uw = 0,79 W\/(m\u00b2.K), dans sa version coulissante. Lumia est par ailleurs disponible en fen\u00eatres et portes fen\u00eatres battantes 1 ou 2 vantaux, en fen\u00eatre \u00e0 soufflet, en coulissant \u00e0 translation en levant-coulissants, en portes d\u2019entr\u00e9es et en murs rideaux. Doc. PP<\/p>\n\n\n\n<p>Pour le logement et m\u00eame en tertiaire, les fen\u00eatres et portes fen\u00eatres Lumia sont motorisables et compatibles avec les solutions domotiques habituelles et participent \u00e0 la gestion du chauffage, du rafra\u00eechissement et de la ventilation naturelle gr\u00e2ce \u00e0 leur sonde de d\u00e9tection d\u2019ouverture et \u00e0 leur motorisation. La gamme Lumia coulissante est certifi\u00e9e par le PHI depuis 2021. Les fen\u00eatres Lumia portent un triple vitrage, certifi\u00e9 Cekal, rempli d\u2019argon \u00e0 90%, \u00e9quip\u00e9s d\u2019intercalaires \u00e0 bord chaud SwissPacer Ultimate. Vers l\u2019ext\u00e9rieure, l\u2019ouvrant contient des remplissages d\u2019isolation thermique en fibre de bois.<\/p>\n\n\n\n<figure class=\"wp-block-image size-large\"><img loading=\"lazy\" width=\"720\" height=\"720\" src=\"https:\/\/i2.wp.com\/batimedianews.com\/live\/wp-content\/uploads\/2024\/03\/11-passibat-2024-1024x1024.jpg?resize=720%2C720&#038;ssl=1\" alt=\"\" class=\"wp-image-36613\" srcset=\"https:\/\/i1.wp.com\/batimedianews.com\/live\/wp-content\/uploads\/2024\/03\/11-passibat-2024-scaled.jpg?resize=1024%2C1024&amp;ssl=1 1024w, https:\/\/i1.wp.com\/batimedianews.com\/live\/wp-content\/uploads\/2024\/03\/11-passibat-2024-scaled.jpg?resize=600%2C600&amp;ssl=1 600w, https:\/\/i1.wp.com\/batimedianews.com\/live\/wp-content\/uploads\/2024\/03\/11-passibat-2024-scaled.jpg?resize=300%2C300&amp;ssl=1 300w, https:\/\/i1.wp.com\/batimedianews.com\/live\/wp-content\/uploads\/2024\/03\/11-passibat-2024-scaled.jpg?resize=1536%2C1536&amp;ssl=1 1536w, https:\/\/i1.wp.com\/batimedianews.com\/live\/wp-content\/uploads\/2024\/03\/11-passibat-2024-scaled.jpg?resize=2048%2C2048&amp;ssl=1 2048w, https:\/\/i1.wp.com\/batimedianews.com\/live\/wp-content\/uploads\/2024\/03\/11-passibat-2024-scaled.jpg?resize=10%2C10&amp;ssl=1 10w, https:\/\/i1.wp.com\/batimedianews.com\/live\/wp-content\/uploads\/2024\/03\/11-passibat-2024-scaled.jpg?w=1440 1440w, https:\/\/i1.wp.com\/batimedianews.com\/live\/wp-content\/uploads\/2024\/03\/11-passibat-2024-scaled.jpg?w=2160 2160w\" sizes=\"(max-width: 600px) 91vw, (max-width: 900px) 600px, (max-width: 1060px) 50vw, (max-width: 1200px) 520px, (max-width: 1400px) 43vw, 600px\" data-recalc-dims=\"1\" \/><figcaption>Pascal Poggi pour Batim\u00e9dia<\/figcaption><\/figure>\n\n\n\n<p>Depuis trois ans, Minco propose de remplacer le bois par le bambou dans ses fen\u00eatres hybrides\u00a0: le bambou pousse rapidement et  pourrit difficilement, il requiert donc moins de traitement que le bois. Doc. PP<\/p>\n\n\n\n<figure class=\"wp-block-image size-large\"><img loading=\"lazy\" width=\"720\" height=\"720\" src=\"https:\/\/i0.wp.com\/batimedianews.com\/live\/wp-content\/uploads\/2024\/03\/15-passibat-2024-1024x1024.jpg?resize=720%2C720&#038;ssl=1\" alt=\"\" class=\"wp-image-36614\" srcset=\"https:\/\/i0.wp.com\/batimedianews.com\/live\/wp-content\/uploads\/2024\/03\/15-passibat-2024-scaled.jpg?resize=1024%2C1024&amp;ssl=1 1024w, https:\/\/i0.wp.com\/batimedianews.com\/live\/wp-content\/uploads\/2024\/03\/15-passibat-2024-scaled.jpg?resize=600%2C600&amp;ssl=1 600w, https:\/\/i0.wp.com\/batimedianews.com\/live\/wp-content\/uploads\/2024\/03\/15-passibat-2024-scaled.jpg?resize=300%2C300&amp;ssl=1 300w, https:\/\/i0.wp.com\/batimedianews.com\/live\/wp-content\/uploads\/2024\/03\/15-passibat-2024-scaled.jpg?resize=1536%2C1536&amp;ssl=1 1536w, https:\/\/i0.wp.com\/batimedianews.com\/live\/wp-content\/uploads\/2024\/03\/15-passibat-2024-scaled.jpg?resize=2048%2C2048&amp;ssl=1 2048w, https:\/\/i0.wp.com\/batimedianews.com\/live\/wp-content\/uploads\/2024\/03\/15-passibat-2024-scaled.jpg?resize=10%2C10&amp;ssl=1 10w, https:\/\/i0.wp.com\/batimedianews.com\/live\/wp-content\/uploads\/2024\/03\/15-passibat-2024-scaled.jpg?w=1440 1440w, https:\/\/i0.wp.com\/batimedianews.com\/live\/wp-content\/uploads\/2024\/03\/15-passibat-2024-scaled.jpg?w=2160 2160w\" sizes=\"(max-width: 600px) 91vw, (max-width: 900px) 600px, (max-width: 1060px) 50vw, (max-width: 1200px) 520px, (max-width: 1400px) 43vw, 600px\" data-recalc-dims=\"1\" \/><figcaption>Pascal Poggi pour Batim\u00e9dia<\/figcaption><\/figure>\n\n\n\n<p>Alliances Portes &amp; Fen\u00eatres exposait des portes, portes fen\u00eatres et fen\u00eatres de la marque Pierret en PVC, en bois, en aluminium, en bois\/Alu, battantes, coulissantes, etc. Ses produits ne sont pas certifi\u00e9s par le PHI, mais leurs performances atteignent des niveaux \u00e9lev\u00e9s. Sa gamme Elith en PVC offre un Uw de 0,64 W\/(m\u00b2.K) seulement, contre 0,77 W\/(m\u00b2.K) pour les fen\u00eatres Elith en bois, 0,81 0,64 W\/(m\u00b2.K)&nbsp; pour les ouvrants Elith en bois\/alu et 1,1 0,64 W\/(m\u00b2.K)&nbsp; en aluminium. Doc. PP<\/p>\n\n\n\n<p><strong>BADER et Andr\u00e9 Menuiserie<\/strong><\/p>\n\n\n\n<p>Des petits industriels fran\u00e7ais des ouvrants, comme Andr\u00e9 Menuiserie et BADER Fen\u00eatres Bois et Bois-Alu ont fait de longue date le pari de l\u2019excellence des produits passifs, certifi\u00e9s par le PHI, pour se diff\u00e9rencier sur le march\u00e9 fran\u00e7ais. Andr\u00e9 Menuiserie s\u2019est lanc\u00e9 dans le passif en 2006, en prenant la licence Optiwin, un fabricant autrichien de fen\u00eatres passives, et fabrique des menuiseries Optiwin jusqu\u2019en 2016. A cette date, Andr\u00e9 Menuiserie bascule vers la licence SmartWin.<\/p>\n\n\n\n<figure class=\"wp-block-image size-large\"><img loading=\"lazy\" width=\"720\" height=\"720\" src=\"https:\/\/i2.wp.com\/batimedianews.com\/live\/wp-content\/uploads\/2024\/03\/12-passibat-2024-1024x1024.jpg?resize=720%2C720&#038;ssl=1\" alt=\"\" class=\"wp-image-36615\" srcset=\"https:\/\/i2.wp.com\/batimedianews.com\/live\/wp-content\/uploads\/2024\/03\/12-passibat-2024-scaled.jpg?resize=1024%2C1024&amp;ssl=1 1024w, https:\/\/i2.wp.com\/batimedianews.com\/live\/wp-content\/uploads\/2024\/03\/12-passibat-2024-scaled.jpg?resize=600%2C600&amp;ssl=1 600w, https:\/\/i2.wp.com\/batimedianews.com\/live\/wp-content\/uploads\/2024\/03\/12-passibat-2024-scaled.jpg?resize=300%2C300&amp;ssl=1 300w, https:\/\/i2.wp.com\/batimedianews.com\/live\/wp-content\/uploads\/2024\/03\/12-passibat-2024-scaled.jpg?resize=1536%2C1536&amp;ssl=1 1536w, https:\/\/i2.wp.com\/batimedianews.com\/live\/wp-content\/uploads\/2024\/03\/12-passibat-2024-scaled.jpg?resize=2048%2C2048&amp;ssl=1 2048w, https:\/\/i2.wp.com\/batimedianews.com\/live\/wp-content\/uploads\/2024\/03\/12-passibat-2024-scaled.jpg?resize=10%2C10&amp;ssl=1 10w, https:\/\/i2.wp.com\/batimedianews.com\/live\/wp-content\/uploads\/2024\/03\/12-passibat-2024-scaled.jpg?w=1440 1440w, https:\/\/i2.wp.com\/batimedianews.com\/live\/wp-content\/uploads\/2024\/03\/12-passibat-2024-scaled.jpg?w=2160 2160w\" sizes=\"(max-width: 600px) 91vw, (max-width: 900px) 600px, (max-width: 1060px) 50vw, (max-width: 1200px) 520px, (max-width: 1400px) 43vw, 600px\" data-recalc-dims=\"1\" \/><figcaption>Pascal Poggi pour Batim\u00e9dia<\/figcaption><\/figure>\n\n\n\n<p>Andr\u00e9 Menuiserie propose BA100, une menuiserie mixte bois-alu, certifi\u00e9e passive, \u00e0 ouvrant cach\u00e9, avec un aspect visuel identique entre les parties fixes et les ouvrants. La largeur visible a \u00e9t\u00e9 r\u00e9duite \u00e0 92 mm pour maximiser l\u2019apport de lumi\u00e8re et les apports solaires. Du point de vue thermique, la gamme BA100 offre un Uw = 0,67 W\/m\u00b2.K, avec un vitrage Ug = 0,53 W\/m\u00b2.K, et Uw=0,76 W\/m\u00b2.K, avec un vitrage Ug = 0,63 W\/m\u00b2.K. La gamme BA100 contient des menuiseries fixes en trap\u00e8ze, rectangulaires ou cintr\u00e9es, des fen\u00eatres avec ou sans oscillo-battant, des portes-fen\u00eatres avec ou sans oscillo-battant et des coulissants \u00e0 levage. Un seuil PMR est possible, mais uniquement en ouverture \u00e0 la fran\u00e7aise. Doc. PP<\/p>\n\n\n\n<figure class=\"wp-block-image size-large\"><img loading=\"lazy\" width=\"720\" height=\"720\" src=\"https:\/\/i0.wp.com\/batimedianews.com\/live\/wp-content\/uploads\/2024\/03\/13-passibat-2024-1024x1024.jpg?resize=720%2C720&#038;ssl=1\" alt=\"\" class=\"wp-image-36616\" srcset=\"https:\/\/i2.wp.com\/batimedianews.com\/live\/wp-content\/uploads\/2024\/03\/13-passibat-2024-scaled.jpg?resize=1024%2C1024&amp;ssl=1 1024w, https:\/\/i2.wp.com\/batimedianews.com\/live\/wp-content\/uploads\/2024\/03\/13-passibat-2024-scaled.jpg?resize=600%2C600&amp;ssl=1 600w, https:\/\/i2.wp.com\/batimedianews.com\/live\/wp-content\/uploads\/2024\/03\/13-passibat-2024-scaled.jpg?resize=300%2C300&amp;ssl=1 300w, https:\/\/i2.wp.com\/batimedianews.com\/live\/wp-content\/uploads\/2024\/03\/13-passibat-2024-scaled.jpg?resize=1536%2C1536&amp;ssl=1 1536w, https:\/\/i2.wp.com\/batimedianews.com\/live\/wp-content\/uploads\/2024\/03\/13-passibat-2024-scaled.jpg?resize=2048%2C2048&amp;ssl=1 2048w, https:\/\/i2.wp.com\/batimedianews.com\/live\/wp-content\/uploads\/2024\/03\/13-passibat-2024-scaled.jpg?resize=10%2C10&amp;ssl=1 10w, https:\/\/i2.wp.com\/batimedianews.com\/live\/wp-content\/uploads\/2024\/03\/13-passibat-2024-scaled.jpg?w=1440 1440w, https:\/\/i2.wp.com\/batimedianews.com\/live\/wp-content\/uploads\/2024\/03\/13-passibat-2024-scaled.jpg?w=2160 2160w\" sizes=\"(max-width: 600px) 91vw, (max-width: 900px) 600px, (max-width: 1060px) 50vw, (max-width: 1200px) 520px, (max-width: 1400px) 43vw, 600px\" data-recalc-dims=\"1\" \/><figcaption>Pascal Poggi pour Batim\u00e9dia<\/figcaption><\/figure>\n\n\n\n<p>Au salon Passibat 2024, Andr\u00e9 Menuiserie proposait d\u2019autres gammes tr\u00e8s performantes, mais non certifi\u00e9es par le PHI. La gamme de fen\u00eatres BA68 en menuiserie bois offre un Uw=1,26 W\/m\u00b2.K, avec un vitrage Ug = 1,12 W\/m\u00b2.K, ainsi que des coulissants \u00e0 levage ou \u00e0 translation, BA68 en bois avec capotage aluminium atteint Uw=0,785 W\/m\u00b2.K, avec un vitrage Ug = 1,12 W\/m\u00b2.K. La gamme BOIS92 atteint Uw=0,75 W\/m\u00b2.K, avec un triple vitrage Ug = 0,53 W\/m\u00b2.K et Uw=0,82 W\/m\u00b2.K, avec un triple vitrage Ug = 0,63 W\/m\u00b2.K \u00e0 facteur solaire renforc\u00e9. Doc\u00a0PP<\/p>\n\n\n\n<figure class=\"wp-block-image size-large\"><img loading=\"lazy\" width=\"720\" height=\"720\" src=\"https:\/\/i1.wp.com\/batimedianews.com\/live\/wp-content\/uploads\/2024\/03\/22-passibat-2024-1024x1024.jpg?resize=720%2C720&#038;ssl=1\" alt=\"\" class=\"wp-image-36617\" srcset=\"https:\/\/i1.wp.com\/batimedianews.com\/live\/wp-content\/uploads\/2024\/03\/22-passibat-2024-scaled.jpg?resize=1024%2C1024&amp;ssl=1 1024w, https:\/\/i1.wp.com\/batimedianews.com\/live\/wp-content\/uploads\/2024\/03\/22-passibat-2024-scaled.jpg?resize=600%2C600&amp;ssl=1 600w, https:\/\/i1.wp.com\/batimedianews.com\/live\/wp-content\/uploads\/2024\/03\/22-passibat-2024-scaled.jpg?resize=300%2C300&amp;ssl=1 300w, https:\/\/i1.wp.com\/batimedianews.com\/live\/wp-content\/uploads\/2024\/03\/22-passibat-2024-scaled.jpg?resize=1536%2C1536&amp;ssl=1 1536w, https:\/\/i1.wp.com\/batimedianews.com\/live\/wp-content\/uploads\/2024\/03\/22-passibat-2024-scaled.jpg?resize=2048%2C2048&amp;ssl=1 2048w, https:\/\/i1.wp.com\/batimedianews.com\/live\/wp-content\/uploads\/2024\/03\/22-passibat-2024-scaled.jpg?resize=10%2C10&amp;ssl=1 10w, https:\/\/i1.wp.com\/batimedianews.com\/live\/wp-content\/uploads\/2024\/03\/22-passibat-2024-scaled.jpg?w=1440 1440w, https:\/\/i1.wp.com\/batimedianews.com\/live\/wp-content\/uploads\/2024\/03\/22-passibat-2024-scaled.jpg?w=2160 2160w\" sizes=\"(max-width: 600px) 91vw, (max-width: 900px) 600px, (max-width: 1060px) 50vw, (max-width: 1200px) 520px, (max-width: 1400px) 43vw, 600px\" data-recalc-dims=\"1\" \/><figcaption>Pascal Poggi pour Batim\u00e9dia<\/figcaption><\/figure>\n\n\n\n<p>L\u2019Alsacien Menuiserie Bader a d\u00e9velopp\u00e9 deux gammes certifi\u00e9es par le PHI, faisant, toutes deux, appel \u00e0 des profil\u00e9s hybrides en bois lamell\u00e9-coll\u00e9, avec un noyau en mat\u00e9riau isolant. Sa gamme PASSIV BOIS 92, en triple vitrage \u00e0 facteur solaire \u00e9lev\u00e9 Sg = 0,60, pr\u00e9sente une \u00e9paisseur de 92 mm. Le bois est du pin sylvestre \u00e9co-certifi\u00e9 PEFC. La gamme offre des valeurs Uw allant de 0,80 \u00e0 0,67 W\/m\u00b2.K. La gamme PASSIV BOIS-ALU 112 atteint une \u00e9paisseur de 112 mm, exploite les m\u00eames profil\u00e9s bois hybrides et atteint les m\u00eames performances thermiques que la gamme PASSIV BOIS 92. Les types d\u2019ouvrant possibles sont particuli\u00e8rement divers\u00a0: panneau fixe, ouvrant \u00e0 la fran\u00e7aise et oscillo-battant 1 ou 2 vantaux, abattant, soufflet, pivotant, basculant, d\u00e9boitement, translation 1 ou 2 vantaux et pliant. Doc. PP<\/p>\n\n\n\n<figure class=\"wp-block-image size-large\"><img loading=\"lazy\" width=\"720\" height=\"720\" src=\"https:\/\/i0.wp.com\/batimedianews.com\/live\/wp-content\/uploads\/2024\/03\/21-passibat-2024-1024x1024.jpg?resize=720%2C720&#038;ssl=1\" alt=\"\" class=\"wp-image-36618\" srcset=\"https:\/\/i1.wp.com\/batimedianews.com\/live\/wp-content\/uploads\/2024\/03\/21-passibat-2024-scaled.jpg?resize=1024%2C1024&amp;ssl=1 1024w, https:\/\/i1.wp.com\/batimedianews.com\/live\/wp-content\/uploads\/2024\/03\/21-passibat-2024-scaled.jpg?resize=600%2C600&amp;ssl=1 600w, https:\/\/i1.wp.com\/batimedianews.com\/live\/wp-content\/uploads\/2024\/03\/21-passibat-2024-scaled.jpg?resize=300%2C300&amp;ssl=1 300w, https:\/\/i1.wp.com\/batimedianews.com\/live\/wp-content\/uploads\/2024\/03\/21-passibat-2024-scaled.jpg?resize=1536%2C1536&amp;ssl=1 1536w, https:\/\/i1.wp.com\/batimedianews.com\/live\/wp-content\/uploads\/2024\/03\/21-passibat-2024-scaled.jpg?resize=2048%2C2048&amp;ssl=1 2048w, https:\/\/i1.wp.com\/batimedianews.com\/live\/wp-content\/uploads\/2024\/03\/21-passibat-2024-scaled.jpg?resize=10%2C10&amp;ssl=1 10w, https:\/\/i1.wp.com\/batimedianews.com\/live\/wp-content\/uploads\/2024\/03\/21-passibat-2024-scaled.jpg?w=1440 1440w, https:\/\/i1.wp.com\/batimedianews.com\/live\/wp-content\/uploads\/2024\/03\/21-passibat-2024-scaled.jpg?w=2160 2160w\" sizes=\"(max-width: 600px) 91vw, (max-width: 900px) 600px, (max-width: 1060px) 50vw, (max-width: 1200px) 520px, (max-width: 1400px) 43vw, 600px\" data-recalc-dims=\"1\" \/><figcaption>Pascal Poggi pour Batim\u00e9dia<\/figcaption><\/figure>\n\n\n\n<p><strong>Heroal et Internorm, les sp\u00e9cialistes du passif<\/strong><\/p>\n\n\n\n<p>Internorm, qui revendique le rang de premier fabricant de fen\u00eatres en Europe, a d\u00e9j\u00e0 produit plus de 29 millions de fen\u00eatres et de portes, toujours en Autriche o\u00f9 l\u2019industriel poss\u00e8de trois sites de production pour ses ouvrants en PVC, en PVC-Alu, en Bois-Alu. A Passibat 2024, les nouveaut\u00e9s d\u2019Internom \u00e9taient plut\u00f4t esth\u00e9tiques. Internorm fabrique notamment les gammes HF 410 et HS 330, certifi\u00e9es passives<\/p>\n\n\n\n<figure class=\"wp-block-image size-large\"><img loading=\"lazy\" width=\"720\" height=\"720\" src=\"https:\/\/i0.wp.com\/batimedianews.com\/live\/wp-content\/uploads\/2024\/03\/16-passibat-2024-1024x1024.jpg?resize=720%2C720&#038;ssl=1\" alt=\"\" class=\"wp-image-36619\" srcset=\"https:\/\/i1.wp.com\/batimedianews.com\/live\/wp-content\/uploads\/2024\/03\/16-passibat-2024-scaled.jpg?resize=1024%2C1024&amp;ssl=1 1024w, https:\/\/i1.wp.com\/batimedianews.com\/live\/wp-content\/uploads\/2024\/03\/16-passibat-2024-scaled.jpg?resize=600%2C600&amp;ssl=1 600w, https:\/\/i1.wp.com\/batimedianews.com\/live\/wp-content\/uploads\/2024\/03\/16-passibat-2024-scaled.jpg?resize=300%2C300&amp;ssl=1 300w, https:\/\/i1.wp.com\/batimedianews.com\/live\/wp-content\/uploads\/2024\/03\/16-passibat-2024-scaled.jpg?resize=1536%2C1536&amp;ssl=1 1536w, https:\/\/i1.wp.com\/batimedianews.com\/live\/wp-content\/uploads\/2024\/03\/16-passibat-2024-scaled.jpg?resize=2048%2C2048&amp;ssl=1 2048w, https:\/\/i1.wp.com\/batimedianews.com\/live\/wp-content\/uploads\/2024\/03\/16-passibat-2024-scaled.jpg?resize=10%2C10&amp;ssl=1 10w, https:\/\/i1.wp.com\/batimedianews.com\/live\/wp-content\/uploads\/2024\/03\/16-passibat-2024-scaled.jpg?w=1440 1440w, https:\/\/i1.wp.com\/batimedianews.com\/live\/wp-content\/uploads\/2024\/03\/16-passibat-2024-scaled.jpg?w=2160 2160w\" sizes=\"(max-width: 600px) 91vw, (max-width: 900px) 600px, (max-width: 1060px) 50vw, (max-width: 1200px) 520px, (max-width: 1400px) 43vw, 600px\" data-recalc-dims=\"1\" \/><figcaption>Pascal Poggi pour Batim\u00e9dia<\/figcaption><\/figure>\n\n\n\n<p>Internorm a d\u00e9voil\u00e9 \u00e0 Passibat 2024, une nouvelle technologie pour la couleur des profil\u00e9s int\u00e9rieurs de ses fen\u00eatres PVC. Au lieu du traditionnel plaxage, Internorm est pass\u00e9 \u00e0 l\u2019impression num\u00e9rique. Ce qui lui permet de proposer 11 nouveaux coloris sur ses gammes KF310 et KF410. Doc. PP<\/p>\n\n\n\n<figure class=\"wp-block-image size-large\"><img loading=\"lazy\" width=\"720\" height=\"720\" src=\"https:\/\/i2.wp.com\/batimedianews.com\/live\/wp-content\/uploads\/2024\/03\/19-passibat-2024-1024x1024.jpg?resize=720%2C720&#038;ssl=1\" alt=\"\" class=\"wp-image-36620\" srcset=\"https:\/\/i0.wp.com\/batimedianews.com\/live\/wp-content\/uploads\/2024\/03\/19-passibat-2024-scaled.jpg?resize=1024%2C1024&amp;ssl=1 1024w, https:\/\/i0.wp.com\/batimedianews.com\/live\/wp-content\/uploads\/2024\/03\/19-passibat-2024-scaled.jpg?resize=600%2C600&amp;ssl=1 600w, https:\/\/i0.wp.com\/batimedianews.com\/live\/wp-content\/uploads\/2024\/03\/19-passibat-2024-scaled.jpg?resize=300%2C300&amp;ssl=1 300w, https:\/\/i0.wp.com\/batimedianews.com\/live\/wp-content\/uploads\/2024\/03\/19-passibat-2024-scaled.jpg?resize=1536%2C1536&amp;ssl=1 1536w, https:\/\/i0.wp.com\/batimedianews.com\/live\/wp-content\/uploads\/2024\/03\/19-passibat-2024-scaled.jpg?resize=2048%2C2048&amp;ssl=1 2048w, https:\/\/i0.wp.com\/batimedianews.com\/live\/wp-content\/uploads\/2024\/03\/19-passibat-2024-scaled.jpg?resize=10%2C10&amp;ssl=1 10w, https:\/\/i0.wp.com\/batimedianews.com\/live\/wp-content\/uploads\/2024\/03\/19-passibat-2024-scaled.jpg?w=1440 1440w, https:\/\/i0.wp.com\/batimedianews.com\/live\/wp-content\/uploads\/2024\/03\/19-passibat-2024-scaled.jpg?w=2160 2160w\" sizes=\"(max-width: 600px) 91vw, (max-width: 900px) 600px, (max-width: 1060px) 50vw, (max-width: 1200px) 520px, (max-width: 1400px) 43vw, 600px\" data-recalc-dims=\"1\" \/><figcaption>Pascal Poggi pour Batim\u00e9dia<\/figcaption><\/figure>\n\n\n\n<p>\u00a0La gamme KV 440 en PVC-Aluminium est une fen\u00eatre affleurante, quadruple vitrage (Uw \u2013 0,64 W\/(m\u00b2.K)) avec la protection solaire d\u00e9j\u00e0 incorpor\u00e9e dans le compartiment ext\u00e9rieur du quadruple vitrage. Il s\u2019agit du proc\u00e9d\u00e9 I-tec Shading d\u2019internorm\u00a0: un mini-module photovolta\u00efque et une batterie suffisent \u00e0 l\u2019alimentation du moteur qui man\u0153uvre la protection solaire. Aucun raccordement \u00e9lectrique suppl\u00e9mentaire n\u2019est requis. Cette solution est particuli\u00e8rement \u00e9l\u00e9gante et \u00e9chappe aux interdits des ABF (Architectes des B\u00e2timents de France) qui refusent souvent la mise en place de protections solaires ext\u00e9rieures. Ici, la protection solaire est int\u00e9gr\u00e9e au vitrage, mais tout aussi efficace qu\u2019une protection solaire ext\u00e9rieure. Lorsqu\u2019il est ouvert, le BSO dispara\u00eet derri\u00e8re le module photovolta\u00efque en partie haute du vitrage\u00a0: pas vu, pas pris\u00a0! doc. PP\u00a0\u00a0\u00a0\u00a0\u00a0\u00a0\u00a0\u00a0\u00a0\u00a0\u00a0\u00a0\u00a0\u00a0\u00a0\u00a0\u00a0\u00a0\u00a0\u00a0\u00a0\u00a0\u00a0\u00a0\u00a0\u00a0\u00a0\u00a0\u00a0\u00a0\u00a0\u00a0\u00a0\u00a0\u00a0\u00a0\u00a0\u00a0\u00a0\u00a0\u00a0\u00a0\u00a0\u00a0\u00a0\u00a0\u00a0\u00a0\u00a0\u00a0\u00a0\u00a0\u00a0\u00a0\u00a0\u00a0\u00a0\u00a0\u00a0\u00a0\u00a0\u00a0\u00a0\u00a0\u00a0\u00a0\u00a0\u00a0\u00a0\u00a0\u00a0\u00a0\u00a0\u00a0\u00a0\u00a0\u00a0\u00a0\u00a0\u00a0\u00a0\u00a0\u00a0\u00a0\u00a0\u00a0\u00a0\u00a0\u00a0\u00a0\u00a0\u00a0\u00a0\u00a0\u00a0\u00a0\u00a0\u00a0\u00a0\u00a0\u00a0\u00a0\u00a0\u00a0\u00a0\u00a0\u00a0\u00a0\u00a0\u00a0\u00a0\u00a0\u00a0\u00a0\u00a0\u00a0\u00a0\u00a0\u00a0\u00a0\u00a0\u00a0\u00a0\u00a0\u00a0\u00a0\u00a0\u00a0\u00a0\u00a0\u00a0\u00a0\u00a0\u00a0\u00a0\u00a0\u00a0\u00a0\u00a0\u00a0\u00a0\u00a0\u00a0\u00a0\u00a0\u00a0\u00a0\u00a0\u00a0\u00a0\u00a0\u00a0\u00a0\u00a0\u00a0\u00a0\u00a0\u00a0\u00a0\u00a0\u00a0\u00a0\u00a0\u00a0<\/p>\n\n\n\n<figure class=\"wp-block-image size-large\"><img loading=\"lazy\" width=\"720\" height=\"720\" src=\"https:\/\/i1.wp.com\/batimedianews.com\/live\/wp-content\/uploads\/2024\/03\/20-passibat-2024-1024x1024.jpg?resize=720%2C720&#038;ssl=1\" alt=\"\" class=\"wp-image-36621\" srcset=\"https:\/\/i0.wp.com\/batimedianews.com\/live\/wp-content\/uploads\/2024\/03\/20-passibat-2024-scaled.jpg?resize=1024%2C1024&amp;ssl=1 1024w, https:\/\/i0.wp.com\/batimedianews.com\/live\/wp-content\/uploads\/2024\/03\/20-passibat-2024-scaled.jpg?resize=600%2C600&amp;ssl=1 600w, https:\/\/i0.wp.com\/batimedianews.com\/live\/wp-content\/uploads\/2024\/03\/20-passibat-2024-scaled.jpg?resize=300%2C300&amp;ssl=1 300w, https:\/\/i0.wp.com\/batimedianews.com\/live\/wp-content\/uploads\/2024\/03\/20-passibat-2024-scaled.jpg?resize=1536%2C1536&amp;ssl=1 1536w, https:\/\/i0.wp.com\/batimedianews.com\/live\/wp-content\/uploads\/2024\/03\/20-passibat-2024-scaled.jpg?resize=2048%2C2048&amp;ssl=1 2048w, https:\/\/i0.wp.com\/batimedianews.com\/live\/wp-content\/uploads\/2024\/03\/20-passibat-2024-scaled.jpg?resize=10%2C10&amp;ssl=1 10w, https:\/\/i0.wp.com\/batimedianews.com\/live\/wp-content\/uploads\/2024\/03\/20-passibat-2024-scaled.jpg?w=1440 1440w, https:\/\/i0.wp.com\/batimedianews.com\/live\/wp-content\/uploads\/2024\/03\/20-passibat-2024-scaled.jpg?w=2160 2160w\" sizes=\"(max-width: 600px) 91vw, (max-width: 900px) 600px, (max-width: 1060px) 50vw, (max-width: 1200px) 520px, (max-width: 1400px) 43vw, 600px\" data-recalc-dims=\"1\" \/><figcaption>Pascal Poggi pour Batim\u00e9dia<\/figcaption><\/figure>\n\n\n\n<figure class=\"wp-block-image size-large\"><img loading=\"lazy\" width=\"720\" height=\"720\" src=\"https:\/\/i1.wp.com\/batimedianews.com\/live\/wp-content\/uploads\/2024\/03\/23-passibat-2024-1024x1024.jpg?resize=720%2C720&#038;ssl=1\" alt=\"\" class=\"wp-image-36622\" srcset=\"https:\/\/i2.wp.com\/batimedianews.com\/live\/wp-content\/uploads\/2024\/03\/23-passibat-2024-scaled.jpg?resize=1024%2C1024&amp;ssl=1 1024w, https:\/\/i2.wp.com\/batimedianews.com\/live\/wp-content\/uploads\/2024\/03\/23-passibat-2024-scaled.jpg?resize=600%2C600&amp;ssl=1 600w, https:\/\/i2.wp.com\/batimedianews.com\/live\/wp-content\/uploads\/2024\/03\/23-passibat-2024-scaled.jpg?resize=300%2C300&amp;ssl=1 300w, https:\/\/i2.wp.com\/batimedianews.com\/live\/wp-content\/uploads\/2024\/03\/23-passibat-2024-scaled.jpg?resize=1536%2C1536&amp;ssl=1 1536w, https:\/\/i2.wp.com\/batimedianews.com\/live\/wp-content\/uploads\/2024\/03\/23-passibat-2024-scaled.jpg?resize=2048%2C2048&amp;ssl=1 2048w, https:\/\/i2.wp.com\/batimedianews.com\/live\/wp-content\/uploads\/2024\/03\/23-passibat-2024-scaled.jpg?resize=10%2C10&amp;ssl=1 10w, https:\/\/i2.wp.com\/batimedianews.com\/live\/wp-content\/uploads\/2024\/03\/23-passibat-2024-scaled.jpg?w=1440 1440w, https:\/\/i2.wp.com\/batimedianews.com\/live\/wp-content\/uploads\/2024\/03\/23-passibat-2024-scaled.jpg?w=2160 2160w\" sizes=\"(max-width: 600px) 91vw, (max-width: 900px) 600px, (max-width: 1060px) 50vw, (max-width: 1200px) 520px, (max-width: 1400px) 43vw, 600px\" data-recalc-dims=\"1\" \/><figcaption>Pascal Poggi pour Batim\u00e9dia<\/figcaption><\/figure>\n\n\n\n<p>heroal, une entreprise familiale allemande, dirig\u00e9e depuis 2020 par Max Sch\u00f6ne, 5<sup>\u00e8me<\/sup> g\u00e9n\u00e9ration de la famille fondatrice, emploie environ 900 personnes et a f\u00eat\u00e9 son 150<sup>\u00e8me<\/sup> anniversaire en f\u00e9vrier 2024. C\u2019est un sp\u00e9cialiste de l\u2019aluminium et heroal proposait \u00e0 Passibat 2024, aussi bien des fen\u00eatres passive que des gammes de fa\u00e7ades certifi\u00e9es passives. Selon heroal, le march\u00e9 fran\u00e7ais \u00e9volue sous la pression de l\u2019augmentation du prix des \u00e9nergies. L\u2019entreprise constate \u00e0 la fois une croissance de la demande pour des fen\u00eatres passives en maison individuelle neuve, mais aussi en immeubles de bureaux neufs. Doc. PP<\/p>\n\n\n\n<p><\/p>\n\n\n\n<figure class=\"wp-block-image size-large\"><img loading=\"lazy\" width=\"720\" height=\"720\" src=\"https:\/\/i1.wp.com\/batimedianews.com\/live\/wp-content\/uploads\/2024\/03\/24-passibat-2024-1024x1024.jpg?resize=720%2C720&#038;ssl=1\" alt=\"\" class=\"wp-image-36623\" srcset=\"https:\/\/i2.wp.com\/batimedianews.com\/live\/wp-content\/uploads\/2024\/03\/24-passibat-2024-scaled.jpg?resize=1024%2C1024&amp;ssl=1 1024w, https:\/\/i2.wp.com\/batimedianews.com\/live\/wp-content\/uploads\/2024\/03\/24-passibat-2024-scaled.jpg?resize=600%2C600&amp;ssl=1 600w, https:\/\/i2.wp.com\/batimedianews.com\/live\/wp-content\/uploads\/2024\/03\/24-passibat-2024-scaled.jpg?resize=300%2C300&amp;ssl=1 300w, https:\/\/i2.wp.com\/batimedianews.com\/live\/wp-content\/uploads\/2024\/03\/24-passibat-2024-scaled.jpg?resize=1536%2C1536&amp;ssl=1 1536w, https:\/\/i2.wp.com\/batimedianews.com\/live\/wp-content\/uploads\/2024\/03\/24-passibat-2024-scaled.jpg?resize=2048%2C2048&amp;ssl=1 2048w, https:\/\/i2.wp.com\/batimedianews.com\/live\/wp-content\/uploads\/2024\/03\/24-passibat-2024-scaled.jpg?resize=10%2C10&amp;ssl=1 10w, https:\/\/i2.wp.com\/batimedianews.com\/live\/wp-content\/uploads\/2024\/03\/24-passibat-2024-scaled.jpg?w=1440 1440w, https:\/\/i2.wp.com\/batimedianews.com\/live\/wp-content\/uploads\/2024\/03\/24-passibat-2024-scaled.jpg?w=2160 2160w\" sizes=\"(max-width: 600px) 91vw, (max-width: 900px) 600px, (max-width: 1060px) 50vw, (max-width: 1200px) 520px, (max-width: 1400px) 43vw, 600px\" data-recalc-dims=\"1\" \/><figcaption>Pascal Poggi pour Batim\u00e9dia<\/figcaption><\/figure>\n","protected":false},"excerpt":{"rendered":"<p>Dans un b\u00e2timent passif, quel qu\u2019il soit, la qualit\u00e9 des ouvrants, portes et fen\u00eatres, compte beaucoup dans le bilan final. A Passibat\u2019 2024, sept industriels pr\u00e9sentaient des ouvrants labellis\u00e9s Passivhaus. Leur performance thermique est tr\u00e8s au-dessus de la moyenne des fen\u00eatres vendues en France et pr\u00e9figure le type d\u2019ouvrants qui devront \u00eatre install\u00e9s en construction [&hellip;]<\/p>\n","protected":false},"author":352,"featured_media":36626,"comment_status":"open","ping_status":"open","sticky":false,"template":"","format":"standard","meta":{"spay_email":""},"categories":[19,531,1758],"tags":[],"jetpack_featured_media_url":"https:\/\/i2.wp.com\/batimedianews.com\/live\/wp-content\/uploads\/2024\/03\/fenpassibatimage-scaled.jpeg?fit=2560%2C1280&ssl=1","jetpack_sharing_enabled":true,"jetpack_likes_enabled":true,"jetpack-related-posts":[{"id":36502,"url":"https:\/\/batimedianews.com\/live\/index.php\/2024\/03\/25\/passibat-se-tient-au-pavillon-baltard-de-nogent-sur-marne-les-26-et-27-mars-2024\/","url_meta":{"origin":36610,"position":0},"title":"Passibat\u2019 se tient au Pavillon Baltard de Nogent-sur-Marne les 26 et 27 mars 2024","date":"25 mars 2024","format":false,"excerpt":"Pascal poggi pour batim\u00e9dia Organis\u00e9 par l\u2019association La Maison du Passif, Passibat\u2019 est la manifestation annuelle en France sur le b\u00e2timent bioclimatique et la sobri\u00e9t\u00e9 \u00e9nerg\u00e9tique, au sens du standard Passivhaus. Qu\u2019est-ce qu\u2019une construction passive\u00a0? Rappelons-le, le standard Passivhaus, certifi\u00e9 en France par La Maison du Passif et g\u00e9r\u00e9 au\u2026","rel":"","context":"Dans &quot;Salons professionnels&quot;","img":{"alt_text":"","src":"https:\/\/i1.wp.com\/batimedianews.com\/live\/wp-content\/uploads\/2024\/03\/passibat-image-scaled.jpeg?fit=1200%2C1200&ssl=1&resize=350%2C200","width":350,"height":200},"classes":[]},{"id":17843,"url":"https:\/\/batimedianews.com\/live\/index.php\/2022\/03\/23\/passibat-les-solutions-techniques-a-la-consommation-denergie\/","url_meta":{"origin":36610,"position":1},"title":"Passi\u2019bat les solutions techniques \u00e0 la consommation d\u2019\u00e9nergie","date":"23 mars 2022","format":false,"excerpt":"Les journ\u00e9es du B\u00e2timent Passif, positif et durableles 12 et 13 avril au pavillon Baltard - Nogent sur Marne \u00c0 vos agendas ! Alors que les interrogations quant au prix\u2002\u00e0 venir des \u00e9nergies s\u2019intensifient, Passi\u2019bat s\u2019affirme d\u00e9finitivement comme un rendez-vous unique en France, \u00e0 ne pas manquer ! Chaque ann\u00e9e,\u2026","rel":"","context":"Dans &quot;Actualit\u00e9 Entreprises&quot;","img":{"alt_text":"","src":"https:\/\/i1.wp.com\/batimedianews.com\/live\/wp-content\/uploads\/2022\/03\/LaMaisonPassive-Article.jpg?fit=512%2C512&ssl=1&resize=350%2C200","width":350,"height":200},"classes":[]},{"id":34245,"url":"https:\/\/batimedianews.com\/live\/index.php\/2024\/01\/11\/le-salon-du-batiment-bioclimatique-et-de-la-sobriete-energetique\/","url_meta":{"origin":36610,"position":2},"title":"Le salon du b\u00e2timent bioclimatique et de la sobri\u00e9t\u00e9 \u00e9nerg\u00e9tique","date":"11 janvier 2024","format":false,"excerpt":"Passibat\u2019 LE SALON DU B\u00c2TIMENT BIOCLIMATIQUE ET DE LA SOBRI\u00c9T\u00c9 \u00c9NERG\u00c9TIQUE Seule manifestation nationale 100 % consacr\u00e9e au b\u00e2timent passif, positif et durable en France, Passibat\u2019 est le rendez-vous incontournable de tous les acteurs de la sobri\u00e9t\u00e9 \u00e9nerg\u00e9tique, qu\u2019ils soient professionnels du b\u00e2timent ou ma\u00eetres d\u2019ouvrages. Organis\u00e9e par l\u2019association La\u2026","rel":"","context":"Dans &quot;Actualit\u00e9s salons&quot;","img":{"alt_text":"","src":"https:\/\/i1.wp.com\/batimedianews.com\/live\/wp-content\/uploads\/2024\/01\/Passibat.jpg?fit=825%2C825&ssl=1&resize=350%2C200","width":350,"height":200},"classes":[]},{"id":36418,"url":"https:\/\/batimedianews.com\/live\/index.php\/2024\/03\/22\/passibat-2024-fatoumata-kone-marraine-de-la-prochaine-edition\/","url_meta":{"origin":36610,"position":3},"title":"Passibat\u2019 2024 : Fatoumata Kon\u00e9, marraine de la prochaine \u00e9dition !","date":"22 mars 2024","format":false,"excerpt":"Madame Fatoumata Kon\u00e9, Pr\u00e9sidente de l'Agence Parisienne du Climat et Pr\u00e9sidente du groupe Les \u00c9cologistes au Conseil de Paris, Marraine de Passibat' 2024 ! Nous sommes tr\u00e8s fiers de vous annoncer que Madame Fatoumata Kon\u00e9, Pr\u00e9sidente de l'Agence Parisienne du Climat et Pr\u00e9sidente du groupe. Les \u00c9cologistes au Conseil de\u2026","rel":"","context":"Dans &quot;Actualit\u00e9 Entreprises&quot;","img":{"alt_text":"","src":"https:\/\/i1.wp.com\/batimedianews.com\/live\/wp-content\/uploads\/2024\/03\/Passibat1.jpg?fit=825%2C825&ssl=1&resize=350%2C200","width":350,"height":200},"classes":[]},{"id":27454,"url":"https:\/\/batimedianews.com\/live\/index.php\/2023\/04\/05\/mars-2023-est-le-mois-du-passif\/","url_meta":{"origin":36610,"position":4},"title":"Mars 2023 est le mois du Passif","date":"5 avril 2023","format":false,"excerpt":"Deux manifestations \u2013 le congr\u00e8s Passihaus annuel \u00e0 Wiesbaden, Passi\u2019Bat \u00e0 Nogent-sur-Marne \u2013 offrent l\u2019occasion de faire un point sur les progr\u00e8s de la construction passive en France et en Europe. Pascal Poggi pour Batim\u00e9dia Ce b\u00e2timent passif de 40 logements sociaux, construit \u00e0 Rennes en 2017 pour Espacil Habitat,\u2026","rel":"","context":"Dans &quot;Actualit\u00e9 Entreprises&quot;","img":{"alt_text":"","src":"https:\/\/i2.wp.com\/batimedianews.com\/live\/wp-content\/uploads\/2023\/04\/passif-article-1.jpeg?fit=1200%2C1200&ssl=1&resize=350%2C200","width":350,"height":200},"classes":[]},{"id":28485,"url":"https:\/\/batimedianews.com\/live\/index.php\/2023\/05\/05\/le-standard-passivhaus-ecrase-les-couts-dexploitation-des-batiments\/","url_meta":{"origin":36610,"position":5},"title":"Le standard Passivhaus \u00e9crase les co\u00fbts d\u2019exploitation des b\u00e2timents","date":"5 mai 2023","format":false,"excerpt":"Face \u00e0 l\u2019explosion des prix des \u00e9nergies, les b\u00e2timents certifi\u00e9s passif, aussi bien en construction neuve qu\u2019en r\u00e9novation, affichent des co\u00fbts d\u2019exploitation remarquablement r\u00e9duits. Les Ma\u00eetres d\u2019Ouvrage publics le remarquent. Pascal Poggi pour Batim\u00e9dia Le Hangar 108, livr\u00e9 \u00e0 Rouen M\u00e9tropole en 2017 par l'architecte Jacques Ferrier est \u00e0 la\u2026","rel":"","context":"Dans &quot;Articles et analyses&quot;","img":{"alt_text":"","src":"https:\/\/i1.wp.com\/batimedianews.com\/live\/wp-content\/uploads\/2023\/05\/passif2_image-1.jpeg?fit=750%2C750&ssl=1&resize=350%2C200","width":350,"height":200},"classes":[]}],"_links":{"self":[{"href":"https:\/\/batimedianews.com\/live\/index.php\/wp-json\/wp\/v2\/posts\/36610"}],"collection":[{"href":"https:\/\/batimedianews.com\/live\/index.php\/wp-json\/wp\/v2\/posts"}],"about":[{"href":"https:\/\/batimedianews.com\/live\/index.php\/wp-json\/wp\/v2\/types\/post"}],"author":[{"embeddable":true,"href":"https:\/\/batimedianews.com\/live\/index.php\/wp-json\/wp\/v2\/users\/352"}],"replies":[{"embeddable":true,"href":"https:\/\/batimedianews.com\/live\/index.php\/wp-json\/wp\/v2\/comments?post=36610"}],"version-history":[{"count":1,"href":"https:\/\/batimedianews.com\/live\/index.php\/wp-json\/wp\/v2\/posts\/36610\/revisions"}],"predecessor-version":[{"id":36627,"href":"https:\/\/batimedianews.com\/live\/index.php\/wp-json\/wp\/v2\/posts\/36610\/revisions\/36627"}],"wp:featuredmedia":[{"embeddable":true,"href":"https:\/\/batimedianews.com\/live\/index.php\/wp-json\/wp\/v2\/media\/36626"}],"wp:attachment":[{"href":"https:\/\/batimedianews.com\/live\/index.php\/wp-json\/wp\/v2\/media?parent=36610"}],"wp:term":[{"taxonomy":"category","embeddable":true,"href":"https:\/\/batimedianews.com\/live\/index.php\/wp-json\/wp\/v2\/categories?post=36610"},{"taxonomy":"post_tag","embeddable":true,"href":"https:\/\/batimedianews.com\/live\/index.php\/wp-json\/wp\/v2\/tags?post=36610"}],"curies":[{"name":"wp","href":"https:\/\/api.w.org\/{rel}","templated":true}]}}