{"id":36630,"date":"2024-03-29T13:27:09","date_gmt":"2024-03-29T12:27:09","guid":{"rendered":"http:\/\/batimedianews.com\/live\/?p=36630"},"modified":"2024-06-04T13:55:45","modified_gmt":"2024-06-04T11:55:45","slug":"daikin-cassette-encastrable-fwf-d","status":"publish","type":"post","link":"https:\/\/batimedianews.com\/live\/index.php\/2024\/03\/29\/daikin-cassette-encastrable-fwf-d\/","title":{"rendered":"DAIKIN cassette encastrable FWF-D"},"content":{"rendered":"\n<p class=\"has-text-color has-large-font-size\" style=\"color:#03aef8\">&nbsp;Nouvelle cassette encastrable \u00e0 4 voies de soufflage Daikin \u00e9quip\u00e9e d\u2019un moteur Inverter&nbsp;<\/p>\n\n\n\n<figure class=\"wp-block-image size-large\"><img loading=\"lazy\" width=\"720\" height=\"720\" src=\"https:\/\/i0.wp.com\/batimedianews.com\/live\/wp-content\/uploads\/2024\/03\/image-246.png?resize=720%2C720\" alt=\"\" class=\"wp-image-36631\" srcset=\"https:\/\/i0.wp.com\/batimedianews.com\/live\/wp-content\/uploads\/2024\/03\/image-246.png?resize=1024%2C1024&amp;ssl=1 1024w, https:\/\/i0.wp.com\/batimedianews.com\/live\/wp-content\/uploads\/2024\/03\/image-246.png?resize=600%2C600&amp;ssl=1 600w, https:\/\/i0.wp.com\/batimedianews.com\/live\/wp-content\/uploads\/2024\/03\/image-246.png?resize=300%2C300&amp;ssl=1 300w, https:\/\/i0.wp.com\/batimedianews.com\/live\/wp-content\/uploads\/2024\/03\/image-246.png?resize=1536%2C1536&amp;ssl=1 1536w, https:\/\/i0.wp.com\/batimedianews.com\/live\/wp-content\/uploads\/2024\/03\/image-246.png?resize=2048%2C2048&amp;ssl=1 2048w, https:\/\/i0.wp.com\/batimedianews.com\/live\/wp-content\/uploads\/2024\/03\/image-246.png?resize=10%2C10&amp;ssl=1 10w\" sizes=\"(max-width: 600px) 91vw, (max-width: 900px) 600px, (max-width: 1060px) 50vw, (max-width: 1200px) 520px, (max-width: 1400px) 43vw, 600px\" data-recalc-dims=\"1\" \/><\/figure>\n\n\n\n<p>Daikin commercialise depuis la fin d\u2019ann\u00e9e 2023 une toute nouvelle cassette encastrable compatible avec des groupes \u00e0 eau glac\u00e9e (FWF-D).&nbsp;<\/p>\n\n\n\n<p>Cette unit\u00e9 int\u00e8gre de nombreuses am\u00e9liorations technologiques afin de simplifier son installation, son fonctionnement et ses performances \u00e9nerg\u00e9tiques, notamment au travers de nouveaux protocoles de communication ouverts.&nbsp;<\/p>\n\n\n\n<p>Compatible avec diff\u00e9rents contr\u00f4leurs disponibles sur le march\u00e9, elle offre une flexibilit\u00e9 in\u00e9gal\u00e9e.&nbsp;<\/p>\n\n\n\n<p class=\"has-text-color\" style=\"color:#02aff9;font-size:28px\">De 2 \u00e0 5 kW&nbsp;<\/p>\n\n\n\n<p>La cassette FWF-D permet un contr\u00f4le pr\u00e9cis du refoulement d\u2019air \u00e0 4 voies pour un flux d\u2019air maximal. Dot\u00e9e d\u2019une capacit\u00e9 de refroidissement allant de 2 \u00e0 5 kW, elle assure un confort optimal quel que soit l\u2019environnement concern\u00e9.&nbsp;<\/p>\n\n\n\n<p>L\u2019\u00e9changeur de chaleur, le moteur du ventilateur \u00e0 courant continu et la pompe de relevage de condensats ont fait l\u2019objet de nouvelles conceptions technologiques, visant des fonctionnements encore plus performants, \u00e0 moindres consommations \u00e9nerg\u00e9tiques.&nbsp;<\/p>\n\n\n\n<p>Son protocole de communication ouvert permet d\u2019int\u00e9grer facilement des contr\u00f4leurs tiers.&nbsp;<\/p>\n\n\n\n<p>Disponible en 2 et 4 tubes, la FWF-D est livr\u00e9e avec des options de vannes marche\/arr\u00eat \u00e0 2 ou 3 voies (disponibles en option).&nbsp;<\/p>\n\n\n\n<p class=\"has-text-color\" style=\"color:#02aff9;font-size:28px\">Silence et rapidit\u00e9 d\u2019installation : le duo gagnant de la FWF-D&nbsp;<\/p>\n\n\n\n<p>Gr\u00e2ce \u00e0 ses performances acoustiques r\u00e9duites, la cassette FWF-D de Daikin offre un environnement de travail plus paisible et confortable. Son installation est donc parfaitement adapt\u00e9e aux bureaux, salles de r\u00e9union et autres espaces partag\u00e9s. Le faible niveau sonore de son fonctionnement n\u2019impacte aucunement la concentration et l\u2019attention des utilisateurs.&nbsp;<\/p>\n\n\n\n<p>La pr\u00e9sence d&rsquo;une pompe \u00e0 condensat standard avec une hauteur de refoulement de 835 mm offre une grande flexibilit\u00e9 lors de l&rsquo;installation de l&rsquo;unit\u00e9. Cet \u00e9quipement permet d\u2019adapter l\u2019installation de la cassette plus facilement aux diff\u00e9rents agencements int\u00e9rieurs.&nbsp;<\/p>\n\n\n\n<p>L&rsquo;isolation thermique, disponible en accessoire standard, est parfaitement ajust\u00e9e \u00e0 la forme de la vanne, ce qui simplifie \u00e9galement la pose du syst\u00e8me.&nbsp;<\/p>\n\n\n\n<p class=\"has-text-color\" style=\"color:#02b1fd;font-size:28px\">Une unit\u00e9 compacte et \u00e9l\u00e9gante&nbsp;<\/p>\n\n\n\n<p>Cette cassette, fid\u00e8le aux normes de conception \u00e9lev\u00e9es de Daikin, s&rsquo;int\u00e8gre harmonieusement aux modules architecturaux standard de 600&#215;600.&nbsp;<\/p>\n\n\n\n<p>Disponibles avec un panneau de diffusion d&rsquo;air standard (BYFQ60B3) ou en option avec un panneau d\u00e9coratif enti\u00e8rement plat (adaptateur suppl\u00e9mentaire), les cassettes FWF-D sont propos\u00e9es en blanc (BYFQ60CW) ou en argent\/blanc (BYFQ60CS). Cette diversit\u00e9 d\u2019unit\u00e9s permet une int\u00e9gration discr\u00e8te et \u00e9l\u00e9gante pour s\u2019accommoder aux diff\u00e9rentes configurations int\u00e9rieures.&nbsp;<\/p>\n\n\n\n<p><strong>La cassette FWF-D de Daikin r\u00e9pond aux besoins diversifi\u00e9s des environnements tertiaires (bureaux, commerces, h\u00f4tels\u2026), pour une large gamme d\u2019applications professionnelles, tout en garantissant une installation rapide et de fortes performances \u00e9nerg\u00e9tiques.&nbsp;<\/strong><\/p>\n\n\n\n<div class=\"wp-block-group has-background\" style=\"background-color:#d8dadb\"><div class=\"wp-block-group__inner-container\">\n<p><strong>A PROPOS DE DAIKIN FRANCE&nbsp;<\/strong><\/p>\n\n\n\n<p>Sp\u00e9cialis\u00e9 dans la fabrication de solutions hautes performances de chauffage, de rafra\u00eechissement, de ventilation et de r\u00e9frig\u00e9ration fonctionnant aux \u00e9nergies renouvelables, le groupe DAIKIN intervient sur les march\u00e9s du r\u00e9sidentiel, du tertiaire et de l\u2019industrie.&nbsp;<\/p>\n\n\n\n<p>La filiale fran\u00e7aise du groupe, Daikin Airconditioning France, fond\u00e9e en 1993, est bas\u00e9e \u00e0 Nanterre (92).&nbsp;<\/p>\n\n\n\n<p>Depuis 2000, Daikin est leader sur le march\u00e9 des solutions de g\u00e9nie climatique en France. Daikin Airconditioning France couvre l\u2019ensemble du territoire avec l\u2019implantation de 13 agences commerciales, 4 antennes locales, 7 plateformes techniques, 6 centres de formation et 3 p\u00f4les logistiques.&nbsp;<\/p>\n\n\n\n<p>Daikin France commercialise des produits qui sont essentiellement fabriqu\u00e9s au sein de ses diff\u00e9rentes usines europ\u00e9ennes.&nbsp;<\/p>\n<\/div><\/div>\n","protected":false},"excerpt":{"rendered":"<p>&nbsp;Nouvelle cassette encastrable \u00e0 4 voies de soufflage Daikin \u00e9quip\u00e9e d\u2019un moteur Inverter&nbsp; Daikin commercialise depuis la fin d\u2019ann\u00e9e 2023 une toute nouvelle cassette encastrable compatible avec des groupes \u00e0 eau glac\u00e9e (FWF-D).&nbsp; Cette unit\u00e9 int\u00e8gre de nombreuses am\u00e9liorations technologiques afin de simplifier son installation, son fonctionnement et ses performances \u00e9nerg\u00e9tiques, notamment au travers de [&hellip;]<\/p>\n","protected":false},"author":41,"featured_media":36632,"comment_status":"open","ping_status":"open","sticky":false,"template":"","format":"standard","meta":{"spay_email":""},"categories":[4,35,588],"tags":[],"jetpack_featured_media_url":"https:\/\/i0.wp.com\/batimedianews.com\/live\/wp-content\/uploads\/2024\/03\/daikin-1.jpg?fit=1513%2C825&ssl=1","jetpack_sharing_enabled":true,"jetpack_likes_enabled":true,"jetpack-related-posts":[{"id":13364,"url":"https:\/\/batimedianews.com\/live\/index.php\/2021\/10\/28\/une-myriade-de-technologies-presentee-sur-le-stand-daikin-au-salon-artibat\/","url_meta":{"origin":36630,"position":0},"title":"UNE MYRIADE DE TECHNOLOGIES PRESENTEE SUR LE STAND DAIKIN AU SALON ARTIBAT","date":"28 octobre 2021","format":false,"excerpt":"\u00a0Du 13 au 15 octobre prochains, Daikin a \u00e9t\u00e9 pr\u00e9sent sur le salon ARTIBAT organis\u00e9 au Parc des Expositions de Rennes (Stand B41 \u2013 Hall 7).\u00a0 A cette occasion, Daikin a expos\u00e9 un large panel de ses solutions les plus r\u00e9centes, couvrant tous les secteurs du r\u00e9sidentiel et du tertiaire,\u2026","rel":"","context":"Dans &quot;Actualit\u00e9 Entreprises&quot;","img":{"alt_text":"","src":"https:\/\/i0.wp.com\/batimedianews.com\/live\/wp-content\/uploads\/2021\/10\/Daikin-Article-1.jpg?fit=512%2C512&ssl=1&resize=350%2C200","width":350,"height":200},"classes":[]},{"id":37408,"url":"https:\/\/batimedianews.com\/live\/index.php\/2024\/05\/29\/daikin-en-tournee-dans-toute-la-france-pendant-un-mois\/","url_meta":{"origin":36630,"position":1},"title":"Daikin, en tourn\u00e9e dans toute la France pendant un mois","date":"29 mai 2024","format":false,"excerpt":"\u00a0Cette ann\u00e9e, Daikin France a choisi de privil\u00e9gier la proximit\u00e9 avec ses clients et partenaires en se rendant directement dans leur r\u00e9gion, \u00e0 travers un grand tour de France qui se d\u00e9ploiera sur 5 semaines.\u00a0 Organis\u00e9 dans 12 villes proches de chaque agence commerciale, le \u00ab Daikin Tour \u00bb s\u2019\u00e9tablira\u2026","rel":"","context":"Dans &quot;Actualit\u00e9 Entreprises&quot;","img":{"alt_text":"","src":"https:\/\/i0.wp.com\/batimedianews.com\/live\/wp-content\/uploads\/2024\/05\/Daikin-articles-.jpg?fit=825%2C825&ssl=1&resize=350%2C200","width":350,"height":200},"classes":[]},{"id":14008,"url":"https:\/\/batimedianews.com\/live\/index.php\/2021\/11\/29\/daikin-continue-son-avancee-dans-la-decarbonation-des-batiments-en-lancant-sa-nouvelle-gamme-vrv-5-a-recuperation-denergie\/","url_meta":{"origin":36630,"position":2},"title":"DAIKIN CONTINUE SON AVANC\u00c9E DANS LA D\u00c9CARBONATION DES B\u00c2TIMENTS EN LAN\u00c7ANT SA NOUVELLE GAMME VRV-5 \u00c0 R\u00c9CUP\u00c9RATION D\u2019\u00c9NERGIE","date":"29 novembre 2021","format":false,"excerpt":"\u00c0 l\u2019heure o\u00f9 la question des enjeux environnementaux est plus que jamais d\u2019actualit\u00e9, Daikin Europe annonce la commercialisation prochaine de sa nouvelle gamme de VRV-5 \u00e0 r\u00e9cup\u00e9ration d\u2019\u00e9nergie. Fonctionnant au r\u00e9frig\u00e9rant R-32, elle participe pleinement \u00e0 l\u2019objectif de d\u00e9carbonation des b\u00e2timents en utilisant un r\u00e9frig\u00e9rant dont l\u2019empreinte carbone est r\u00e9duite\u2026","rel":"","context":"Dans &quot;Actualit\u00e9 Entreprises&quot;","img":{"alt_text":"","src":"https:\/\/i2.wp.com\/batimedianews.com\/live\/wp-content\/uploads\/2021\/11\/Daikin-Article.jpg?fit=512%2C512&ssl=1&resize=350%2C200","width":350,"height":200},"classes":[]},{"id":12571,"url":"https:\/\/batimedianews.com\/live\/index.php\/2021\/10\/08\/daikin-transport-refrigere\/","url_meta":{"origin":36630,"position":3},"title":"DAIKIN TRANSPORT R\u00c9FRIG\u00c9R\u00c9","date":"8 octobre 2021","format":false,"excerpt":"LA PREMI\u00c8RE UNIT\u00c9 DE TRANSPORT R\u00c9FRIG\u00c9R\u00c9 SOUS LA MARQUE DAIKIN SERA D\u00c9VOIL\u00c9E SUR LE SALON SOLUTRANS \u00c0 LYON\u00a0 \u00a0STAND 086, HALL 4\u00a0 A l\u2019occasion du salon europ\u00e9en Solutrans, organis\u00e9 du 16 au 20 novembre 2021 \u00e0 Lyon (69), Daikin tiendra son tout premier stand sur un salon majeur du transport,\u2026","rel":"","context":"Dans &quot;Actualit\u00e9 Entreprises&quot;","img":{"alt_text":"","src":"https:\/\/i2.wp.com\/batimedianews.com\/live\/wp-content\/uploads\/2021\/10\/Daikin-Article.jpg?fit=512%2C512&ssl=1&resize=350%2C200","width":350,"height":200},"classes":[]},{"id":30001,"url":"https:\/\/batimedianews.com\/live\/index.php\/2023\/07\/06\/daikin-chauffage-une-pompe-a-chaleur-pour-cet-hiver\/","url_meta":{"origin":36630,"position":4},"title":"DAIKIN CHAUFFAGE &#8211; Une pompe \u00e0 chaleur pour cet hiver !","date":"6 juillet 2023","format":false,"excerpt":"\u00a0INTRODUCTION\u00a0 A travers les r\u00e8glementations incitant \u00e0 d\u00e9carboner les syst\u00e8mes de chauffage des fran\u00e7ais, la dynamique li\u00e9e aux installations de PAC air \/eau visant \u00e0 remplacer des solutions de chauffage aux \u00e9nergies fossiles (chaudi\u00e8res gaz ou fioul) s\u2019est acc\u00e9l\u00e9r\u00e9e ces derni\u00e8res ann\u00e9es.\u00a0 Daikin, propose une gamme de solutions de chauffage\/rafra\u00eechissement\u2026","rel":"","context":"Dans &quot;Actualit\u00e9 Entreprises&quot;","img":{"alt_text":"","src":"https:\/\/i2.wp.com\/batimedianews.com\/live\/wp-content\/uploads\/2023\/07\/DAIKIN-article.jpg?fit=1080%2C1080&ssl=1&resize=350%2C200","width":350,"height":200},"classes":[]},{"id":11162,"url":"https:\/\/batimedianews.com\/live\/index.php\/2021\/07\/19\/pompe-a-chaleur-monobloc-daikin-altherma-3-m\/","url_meta":{"origin":36630,"position":5},"title":"POMPE \u00c0 CHALEUR MONOBLOC DAIKIN ALTHERMA 3 M","date":"19 juillet 2021","format":false,"excerpt":"La gamme de pompe \u00e0 chaleur air\/eau Daikin Altherma 3\u00e8me g\u00e9n\u00e9ration d\u00e9sormais enrichie d\u2019une solution monobloc Innovant toujours davantage pour la satisfaction de ses clients installateurs et utilisateurs finaux, Daikin renforce sa gamme de pompe \u00e0 chaleur air\/eau Daikin Altherma au R-32 avec l\u2019introduction d\u2019une nouvelle gamme monobloc, tous les\u2026","rel":"","context":"Dans &quot;Actualit\u00e9 Entreprises&quot;","img":{"alt_text":"","src":"https:\/\/i2.wp.com\/batimedianews.com\/live\/wp-content\/uploads\/2021\/07\/Daikin-Article.jpg?fit=512%2C512&ssl=1&resize=350%2C200","width":350,"height":200},"classes":[]}],"_links":{"self":[{"href":"https:\/\/batimedianews.com\/live\/index.php\/wp-json\/wp\/v2\/posts\/36630"}],"collection":[{"href":"https:\/\/batimedianews.com\/live\/index.php\/wp-json\/wp\/v2\/posts"}],"about":[{"href":"https:\/\/batimedianews.com\/live\/index.php\/wp-json\/wp\/v2\/types\/post"}],"author":[{"embeddable":true,"href":"https:\/\/batimedianews.com\/live\/index.php\/wp-json\/wp\/v2\/users\/41"}],"replies":[{"embeddable":true,"href":"https:\/\/batimedianews.com\/live\/index.php\/wp-json\/wp\/v2\/comments?post=36630"}],"version-history":[{"count":2,"href":"https:\/\/batimedianews.com\/live\/index.php\/wp-json\/wp\/v2\/posts\/36630\/revisions"}],"predecessor-version":[{"id":36636,"href":"https:\/\/batimedianews.com\/live\/index.php\/wp-json\/wp\/v2\/posts\/36630\/revisions\/36636"}],"wp:featuredmedia":[{"embeddable":true,"href":"https:\/\/batimedianews.com\/live\/index.php\/wp-json\/wp\/v2\/media\/36632"}],"wp:attachment":[{"href":"https:\/\/batimedianews.com\/live\/index.php\/wp-json\/wp\/v2\/media?parent=36630"}],"wp:term":[{"taxonomy":"category","embeddable":true,"href":"https:\/\/batimedianews.com\/live\/index.php\/wp-json\/wp\/v2\/categories?post=36630"},{"taxonomy":"post_tag","embeddable":true,"href":"https:\/\/batimedianews.com\/live\/index.php\/wp-json\/wp\/v2\/tags?post=36630"}],"curies":[{"name":"wp","href":"https:\/\/api.w.org\/{rel}","templated":true}]}}