{"id":36700,"date":"2024-04-11T10:08:03","date_gmt":"2024-04-11T08:08:03","guid":{"rendered":"http:\/\/batimedianews.com\/live\/?p=36700"},"modified":"2024-04-11T10:08:06","modified_gmt":"2024-04-11T08:08:06","slug":"weber-renforce-son-portefeuille-de-solutions-pour-les-sols-techniques-et-decoratifs","status":"publish","type":"post","link":"https:\/\/batimedianews.com\/live\/index.php\/2024\/04\/11\/weber-renforce-son-portefeuille-de-solutions-pour-les-sols-techniques-et-decoratifs\/","title":{"rendered":"WEBER renforce son portefeuille de solutions pour les sols techniques et d\u00e9coratifs"},"content":{"rendered":"\n<div class=\"wp-block-columns\">\n<div class=\"wp-block-column\">\n<p>&nbsp;<strong>Le Groupe Saint-Gobain a annonc\u00e9 en f\u00e9vrier avoir conclu un accord en vue de l\u2019acquisition de la soci\u00e9t\u00e9 R.Sol. Cette acquisition est maintenant finalis\u00e9e et la soci\u00e9t\u00e9 R.Sol a rejoint le Groupe, le 2 avril, en tant que filiale de Saint-Gobain Weber France.&nbsp;<\/strong><\/p>\n\n\n\n<figure class=\"wp-block-image size-full\"><img loading=\"lazy\" width=\"368\" height=\"362\" src=\"https:\/\/i0.wp.com\/batimedianews.com\/live\/wp-content\/uploads\/2024\/04\/2_RSOL-logo.jpg?resize=368%2C362\" alt=\"\" class=\"wp-image-36701\" srcset=\"https:\/\/i0.wp.com\/batimedianews.com\/live\/wp-content\/uploads\/2024\/04\/2_RSOL-logo.jpg?w=368&amp;ssl=1 368w, https:\/\/i0.wp.com\/batimedianews.com\/live\/wp-content\/uploads\/2024\/04\/2_RSOL-logo.jpg?resize=768%2C755&amp;ssl=1 768w, https:\/\/i0.wp.com\/batimedianews.com\/live\/wp-content\/uploads\/2024\/04\/2_RSOL-logo.jpg?resize=10%2C10&amp;ssl=1 10w\" sizes=\"(max-width: 600px) 91vw, (max-width: 900px) 600px, (max-width: 1060px) 50vw, (max-width: 1200px) 520px, (max-width: 1400px) 43vw, 600px\" data-recalc-dims=\"1\" \/><\/figure>\n\n\n\n<p>&nbsp;R.Sol est un acteur clef du march\u00e9 des r\u00e9sines \u00e9poxy, polyur\u00e9thane et polyaspartique destin\u00e9es aux sols en non-r\u00e9sidentiel, qui <strong>renforcera le portefeuille de solutions pour les sols techniques et d\u00e9coratifs de Saint-Gobain Weber France<\/strong>.<\/p>\n\n\n\n<p>La soci\u00e9t\u00e9 fran\u00e7aise, cr\u00e9\u00e9e il y a 20 ans,<strong> con\u00e7oit, fabrique et commercialise des r\u00e9sines de sols <\/strong>\u00e0 destination des <strong>march\u00e9s tertiaires et industriels<\/strong> sous les noms R .Sol, Himfloor et Funget. Elle dispose, depuis 2017, d\u2019une usine enIle-de-France et emploie 26 personnes pour un chiffre d\u2019affaires d\u2019environ 8 m \u00a4 en 2023.&nbsp;<\/p>\n\n\n\n<p><strong>Sa large gamme de syst\u00e8mes<\/strong> (filmog\u00e8nes, semi-lisses, autolissants) et de technologies, ainsi que les certifications associ\u00e9es, permettent de r\u00e9pondre aux contraintes sp\u00e9cifiques de donneurs d\u2019ordres industriels et gestionnaires de parcs et d\u2019applicateurs sp\u00e9cialis\u00e9s.<\/p>\n<\/div>\n\n\n\n<div class=\"wp-block-column\">\n<figure class=\"wp-block-image size-large\"><img loading=\"lazy\" width=\"720\" height=\"720\" src=\"https:\/\/i2.wp.com\/batimedianews.com\/live\/wp-content\/uploads\/2024\/04\/1_WEBER-RSOL.jpeg?resize=720%2C720\" alt=\"\" class=\"wp-image-36702\" srcset=\"https:\/\/i2.wp.com\/batimedianews.com\/live\/wp-content\/uploads\/2024\/04\/1_WEBER-RSOL.jpeg?resize=1024%2C1024&amp;ssl=1 1024w, https:\/\/i2.wp.com\/batimedianews.com\/live\/wp-content\/uploads\/2024\/04\/1_WEBER-RSOL.jpeg?resize=600%2C600&amp;ssl=1 600w, https:\/\/i2.wp.com\/batimedianews.com\/live\/wp-content\/uploads\/2024\/04\/1_WEBER-RSOL.jpeg?resize=300%2C300&amp;ssl=1 300w, https:\/\/i2.wp.com\/batimedianews.com\/live\/wp-content\/uploads\/2024\/04\/1_WEBER-RSOL.jpeg?resize=1536%2C1536&amp;ssl=1 1536w, https:\/\/i2.wp.com\/batimedianews.com\/live\/wp-content\/uploads\/2024\/04\/1_WEBER-RSOL.jpeg?resize=2048%2C2048&amp;ssl=1 2048w, https:\/\/i2.wp.com\/batimedianews.com\/live\/wp-content\/uploads\/2024\/04\/1_WEBER-RSOL.jpeg?resize=10%2C10&amp;ssl=1 10w\" sizes=\"(max-width: 600px) 91vw, (max-width: 900px) 600px, (max-width: 1060px) 50vw, (max-width: 1200px) 520px, (max-width: 1400px) 43vw, 600px\" data-recalc-dims=\"1\" \/><\/figure>\n\n\n\n<p>&nbsp;<em>\u00ab Je suis ravi que les \u00e9quipes R.Sol puissent nous rejoindre ! \u00bb <\/em>d\u00e9clare Arnaud Tract\u00e8re, Directeur G\u00e9n\u00e9ral de Weber France. <em>\u00ab C\u2019est une tr\u00e8s belle entreprise que M. Rollin a su construire avec ses \u00e9quipes et je suis convaincu, qu\u2019ensemble, <strong>nous allons pouvoir la faire cro\u00eetre sur tous ses march\u00e9s et sur l\u2019ensemble du territoire fran\u00e7ais.<\/strong> Avec cette acquisition, <strong>Weber compl\u00e8te son offre de solutions pour les sols qui comporte d\u00e9j\u00e0 les mortiers techniques de la gamme weberfloor.<\/strong> \u00bb&nbsp;<\/em><\/p>\n\n\n\n<p><em>\u00ab C\u2019est une nouvelle \u00e9tape importante pour R.Sol \u00bb <\/em>compl\u00e8te Marc Rollin, dirigeant de R.Sol \u00ab <em><strong>En combinant les comp\u00e9tences et l\u2019offre de R.Sol et de Weber, nous pouvons continuer \u00e0 grandir et apporter des solutions techniques toujours plus pertinentes pour nos clients sp\u00e9cialistes<\/strong><\/em> \u00bb<em>.&nbsp;<\/em><\/p>\n<\/div>\n<\/div>\n\n\n\n<p class=\"has-small-font-size\">&nbsp;<strong>A propos de Weber&nbsp;<\/strong><\/p>\n\n\n\n<p class=\"has-small-font-size\">Leader mondial des mortiers industriels, Weber fabrique depuis 1902 des solutions innovantes et performantes pour envelopper, prot\u00e9ger et embellir l\u2019habitat durablement. Les produits Weber int\u00e8grent la pr\u00e9paration des sols, la pose du carrelage, les enduits de fa\u00e7ades, l\u2019Isolation Thermique par l\u2019Ext\u00e9rieur, et \u00e9galement le Gros \u0152uvre et les Travaux Publics. Appartenant au Groupe Saint-Gobain depuis 1996, Weber s\u2019appuie sur un r\u00e9seau fran\u00e7ais de 11 sites de production, 3 d\u00e9p\u00f4ts logistiques, 5 services clients, 1 centre de renseignements techniques, 5 centres de formation et pr\u00e8s de 4.000 distributeurs.<\/p>\n","protected":false},"excerpt":{"rendered":"<p>&nbsp;Le Groupe Saint-Gobain a annonc\u00e9 en f\u00e9vrier avoir conclu un accord en vue de l\u2019acquisition de la soci\u00e9t\u00e9 R.Sol. Cette acquisition est maintenant finalis\u00e9e et la soci\u00e9t\u00e9 R.Sol a rejoint le Groupe, le 2 avril, en tant que filiale de Saint-Gobain Weber France.&nbsp; &nbsp;R.Sol est un acteur clef du march\u00e9 des r\u00e9sines \u00e9poxy, polyur\u00e9thane et [&hellip;]<\/p>\n","protected":false},"author":41,"featured_media":36703,"comment_status":"open","ping_status":"open","sticky":true,"template":"","format":"standard","meta":{"spay_email":""},"categories":[4,1222],"tags":[],"jetpack_featured_media_url":"https:\/\/i2.wp.com\/batimedianews.com\/live\/wp-content\/uploads\/2024\/04\/Weber.jpg?fit=1513%2C825&ssl=1","jetpack_sharing_enabled":true,"jetpack_likes_enabled":true,"jetpack-related-posts":[{"id":32805,"url":"https:\/\/batimedianews.com\/live\/index.php\/2023\/11\/08\/arnaud-tractere-nouveau-directeur-general-de-saint-gobain-weber-france\/","url_meta":{"origin":36700,"position":0},"title":"ARNAUD TRACTERE, nouveau directeur g\u00e9n\u00e9ral de Saint-Gobain Weber France","date":"8 novembre 2023","format":false,"excerpt":"\u00a0Weber, leader mondial des mortiers industriels, annonce la nomination d\u2019Arnaud TRACTERE, Directeur G\u00e9n\u00e9ral de Saint-Gobain Weber France. Il a pris ses fonctions le 1er novembre 2023, succ\u00e9dant \u00e0 Marine CHARLES. Arnaud TRACTERE aura en charge la poursuite et le d\u00e9veloppement de la strat\u00e9gie Weber en termes d\u2019innovation, de performance et\u2026","rel":"","context":"Dans &quot;Actualit\u00e9 Entreprises&quot;","img":{"alt_text":"","src":"https:\/\/i0.wp.com\/batimedianews.com\/live\/wp-content\/uploads\/2023\/11\/Weber-Image-articles-.jpg?fit=825%2C825&ssl=1&resize=350%2C200","width":350,"height":200},"classes":[]},{"id":16441,"url":"https:\/\/batimedianews.com\/live\/index.php\/2022\/02\/23\/lentreprise-alsacienne-clipso-rejoint-le-groupe-ecophon-saint-gobain\/","url_meta":{"origin":36700,"position":1},"title":"L&rsquo;entreprise alsacienne CLIPSO rejoint le groupe Ecophon Saint-Gobain","date":"23 f\u00e9vrier 2022","format":false,"excerpt":"Concepteur & fabricant fran\u00e7ais de solutions techniques pour plafonds & murs Suite \u00e0 un accord exclusif, l\u2019entreprise CLIPSO rejoint le Groupe Ecophon Saint-Gobain, leader mondial de syst\u00e8me d\u2019absorption acoustique. CLIPSO con\u00e7oit, fabrique et commercialise des rev\u00eatements textiles pour les plafonds et les murs. Ces solutions techniques offrent une excellente performance\u2026","rel":"","context":"Dans &quot;Actualit\u00e9 Entreprises&quot;","img":{"alt_text":"","src":"https:\/\/i0.wp.com\/batimedianews.com\/live\/wp-content\/uploads\/2022\/02\/Clipso-Article.jpg?fit=512%2C512&ssl=1&resize=350%2C200","width":350,"height":200},"classes":[]},{"id":16693,"url":"https:\/\/batimedianews.com\/live\/index.php\/2022\/03\/03\/weber-integre-loffre-tradical-a-sa-gamme-produits-et-etoffe-son-panel-biosource\/","url_meta":{"origin":36700,"position":2},"title":"Weber int\u00e8gre l\u2019offre Tradical\u00ae \u00e0 sa gamme produits et \u00e9toffe son panel biosourc\u00e9","date":"3 mars 2022","format":false,"excerpt":"Saint-Gobain Weber France annonce avoir sign\u00e9 avec le Groupe belge Lhoist, l\u2019un des leaders mondiaux de la production de chaux, chaux dolomitique et autres min\u00e9raux, un accord de partenariat concernant l\u2019offre Tradical\u00ae\u2002 de sa filiale BCB. A compter du 1er mai, l\u2019expert en mortiers industriels Weber va commercialiser, en exclusivit\u00e9\u2026","rel":"","context":"Dans &quot;Actualit\u00e9 Entreprises&quot;","img":{"alt_text":"","src":"https:\/\/i0.wp.com\/batimedianews.com\/live\/wp-content\/uploads\/2022\/02\/weber-Article-1.jpg?fit=512%2C512&ssl=1&resize=350%2C200","width":350,"height":200},"classes":[]},{"id":20711,"url":"https:\/\/batimedianews.com\/live\/index.php\/2022\/06\/13\/point-p-etoffe-son-expertise-carrelage-a-albi-81-avec-lacquisition-dun-point-de-vente-sup-caro\/","url_meta":{"origin":36700,"position":3},"title":"POINT.P \u00c9TOFFE son expertise carrelage \u00e0 ALBI  (81) avec l&rsquo;acquisition d&rsquo;un point de vente sup caro","date":"13 juin 2022","format":false,"excerpt":"POINT.P, n\u00e9goce g\u00e9n\u00e9raliste et multi sp\u00e9cialiste et enseigne principale de Saint-Gobain Distribution B\u00e2timent France, vient de finaliser l\u2019acquisition du point de vente SUP CARO d\u2019Albi. Situ\u00e9e plus pr\u00e9cis\u00e9ment sur la commune de Puygouzon, cette agence compte 5 collaborateurs. Elle est sp\u00e9cialis\u00e9e en carrelage, am\u00e9nagement ext\u00e9rieur, parquet et sanitaire.\u00a0 \u00ab Cette\u2026","rel":"","context":"Dans &quot;Actualit\u00e9 Entreprises&quot;","img":{"alt_text":"","src":"https:\/\/i1.wp.com\/batimedianews.com\/live\/wp-content\/uploads\/2022\/06\/Point.P-Article.jpg?fit=1080%2C1080&ssl=1&resize=350%2C200","width":350,"height":200},"classes":[]},{"id":49216,"url":"https:\/\/batimedianews.com\/live\/index.php\/2026\/02\/09\/weber-lacoustique-des-sols-au-coeur-de-la-semaine-du-son\/","url_meta":{"origin":36700,"position":4},"title":"WEBER, l\u2019acoustique des sols au c\u0153ur de la semaine du son","date":"9 f\u00e9vrier 2026","format":false,"excerpt":"\u00c0 l\u2019occasion de la Semaine du Son de l\u2019UNESCO, \u00e0 laquelle participe le Groupe Saint-Gobain, Weber met en lumi\u00e8re son expertise reconnue en mati\u00e8re d\u2019acoustique sous carrelage, illustrant la mani\u00e8re dont les contraintes techniques et r\u00e9glementaires peuvent devenir de puissants leviers d\u2019innovation au service du confort de vie et de\u2026","rel":"","context":"Dans &quot;Acoustique&quot;","img":{"alt_text":"","src":"https:\/\/i0.wp.com\/batimedianews.com\/live\/wp-content\/uploads\/2026\/02\/Weber.jpg?fit=825%2C825&ssl=1&resize=350%2C200","width":350,"height":200},"classes":[]},{"id":36240,"url":"https:\/\/batimedianews.com\/live\/index.php\/2024\/03\/15\/weberfloor-beton-cire-nouveau-systeme-decoratif-taloche-pour-sols-et-murs\/","url_meta":{"origin":36700,"position":5},"title":"WEBERFLOOR b\u00e9ton cir\u00e9 : nouveau syst\u00e8me d\u00e9coratif taloch\u00e9 pour sols et murs","date":"15 mars 2024","format":false,"excerpt":"Sp\u00e9cialiste de la pr\u00e9paration des sols, Weber propose un large \u00e9ventail de r\u00e9ponses pour les march\u00e9s professionnels et r\u00e9sidentiels. Aujourd\u2019hui, il d\u00e9voile son tout nouveau syst\u00e8me d\u00e9coratif taloch\u00e9 weberfloor b\u00e9ton cir\u00e9. Destin\u00e9 \u00e0 la r\u00e9alisation de rev\u00eatements millim\u00e9triques b\u00e9ton cir\u00e9, pour sols comme pour murs, des locaux d\u2019habitation, tertiaires et\u2026","rel":"","context":"Dans &quot;Actualit\u00e9 Entreprises&quot;","img":{"alt_text":"","src":"https:\/\/i2.wp.com\/batimedianews.com\/live\/wp-content\/uploads\/2024\/03\/weber.jpg?fit=825%2C825&ssl=1&resize=350%2C200","width":350,"height":200},"classes":[]}],"_links":{"self":[{"href":"https:\/\/batimedianews.com\/live\/index.php\/wp-json\/wp\/v2\/posts\/36700"}],"collection":[{"href":"https:\/\/batimedianews.com\/live\/index.php\/wp-json\/wp\/v2\/posts"}],"about":[{"href":"https:\/\/batimedianews.com\/live\/index.php\/wp-json\/wp\/v2\/types\/post"}],"author":[{"embeddable":true,"href":"https:\/\/batimedianews.com\/live\/index.php\/wp-json\/wp\/v2\/users\/41"}],"replies":[{"embeddable":true,"href":"https:\/\/batimedianews.com\/live\/index.php\/wp-json\/wp\/v2\/comments?post=36700"}],"version-history":[{"count":2,"href":"https:\/\/batimedianews.com\/live\/index.php\/wp-json\/wp\/v2\/posts\/36700\/revisions"}],"predecessor-version":[{"id":36795,"href":"https:\/\/batimedianews.com\/live\/index.php\/wp-json\/wp\/v2\/posts\/36700\/revisions\/36795"}],"wp:featuredmedia":[{"embeddable":true,"href":"https:\/\/batimedianews.com\/live\/index.php\/wp-json\/wp\/v2\/media\/36703"}],"wp:attachment":[{"href":"https:\/\/batimedianews.com\/live\/index.php\/wp-json\/wp\/v2\/media?parent=36700"}],"wp:term":[{"taxonomy":"category","embeddable":true,"href":"https:\/\/batimedianews.com\/live\/index.php\/wp-json\/wp\/v2\/categories?post=36700"},{"taxonomy":"post_tag","embeddable":true,"href":"https:\/\/batimedianews.com\/live\/index.php\/wp-json\/wp\/v2\/tags?post=36700"}],"curies":[{"name":"wp","href":"https:\/\/api.w.org\/{rel}","templated":true}]}}