{"id":36923,"date":"2024-04-24T15:50:24","date_gmt":"2024-04-24T13:50:24","guid":{"rendered":"http:\/\/batimedianews.com\/live\/?p=36923"},"modified":"2024-04-24T15:50:26","modified_gmt":"2024-04-24T13:50:26","slug":"10eme-observatoire-de-la-renovation-en-couverture-en-tuiles","status":"publish","type":"post","link":"https:\/\/batimedianews.com\/live\/index.php\/2024\/04\/24\/10eme-observatoire-de-la-renovation-en-couverture-en-tuiles\/","title":{"rendered":"10\u00e8me Observatoire de la R\u00e9novation en Couverture en Tuiles"},"content":{"rendered":"\n<h2><strong>Une activit\u00e9 qui reste positive sous un ciel qui se couvre<\/strong><\/h2>\n\n\n\n<p><strong>Conditions et pr\u00e9visions d\u2019activit\u00e9, carnets de commande, devis, moral des couvreurs\u2026 l\u2019Observatoire de la r\u00e9novation en couverture en tuiles est une enqu\u00eate t\u00e9l\u00e9phonique aupr\u00e8s de 800 couvreurs men\u00e9e deux fois par an depuis 2019 par la F\u00e9d\u00e9ration Fran\u00e7aise des Tuiles et Briques. Elle propose un panorama de tendances \u00e0 l\u2019\u00e9chelle nationale et r\u00e9gionale.<\/strong><\/p>\n\n\n\n<p><strong>L\u2019optimisme prudent et les incertitudes pour l\u2019avenir, exprim\u00e9es en septembre 2023, se confirment avec une dixi\u00e8me \u00e9dition de l\u2019Observatoire de la r\u00e9novation* en couverture tuiles sous le signe du ralentissement anticip\u00e9 de l\u2019activit\u00e9 et de signaux d\u2019inqui\u00e9tude renforc\u00e9s .<\/strong><\/p>\n\n\n\n<p class=\"has-text-align-right\"><em>*enqu\u00eate sur 800 couvreurs r\u00e9alis\u00e9e du 8 janvier au 29 f\u00e9vrier 2024<\/em><\/p>\n\n\n\n<div class=\"wp-block-media-text alignwide has-media-on-the-right is-stacked-on-mobile\" style=\"grid-template-columns:auto 35%\"><figure class=\"wp-block-media-text__media\"><img loading=\"lazy\" width=\"720\" height=\"445\" src=\"https:\/\/i2.wp.com\/batimedianews.com\/live\/wp-content\/uploads\/2024\/04\/image-80.png?resize=720%2C445\" alt=\"\" class=\"wp-image-36924 size-full\" srcset=\"https:\/\/i2.wp.com\/batimedianews.com\/live\/wp-content\/uploads\/2024\/04\/image-80.png?w=822&amp;ssl=1 822w, https:\/\/i2.wp.com\/batimedianews.com\/live\/wp-content\/uploads\/2024\/04\/image-80.png?resize=768%2C474&amp;ssl=1 768w, https:\/\/i2.wp.com\/batimedianews.com\/live\/wp-content\/uploads\/2024\/04\/image-80.png?resize=432%2C267&amp;ssl=1 432w, https:\/\/i2.wp.com\/batimedianews.com\/live\/wp-content\/uploads\/2024\/04\/image-80.png?resize=396%2C245&amp;ssl=1 396w, https:\/\/i2.wp.com\/batimedianews.com\/live\/wp-content\/uploads\/2024\/04\/image-80.png?resize=660%2C408&amp;ssl=1 660w\" sizes=\"(max-width: 600px) 91vw, (max-width: 900px) 600px, (max-width: 1060px) 50vw, (max-width: 1200px) 520px, (max-width: 1400px) 43vw, 600px\" data-recalc-dims=\"1\" \/><\/figure><div class=\"wp-block-media-text__content\">\n<p class=\"has-text-color\" style=\"color:#f6a902\"><strong>De bons niveaux d\u2019activit\u00e9 mais\u2026<\/strong><\/p>\n\n\n\n<p>80% des couvreurs d\u00e9clarent avoir en f\u00e9vrier 2024 une activit\u00e9 normale ou forte. Ce chiffre est cependant en d\u00e9croissance continue depuis septembre 2021 et la part des entreprises qui anticipent une baisse ou forte baisse est en augmentation sur 1 an avec + 6 points de 12 \u00e0 18%.<\/p>\n<\/div><\/div>\n\n\n\n<div class=\"wp-block-media-text alignwide has-media-on-the-right is-stacked-on-mobile\" style=\"grid-template-columns:auto 35%\"><figure class=\"wp-block-media-text__media\"><img loading=\"lazy\" width=\"720\" height=\"554\" src=\"https:\/\/i2.wp.com\/batimedianews.com\/live\/wp-content\/uploads\/2024\/04\/image-81.png?resize=720%2C554\" alt=\"\" class=\"wp-image-36925 size-full\" srcset=\"https:\/\/i2.wp.com\/batimedianews.com\/live\/wp-content\/uploads\/2024\/04\/image-81.png?w=822&amp;ssl=1 822w, https:\/\/i2.wp.com\/batimedianews.com\/live\/wp-content\/uploads\/2024\/04\/image-81.png?resize=768%2C590&amp;ssl=1 768w, https:\/\/i2.wp.com\/batimedianews.com\/live\/wp-content\/uploads\/2024\/04\/image-81.png?resize=432%2C332&amp;ssl=1 432w, https:\/\/i2.wp.com\/batimedianews.com\/live\/wp-content\/uploads\/2024\/04\/image-81.png?resize=396%2C304&amp;ssl=1 396w, https:\/\/i2.wp.com\/batimedianews.com\/live\/wp-content\/uploads\/2024\/04\/image-81.png?resize=660%2C507&amp;ssl=1 660w\" sizes=\"(max-width: 600px) 91vw, (max-width: 900px) 600px, (max-width: 1060px) 50vw, (max-width: 1200px) 520px, (max-width: 1400px) 43vw, 600px\" data-recalc-dims=\"1\" \/><\/figure><div class=\"wp-block-media-text__content\">\n<p class=\"has-text-color\" style=\"color:#f6a902\"><strong>\u2026des pr\u00e9visions \u00e0 6 mois pessimistes<\/strong><\/p>\n\n\n\n<p>Les entreprises de couverture anticipent un 1er semestre 2024 en repli par rapport \u00e0 2023, particuli\u00e8rement pour la moiti\u00e9 Est du territoire o\u00f9 l\u2019anticipation est nettement plus n\u00e9gative que pour l\u2019Ouest de la France.<\/p>\n\n\n\n<p>Les entreprises de moins de 10 salari\u00e9s anticipent une baisse moins importante (-1,9) que les plus de 10 salari\u00e9s (-4,5) ; ces derni\u00e8res sont aussi plus impact\u00e9es par l\u2019effondrement du march\u00e9 du logement neuf qui repr\u00e9sente une part plus significative de leur activit\u00e9.<\/p>\n<\/div><\/div>\n\n\n\n<h2><strong>R\u00c9NOVATION EN COUVERTURE TUILE : UNE ACTIVIT\u00c9 QUI RESTE POSITIVE SOUS UN CIEL QUI SE COUVRE<\/strong><\/h2>\n\n\n\n<p class=\"has-text-color has-medium-font-size\" style=\"color:#f6a902\"><strong>Conditions d\u2019activit\u00e9 (disponibilit\u00e9 et prix en fournitures et mat\u00e9riaux) : retour \u00e0 la normale<\/strong><\/p>\n\n\n\n<p>Les tensions fortes relev\u00e9es entre 2021 et mi-2023 sur les conditions d\u2019approvisionnement et les prix en fournitures et mat\u00e9riaux (bois, tuile&#8230;) se r\u00e9sorbent voire disparaissent. Alors qu\u2019un an plus t\u00f4t, 87% des entreprises d\u00e9claraient des difficult\u00e9s d\u2019approvisionnement, elles ne sont plus d\u00e9sormais que 22 % en f\u00e9vrier 2024. Trois entreprises sur quatre rel\u00e8vent encore des tensions sur les prix en fournitures et mat\u00e9riaux et 82 % d\u00e9clarent r\u00e9ussir \u00e0 r\u00e9percuter totalement ou partiellement les hausses.<\/p>\n\n\n\n<div class=\"wp-block-media-text alignwide has-media-on-the-right is-stacked-on-mobile\" style=\"grid-template-columns:auto 35%\"><figure class=\"wp-block-media-text__media\"><img loading=\"lazy\" width=\"702\" height=\"1114\" src=\"https:\/\/i0.wp.com\/batimedianews.com\/live\/wp-content\/uploads\/2024\/04\/image-82.png?resize=702%2C1114\" alt=\"\" class=\"wp-image-36926 size-full\" srcset=\"https:\/\/i0.wp.com\/batimedianews.com\/live\/wp-content\/uploads\/2024\/04\/image-82.png?w=702&amp;ssl=1 702w, https:\/\/i0.wp.com\/batimedianews.com\/live\/wp-content\/uploads\/2024\/04\/image-82.png?resize=768%2C1218&amp;ssl=1 768w, https:\/\/i0.wp.com\/batimedianews.com\/live\/wp-content\/uploads\/2024\/04\/image-82.png?resize=432%2C686&amp;ssl=1 432w, https:\/\/i0.wp.com\/batimedianews.com\/live\/wp-content\/uploads\/2024\/04\/image-82.png?resize=396%2C628&amp;ssl=1 396w, https:\/\/i0.wp.com\/batimedianews.com\/live\/wp-content\/uploads\/2024\/04\/image-82.png?resize=660%2C1047&amp;ssl=1 660w\" sizes=\"(max-width: 600px) 91vw, (max-width: 900px) 600px, (max-width: 1060px) 50vw, (max-width: 1200px) 520px, (max-width: 1400px) 43vw, 600px\" data-recalc-dims=\"1\" \/><\/figure><div class=\"wp-block-media-text__content\">\n<p class=\"has-text-color\" style=\"color:#f6a902\"><strong>Des signaux qui appellent \u00e0 la prudence<\/strong><\/p>\n\n\n\n<p>Les carnets de commande affichent une \u00e9rosion lente mais continue. Ils ont perdu 1 mois entre f\u00e9vrier 2023 et f\u00e9vrier 2024, passant de 7,9 mois d\u2019activit\u00e9 \u00e0 temps plein en moyenne \u00e0 6,9 mois. 1 entreprise sur 4 juge cette dur\u00e9e inf\u00e9rieure \u00e0 la normale, une part en augmentation de 8 points sur 1 an.<\/p>\n\n\n\n<p>La part des entreprises qui d\u00e9clarent faire moins de devis que la normale augmente aussi, passant de 20% en f\u00e9vrier 2022 \u00e0 33% en f\u00e9vrier 2023 et 36% en f\u00e9vrier 2024.<\/p>\n\n\n\n<p>Pour le moment, ces alertes n\u2019affectent cependant pas le moral des couvreurs qui reste stable avec une \u00e9valuation de 3,4 sur 5 en f\u00e9vrier 2024 dans la moyenne du barom\u00e8tre.<\/p>\n<\/div><\/div>\n\n\n\n<p><strong>A propos de la fili\u00e8re des tuiles et brqiues \/ FFTB<\/strong><\/p>\n\n\n\n<p class=\"has-small-font-size\"> La F\u00e9d\u00e9ration Fran\u00e7aise des Tuiles et Briques (FFTB) regroupe les fabricants de tuiles, briques repr\u00e9sentant plus de 95% de la production fran\u00e7aise. La France est le 2\u00e8me producteur europ\u00e9en de produits terre cuite pour la construction en Europe.<\/p>\n","protected":false},"excerpt":{"rendered":"<p>Une activit\u00e9 qui reste positive sous un ciel qui se couvre Conditions et pr\u00e9visions d\u2019activit\u00e9, carnets de commande, devis, moral des couvreurs\u2026 l\u2019Observatoire de la r\u00e9novation en couverture en tuiles est une enqu\u00eate t\u00e9l\u00e9phonique aupr\u00e8s de 800 couvreurs men\u00e9e deux fois par an depuis 2019 par la F\u00e9d\u00e9ration Fran\u00e7aise des Tuiles et Briques. Elle propose [&hellip;]<\/p>\n","protected":false},"author":41,"featured_media":36927,"comment_status":"open","ping_status":"open","sticky":true,"template":"","format":"standard","meta":{"spay_email":""},"categories":[4,614,108,126,130],"tags":[],"jetpack_featured_media_url":"https:\/\/i2.wp.com\/batimedianews.com\/live\/wp-content\/uploads\/2024\/04\/FFTB.jpg?fit=1513%2C825&ssl=1","jetpack_sharing_enabled":true,"jetpack_likes_enabled":true,"jetpack-related-posts":[{"id":49040,"url":"https:\/\/batimedianews.com\/live\/index.php\/2026\/02\/02\/13eme-observatoire-de-la-renovation-en-couverture-en-tuiles\/","url_meta":{"origin":36923,"position":0},"title":"13\u00e8me observatoire de la r\u00e9novation en couverture en tuiles","date":"2 f\u00e9vrier 2026","format":false,"excerpt":"Conditions et pr\u00e9visions d\u2019activit\u00e9s, carnets de commande, devis, recrutement, moral des couvreurs l\u2019Observatoire de la r\u00e9novation en couverture en tuiles est une enqu\u00eate t\u00e9l\u00e9phonique aupr\u00e8s de pr\u00e8s de 800 couvreurs men\u00e9e deux fois par an depuis 2019 par la F\u00e9d\u00e9ration Fran\u00e7aise des Tuiles et Briques. Elle propose un panorama de\u2026","rel":"","context":"Dans &quot;Actualit\u00e9 Entreprises&quot;","img":{"alt_text":"","src":"https:\/\/i1.wp.com\/batimedianews.com\/live\/wp-content\/uploads\/2026\/01\/FFBT.jpg?fit=825%2C825&ssl=1&resize=350%2C200","width":350,"height":200},"classes":[]},{"id":9958,"url":"https:\/\/batimedianews.com\/live\/index.php\/2021\/05\/20\/4eme-observatoire-de-la-renovation-en-couverture-tuile-couvreurs-des-carnets-de-commandes-sous-tension\/","url_meta":{"origin":36923,"position":1},"title":"4\u00e8me Observatoire de la R\u00e9novation en Couverture Tuile COUVREURS : DES CARNETS DE COMMANDES SOUS TENSION","date":"20 mai 2021","format":false,"excerpt":"Affect\u00e9es par la crise sanitaire au pic de crise du 1er semestre 2020, les entreprises de couverture confirment en f\u00e9vrier 2021 la tendance continue \u00e0 la reprise qui s\u2019est amorc\u00e9e au troisi\u00e8me trimestre 2020. Si les carnets de commandes sont l\u00e0, les inqui\u00e9tudes portent d\u00e9sormais sur des tensions li\u00e9es au\u2026","rel":"","context":"Dans &quot;Actualit\u00e9 Entreprises&quot;","img":{"alt_text":"","src":"https:\/\/i0.wp.com\/batimedianews.com\/live\/wp-content\/uploads\/2021\/05\/FFTB-Article.jpg?fit=512%2C512&ssl=1&resize=350%2C200","width":350,"height":200},"classes":[]},{"id":26147,"url":"https:\/\/batimedianews.com\/live\/index.php\/2023\/02\/15\/terreal-lance-une-nouvelle-tuile-de-tradition-plate-origine-pour-une-renovation-authentique-des-toitures-ancestrales\/","url_meta":{"origin":36923,"position":2},"title":"TERREAL lance une nouvelle tuile de tradition \u00ab Plate Origine \u00bb pour une r\u00e9novation authentique des toitures ancestrales","date":"15 f\u00e9vrier 2023","format":false,"excerpt":"TERREAL, sp\u00e9cialiste des solutions innovantes en terre cuite pour l\u2019enveloppe du b\u00e2timent, enrichit sa gamme Vieilles Tuiles de Tradition avec le lancement de la tuile \u00ab Plate Origine \u00bb. Produite \u00e0 l\u2019usine des Mureaux dans les Yvelines \u00e0 partir d\u2019argiles g\u00e9o-sourc\u00e9es localement, cette nouvelle tuile a \u00e9t\u00e9 d\u00e9velopp\u00e9e pour r\u00e9pondre\u2026","rel":"","context":"Dans &quot;Actualit\u00e9 Entreprises&quot;","img":{"alt_text":"","src":"https:\/\/i2.wp.com\/batimedianews.com\/live\/wp-content\/uploads\/2023\/02\/Terreal-Article.jpg?fit=1080%2C1080&ssl=1&resize=350%2C200","width":350,"height":200},"classes":[]},{"id":33245,"url":"https:\/\/batimedianews.com\/live\/index.php\/2023\/11\/22\/renovation-dune-toiture-avec-les-tuiles-en-terre-cuite-derlus\/","url_meta":{"origin":36923,"position":3},"title":"R\u00e9novation d\u2019une toiture avec les tuiles en terre cuite d\u2019Erlus","date":"22 novembre 2023","format":false,"excerpt":"\u00a0Le choix de la durabilit\u00e9 et de l\u2019esth\u00e9tisme pour une maison individuelle pr\u00e8s de Lyon\u00a0 Neufahrn, novembre 2023 - Une r\u00e9novation de toiture remarquable a \u00e9t\u00e9 achev\u00e9e \u00e0 Charly (69) au sud de Lyon. L\u2019entreprise de couverture Antoniali P\u00e8re & Fils, reconnue pour son expertise dans la r\u00e9gion, a parfaitement\u2026","rel":"","context":"Dans &quot;Actualit\u00e9 Entreprises&quot;","img":{"alt_text":"","src":"https:\/\/i0.wp.com\/batimedianews.com\/live\/wp-content\/uploads\/2023\/11\/Erlus-Image-articles-.jpg?fit=825%2C825&ssl=1&resize=350%2C200","width":350,"height":200},"classes":[]},{"id":2604,"url":"https:\/\/batimedianews.com\/live\/index.php\/2019\/09\/04\/special-toiture-en-tuiles-canal-onduline-signe-onduclair-renov-pst\/","url_meta":{"origin":36923,"position":4},"title":"Sp\u00e9cial toiture en tuiles canal : Onduline signe Onduclair RENOV PST","date":"4 septembre 2019","format":false,"excerpt":"Solution technique destin\u00e9e aux toitures en plaques ondul\u00e9es de fibres- ciment et reconnue comme la plus fiable du march\u00e9, l\u2019offre de syst\u00e8mes de surtoiture Onduclair accueille pour 2019 une nouvelle r\u00e9f\u00e9rence. En effet, l\u2019expert Onduline innove encore avec Onduclair RENOV PST : une solution compl\u00e8te de surtoiture isolante pour toitures\u2026","rel":"","context":"Dans &quot;Actualit\u00e9 Entreprises&quot;","img":{"alt_text":"","src":"https:\/\/i0.wp.com\/batimedianews.com\/live\/wp-content\/uploads\/2019\/09\/onduline1image.jpg?fit=1068%2C1068&ssl=1&resize=350%2C200","width":350,"height":200},"classes":[]},{"id":48660,"url":"https:\/\/batimedianews.com\/live\/index.php\/2026\/01\/06\/renovation-de-la-salle-des-fetes-de-cuzieu-42-une-toiture-resistante-a-la-grele-pour-un-patrimoine-preserve-et-durable\/","url_meta":{"origin":36923,"position":5},"title":"R\u00e9novation de la salle des f\u00eates de Cuzieu (42) : une toiture r\u00e9sistante \u00e0 la gr\u00eale pour un patrimoine pr\u00e9serv\u00e9 et durable","date":"6 janvier 2026","format":false,"excerpt":"La salle des f\u00eates de Cuzieu (Loire) a b\u00e9n\u00e9fici\u00e9 d\u2019une r\u00e9novation compl\u00e8te de sa toiture. Ce chantier embl\u00e9matique illustre la volont\u00e9 de conjuguer pr\u00e9servation du patrimoine, protection contre les al\u00e9as climatiques et valorisation des savoir-faire traditionnels. La salle des f\u00eates est un b\u00e2timent symbolique pour la commune de Cuzieu. Ce\u2026","rel":"","context":"Dans &quot;Actualit\u00e9 Entreprises&quot;","img":{"alt_text":"","src":"https:\/\/i1.wp.com\/batimedianews.com\/live\/wp-content\/uploads\/2025\/12\/Erlus.jpg?fit=825%2C825&ssl=1&resize=350%2C200","width":350,"height":200},"classes":[]}],"_links":{"self":[{"href":"https:\/\/batimedianews.com\/live\/index.php\/wp-json\/wp\/v2\/posts\/36923"}],"collection":[{"href":"https:\/\/batimedianews.com\/live\/index.php\/wp-json\/wp\/v2\/posts"}],"about":[{"href":"https:\/\/batimedianews.com\/live\/index.php\/wp-json\/wp\/v2\/types\/post"}],"author":[{"embeddable":true,"href":"https:\/\/batimedianews.com\/live\/index.php\/wp-json\/wp\/v2\/users\/41"}],"replies":[{"embeddable":true,"href":"https:\/\/batimedianews.com\/live\/index.php\/wp-json\/wp\/v2\/comments?post=36923"}],"version-history":[{"count":2,"href":"https:\/\/batimedianews.com\/live\/index.php\/wp-json\/wp\/v2\/posts\/36923\/revisions"}],"predecessor-version":[{"id":37005,"href":"https:\/\/batimedianews.com\/live\/index.php\/wp-json\/wp\/v2\/posts\/36923\/revisions\/37005"}],"wp:featuredmedia":[{"embeddable":true,"href":"https:\/\/batimedianews.com\/live\/index.php\/wp-json\/wp\/v2\/media\/36927"}],"wp:attachment":[{"href":"https:\/\/batimedianews.com\/live\/index.php\/wp-json\/wp\/v2\/media?parent=36923"}],"wp:term":[{"taxonomy":"category","embeddable":true,"href":"https:\/\/batimedianews.com\/live\/index.php\/wp-json\/wp\/v2\/categories?post=36923"},{"taxonomy":"post_tag","embeddable":true,"href":"https:\/\/batimedianews.com\/live\/index.php\/wp-json\/wp\/v2\/tags?post=36923"}],"curies":[{"name":"wp","href":"https:\/\/api.w.org\/{rel}","templated":true}]}}