{"id":37103,"date":"2024-04-30T12:03:56","date_gmt":"2024-04-30T10:03:56","guid":{"rendered":"http:\/\/batimedianews.com\/live\/?p=37103"},"modified":"2024-04-30T12:03:58","modified_gmt":"2024-04-30T10:03:58","slug":"zehnder-carma-la-seule-solution-de-vmc-double-flux-fabriquee-en-france-pour-repondre-aux-exigences-du-passif-en-collectif-et-tertiaire-avec-double-certification-phi-et-eurovent","status":"publish","type":"post","link":"https:\/\/batimedianews.com\/live\/index.php\/2024\/04\/30\/zehnder-carma-la-seule-solution-de-vmc-double-flux-fabriquee-en-france-pour-repondre-aux-exigences-du-passif-en-collectif-et-tertiaire-avec-double-certification-phi-et-eurovent\/","title":{"rendered":"Zehnder Carma , la seule solution de VMC double flux fabriqu\u00e9e en France pour r\u00e9pondre aux exigences du Passif en collectif et tertiaire, avec double certification PHI et Eurovent"},"content":{"rendered":"\n<div class=\"wp-block-image\"><figure class=\"aligncenter size-large is-resized\"><img loading=\"lazy\" src=\"https:\/\/i2.wp.com\/batimedianews.com\/live\/wp-content\/uploads\/2024\/04\/image-93.png?resize=478%2C478\" alt=\"\" class=\"wp-image-37104\" width=\"478\" height=\"478\" srcset=\"https:\/\/i2.wp.com\/batimedianews.com\/live\/wp-content\/uploads\/2024\/04\/image-93.png?resize=1024%2C1024&amp;ssl=1 1024w, https:\/\/i2.wp.com\/batimedianews.com\/live\/wp-content\/uploads\/2024\/04\/image-93.png?resize=600%2C600&amp;ssl=1 600w, https:\/\/i2.wp.com\/batimedianews.com\/live\/wp-content\/uploads\/2024\/04\/image-93.png?resize=300%2C300&amp;ssl=1 300w, https:\/\/i2.wp.com\/batimedianews.com\/live\/wp-content\/uploads\/2024\/04\/image-93.png?resize=768%2C768&amp;ssl=1 768w, https:\/\/i2.wp.com\/batimedianews.com\/live\/wp-content\/uploads\/2024\/04\/image-93.png?resize=1536%2C1536&amp;ssl=1 1536w, https:\/\/i2.wp.com\/batimedianews.com\/live\/wp-content\/uploads\/2024\/04\/image-93.png?resize=2048%2C2048&amp;ssl=1 2048w, https:\/\/i2.wp.com\/batimedianews.com\/live\/wp-content\/uploads\/2024\/04\/image-93.png?resize=10%2C10&amp;ssl=1 10w, https:\/\/i2.wp.com\/batimedianews.com\/live\/wp-content\/uploads\/2024\/04\/image-93.png?resize=432%2C432&amp;ssl=1 432w, https:\/\/i2.wp.com\/batimedianews.com\/live\/wp-content\/uploads\/2024\/04\/image-93.png?resize=396%2C396&amp;ssl=1 396w, https:\/\/i2.wp.com\/batimedianews.com\/live\/wp-content\/uploads\/2024\/04\/image-93.png?resize=660%2C660&amp;ssl=1 660w, https:\/\/i2.wp.com\/batimedianews.com\/live\/wp-content\/uploads\/2024\/04\/image-93.png?w=700&amp;ssl=1 700w\" sizes=\"(max-width: 600px) 91vw, (max-width: 900px) 600px, (max-width: 1060px) 50vw, (max-width: 1200px) 520px, (max-width: 1400px) 43vw, 600px\" data-recalc-dims=\"1\" \/><\/figure><\/div>\n\n\n\n<p>\u00a0<strong>La ventilation et le traitement d\u2019air sont des postes cruciaux pour les projets en collectif comme en tertiaire pour optimiser au maximum les performances \u00e9nerg\u00e9tiques des b\u00e2timents. Zehnder propose Zehnder Carma, une nouvelle gamme de VMC double flux, pour accompagner architectes, bureaux d\u2019\u00e9tudes, ma\u00eetres d\u2019\u0153uvre, artisans et d\u00e9cideurs \u00e0 r\u00e9pondre aux r\u00e8gles de conception et standards du passif.<\/strong><\/p>\n\n\n\n<p><strong>Cette nouvelle gamme de centrales de traitement d\u2019air double flux est la seule gamme de VMC double flux fabriqu\u00e9e en France \u00e0 \u00eatre certifi\u00e9e PHI (Passiv Haus Institut) et Eurovent. Elle est n\u00e9e de la mutualisation de l\u2019expertise de Zehnder dans le domaine du b\u00e2timent exemplaire et du savoir-faire de Caladair, soci\u00e9t\u00e9 fran\u00e7aise membre du groupe depuis 2021. Elle r\u00e9pond aux faibles besoins \u00e9nerg\u00e9tiques et contribue \u00e0 une vraie qualit\u00e9 d\u2019air int\u00e9rieur dans les b\u00e2timents collectifs ou tertiaires (logements collectifs, bureaux, \u00e9coles, cabinet m\u00e9dicaux, EHPAD,&#8230;), passif ou Minergie, en neuf, comme en r\u00e9novation. Elle se distingue par une r\u00e9cup\u00e9ration de chaleur tr\u00e8s haute efficacit\u00e9 jusqu\u2019\u00e0 86%, d\u00e9passant largement les 75% exig\u00e9s par la norme Passive Haus.<\/strong><\/p>\n\n\n\n<p class=\"has-text-color has-medium-font-size\" style=\"color:#c42c2c\">&nbsp;Une large gamme pour r\u00e9pondre \u00e0 tous les besoins<\/p>\n\n\n\n<p>&nbsp;Les 7 mod\u00e8les de la gamme Zehnder Carma sont certifi\u00e9s EUROVENT jusqu\u2019\u00e0 8000m3\/h. Elle se distingue par sa certification PHI sur 6 de ces mod\u00e8les, de 430 m3\/h jusqu\u2019\u00e0 4000m3\/h sur le segment du march\u00e9 collectif et tertiaire.<\/p>\n\n\n\n<p>Zehnder Carma est propos\u00e9e en 5 versions d\u2019appareil avec diff\u00e9rentes options de confort climatiques configurables pour s\u2019adapter aux exigences sp\u00e9cifiques de chaque projet :&nbsp;<\/p>\n\n\n\n<ul><li>. SEASON : appareil de ventilation sans r\u00e9gulation ;&nbsp;<\/li><li>. FIRST : appareil de ventilation sans batterie int\u00e9gr\u00e9e ;&nbsp;<\/li><li>. SMART : appareil de ventilation avec pr\u00e9chauffeur \u00e9lectrique int\u00e9gr\u00e9 ;&nbsp;<\/li><li>. PREMIUM : appareil de ventilation avec pr\u00e9chauffeur \u00e9lectrique ou \u00e0 eau int\u00e9gr\u00e9 ;&nbsp;<\/li><li>. INFINITE : appareil de ventilation avec pr\u00e9chauffeur \u00e9lectrique int\u00e9gr\u00e9 et pr\u00e9chauffeur \u00e9lectrique ou \u00e0 eau int\u00e9gr\u00e9.<\/li><\/ul>\n\n\n\n<p class=\"has-text-color has-medium-font-size\" style=\"color:#c42c2c\">Des performances d\u2019exception<\/p>\n\n\n\n<p>La nouvelle gamme Zehnder Carma b\u00e9n\u00e9ficie de hautes performances gr\u00e2ce \u00e0 :&nbsp;<\/p>\n\n\n\n<ul><li>. un \u00e9changeur de chaleur statique \u00e0 contre-courant et \u00e0 plaques d\u2019aluminium qui conf\u00e8re \u00e0 toutes les centrales de la gamme un rendement \u00e9nerg\u00e9tique \u00e9lev\u00e9 sup\u00e9rieur \u00e0 90% (EN 308), conforme \u00e0 la RE2020 et \u00e0 la directive ErP 2009\/125\/EC. Le d\u00e9fi consistant \u00e0 obtenir le meilleur rendement possible avec la plus faible consommation \u00e9lectrique possible a donc \u00e9t\u00e9 relev\u00e9 (PHI : jusqu\u2019\u00e0 86% pour \u00ab Specific Fan Power \u00bb de 0.43W\/m3\/h) ;<\/li><li>. un by-pass modulant avec les fonctions Free Cooling et Night Cooling avec puissance de ventilation accrue et protection antigel ;<\/li><li>. des ventilateurs autor\u00e9gul\u00e9s, \u00e9quip\u00e9s de moteurs EC et d\u2019une protection contre la surchauffe garantissant un fonctionnement \u00e9conomique et s\u00fbr. (PHI : SFP : 0,43 W\/m3\/h) ;<\/li><li>. une \u00e9tanch\u00e9it\u00e9 maximale au niveau des filtres et du caisson (mesur\u00e9e et valid\u00e9e suivant protocoles Passivhaus et Eurovent) L1 et F9 selon EN1886 ;<\/li><li>. des filtres de haute qualit\u00e9 garantissant une qualit\u00e9 de l\u2019air optimale (possibilit\u00e9 de filtration EPM1 80% &#8211; F9) ;&nbsp;<\/li><li>. un fonctionnement silencieux gr\u00e2ce aux panneaux isol\u00e9s \u00e0 double paroi avec isolation thermique haute densit\u00e9 (laine min\u00e9rale de 50 mm).&nbsp;<\/li><\/ul>\n\n\n\n<p class=\"has-text-color has-medium-font-size\" style=\"color:#c42c2c\">Une installation, une configuration et une utilisation simples<\/p>\n\n\n\n<p>En int\u00e9rieur ou en ext\u00e9rieur, les centrales de traitement d\u2019air Zehnder Carma sont configur\u00e9es pour un montage \u00e0 la verticale, \u00e0 l\u2019horizontale et dans des faux-plafonds, selon les mod\u00e8les. Elles sont \u00e9quip\u00e9es en standard d\u2019une toiture de protection. L\u2019unit\u00e9 de r\u00e9gulation mont\u00e9e sur la centrale assure une mise en oeuvre, une configuration et une utilisation simples de celle-ci.&nbsp;<\/p>\n\n\n\n<p>L\u2019appareil de ventilation est pr\u00e9configur\u00e9 ce qui permet un montage \u00ab Plug &amp; Play \u00bb facilit\u00e9.&nbsp;<\/p>\n\n\n\n<p>Enfin, certaines interfaces sont install\u00e9es de s\u00e9rie en usine pour faciliter l\u2019int\u00e9gration des appareils dans le syst\u00e8me de gestion technique du b\u00e2timent (Modbus, BACnet et Web).&nbsp;<\/p>\n\n\n\n<p class=\"has-text-color has-medium-font-size\" style=\"color:#c42c2c\">Zehnder Everkit, 1<sup>\u00e8re <\/sup>solution double flux C4 certifi\u00e9e PHI<\/p>\n\n\n\n<p>Variante de la nouvelle gamme Zehnder Carma, Zehnder Everkit est la premi\u00e8re solution de ventilation double flux C4 certifi\u00e9e PHI fabriqu\u00e9e en France, r\u00e9pondant \u00e0 la r\u00e9glementation incendie dans les locaux d\u2019habitation et les ERP.&nbsp;<\/p>\n\n\n\n<p>Elle se compose d\u2019une centrale double flux haute performance Zehnder Carma, sans ventilateur de rejet, d\u2019un caisson d\u2019extraction homologu\u00e9 C4 (r\u00e9sistant \u00e0 des fum\u00e9es de 400\u00b0C pendant 30 minutes) en fonctionnement permanent et des modules de r\u00e9gulation qui assurent la Ventilation M\u00e9canique Contr\u00f4l\u00e9e et la fonction d\u00e9senfumage des b\u00e2timents r\u00e9sidentiels collectifs.<\/p>\n\n\n\n<p>D\u00e9clin\u00e9e en 3 tailles (1500, 3000 et 5000), cette gamme qui couvre des d\u00e9bits de 500 \u00e0 4200 m3\/h, se distingue par sa certification PHI compl\u00e8te (jusqu\u2019\u00e0 86%), sa validation et certification par Efectis et sa fabrication 100% fran\u00e7aise.<\/p>\n\n\n\n<p class=\"has-text-color has-medium-font-size\" style=\"color:#c42c2c\">Des services d\u00e9di\u00e9s&nbsp;<\/p>\n\n\n\n<p>Pour assurer l\u2019efficacit\u00e9 de la ventilation double flux centralis\u00e9e, celle-ci doit \u00eatre correctement mise en oeuvre. C\u2019est pourquoi, Zehnder accompagne ses gammes par des services d\u00e9di\u00e9s :&nbsp;<\/p>\n\n\n\n<ul><li>S\u00e9lection et aide au dimensionnement en collectif et tertiaire :&nbsp;<ul><li>\u2022 aide personnalis\u00e9e lors de l\u2019\u00e9tude,&nbsp;<\/li><li>\u2022 s\u00e9lection des appareils adapt\u00e9s,&nbsp;<\/li><li>\u2022 anticipation des implantations des \u00e9quipements de ventilation (collectif : r\u00e9seaux, bouches\u2026),&nbsp;<\/li><li>\u2022 \u00e9laboration de l\u2019offre.&nbsp;<\/li><\/ul><\/li><li>Un accompagnement pendant le projet :&nbsp;<ul><li>\u2022 \u00e9quilibrage complet de l\u2019installation en r\u00e9sidentiel,&nbsp;<\/li><li>\u2022 possibilit\u00e9 d\u2019accompagnement sur le chantier.<\/li><\/ul><\/li><\/ul>\n\n\n\n<p class=\"has-sm-light-primary-color has-text-color has-background\" style=\"background-color:#c42c2c\"><strong>\u00c0 propos de Zehnder&nbsp;<\/strong><\/p>\n\n\n\n<p class=\"has-small-font-size\">Zehnder commercialise en France des radiateurs, des syst\u00e8mes de plafonds rayonnants pour le chauffage et le rafra\u00eechissement des b\u00e2timents tertiaires et industriels, des solutions de ventilation double-flux pour les maisons basse consommation, ainsi que des syst\u00e8mes de purification d\u2019air pour l\u2019industrie.&nbsp;<\/p>\n\n\n\n<p class=\"has-small-font-size\">Zehnder appartient au groupe Zehnder (762 millions d\u2019euros de chiffre d\u2019affaires en 2023) qui d\u00e9veloppe, produit et vend des solutions d\u2019ambiance int\u00e9rieures saines, confortables et \u00e9conomes en \u00e9nergie, avec des offres compl\u00e8tes de chauffage, rafra\u00eechissement, ventilation et purification d\u2019air.&nbsp;<\/p>\n\n\n\n<p class=\"has-small-font-size\">Le groupe Zehnder est pr\u00e9sent sur le march\u00e9 fran\u00e7ais \u00e0 travers ses marques commerciales Acova et Zehnder.&nbsp;<\/p>\n","protected":false},"excerpt":{"rendered":"<p>\u00a0La ventilation et le traitement d\u2019air sont des postes cruciaux pour les projets en collectif comme en tertiaire pour optimiser au maximum les performances \u00e9nerg\u00e9tiques des b\u00e2timents. Zehnder propose Zehnder Carma, une nouvelle gamme de VMC double flux, pour accompagner architectes, bureaux d\u2019\u00e9tudes, ma\u00eetres d\u2019\u0153uvre, artisans et d\u00e9cideurs \u00e0 r\u00e9pondre aux r\u00e8gles de conception et [&hellip;]<\/p>\n","protected":false},"author":41,"featured_media":37105,"comment_status":"open","ping_status":"open","sticky":true,"template":"","format":"standard","meta":{"spay_email":""},"categories":[94,134],"tags":[1395,1398],"jetpack_featured_media_url":"https:\/\/i0.wp.com\/batimedianews.com\/live\/wp-content\/uploads\/2024\/04\/Zehnder.jpg?fit=1513%2C825&ssl=1","jetpack_sharing_enabled":true,"jetpack_likes_enabled":true,"jetpack-related-posts":[{"id":23140,"url":"https:\/\/batimedianews.com\/live\/index.php\/2022\/09\/16\/de-retour-a-interclima-zehnder-souvre-au-secteur-tertiaire-et-renforce-son-offre-pour-le-marche-du-residentiel\/","url_meta":{"origin":37103,"position":0},"title":"De retour \u00e0 INTERCLIMA, Zehnder s\u2019ouvre au secteur tertiaire et renforce son offre pour le march\u00e9 du r\u00e9sidentiel","date":"16 septembre 2022","format":false,"excerpt":"Pour son retour \u00e0 Interclima, Zehnder d\u00e9voile sa nouvelle offre de ventilation double flux d\u00e9centralis\u00e9e d\u00e9di\u00e9e au tertiaire, et plus particuli\u00e8rement celle pour les \u00e9coles, fruit de l\u2019acquisition de la soci\u00e9t\u00e9 fran\u00e7aise CALADAIR. Ce salon sera \u00e9galement l\u2019occasion pour le sp\u00e9cialiste du climat int\u00e9rieur sain, confortable et \u00e9conome en \u00e9nergie\u2026","rel":"","context":"Dans &quot;Actualit\u00e9 Entreprises&quot;","img":{"alt_text":"","src":"https:\/\/i0.wp.com\/batimedianews.com\/live\/wp-content\/uploads\/2022\/09\/Zehnder-Article.jpg?fit=1080%2C1080&ssl=1&resize=350%2C200","width":350,"height":200},"classes":[]},{"id":35682,"url":"https:\/\/batimedianews.com\/live\/index.php\/2024\/03\/01\/zehnder-comfokit-une-offre-de-vmc-double-flux-cle-en-main-pour-repondre-a-80-des-chantiers-en-residentiel\/","url_meta":{"origin":37103,"position":1},"title":"Zehnder ComfoKit , une offre de VMC double flux cl\u00e9 en main pour r\u00e9pondre \u00e0 80% des chantiers en r\u00e9sidentiel","date":"1 mars 2024","format":false,"excerpt":"\u00a0Pionnier et n\u00b01 en Europe de la ventilation double flux haute performance, Zehnder a acquis depuis 20 ans une expertise unique dans la conception, la fabrication et l\u2019entretien des syst\u00e8mes de ventilation. Pour r\u00e9pondre ais\u00e9ment \u00e0 80% des chantiers en r\u00e9sidentiel individuel, Zehnder propose deux nouvelles solutions cl\u00e9s en main\u2026","rel":"","context":"Dans &quot;Actualit\u00e9 Entreprises&quot;","img":{"alt_text":"","src":"https:\/\/i2.wp.com\/batimedianews.com\/live\/wp-content\/uploads\/2024\/02\/Zehnder.jpg?fit=825%2C825&ssl=1&resize=350%2C200","width":350,"height":200},"classes":[]},{"id":46370,"url":"https:\/\/batimedianews.com\/live\/index.php\/2025\/09\/04\/zehnder-comfoclime-q-un-systeme-100-air-combinant-ventilation-chauffage-et-rafraichissement-pour-un-confort-optimal-en-toute-saison\/","url_meta":{"origin":37103,"position":2},"title":"Zehnder ComfoClime Q, un syst\u00e8me 100% air combinant ventilation, chauffage et rafra\u00eechissement pour un confort optimal en toute saison","date":"4 septembre 2025","format":false,"excerpt":"Alors que les \u00e9pisodes de chaleur extr\u00eame se multiplient sous l\u2019effet du r\u00e9chauffement climatique, b\u00e9n\u00e9ficier d\u2019un confort thermique et d\u2019une qualit\u00e9 d\u2019air int\u00e9rieur tout au long de l\u2019ann\u00e9e devient un enjeu central dans la conception et la r\u00e9novation des b\u00e2timents performants. Le nouveau module de pompe \u00e0 chaleur air\/air r\u00e9versible\u2026","rel":"","context":"Dans &quot;Actualit\u00e9 Entreprises&quot;","img":{"alt_text":"","src":"https:\/\/i0.wp.com\/batimedianews.com\/live\/wp-content\/uploads\/2025\/09\/zehnder.jpg?fit=825%2C825&ssl=1&resize=350%2C200","width":350,"height":200},"classes":[]},{"id":8618,"url":"https:\/\/batimedianews.com\/live\/index.php\/2021\/03\/09\/rafraichissement-la-vmc-double-flux-zehnder-comfoair-q-une-solution-alternative-pour-limiter-la-surchauffe-des-batiments\/","url_meta":{"origin":37103,"position":3},"title":"Rafra\u00eechissement : la VMC double flux Zehnder ComfoAir Q, une solution alternative pour limiter la surchauffe des b\u00e2timents","date":"9 mars 2021","format":false,"excerpt":"Rafra\u00eechissement : la VMC double flux Zehnder ComfoAir Q, une solution alternative pour limiter la surchauffe des b\u00e2timents Aujourd\u2019hui, les saisons sont totalement perturb\u00e9es par le r\u00e9chauffement climatique. Chaque ann\u00e9e, les \u00e9t\u00e9s sont de plus en plus chauds et la chaleur se maintient pendant des p\u00e9riodes de plus en plus\u2026","rel":"","context":"Dans &quot;Actualit\u00e9 Entreprises&quot;","img":{"alt_text":"","src":"https:\/\/i2.wp.com\/batimedianews.com\/live\/wp-content\/uploads\/2021\/03\/zehnder2_image.png?fit=900%2C900&ssl=1&resize=350%2C200","width":350,"height":200},"classes":[]},{"id":30189,"url":"https:\/\/batimedianews.com\/live\/index.php\/2023\/07\/13\/zehnder-comfoair-flex-nouvelle-unite-de-ventilation-double-flux-plafonniere-pour-les-logements-aux-espaces-contraints\/","url_meta":{"origin":37103,"position":4},"title":"Zehnder ComfoAir Flex &#8211; Nouvelle unit\u00e9 de ventilation double flux plafonni\u00e8re pour les logements aux espaces contraints","date":"13 juillet 2023","format":false,"excerpt":"Zehnder commercialise sa nouvelle unit\u00e9 de ventilation double flux plafonni\u00e8re Zehnder ComfoAir Flex, pr\u00e9sent\u00e9e en avant-premi\u00e8re sur le salon Interclima 2022. Adapt\u00e9e aux logements individuels et collectifs, en neuf comme en r\u00e9novation, elle se distingue par sa facilit\u00e9 d\u2019int\u00e9gration et d\u2019installation, son niveau de performances certifi\u00e9es NF et PHI+ et\u2026","rel":"","context":"Dans &quot;Actualit\u00e9 Entreprises&quot;","img":{"alt_text":"","src":"https:\/\/i2.wp.com\/batimedianews.com\/live\/wp-content\/uploads\/2023\/07\/Zehnder-article.jpg?fit=1080%2C1080&ssl=1&resize=350%2C200","width":350,"height":200},"classes":[]},{"id":13554,"url":"https:\/\/batimedianews.com\/live\/index.php\/2021\/11\/03\/zehnder-breezenouveau-diffuseur-dair-invisible-pour-les-plafonds-climatiques-zehnder\/","url_meta":{"origin":37103,"position":5},"title":"Zehnder Breeze,nouveau diffuseur d\u2019air invisible pour les plafonds climatiques Zehnder","date":"3 novembre 2021","format":false,"excerpt":"En ayant recours \u00e0 des modes constructifs peu \u00e9missifs et \u00e0 des \u00e9quipements toujours plus performants prenant en compte le confort d\u2019\u00e9t\u00e9, la RE2020 bouleverse les habitudes du secteur du b\u00e2timent. Dans ce contexte, les architectes et ma\u00eetres d\u2019ouvrage restent extr\u00eamement sensibles \u00e0 l\u2019int\u00e9gration esth\u00e9tique des \u00e9quipements techniques. Pour r\u00e9pondre\u2026","rel":"","context":"Dans &quot;Actualit\u00e9 Entreprises&quot;","img":{"alt_text":"","src":"https:\/\/i0.wp.com\/batimedianews.com\/live\/wp-content\/uploads\/2021\/11\/zehnder-Article.jpg?fit=512%2C512&ssl=1&resize=350%2C200","width":350,"height":200},"classes":[]}],"_links":{"self":[{"href":"https:\/\/batimedianews.com\/live\/index.php\/wp-json\/wp\/v2\/posts\/37103"}],"collection":[{"href":"https:\/\/batimedianews.com\/live\/index.php\/wp-json\/wp\/v2\/posts"}],"about":[{"href":"https:\/\/batimedianews.com\/live\/index.php\/wp-json\/wp\/v2\/types\/post"}],"author":[{"embeddable":true,"href":"https:\/\/batimedianews.com\/live\/index.php\/wp-json\/wp\/v2\/users\/41"}],"replies":[{"embeddable":true,"href":"https:\/\/batimedianews.com\/live\/index.php\/wp-json\/wp\/v2\/comments?post=37103"}],"version-history":[{"count":2,"href":"https:\/\/batimedianews.com\/live\/index.php\/wp-json\/wp\/v2\/posts\/37103\/revisions"}],"predecessor-version":[{"id":37112,"href":"https:\/\/batimedianews.com\/live\/index.php\/wp-json\/wp\/v2\/posts\/37103\/revisions\/37112"}],"wp:featuredmedia":[{"embeddable":true,"href":"https:\/\/batimedianews.com\/live\/index.php\/wp-json\/wp\/v2\/media\/37105"}],"wp:attachment":[{"href":"https:\/\/batimedianews.com\/live\/index.php\/wp-json\/wp\/v2\/media?parent=37103"}],"wp:term":[{"taxonomy":"category","embeddable":true,"href":"https:\/\/batimedianews.com\/live\/index.php\/wp-json\/wp\/v2\/categories?post=37103"},{"taxonomy":"post_tag","embeddable":true,"href":"https:\/\/batimedianews.com\/live\/index.php\/wp-json\/wp\/v2\/tags?post=37103"}],"curies":[{"name":"wp","href":"https:\/\/api.w.org\/{rel}","templated":true}]}}