{"id":37515,"date":"2024-05-28T12:38:34","date_gmt":"2024-05-28T10:38:34","guid":{"rendered":"http:\/\/batimedianews.com\/live\/?p=37515"},"modified":"2024-05-28T12:38:37","modified_gmt":"2024-05-28T10:38:37","slug":"le-gaz-vert-une-energie-durable-qui-a-toute-sa-place-dans-le-batiment","status":"publish","type":"post","link":"https:\/\/batimedianews.com\/live\/index.php\/2024\/05\/28\/le-gaz-vert-une-energie-durable-qui-a-toute-sa-place-dans-le-batiment\/","title":{"rendered":"Le gaz vert, une \u00e9nergie durable qui a toute sa place dans le b\u00e2timent"},"content":{"rendered":"\n<p>Depuis la fin avril, le com\u00e9dien Jamel Debbouze est \u00e0 l\u2019affiche d\u2019une publicit\u00e9 humoristique visant \u00e0 sensibiliser le grand public sur le gaz vert. Port\u00e9e par Co\u00e9nove, France Gaz Renouvelables, GRDF et Professionnels du Gaz, la campagne publicitaire capitalise sur la popularit\u00e9 du com\u00e9dien, personnalit\u00e9 pr\u00e9f\u00e9r\u00e9e des Fran\u00e7ais, afin de rappeler l\u2019importance des gaz renouvelables pour contribuer \u00e0 la d\u00e9carbonation du pays.<\/p>\n\n\n\n<p><strong>Le gaz vert, une \u00e9nergie pl\u00e9biscit\u00e9e par les Fran\u00e7ais<\/strong><\/p>\n\n\n\n<p>Selon une \u00e9tude BVA r\u00e9alis\u00e9e en 2023 aupr\u00e8s d\u2019un \u00e9chantillon national repr\u00e9sentatif de Fran\u00e7ais \u00e2g\u00e9s de 18 ans ou plus (2 022 r\u00e9pondants), la notori\u00e9t\u00e9 du gaz vert progresse fortement. 80 % des personnes interrog\u00e9es t\u00e9moignaient avoir d\u00e9j\u00e0 entendu parler du gaz vert en 2023. 90% des particuliers qui connaissaient le gaz vert en avaient une bonne image.<\/p>\n\n\n\n<p>La connaissance du gaz vert restait toutefois tr\u00e8s partielle : seuls 21% des sond\u00e9s savaient exactement ce dont il s\u2019agissait et 25% ignoraient qu\u2019il s\u2019agit d\u2019une \u00e9nergie renouvelable. En revanche, 56% des sond\u00e9s avaient connaissance que cette \u00e9nergie \u00e9tait compatible avec leur \u00e9quipement actuel, une augmentation de 6 points par rapport \u00e0 2022.<\/p>\n\n\n\n<p>Avec cette campagne publicitaire, la fili\u00e8re se mobilise et s\u2019engage pour renforcer la notori\u00e9t\u00e9 du gaz vert aupr\u00e8s du grand public en faveur de la d\u00e9carbonation, notamment pour le secteur du b\u00e2timent.<\/p>\n\n\n\n<p><strong>Le gaz vert, une \u00e9nergie durable pour le b\u00e2timent<\/strong><\/p>\n\n\n\n<p>Pour Co\u00e9nove, le gaz, progressivement renouvelable, sera un vecteur indispensable \u00e0 la r\u00e9ussite de la transition \u00e9nerg\u00e9tique.<\/p>\n\n\n\n<p>Le potentiel de production de gaz verts est estim\u00e9 \u00e0 320 TWh \u00e0 2050, toutes technologies confondues (m\u00e9thanisation, pyrogaz\u00e9ification, gaz\u00e9ification hydrothermale, \u2026). La France a donc le potentiel de produire plus de biogaz que la consommation projet\u00e9e de gaz en 2050, estim\u00e9e \u00e0 240 TWh.<\/p>\n\n\n\n<p>Autre atout majeur du gaz vert, les infrastructures sont d\u2019ores et d\u00e9j\u00e0 en capacit\u00e9 de s\u2019adapter aux nouvelles productions de gaz renouvelables. En 10 ans, plus de 600 sites de production de biom\u00e9thane ont \u00e9t\u00e9 raccord\u00e9s aux infrastructures gaz gr\u00e2ce aux maillages des zones de desserte et aux techniques de rebours.<\/p>\n\n\n\n<p>Au-del\u00e0 de la campagne publicitaire, des actions sur le terrain sont men\u00e9es par les professionnels du gaz pour sensibiliser leurs clients \u00e0 cette \u00e9nergie nouvelle. La \u00ab mention gaz vert \u00bb, lanc\u00e9e en 2022, consiste \u00e0 mat\u00e9rialiser le soutien et l\u2019engagement des acteurs de la fili\u00e8re du b\u00e2timent dans la promotion du gaz vert aupr\u00e8s de leurs clients. Plus de 1000 installateurs se sont d\u2019ores et d\u00e9j\u00e0 engag\u00e9s dans la d\u00e9marche. Ils informent les clients sur le gaz vert, la compatibilit\u00e9 de leurs \u00e9quipements et y apposent une \u00e9tiquette \u00ab compatible gaz vert \u00bb. Un QR code dirige le client vers le site \u00ab choisirlegazvert.fr \u00bb, lui permettant de mieux comprendre ce qu\u2019est la m\u00e9thanisation et d\u00e9couvrir les sites de production de gaz verts proches de chez lui. Pr\u00e8s de 400 000 \u00e9tiquettes ont d\u2019ores et d\u00e9j\u00e0 \u00e9t\u00e9 command\u00e9es par les professionnels.<\/p>\n\n\n\n<p><strong>Pour Jean-Charles Colas Roy, Pr\u00e9sident de Co\u00e9nove <\/strong>: <em>\u00ab Nous sommes ravis de ce coup de projecteur sur le gaz vert, une \u00e9nergie locale, durable, qui a toute sa place dans le secteur du b\u00e2timent. Il est essentiel de permettre aux consommateurs de choisir l\u2019\u00e9nergie qu\u2019ils souhaitent consommer et cela doit passer par des actions de p\u00e9dagogie et de transparence. Le gaz vert, par son caract\u00e8re local, stockable et renouvelable est l\u2019\u00e9nergie embl\u00e9matique des territoires ruraux au service de la d\u00e9carbonation et de la s\u00e9curit\u00e9 d\u2019approvisionnement du pays. \u00bb<\/em><\/p>\n\n\n\n<p><strong><em>\u00c0 propos de Co\u00e9nove<\/em><\/strong><\/p>\n\n\n\n<p>Constitu\u00e9e en octobre 2014, l&rsquo;association Co\u00e9nove rassemble les acteurs majeurs de l&rsquo;efficacit\u00e9 \u00e9nerg\u00e9tique dans le b\u00e2timent &#8211; \u00e9nerg\u00e9ticiens, industriels et professionnels &#8211; tous convaincus de la pertinence d&rsquo;une approche bas\u00e9e sur la sobri\u00e9t\u00e9 et la compl\u00e9mentarit\u00e9 des \u00e9nergies ainsi que du r\u00f4le des gaz verts dans la strat\u00e9gie \u00e9nerg\u00e9tique de la France afin de pr\u00e9server la souverainet\u00e9 \u00e9nerg\u00e9tique du pays, la s\u00e9curit\u00e9 d\u2019approvisionnement et le pouvoir d\u2019achat des Fran\u00e7ais.<\/p>\n\n\n\n<p>L\u2019association se mobilise pour apporter des solutions innovantes et durables aux nombreux d\u00e9fis de la transition \u00e9nerg\u00e9tique tout en s&rsquo;inscrivant dans le sens de l&rsquo;int\u00e9r\u00eat g\u00e9n\u00e9ral.<\/p>\n","protected":false},"excerpt":{"rendered":"<p>Depuis la fin avril, le com\u00e9dien Jamel Debbouze est \u00e0 l\u2019affiche d\u2019une publicit\u00e9 humoristique visant \u00e0 sensibiliser le grand public sur le gaz vert. Port\u00e9e par Co\u00e9nove, France Gaz Renouvelables, GRDF et Professionnels du Gaz, la campagne publicitaire capitalise sur la popularit\u00e9 du com\u00e9dien, personnalit\u00e9 pr\u00e9f\u00e9r\u00e9e des Fran\u00e7ais, afin de rappeler l\u2019importance des gaz renouvelables [&hellip;]<\/p>\n","protected":false},"author":41,"featured_media":37516,"comment_status":"open","ping_status":"open","sticky":true,"template":"","format":"standard","meta":{"spay_email":""},"categories":[1364,56],"tags":[],"jetpack_featured_media_url":"https:\/\/i0.wp.com\/batimedianews.com\/live\/wp-content\/uploads\/2024\/05\/coenove.jpg?fit=1513%2C825&ssl=1","jetpack_sharing_enabled":true,"jetpack_likes_enabled":true,"jetpack-related-posts":[{"id":29684,"url":"https:\/\/batimedianews.com\/live\/index.php\/2023\/07\/03\/gaz-vert-dans-le-batiment-la-filiere-engagee-sur-tout-le-territoire\/","url_meta":{"origin":37515,"position":0},"title":"Gaz vert dans le b\u00e2timent, la fili\u00e8re engag\u00e9e sur tout le territoire !","date":"3 juillet 2023","format":false,"excerpt":"A l\u2019heure o\u00f9 les Pouvoirs Publics envisagent l\u2019\u00e9limination progressive des chaudi\u00e8res gaz, alors m\u00eame que le gaz se verdit et sera \u00e0 terme 100% renouvelable et produit en France, l\u2019app\u00e9tence de la fili\u00e8re pour la d\u00e9marche \u00ab mention Gaz Vert \u00bb se confirme, avec un d\u00e9ploiement qui se poursuit sur\u2026","rel":"","context":"Dans &quot;b\u00e2timent&quot;","img":{"alt_text":"","src":"https:\/\/i2.wp.com\/batimedianews.com\/live\/wp-content\/uploads\/2023\/07\/gazvert.jpg?fit=1200%2C1200&ssl=1&resize=350%2C200","width":350,"height":200},"classes":[]},{"id":33465,"url":"https:\/\/batimedianews.com\/live\/index.php\/2023\/12\/01\/elm-leblanc-sengage-pour-lavenir-avec-100-de-ses-chaudieres-compatibles-gaz-vert\/","url_meta":{"origin":37515,"position":1},"title":"elm.leblanc s\u2019engage pour l\u2019avenir avec 100 % de ses chaudi\u00e8res compatibles gaz vert","date":"1 d\u00e9cembre 2023","format":false,"excerpt":"En tant que fabricant historique de chaudi\u00e8res gaz, elm.leblanc recherche et d\u00e9veloppe des solutions pour atteindre les objectifs de la politique de transition \u00e9nerg\u00e9tique, notamment de neutralit\u00e9 carbone, d\u00e9finis au niveau national et europ\u00e9en. Engag\u00e9 pour un verdissement du gaz, elm.leblanc propose l\u2019ensemble de sa gamme compatible avec le biom\u00e9thane.\u2026","rel":"","context":"Dans &quot;Actualit\u00e9 Entreprises&quot;","img":{"alt_text":"","src":"https:\/\/i0.wp.com\/batimedianews.com\/live\/wp-content\/uploads\/2023\/11\/elm-leblancImage-articles-.jpg?fit=825%2C825&ssl=1&resize=350%2C200","width":350,"height":200},"classes":[]},{"id":25521,"url":"https:\/\/batimedianews.com\/live\/index.php\/2023\/01\/31\/nouveau-partenariat-entre-lumgccp-et-grdf-equipements-gaz-et-gaz-verts-le-duo-gagnant-pour-decarboner-le-secteur-du-logement\/","url_meta":{"origin":37515,"position":2},"title":"Nouveau partenariat entre l\u2019UMGCCP et GRDF : \u00e9quipements gaz et gaz verts, le duo gagnant pour d\u00e9carboner le secteur du logement","date":"31 janvier 2023","format":false,"excerpt":"Pascal Housset, pr\u00e9sident de l\u2019union des m\u00e9tiers du g\u00e9nie climatique, de la couverture et de la plomberie (UMGCCP) et Laurence Poirier-Dietz, directrice g\u00e9n\u00e9rale de GRDF, renouvellent leur engagement visant \u00e0 promouvoir l\u2019usage du gaz et des gaz verts dans les logements, en construction neuve comme en r\u00e9novation. L\u2019UMGCCP, Union M\u00e9tiers\u2026","rel":"","context":"Dans &quot;Actualit\u00e9 Entreprises&quot;","img":{"alt_text":"","src":"https:\/\/i0.wp.com\/batimedianews.com\/live\/wp-content\/uploads\/2023\/01\/GRDF-Article.jpg?fit=1080%2C1080&ssl=1&resize=350%2C200","width":350,"height":200},"classes":[]},{"id":27430,"url":"https:\/\/batimedianews.com\/live\/index.php\/2023\/04\/04\/le-gaz-une-atout-majeur-pour-decarboner-leconomie-francaise\/","url_meta":{"origin":37515,"position":3},"title":"Le gaz, une atout majeur pour d\u00e9carboner l&rsquo;\u00e9conomie fran\u00e7aise","date":"4 avril 2023","format":false,"excerpt":"D'ici \u00e0 2030, d\u00e9carboner efficacement passe par plus de gaz et de gaz verts en usage direct aux c\u00f4t\u00e9s des autres \u00e9nergies renouvelables. C'est autour de cette th\u00e9matique que Laurence Poirier-Dietz, directrice g\u00e9n\u00e9rale de GRDF, a tenu sa conf\u00e9rence de presse annuelle. Une analyse, reposant sur des solutions concr\u00e8tes par\u2026","rel":"","context":"Dans &quot;Actualit\u00e9 Entreprises&quot;","img":{"alt_text":"","src":"https:\/\/i0.wp.com\/batimedianews.com\/live\/wp-content\/uploads\/2023\/03\/GRDF-Article.jpg?fit=1080%2C1080&ssl=1&resize=350%2C200","width":350,"height":200},"classes":[]},{"id":27099,"url":"https:\/\/batimedianews.com\/live\/index.php\/2023\/03\/20\/interdire-les-chaudieres-au-gaz-dans-les-logements\/","url_meta":{"origin":37515,"position":4},"title":"Interdire les chaudi\u00e8res au gaz dans les logements","date":"20 mars 2023","format":false,"excerpt":"\u00a0La fausse bonne id\u00e9e pour l\u2019avenir \u00e9nerg\u00e9tique de la France\u00a0 Alors que le Gouvernement envisage d\u2019interdire les chaudi\u00e8res au gaz individuelles \u00e0 tr\u00e8s court terme, la FNCCR rappelle que, si notre ind\u00e9pendance au gaz fossile demeure un enjeu strat\u00e9gique, les gaz renouvelables constituent une cl\u00e9 de la d\u00e9carbonation et de\u2026","rel":"","context":"Dans &quot;Actualit\u00e9 Entreprises&quot;","img":{"alt_text":"","src":"https:\/\/i2.wp.com\/batimedianews.com\/live\/wp-content\/uploads\/2023\/03\/FNCCR-Article.jpg?fit=1080%2C1080&ssl=1&resize=350%2C200","width":350,"height":200},"classes":[]},{"id":38931,"url":"https:\/\/batimedianews.com\/live\/index.php\/2024\/07\/15\/premiere-en-france-chaufferie-hybride-gaz-en-logements-collectifs\/","url_meta":{"origin":37515,"position":5},"title":"Premi\u00e8re en France : chaufferie hybride gaz en logements collectifs","date":"15 juillet 2024","format":false,"excerpt":"\u00a0Le 18 juin \u00e0 Miramas (Bouches-du-Rh\u00f4ne), Cogedim a inaugur\u00e9 la r\u00e9sidence de 88 logements collectifs \u00e9quip\u00e9e d\u2019une chaufferie hybride. Cette solution innovante, mise en \u0153uvre pour la premi\u00e8re fois dans le logement collectif neuf, associe deux pompes \u00e0 chaleur \u00e9lectriques (PAC) et deux chaudi\u00e8res gaz \u00e0 tr\u00e8s haute performance \u00e9nerg\u00e9tique\u2026","rel":"","context":"Dans &quot;Actualit\u00e9 Entreprises&quot;","img":{"alt_text":"","src":"https:\/\/i2.wp.com\/batimedianews.com\/live\/wp-content\/uploads\/2024\/07\/GRDF-articles-.jpg?fit=825%2C825&ssl=1&resize=350%2C200","width":350,"height":200},"classes":[]}],"_links":{"self":[{"href":"https:\/\/batimedianews.com\/live\/index.php\/wp-json\/wp\/v2\/posts\/37515"}],"collection":[{"href":"https:\/\/batimedianews.com\/live\/index.php\/wp-json\/wp\/v2\/posts"}],"about":[{"href":"https:\/\/batimedianews.com\/live\/index.php\/wp-json\/wp\/v2\/types\/post"}],"author":[{"embeddable":true,"href":"https:\/\/batimedianews.com\/live\/index.php\/wp-json\/wp\/v2\/users\/41"}],"replies":[{"embeddable":true,"href":"https:\/\/batimedianews.com\/live\/index.php\/wp-json\/wp\/v2\/comments?post=37515"}],"version-history":[{"count":1,"href":"https:\/\/batimedianews.com\/live\/index.php\/wp-json\/wp\/v2\/posts\/37515\/revisions"}],"predecessor-version":[{"id":37517,"href":"https:\/\/batimedianews.com\/live\/index.php\/wp-json\/wp\/v2\/posts\/37515\/revisions\/37517"}],"wp:featuredmedia":[{"embeddable":true,"href":"https:\/\/batimedianews.com\/live\/index.php\/wp-json\/wp\/v2\/media\/37516"}],"wp:attachment":[{"href":"https:\/\/batimedianews.com\/live\/index.php\/wp-json\/wp\/v2\/media?parent=37515"}],"wp:term":[{"taxonomy":"category","embeddable":true,"href":"https:\/\/batimedianews.com\/live\/index.php\/wp-json\/wp\/v2\/categories?post=37515"},{"taxonomy":"post_tag","embeddable":true,"href":"https:\/\/batimedianews.com\/live\/index.php\/wp-json\/wp\/v2\/tags?post=37515"}],"curies":[{"name":"wp","href":"https:\/\/api.w.org\/{rel}","templated":true}]}}