{"id":37833,"date":"2024-06-03T09:28:20","date_gmt":"2024-06-03T07:28:20","guid":{"rendered":"http:\/\/batimedianews.com\/live\/?p=37833"},"modified":"2024-06-04T13:54:45","modified_gmt":"2024-06-04T11:54:45","slug":"interclima-2024-tous-les-chemins-menent-au-succes","status":"publish","type":"post","link":"https:\/\/batimedianews.com\/live\/index.php\/2024\/06\/03\/interclima-2024-tous-les-chemins-menent-au-succes\/","title":{"rendered":"INTERCLIMA 2024 : Tous les chemins m\u00e8nent au succ\u00e8s !"},"content":{"rendered":"\n<p>&nbsp;<strong>Rendez-vous majeur des acteurs du g\u00e9nie climatique, INTERCLIMA 2024 (du 30 septembre au 3 octobre \u00e0 Paris-Porte de Versailles) s\u2019inscrit dans une dynamique d\u2019actions tourn\u00e9e vers la recherche de solutions.&nbsp;<\/strong><\/p>\n\n\n\n<p><strong>Pour cette \u00e9dition, RX et Uniclima d\u00e9ploient \u00e0 nouveau des mesures exceptionnelles pour faciliter la participation \u00e0 quelques 3500 visiteurs, venant de toute la France, \u00e0 cet \u00e9v\u00e9nement de la fili\u00e8re professionnelle.&nbsp;<\/strong><\/p>\n\n\n\n<p class=\"has-text-color\" style=\"color:#7200a3\">&nbsp;<strong>INTERCLIMA 2024 : le rendez-vous d\u2019une fili\u00e8re innovante&nbsp;<\/strong><\/p>\n\n\n\n<p>&nbsp;<strong>L\u2019\u00e9dition 2024 d\u2019INTERCLIMA <\/strong>sera <strong>marqu\u00e9e par une forte mobilisation de toute la fili\u00e8re professionnelle. <\/strong>Installateurs et concepteurs sont impliqu\u00e9s dans les d\u00e9fis de la d\u00e9carbonation et de la transition \u00e9nerg\u00e9tique autour de 4 grandes th\u00e9matiques officielles des salons : Adaptation, innovation, territoires, hommes &amp; femmes du b\u00e2timent.&nbsp;<\/p>\n\n\n\n<p><strong>C\u00f4t\u00e9 exposants, <\/strong>ce sont plus de 250 exposants \u00e0 ce jour qui seront pr\u00e9sents sur le salon, pouss\u00e9s par l\u2019ambition d\u2019informer les visiteurs et de porter leur attention sur les derni\u00e8res innovations et exigences r\u00e9glementaires.&nbsp;<\/p>\n\n\n\n<p class=\"has-text-color\" style=\"color:#7200a3\">&nbsp;<strong>INTERCLIMA 2024 : une campagne de pr\u00e9-enregistrement en amont du salon&nbsp;<\/strong><\/p>\n\n\n\n<div class=\"wp-block-media-text alignwide has-media-on-the-right is-stacked-on-mobile\" style=\"grid-template-columns:auto 35%\"><figure class=\"wp-block-media-text__media\"><img loading=\"lazy\" width=\"524\" height=\"352\" src=\"https:\/\/i0.wp.com\/batimedianews.com\/live\/wp-content\/uploads\/2024\/05\/image-157.png?resize=524%2C352\" alt=\"\" class=\"wp-image-37835 size-full\" srcset=\"https:\/\/i0.wp.com\/batimedianews.com\/live\/wp-content\/uploads\/2024\/05\/image-157.png?w=524&amp;ssl=1 524w, https:\/\/i0.wp.com\/batimedianews.com\/live\/wp-content\/uploads\/2024\/05\/image-157.png?resize=768%2C515&amp;ssl=1 768w, https:\/\/i0.wp.com\/batimedianews.com\/live\/wp-content\/uploads\/2024\/05\/image-157.png?resize=432%2C290&amp;ssl=1 432w, https:\/\/i0.wp.com\/batimedianews.com\/live\/wp-content\/uploads\/2024\/05\/image-157.png?resize=396%2C266&amp;ssl=1 396w\" sizes=\"(max-width: 600px) 91vw, (max-width: 900px) 600px, (max-width: 1060px) 50vw, (max-width: 1200px) 520px, (max-width: 1400px) 43vw, 600px\" data-recalc-dims=\"1\" \/><\/figure><div class=\"wp-block-media-text__content\">\n<p>&nbsp;La billetterie est ouverte depuis le 15 mai et permet aux futurs visiteurs de g\u00e9n\u00e9rer leur badge d\u2019entr\u00e9e \u00e0 Interclima. Pour atteindre l\u2019objectif que s\u2019est fix\u00e9 INTERCLIMA 2024 d\u2019accueillir les 43 000 visiteurs attendus, Uniclima lance deux campagnes exceptionnelles de pr\u00e9-enregistrement des visiteurs, l\u2019une en juin, l\u2019autre en septembre.&nbsp;<\/p>\n\n\n\n<p>L\u2019espace exposant permet pour sa part aux industriels de pr\u00e9parer leurs propres campagnes d\u2019invitation. En 2022, ce sont plus de 21 000 visiteurs qui s\u2019\u00e9taient pr\u00e9-enregistr\u00e9s avec leur badge Interclima.&nbsp;<\/p>\n\n\n\n<p>L\u2019ambition est d\u2019atteindre les 23 000 visiteurs pr\u00e9-enregistr\u00e9s en 2024.&nbsp;<\/p>\n<\/div><\/div>\n\n\n\n<p class=\"has-text-color\" style=\"color:#7200a3\">&nbsp;<strong>Mise \u00e0 disposition de cars, de trains et organisation du covoiturage&nbsp;<\/strong><\/p>\n\n\n\n<p>&nbsp;Pour proposer une aide \u00e0 la venue de plus de 3 500 visiteurs, Uniclima et RX France mettent \u00e0 nouveau en place un dispositif exceptionnel s\u2019appuyant sur des exposants et des partenaires du salon, notamment sur le r\u00e9seau des distributeurs sp\u00e9cialis\u00e9s en g\u00e9nie climatique partout en France.&nbsp;<\/p>\n\n\n\n<p>Il comprend une aide au financement pour plus de 1000 billets de train aller-retour et des autocars, mis gratuitement \u00e0 disposition des partenaires dans un rayon de 150 km autour du Parc des expositions de la&nbsp;<\/p>\n\n\n\n<p>Porte de Versailles. Pour l\u2019\u00e9dition 2024, les contraintes inh\u00e9rentes \u00e0 ce type de d\u00e9marche ont \u00e9t\u00e9 all\u00e9g\u00e9es au maximum.&nbsp;<\/p>\n\n\n\n<p>Par ailleurs, un dispositif in\u00e9dit de <strong>co-voiturage <\/strong>est mis en place par RX France, via la plateforme <a href=\"https:\/\/covoiturage.mondialdubatiment.com\/\">https:\/\/covoiturage.mondialdubatiment.com\/<\/a> o\u00f9 les visiteurs pourront proposer des trajets ou r\u00e9server un covoiturage pour se rendre au Mondial du B\u00e2timent le jour de leur choix. Il s\u2019agit \u00e0 la fois d\u2019un service et d\u2019un moyen de r\u00e9duire l\u2019empreinte carbone des visiteurs.&nbsp;<\/p>\n\n\n\n<p class=\"has-text-color\" style=\"color:#7200a3\"><strong>Un accompagnement sp\u00e9cifique pour les jeunes, avenir de la fili\u00e8re !&nbsp;<\/strong><\/p>\n\n\n\n<p>En partenariat avec l\u2019Association des ing\u00e9nieurs et techniciens en climatique, ventilation et froid (AICVF), les jeunes des lyc\u00e9es professionnels et \u00e9coles d\u2019ing\u00e9nieurs pourront b\u00e9n\u00e9ficier de plus de 200 places dans les moyens de transport.&nbsp;<\/p>\n\n\n\n<p>Une formidable occasion pour ces jeunes de se familiariser avec les m\u00e9tiers du g\u00e9nie climatique et de la ventilation. Cela leur permettra de rencontrer les professionnels cherchant \u00e0 recruter et de se constituer un r\u00e9seau dans la profession.&nbsp;<\/p>\n\n\n\n<p>Ce sera \u00e9galement l\u2019opportunit\u00e9 pour eux de participer aux <strong>ateliers <\/strong>propos\u00e9s sur l\u2019espace <strong>Interclima Job Connect<\/strong>, <strong>reliant le monde du g\u00e9nie climatique aux jeunes et \u00e0 la formation.&nbsp;<\/strong><\/p>\n\n\n\n<p class=\"has-small-font-size\"><strong>A propos du salon INTERCLIMA :&nbsp;<\/strong><\/p>\n\n\n\n<div class=\"wp-block-group\"><div class=\"wp-block-group__inner-container\">\n<p class=\"has-small-font-size\"><strong>INTERCLIMA est le salon sp\u00e9cialis\u00e9 des \u00e9quipements techniques pour r\u00e9aliser des b\u00e2timents plus \u00e9conomes et confortables<\/strong>. Les concepteurs et les installateurs de la fili\u00e8re y trouvent les solutions en mati\u00e8re d\u2019efficacit\u00e9 \u00e9nerg\u00e9tique, d\u2019utilisation des \u00e9nergies renouvelables, de confort et de solutions connect\u00e9es pour tous les b\u00e2timents.&nbsp;<\/p>\n\n\n\n<p class=\"has-small-font-size\">Il r\u00e9unit les grands secteurs : chauffage, eau chaude sanitaire, climatisation, froid, ventilation, qualit\u00e9 de l\u2019air, pompes, robinetterie, traitement de l\u2019eau, solutions techniques\u2026&nbsp;<\/p>\n<\/div><\/div>\n\n\n\n<p class=\"has-small-font-size\"><strong>\u00c0 propos de RX&nbsp;<\/strong><\/p>\n\n\n\n<p class=\"has-small-font-size\">RX est un leader mondial d&rsquo;\u00e9v\u00e9nements et de salons. RX s&rsquo;appuie sur son expertise sectorielle, les donn\u00e9es et la technologie pour le d\u00e9veloppement des entreprises, des collectivit\u00e9s et des individus. Pr\u00e9sent dans 25 pays et sur 42 secteurs d\u2019activit\u00e9, RX organise pr\u00e8s de 350 \u00e9v\u00e9nements par an. RX s&rsquo;engage \u00e0 cr\u00e9er un environnement de travail inclusif pour tous ses collaborateurs et collaboratrices. RX permet aux entreprises de se d\u00e9velopper gr\u00e2ce \u00e0 la donn\u00e9e et aux solutions num\u00e9riques. RX fait partie de RELX, un fournisseur mondial de donn\u00e9es, d&rsquo;outils d&rsquo;analyses et de d\u00e9cisions pour les professionnels et les entreprises.&nbsp;<\/p>\n","protected":false},"excerpt":{"rendered":"<p>&nbsp;Rendez-vous majeur des acteurs du g\u00e9nie climatique, INTERCLIMA 2024 (du 30 septembre au 3 octobre \u00e0 Paris-Porte de Versailles) s\u2019inscrit dans une dynamique d\u2019actions tourn\u00e9e vers la recherche de solutions.&nbsp; Pour cette \u00e9dition, RX et Uniclima d\u00e9ploient \u00e0 nouveau des mesures exceptionnelles pour faciliter la participation \u00e0 quelques 3500 visiteurs, venant de toute la France, [&hellip;]<\/p>\n","protected":false},"author":41,"featured_media":37836,"comment_status":"open","ping_status":"open","sticky":false,"template":"","format":"standard","meta":{"spay_email":""},"categories":[5,866,143,128,895],"tags":[],"jetpack_featured_media_url":"https:\/\/i2.wp.com\/batimedianews.com\/live\/wp-content\/uploads\/2024\/05\/Interclima.jpg?fit=1513%2C825&ssl=1","jetpack_sharing_enabled":true,"jetpack_likes_enabled":true,"jetpack-related-posts":[{"id":40730,"url":"https:\/\/batimedianews.com\/live\/index.php\/2024\/10\/15\/mondial-du-batiment-2024-une-mobilisation-sans-precedent-de-la-filiere\/","url_meta":{"origin":37833,"position":0},"title":"MONDIAL DU B\u00c2TIMENT 2024 : Une mobilisation sans pr\u00e9c\u00e9dent de la fili\u00e8re","date":"15 octobre 2024","format":false,"excerpt":"\u00a0Du 30 septembre au 3 octobre dernier, les professionnels du b\u00e2timent et de la construction se sont mobilis\u00e9s \u00e0 l\u2019occasion de l\u2019\u00e9dition 2024 du Mondial du B\u00e2timent organis\u00e9e \u00e0 Paris Expo Porte de Versailles. Pendant 4 jours, les salons BATIMAT, ID\u00c9OBAIN, INTERCLIMA et EQUIPBAIE\/METALEXPO, ont accueilli plus de 135 000\u2026","rel":"","context":"Dans &quot;Actualit\u00e9s salons&quot;","img":{"alt_text":"","src":"https:\/\/i0.wp.com\/batimedianews.com\/live\/wp-content\/uploads\/2024\/10\/MduB.jpg?fit=825%2C825&ssl=1&resize=350%2C200","width":350,"height":200},"classes":[]},{"id":39551,"url":"https:\/\/batimedianews.com\/live\/index.php\/2024\/09\/11\/interclima-2024-met-laccent-sur-le-tertiaire\/","url_meta":{"origin":37833,"position":1},"title":"INTERCLIMA 2024 met l\u2019accent sur le tertiaire","date":"11 septembre 2024","format":false,"excerpt":"INTERCLIMA 2024 organis\u00e9 par RX et Uniclima et qui se tiendra du 30 septembre au 3 octobre \u00e0 Paris-Porte de Versailles est un rendez-vous attendu pour tous les acteurs du g\u00e9nie climatique. Au travers de conf\u00e9rences et d\u2019ateliers, les visiteurs pourront d\u00e9couvrir les derni\u00e8res technologies en mati\u00e8re d\u2019efficacit\u00e9 \u00e9nerg\u00e9tique et\u2026","rel":"","context":"Dans &quot;Actualit\u00e9s salons&quot;","img":{"alt_text":"","src":"https:\/\/i0.wp.com\/batimedianews.com\/live\/wp-content\/uploads\/2024\/09\/Interclima.jpg?fit=825%2C825&ssl=1&resize=350%2C200","width":350,"height":200},"classes":[]},{"id":34187,"url":"https:\/\/batimedianews.com\/live\/index.php\/2024\/01\/10\/mondial-du-batiment-2024-une-edition-enrichie-concue-pour-apprehender-les-mutations-en-cours\/","url_meta":{"origin":37833,"position":2},"title":"Mondial Du B\u00e2timent 2024 &#8211; Une \u00e9dition enrichie con\u00e7ue pour appr\u00e9hender les mutations en cours","date":"10 janvier 2024","format":false,"excerpt":"Apr\u00e8s une \u00e9dition 2022 r\u00e9invent\u00e9e et pleinement r\u00e9ussie, rassemblant plus de 110 000 visiteurs et 1 720 exposants, le Mondial du B\u00e2timent et les trois salons BATIMAT, INTERCLIMA et ID\u00c9OBAIN, reviennent du 30 septembre au 3 octobre 2024 \u00e0 Paris Expo Porte de Versailles. \u00c9v\u00e8nement de convergence de toutes les\u2026","rel":"","context":"Dans &quot;Actualit\u00e9s salons&quot;","img":{"alt_text":"","src":"https:\/\/i1.wp.com\/batimedianews.com\/live\/wp-content\/uploads\/2024\/01\/Le-Mondial-du-batiment.jpg?fit=825%2C825&ssl=1&resize=350%2C200","width":350,"height":200},"classes":[]},{"id":23198,"url":"https:\/\/batimedianews.com\/live\/index.php\/2022\/09\/16\/trains-et-bus-pour-interclima-2022-en-route-vers-le-succes\/","url_meta":{"origin":37833,"position":3},"title":"Trains et bus pour INTERCLIMA 2022 : en route vers le succ\u00e8s !","date":"16 septembre 2022","format":false,"excerpt":"Rendez-vous f\u00e9d\u00e9rateur des acteurs du g\u00e9nie climatique, INTERCLIMA 2022 (du 3 au 6 octobre \u00e0 Paris-Porte de Versailles) confirme son dynamisme et son attractivit\u00e9.\u00a0 Pour l\u2019\u00e9dition 2022, RX et Uniclima mettent \u00e0 nouveau des moyens exceptionnels pour contribuer au faire-venir d\u2019environ 3 000 visiteurs en provenance de toute la France.\u00a0\u2026","rel":"","context":"Dans &quot;Fil d'actu Interclima 2022&quot;","img":{"alt_text":"","src":"https:\/\/i0.wp.com\/batimedianews.com\/live\/wp-content\/uploads\/2022\/09\/Interclima-Article-1.jpg?fit=1080%2C1080&ssl=1&resize=350%2C200","width":350,"height":200},"classes":[]},{"id":22626,"url":"https:\/\/batimedianews.com\/live\/index.php\/2022\/09\/03\/interclima-2022-qualite-dair-interieur-les-industriels-de-la-ventilation-sont-la\/","url_meta":{"origin":37833,"position":4},"title":"INTERCLIMA 2022 &#8211; qualit\u00e9 d&rsquo;air int\u00e9rieur : les industriels de la ventilation sont l\u00e0","date":"3 septembre 2022","format":false,"excerpt":"Apr\u00e8s deux ans de pand\u00e9mie et la m\u00e9diatisation croissante de la pollution atmosph\u00e9rique, la sensibilisation des populations \u00e0 la qualit\u00e9 de l\u2019air int\u00e9rieur et \u00e0 son renouvellement dans les b\u00e2timents s\u2019est accrue. Enjeu de sant\u00e9 publique partout dans le monde, elle fait aujourd\u2019hui l\u2019objet d\u2019une nouvelle prise de conscience. Penser\u2026","rel":"","context":"Dans &quot;Actualit\u00e9s salons&quot;","img":{"alt_text":"","src":"","width":0,"height":0},"classes":[]},{"id":40961,"url":"https:\/\/batimedianews.com\/live\/index.php\/2024\/10\/30\/le-mondial-du-batiment-simpose-comme-le-rendez-vous-incontournable-des-professionnels-de-la-filiere\/","url_meta":{"origin":37833,"position":5},"title":"Le Mondial Du B\u00e2timent s\u2019impose comme le rendez-vous incontournable des professionnels de la fili\u00e8re","date":"30 octobre 2024","format":false,"excerpt":"Si le succ\u00e8s du Mondial du B\u00e2timent 2024 se concr\u00e9tise par une progression de 15% du nombre de ses visiteurs, pour atteindre 135 944 participants, force est de constater que l\u2019\u00e9v\u00e8nement a su une nouvelle fois attirer l\u2019ensemble des acteurs de la fili\u00e8re : mise en \u0153uvre, fabricants, distributeurs, ma\u00eetrise\u2026","rel":"","context":"Dans &quot;Actualit\u00e9s salons&quot;","img":{"alt_text":"","src":"https:\/\/i0.wp.com\/batimedianews.com\/live\/wp-content\/uploads\/2024\/10\/MduB-1.jpg?fit=825%2C825&ssl=1&resize=350%2C200","width":350,"height":200},"classes":[]}],"_links":{"self":[{"href":"https:\/\/batimedianews.com\/live\/index.php\/wp-json\/wp\/v2\/posts\/37833"}],"collection":[{"href":"https:\/\/batimedianews.com\/live\/index.php\/wp-json\/wp\/v2\/posts"}],"about":[{"href":"https:\/\/batimedianews.com\/live\/index.php\/wp-json\/wp\/v2\/types\/post"}],"author":[{"embeddable":true,"href":"https:\/\/batimedianews.com\/live\/index.php\/wp-json\/wp\/v2\/users\/41"}],"replies":[{"embeddable":true,"href":"https:\/\/batimedianews.com\/live\/index.php\/wp-json\/wp\/v2\/comments?post=37833"}],"version-history":[{"count":2,"href":"https:\/\/batimedianews.com\/live\/index.php\/wp-json\/wp\/v2\/posts\/37833\/revisions"}],"predecessor-version":[{"id":37854,"href":"https:\/\/batimedianews.com\/live\/index.php\/wp-json\/wp\/v2\/posts\/37833\/revisions\/37854"}],"wp:featuredmedia":[{"embeddable":true,"href":"https:\/\/batimedianews.com\/live\/index.php\/wp-json\/wp\/v2\/media\/37836"}],"wp:attachment":[{"href":"https:\/\/batimedianews.com\/live\/index.php\/wp-json\/wp\/v2\/media?parent=37833"}],"wp:term":[{"taxonomy":"category","embeddable":true,"href":"https:\/\/batimedianews.com\/live\/index.php\/wp-json\/wp\/v2\/categories?post=37833"},{"taxonomy":"post_tag","embeddable":true,"href":"https:\/\/batimedianews.com\/live\/index.php\/wp-json\/wp\/v2\/tags?post=37833"}],"curies":[{"name":"wp","href":"https:\/\/api.w.org\/{rel}","templated":true}]}}