{"id":38259,"date":"2024-06-19T10:06:36","date_gmt":"2024-06-19T08:06:36","guid":{"rendered":"http:\/\/batimedianews.com\/live\/?p=38259"},"modified":"2024-06-19T10:06:38","modified_gmt":"2024-06-19T08:06:38","slug":"les-reseaux-des-menuisiers-et-fabricants-certifies-profils-systemes-a-opio-pour-leur-17eme-convention","status":"publish","type":"post","link":"https:\/\/batimedianews.com\/live\/index.php\/2024\/06\/19\/les-reseaux-des-menuisiers-et-fabricants-certifies-profils-systemes-a-opio-pour-leur-17eme-convention\/","title":{"rendered":"Les r\u00e9seaux des Menuisiers et Fabricants Certifi\u00e9s PROFILS SYST\u00c8MES \u00e0 Opio pour leur 17\u00e8me convention"},"content":{"rendered":"\n<p>Du 29 mai au 2 juin, c\u2019est \u00e0 Opio, en Provence, que les partenaires Menuisiers et Fabricants Certifi\u00e9s Profils Syst\u00e8mes se sont r\u00e9unis dans le cadre de leur 17\u00e8me convention annuelle, autour d\u2019une th\u00e9matique d\u2019actualit\u00e9, \u00ab JO 2024 : motivation, esprit d\u2019\u00e9quipe et performance \u00bb.&nbsp;<\/p>\n\n\n\n<div class=\"wp-block-columns\">\n<div class=\"wp-block-column\">\n<p class=\"has-text-color\" style=\"color:#408d01;font-size:30px\">&nbsp;Un parrain d\u2019exception<\/p>\n\n\n\n<p>Edgar Grospiron, champion de ski acrobatique, sp\u00e9cialis\u00e9 dans l&rsquo;\u00e9preuve des bosses, dont il a \u00e9t\u00e9 le premier champion olympique de la discipline en 1992 \u00e0 Albertville, a ouvert cette \u00e9dition 2024 en partageant son exp\u00e9rience d\u2019athl\u00e8te de haut niveau avec sa vision de la motivation, du plaisir, de l\u2019exigence, des forces, du talent \u2026 comment faire la diff\u00e9rence et surtout comment \u00eatre efficace !<\/p>\n\n\n\n<p>Chaque partenaire s\u2019est vu offrir son livre d\u00e9dicac\u00e9 \u00ab Quand on r\u00eave le monde \u00bb et les 5 entreprises laur\u00e9ates du Challenge Photo 2024 ont eu le plaisir de recevoir leur prix de ses mains (voir encadr\u00e9).&nbsp;<\/p>\n\n\n\n<figure class=\"wp-block-image size-full\"><img loading=\"lazy\" width=\"567\" height=\"418\" src=\"https:\/\/i1.wp.com\/batimedianews.com\/live\/wp-content\/uploads\/2024\/06\/image-150.png?resize=567%2C418\" alt=\"\" class=\"wp-image-38260\" srcset=\"https:\/\/i1.wp.com\/batimedianews.com\/live\/wp-content\/uploads\/2024\/06\/image-150.png?w=567&amp;ssl=1 567w, https:\/\/i1.wp.com\/batimedianews.com\/live\/wp-content\/uploads\/2024\/06\/image-150.png?resize=768%2C566&amp;ssl=1 768w, https:\/\/i1.wp.com\/batimedianews.com\/live\/wp-content\/uploads\/2024\/06\/image-150.png?resize=432%2C318&amp;ssl=1 432w, https:\/\/i1.wp.com\/batimedianews.com\/live\/wp-content\/uploads\/2024\/06\/image-150.png?resize=396%2C292&amp;ssl=1 396w\" sizes=\"(max-width: 600px) 91vw, (max-width: 900px) 600px, (max-width: 1060px) 50vw, (max-width: 1200px) 520px, (max-width: 1400px) 43vw, 600px\" data-recalc-dims=\"1\" \/><figcaption><strong>Edgar Grospiron a lanc\u00e9 la convention 2024<\/strong><\/figcaption><\/figure>\n\n\n\n<p class=\"has-text-color\" style=\"color:#408d01;font-size:30px\">Bilan, formation, partage d\u2019exp\u00e9riences et convivialit\u00e9<\/p>\n\n\n\n<p>Au menu de cette convention, la premi\u00e8re journ\u00e9e, studieuse, a \u00e9t\u00e9 consacr\u00e9e au bilan des actions marketing et communication du premier trimestre, notamment \u00ab Le mois du Design \u00bb et ses op\u00e9rations digitales display g\u00e9olocalis\u00e9es.<\/p>\n<\/div>\n\n\n\n<div class=\"wp-block-column\">\n<figure class=\"wp-block-image size-full\"><img loading=\"lazy\" width=\"567\" height=\"414\" src=\"https:\/\/i0.wp.com\/batimedianews.com\/live\/wp-content\/uploads\/2024\/06\/1-CONVENTION-PS-2024.jpg?resize=567%2C414\" alt=\"\" class=\"wp-image-38261\" srcset=\"https:\/\/i0.wp.com\/batimedianews.com\/live\/wp-content\/uploads\/2024\/06\/1-CONVENTION-PS-2024.jpg?w=567&amp;ssl=1 567w, https:\/\/i0.wp.com\/batimedianews.com\/live\/wp-content\/uploads\/2024\/06\/1-CONVENTION-PS-2024.jpg?resize=768%2C560&amp;ssl=1 768w, https:\/\/i0.wp.com\/batimedianews.com\/live\/wp-content\/uploads\/2024\/06\/1-CONVENTION-PS-2024.jpg?resize=432%2C315&amp;ssl=1 432w, https:\/\/i0.wp.com\/batimedianews.com\/live\/wp-content\/uploads\/2024\/06\/1-CONVENTION-PS-2024.jpg?resize=396%2C289&amp;ssl=1 396w\" sizes=\"(max-width: 600px) 91vw, (max-width: 900px) 600px, (max-width: 1060px) 50vw, (max-width: 1200px) 520px, (max-width: 1400px) 43vw, 600px\" data-recalc-dims=\"1\" \/><figcaption><strong>Les partenaires Menuisiers et Fabricants Certifi\u00e9s Profils Syst\u00e8mes r\u00e9unis \u00e0 Opio<\/strong><\/figcaption><\/figure>\n\n\n\n<p>&nbsp;Profils Syst\u00e8mes a mis en lumi\u00e8re le r\u00e9cent lancement de LHASSA\u00ae s\u00e9rie 311, dernier n\u00e9 de ses garde-corps aluminium minimalistes, ou encore son offre de mur-rideau Tanagra\u00ae qui s\u2019est enrichie d\u2019un nouveau syst\u00e8me \u00e0 clameau. De m\u00eame, voile a \u00e9t\u00e9 lev\u00e9 sur les nouveaut\u00e9s produits indoor\/outdoor qui seront pr\u00e9sent\u00e9es \u00e0 BATIMAT.<\/p>\n\n\n\n<p>A l\u2019ordre du jour \u00e9galement : un point sur les tendances du march\u00e9, les incitations fiscales, le rapport d\u2019\u00e9tude de notori\u00e9t\u00e9 du mat\u00e9riau aluminium aupr\u00e8s des particuliers et, bien s\u00fbr, une th\u00e9matique environnementale toujours tr\u00e8s appr\u00e9ci\u00e9e. Une keynote a, par ailleurs, \u00e9t\u00e9 organis\u00e9e avec pour sujet \u00ab comprendre le ph\u00e9nom\u00e8ne de l\u2019IA, entre mythe et r\u00e9alit\u00e9s professionnelles \u00bb.<\/p>\n\n\n\n<p>Le lendemain, tous les partenaires Fabricants Certifi\u00e9s travaillant en BtoB ont b\u00e9n\u00e9fici\u00e9 d\u2019une session de formation LinkedIn.&nbsp;<\/p>\n\n\n\n<figure class=\"wp-block-image size-full\"><img loading=\"lazy\" width=\"500\" height=\"280\" src=\"https:\/\/i2.wp.com\/batimedianews.com\/live\/wp-content\/uploads\/2024\/06\/image-151.png?resize=500%2C280\" alt=\"\" class=\"wp-image-38262\" srcset=\"https:\/\/i2.wp.com\/batimedianews.com\/live\/wp-content\/uploads\/2024\/06\/image-151.png?w=500&amp;ssl=1 500w, https:\/\/i2.wp.com\/batimedianews.com\/live\/wp-content\/uploads\/2024\/06\/image-151.png?resize=768%2C430&amp;ssl=1 768w, https:\/\/i2.wp.com\/batimedianews.com\/live\/wp-content\/uploads\/2024\/06\/image-151.png?resize=432%2C242&amp;ssl=1 432w, https:\/\/i2.wp.com\/batimedianews.com\/live\/wp-content\/uploads\/2024\/06\/image-151.png?resize=396%2C222&amp;ssl=1 396w\" sizes=\"(max-width: 600px) 91vw, (max-width: 900px) 600px, (max-width: 1060px) 50vw, (max-width: 1200px) 520px, (max-width: 1400px) 43vw, 600px\" data-recalc-dims=\"1\" \/><\/figure>\n<\/div>\n<\/div>\n\n\n\n<figure class=\"wp-block-image size-full\"><img loading=\"lazy\" width=\"720\" height=\"268\" src=\"https:\/\/i0.wp.com\/batimedianews.com\/live\/wp-content\/uploads\/2024\/06\/image-152.png?resize=720%2C268\" alt=\"\" class=\"wp-image-38263\" srcset=\"https:\/\/i0.wp.com\/batimedianews.com\/live\/wp-content\/uploads\/2024\/06\/image-152.png?w=1146&amp;ssl=1 1146w, https:\/\/i0.wp.com\/batimedianews.com\/live\/wp-content\/uploads\/2024\/06\/image-152.png?resize=768%2C285&amp;ssl=1 768w, https:\/\/i0.wp.com\/batimedianews.com\/live\/wp-content\/uploads\/2024\/06\/image-152.png?resize=432%2C161&amp;ssl=1 432w, https:\/\/i0.wp.com\/batimedianews.com\/live\/wp-content\/uploads\/2024\/06\/image-152.png?resize=396%2C147&amp;ssl=1 396w, https:\/\/i0.wp.com\/batimedianews.com\/live\/wp-content\/uploads\/2024\/06\/image-152.png?resize=1120%2C416&amp;ssl=1 1120w, https:\/\/i0.wp.com\/batimedianews.com\/live\/wp-content\/uploads\/2024\/06\/image-152.png?resize=660%2C245&amp;ssl=1 660w\" sizes=\"(max-width: 600px) 91vw, (max-width: 900px) 600px, (max-width: 1060px) 50vw, (max-width: 1200px) 520px, (max-width: 1400px) 43vw, 600px\" data-recalc-dims=\"1\" \/><\/figure>\n\n\n\n<div class=\"wp-block-columns\">\n<div class=\"wp-block-column\">\n<p>Quant au vendredi, il a \u00e9t\u00e9 enti\u00e8rement d\u00e9di\u00e9 \u00e0 une activit\u00e9 team building \u00ab Les JO des partenaires \u00bb.&nbsp;<\/p>\n\n\n\n<p>8 \u00e9quipes se sont affront\u00e9es dans la joie et la bonne humeur \u00e0 travers 4 \u00e9preuves des plus ludiques (sumo, tir laser, ski g\u00e9ant et parcours solidarit\u00e9) permettant \u00e0 3 d\u2019entre elles de monter sur le podium en d\u00e9crochant les m\u00e9dailles d\u2019or, d\u2019argent et de bronze ! Autant de moments conviviaux qui ont renforc\u00e9 encore la coh\u00e9sion au sein des r\u00e9seaux Menuisiers et Fabricants Certifi\u00e9s Profils Syst\u00e8mes, avec, en point d\u2019orgue, une journ\u00e9e d\u00e9couverte du c\u00e9l\u00e8bre village&nbsp;<\/p>\n<\/div>\n\n\n\n<div class=\"wp-block-column\">\n<p>d\u2019artistes Saint-Paul de Vence, le samedi, cl\u00f4tur\u00e9e par un d\u00eener gala sous les oliviers.<\/p>\n\n\n\n<p>Rendez-vous sont d\u2019ores et d\u00e9j\u00e0 donn\u00e9s \u00e0 tous les partenaires, d\u2019une part \u00e0 Baillargues le 27 juin prochain afin de d\u00e9couvrir, lors d\u2019une journ\u00e9e Portes Ouvertes, la deuxi\u00e8me presse de laquage mise en route en d\u00e9but d\u2019ann\u00e9e et, d\u2019autre part, le 30 septembre \u00e0 Batimat sur le stand Profils Syst\u00e8mes (hall 4 stands C060) ainsi qu\u2019au Bistro Podium pour une soir\u00e9e exclusive R\u00e9seau.<\/p>\n<\/div>\n<\/div>\n\n\n\n<p class=\"has-text-color\" style=\"color:#408d01;font-size:28px\">Challenge photos 2024 des Menuisiers Certifi\u00e9s Profils Syst\u00e8mes<\/p>\n\n\n\n<figure class=\"wp-block-image size-full\"><img loading=\"lazy\" width=\"720\" height=\"120\" src=\"https:\/\/i2.wp.com\/batimedianews.com\/live\/wp-content\/uploads\/2024\/06\/image-153.png?resize=720%2C120\" alt=\"\" class=\"wp-image-38264\" srcset=\"https:\/\/i2.wp.com\/batimedianews.com\/live\/wp-content\/uploads\/2024\/06\/image-153.png?w=1818&amp;ssl=1 1818w, https:\/\/i2.wp.com\/batimedianews.com\/live\/wp-content\/uploads\/2024\/06\/image-153.png?resize=768%2C127&amp;ssl=1 768w, https:\/\/i2.wp.com\/batimedianews.com\/live\/wp-content\/uploads\/2024\/06\/image-153.png?resize=432%2C72&amp;ssl=1 432w, https:\/\/i2.wp.com\/batimedianews.com\/live\/wp-content\/uploads\/2024\/06\/image-153.png?resize=396%2C66&amp;ssl=1 396w, https:\/\/i2.wp.com\/batimedianews.com\/live\/wp-content\/uploads\/2024\/06\/image-153.png?resize=1120%2C186&amp;ssl=1 1120w, https:\/\/i2.wp.com\/batimedianews.com\/live\/wp-content\/uploads\/2024\/06\/image-153.png?resize=660%2C110&amp;ssl=1 660w, https:\/\/i2.wp.com\/batimedianews.com\/live\/wp-content\/uploads\/2024\/06\/image-153.png?w=1440 1440w\" sizes=\"(max-width: 600px) 91vw, (max-width: 900px) 600px, (max-width: 1060px) 50vw, (max-width: 1200px) 520px, (max-width: 1400px) 43vw, 600px\" data-recalc-dims=\"1\" \/><\/figure>\n\n\n\n<div class=\"wp-block-columns\">\n<div class=\"wp-block-column\">\n<p>Profils Syst\u00e8mes a profit\u00e9 de cette convention pour annoncer les r\u00e9sultats du challenge photos \u00ab Vos Equipes ont du talent \u00bb, plac\u00e9 sous le parrainage de la soci\u00e9t\u00e9 AkzoNobel. Ce challenge s\u2019\u00e9chelonnait du 1er juin 2023 au 29 f\u00e9vrier 2024, avec pour objectif de \u00ab mettre en lumi\u00e8re le savoir-faire de nos partenaires et leurs collaborateurs, en les encourageant \u00e0 photographier leurs plus belles r\u00e9alisations \u00bb confie Pascale Anselme, Responsable Communication Marketing Profils Syst\u00e8mes. Pendant toute la dur\u00e9edu concours, les participants ont donc eu l\u2019opportunit\u00e9 de soumette leurs photos relatives \u00e0 des ouvrages couvrant les 5 cat\u00e9gories de l\u2019offre aluminium Profils Syst\u00e8mes.<\/p>\n\n\n\n<figure class=\"wp-block-image size-full\"><img loading=\"lazy\" width=\"686\" height=\"382\" src=\"https:\/\/i1.wp.com\/batimedianews.com\/live\/wp-content\/uploads\/2024\/06\/image-154.png?resize=686%2C382\" alt=\"\" class=\"wp-image-38265\" srcset=\"https:\/\/i1.wp.com\/batimedianews.com\/live\/wp-content\/uploads\/2024\/06\/image-154.png?w=686&amp;ssl=1 686w, https:\/\/i1.wp.com\/batimedianews.com\/live\/wp-content\/uploads\/2024\/06\/image-154.png?resize=768%2C427&amp;ssl=1 768w, https:\/\/i1.wp.com\/batimedianews.com\/live\/wp-content\/uploads\/2024\/06\/image-154.png?resize=432%2C241&amp;ssl=1 432w, https:\/\/i1.wp.com\/batimedianews.com\/live\/wp-content\/uploads\/2024\/06\/image-154.png?resize=396%2C221&amp;ssl=1 396w, https:\/\/i1.wp.com\/batimedianews.com\/live\/wp-content\/uploads\/2024\/06\/image-154.png?resize=660%2C368&amp;ssl=1 660w\" sizes=\"(max-width: 600px) 91vw, (max-width: 900px) 600px, (max-width: 1060px) 50vw, (max-width: 1200px) 520px, (max-width: 1400px) 43vw, 600px\" data-recalc-dims=\"1\" \/><\/figure>\n<\/div>\n\n\n\n<div class=\"wp-block-column\">\n<p>Ainsi, <strong>les laur\u00e9ats<\/strong>, \u00e9lus par les Menuisiers Certifi\u00e9s eux-m\u00eames lors d\u2019un vote en ligne, sont :<\/p>\n\n\n\n<p><strong>\u2022 Cat\u00e9gorie \u00ab Fen\u00eatres &amp; baies \u00bb, <\/strong><strong>Atelier C.I.A&nbsp;<\/strong><\/p>\n\n\n\n<p><strong>\u2022 Cat\u00e9gorie \u00ab Portails &amp; Cl\u00f4tures, volets,garde-corps et barri\u00e8res \u00bb, <\/strong><strong>Bor\u00e9al V\u00e9randas&nbsp;<\/strong><\/p>\n\n\n\n<p><strong>\u2022 Cat\u00e9gorie \u00ab V\u00e9randas \u00bb, <\/strong><strong>FBS V\u00e9randas&nbsp;<\/strong><\/p>\n\n\n\n<p><strong>\u2022 Cat\u00e9gorie \u00ab Fa\u00e7ades &amp; Tertiaire \u00bb, <\/strong><strong>Tessalu<\/strong><\/p>\n\n\n\n<p><strong>\u2022 Cat\u00e9gorie 5 \u00ab Pergolas, Carports &amp; Gaz\u00e9bos \u00bb, <\/strong><strong>Confort Loisirs<\/strong><\/p>\n\n\n\n<p class=\"has-text-color\" style=\"color:#408d01\"><strong>A la cl\u00e9, pour ces 5 gagnants, une belle visibilit\u00e9 et, respectivement, un ch\u00e9quier cadeaux Kadeos Infini d\u2019une valeur de 400 euros TTC, r\u00e9compenses remises par Edgar Grospiron !<\/strong><\/p>\n<\/div>\n<\/div>\n","protected":false},"excerpt":{"rendered":"<p>Du 29 mai au 2 juin, c\u2019est \u00e0 Opio, en Provence, que les partenaires Menuisiers et Fabricants Certifi\u00e9s Profils Syst\u00e8mes se sont r\u00e9unis dans le cadre de leur 17\u00e8me convention annuelle, autour d\u2019une th\u00e9matique d\u2019actualit\u00e9, \u00ab JO 2024 : motivation, esprit d\u2019\u00e9quipe et performance \u00bb.&nbsp; &nbsp;Un parrain d\u2019exception Edgar Grospiron, champion de ski acrobatique, sp\u00e9cialis\u00e9 [&hellip;]<\/p>\n","protected":false},"author":41,"featured_media":38266,"comment_status":"open","ping_status":"open","sticky":true,"template":"","format":"standard","meta":{"spay_email":""},"categories":[4,690],"tags":[],"jetpack_featured_media_url":"https:\/\/i2.wp.com\/batimedianews.com\/live\/wp-content\/uploads\/2024\/06\/Profils-articles-.jpg?fit=1513%2C825&ssl=1","jetpack_sharing_enabled":true,"jetpack_likes_enabled":true,"jetpack-related-posts":[{"id":30332,"url":"https:\/\/batimedianews.com\/live\/index.php\/2023\/08\/28\/le-nouveau-certificat-de-qualification-professionnelle-cqp-menuisier-industriel-fabrication-de-fenetres-et-de-portes-inscrit-au-repertoire-national-des-certifications-professionnelles\/","url_meta":{"origin":38259,"position":0},"title":"Le nouveau Certificat de Qualification Professionnelle (CQP) \u00ab Menuisier industriel-fabrication de fen\u00eatres et de portes \u00bb inscrit au R\u00e9pertoire National des Certifications Professionnelles","date":"28 ao\u00fbt 2023","format":false,"excerpt":"\u00a0L\u2019Union des Fabricants de Menuiseries (UFME*) est engag\u00e9e activement pour asseoir le rayonnement de la profession repr\u00e9sent\u00e9e par environ 16 000 salari\u00e9s et des centaines d\u2019entreprises en France. L\u2019objectif est de rendre attractifs les m\u00e9tiers de la fili\u00e8re menuiserie industrielle, d\u2019attirer de nouveaux talents, de fid\u00e9liser les collaborateurs, et de\u2026","rel":"","context":"Dans &quot;Menuiserie&quot;","img":{"alt_text":"","src":"https:\/\/i0.wp.com\/batimedianews.com\/live\/wp-content\/uploads\/2023\/07\/UFME-article.jpg?fit=1080%2C1080&ssl=1&resize=350%2C200","width":350,"height":200},"classes":[]},{"id":19070,"url":"https:\/\/batimedianews.com\/live\/index.php\/2022\/04\/15\/lufme-maintient-le-cap-dune-convention-collective-moderne-et-dynamique-une-reconnaissance-forte-de-lindependance-et-de-la-modernisation-des-metiers-de-la-menuiserie-indust\/","url_meta":{"origin":38259,"position":1},"title":"L\u2019UFME maintient le cap d\u2019une Convention Collective moderne et dynamique : une reconnaissance forte de l\u2019ind\u00e9pendance et de la modernisation des m\u00e9tiers de la menuiserie industrielle","date":"15 avril 2022","format":false,"excerpt":"Les actions sociales sont au c\u0153ur de la feuille de route de l\u2019Union des Fabricants de MEnuiseries (UFME). En t\u00e9moigne la gestion dynamique de la \u00ab Convention Collective des menuiseries, charpentes, constructions industrialis\u00e9es et portes planes \u00bb. Un enjeu essentiel pour asseoir le rayonnement de cette profession repr\u00e9sent\u00e9e par environ\u2026","rel":"","context":"Dans &quot;Actualit\u00e9 Entreprises&quot;","img":{"alt_text":"","src":"https:\/\/i2.wp.com\/batimedianews.com\/live\/wp-content\/uploads\/2022\/04\/UFME-Article.jpg?fit=1080%2C1080&ssl=1&resize=350%2C200","width":350,"height":200},"classes":[]},{"id":11683,"url":"https:\/\/batimedianews.com\/live\/index.php\/2021\/09\/06\/sto-integre-la-convention-des-entreprises-pour-le-climat-pour-sengager-dans-une-transformation-environnementale-ambitieuse\/","url_meta":{"origin":38259,"position":2},"title":"Sto int\u00e8gre la Convention des Entreprises pour le Climat pour s\u2019engager dans une transformation environnementale ambitieuse","date":"6 septembre 2021","format":false,"excerpt":"La Convention des Entreprises pour le Climat (CEC), qui se tiendra du 9 septembre 2021 au 18 juin 2022, sonne comme une r\u00e9ponse du monde \u00e9conomique \u00e0 la Convention Citoyenne pour le Climat. Elle rassemblera une diversit\u00e9 d'entreprises, de toutes tailles, de tous secteurs et issues de la France enti\u00e8re,\u2026","rel":"","context":"Dans &quot;Actualit\u00e9 Entreprises&quot;","img":{"alt_text":"","src":"https:\/\/i0.wp.com\/batimedianews.com\/live\/wp-content\/uploads\/2021\/08\/Sto-Article.jpg?fit=512%2C512&ssl=1&resize=350%2C200","width":350,"height":200},"classes":[]},{"id":14764,"url":"https:\/\/batimedianews.com\/live\/index.php\/2022\/01\/12\/convention-des-entreprises-pour-le-climat-sto-dresse-un-premier-bilan-a-mi-parcours\/","url_meta":{"origin":38259,"position":3},"title":"Convention des Entreprises pour le Climat : Sto dresse un premier bilan \u00e0 mi-parcours","date":"12 janvier 2022","format":false,"excerpt":"\u00a0La Convention des Entreprises pour le Climat (CEC), qui se d\u00e9roule en 6 \u00e9tapes, du 9 septembre 2021 au 18 juin 2022, sonne comme une r\u00e9ponse du monde \u00e9conomique \u00e0 la Convention Citoyenne pour le Climat. Elle rassemble une diversit\u00e9 d'entreprises, de toutes tailles, de tous secteurs et issues de\u2026","rel":"","context":"Dans &quot;fa\u00e7ade&quot;","img":{"alt_text":"","src":"https:\/\/i0.wp.com\/batimedianews.com\/live\/wp-content\/uploads\/2022\/01\/STO-Article.jpg?fit=512%2C512&ssl=1&resize=350%2C200","width":350,"height":200},"classes":[]},{"id":31717,"url":"https:\/\/batimedianews.com\/live\/index.php\/2023\/10\/05\/le-point-de-vente-de-cholet-du-groupe-champion-toujours-plus-engage-aupres-de-la-filiere-metallurgie\/","url_meta":{"origin":38259,"position":4},"title":"Le point de vente de Cholet du Groupe CHAMPION toujours plus engag\u00e9 aupr\u00e8s de la fili\u00e8re m\u00e9tallurgie","date":"5 octobre 2023","format":false,"excerpt":"\u00a0La sp\u00e9cialisation dans le n\u00e9goce des aciers est ancr\u00e9e dans l\u2019ADN du Groupe familial CHAMPION qui a d\u00e9but\u00e9 son histoire il y a plus de 100 ans par la distribution de poutrelles et de t\u00f4les. Acteur r\u00e9gional de r\u00e9f\u00e9rence dans le Grand Ouest, CHAMPION a constitu\u00e9 un maillage de proximit\u00e9\u2026","rel":"","context":"Dans &quot;Actualit\u00e9 Entreprises&quot;","img":{"alt_text":"","src":"https:\/\/i0.wp.com\/batimedianews.com\/live\/wp-content\/uploads\/2023\/09\/Champion-articles.jpg?fit=825%2C825&ssl=1&resize=350%2C200","width":350,"height":200},"classes":[]},{"id":46115,"url":"https:\/\/batimedianews.com\/live\/index.php\/2025\/07\/29\/profils-systemes-en-force-a-artibat-2025-avec-trois-de-ses-fabricants-certifies\/","url_meta":{"origin":38259,"position":5},"title":"Profils Syst\u00e8mes en force \u00e0 Artibat 2025 avec trois de ses Fabricants Certifi\u00e9s","date":"29 juillet 2025","format":false,"excerpt":"\u00c0 l\u2019occasion du prochain salon Artibat (22 au 24 octobre), Profils Syst\u00e8mes met en lumi\u00e8re le dynamisme et l\u2019expertise de trois membres de son r\u00e9seau Fabricants Certifi\u00e9s : Aluglass, Goplast et Menuiseries Helleux. Ces partenaires de confiance valoriseront, sur leur stand respectif, des solutions innovantes et sur-mesure con\u00e7ues \u00e0 partir\u2026","rel":"","context":"Dans &quot;Actualit\u00e9 Entreprises&quot;","img":{"alt_text":"","src":"https:\/\/i2.wp.com\/batimedianews.com\/live\/wp-content\/uploads\/2025\/07\/Profils.jpg?fit=825%2C825&ssl=1&resize=350%2C200","width":350,"height":200},"classes":[]}],"_links":{"self":[{"href":"https:\/\/batimedianews.com\/live\/index.php\/wp-json\/wp\/v2\/posts\/38259"}],"collection":[{"href":"https:\/\/batimedianews.com\/live\/index.php\/wp-json\/wp\/v2\/posts"}],"about":[{"href":"https:\/\/batimedianews.com\/live\/index.php\/wp-json\/wp\/v2\/types\/post"}],"author":[{"embeddable":true,"href":"https:\/\/batimedianews.com\/live\/index.php\/wp-json\/wp\/v2\/users\/41"}],"replies":[{"embeddable":true,"href":"https:\/\/batimedianews.com\/live\/index.php\/wp-json\/wp\/v2\/comments?post=38259"}],"version-history":[{"count":2,"href":"https:\/\/batimedianews.com\/live\/index.php\/wp-json\/wp\/v2\/posts\/38259\/revisions"}],"predecessor-version":[{"id":38268,"href":"https:\/\/batimedianews.com\/live\/index.php\/wp-json\/wp\/v2\/posts\/38259\/revisions\/38268"}],"wp:featuredmedia":[{"embeddable":true,"href":"https:\/\/batimedianews.com\/live\/index.php\/wp-json\/wp\/v2\/media\/38266"}],"wp:attachment":[{"href":"https:\/\/batimedianews.com\/live\/index.php\/wp-json\/wp\/v2\/media?parent=38259"}],"wp:term":[{"taxonomy":"category","embeddable":true,"href":"https:\/\/batimedianews.com\/live\/index.php\/wp-json\/wp\/v2\/categories?post=38259"},{"taxonomy":"post_tag","embeddable":true,"href":"https:\/\/batimedianews.com\/live\/index.php\/wp-json\/wp\/v2\/tags?post=38259"}],"curies":[{"name":"wp","href":"https:\/\/api.w.org\/{rel}","templated":true}]}}