{"id":38276,"date":"2024-06-20T10:17:53","date_gmt":"2024-06-20T08:17:53","guid":{"rendered":"http:\/\/batimedianews.com\/live\/?p=38276"},"modified":"2024-06-20T10:18:00","modified_gmt":"2024-06-20T08:18:00","slug":"christophe-millet-est-elu-president-du-conseil-national-de-lordre-des-architectes","status":"publish","type":"post","link":"https:\/\/batimedianews.com\/live\/index.php\/2024\/06\/20\/christophe-millet-est-elu-president-du-conseil-national-de-lordre-des-architectes\/","title":{"rendered":"Christophe MILLET est \u00e9lu pr\u00e9sident du Conseil national de l\u2019Ordre des architectes"},"content":{"rendered":"\n<p class=\"has-text-color has-medium-font-size\" style=\"color:#db7b75\"><strong>Dans le prolongement de l\u2019\u00e9lection des 12 conseillers nationaux, le 3 juin dernier, les 24 conseillers ordinaux ont \u00e9lu, hier, \u00e0 l\u2019unanimit\u00e9, Christophe MILLET, pr\u00e9sident du Conseil national.<\/strong><\/p>\n\n\n\n<p class=\"has-text-color\" style=\"color:#db7b75\"><strong>\u00ab Un ordre qui porte un projet de soci\u00e9t\u00e9 \u00bb<\/strong><\/p>\n\n\n\n<p>A l\u2019occasion du renouvellement par moiti\u00e9 du Conseil national de l\u2019Ordre des architectes, Christophe MILLET, architecte DPLG, pr\u00e9c\u00e9demment tr\u00e9sorier du CNOA, a \u00e9t\u00e9 \u00e9lu \u00e0 l\u2019unanimit\u00e9, Pr\u00e9sident du Conseil national.<\/p>\n\n\n\n<p>Le Bureau \u00e9lu se compose de : vice-pr\u00e9sidents : Yolaine PAUFICHET, Fabien GANTOIS ; tr\u00e9sorier : Laurence NGUYEN ; tr\u00e9sorier adjoint : Thibaut MAUGARD ; secr\u00e9taire : Guillaume BLANCHARD ; secr\u00e9taire adjoint : Jean-Baptiste GRIESMAR.<\/p>\n\n\n\n<p>Christophe MILLET, architecte \u00e0 Lyon, s\u2019est pr\u00e9sent\u00e9 comme un pr\u00e9sident affichant une ambition de construire un projet commun avec tous les \u00e9lus du Conseil national, respectueux et ind\u00e9pendant de l\u2019\u00e9cosyst\u00e8me architectural.<\/p>\n\n\n\n<p>Par une rapide biographie qui l\u2019a amen\u00e9 des chantiers pendant sa jeunesse \u00e0 son agence d\u2019architecture, Christophe MILLET a justifi\u00e9 son engagement ordinal.<\/p>\n\n\n\n<p>Il a soulign\u00e9 sa satisfaction d\u2019accueillir les \u00e9lus de la liste Fair(e) qui, par leur nombre, apporteront un \u00e9quilibre prospectif dans le Conseil nouvellement constitu\u00e9. Les ambitions, port\u00e9es par les \u00e9lus restants en ce d\u00e9but de mandat, seront n\u00e9cessaires pour prendre des positions fortes dans l\u2019int\u00e9r\u00eat de l\u2019architecture et de la profession.<\/p>\n\n\n\n<p>Le pr\u00e9sident a \u00e9voqu\u00e9 les d\u00e9fis immenses qui attendent le Conseil : l\u2019urgence \u00e9cologique, la crise politique, la fragilit\u00e9 de la profession.<\/p>\n\n\n\n<p>Il a rappel\u00e9 sa volont\u00e9 de poursuivre le projet de soci\u00e9t\u00e9 initi\u00e9 depuis 3 ans et de mettre tout en oeuvre pour renforcer le r\u00f4le essentiel de l\u2019architecte dans notre soci\u00e9t\u00e9.<\/p>\n\n\n\n<p>Enfin, il a remerci\u00e9 Christine LECONTE \u00e0 laquelle il succ\u00e8de et a salu\u00e9 l\u2019action ordinale de la mandature pr\u00e9c\u00e9dente.<\/p>\n\n\n\n<div class=\"wp-block-group\"><div class=\"wp-block-group__inner-container\">\n<p class=\"has-small-font-size\"><strong>Christophe Millet, 45 ans<\/strong>, architecte Lyonnais, est investi depuis le d\u00e9but de sa carri\u00e8re dans l\u2019Institution Ordinale (Conseiller r\u00e9gional de l\u2019Ordre des architectes Auvergne-Rh\u00f4ne-Alpes de 2013 \u00e0 2020, Membre du CA de l\u2019\u00c9cole nationale sup\u00e9rieure d\u2019architecture de Lyon 2018 \u00e0 2020, Tr\u00e9sorier au Conseil national de l\u2019Ordre des architectes depuis 2021).<\/p>\n\n\n\n<p class=\"has-small-font-size\">Au sein de son activit\u00e9 professionnelle, les projets de logements collectifs d\u00e9velopp\u00e9s par son agence illustrent une volont\u00e9 d\u2019inscrire chaque r\u00e9alisation dans son territoire propre, en coh\u00e9rence avec les usages, le climat et les ressources.<\/p>\n\n\n\n<ul class=\"has-small-font-size\"><li>Dipl\u00f4m\u00e9 de l\u2019ENSA Lyon en 2003<\/li><li>Cofondateur et g\u00e9rant de BAMAA Architectes en 2010<\/li><li>Distinction : ADC Awards \/ German Design Awards<\/li><\/ul>\n<\/div><\/div>\n","protected":false},"excerpt":{"rendered":"<p>Dans le prolongement de l\u2019\u00e9lection des 12 conseillers nationaux, le 3 juin dernier, les 24 conseillers ordinaux ont \u00e9lu, hier, \u00e0 l\u2019unanimit\u00e9, Christophe MILLET, pr\u00e9sident du Conseil national. \u00ab Un ordre qui porte un projet de soci\u00e9t\u00e9 \u00bb A l\u2019occasion du renouvellement par moiti\u00e9 du Conseil national de l\u2019Ordre des architectes, Christophe MILLET, architecte DPLG, [&hellip;]<\/p>\n","protected":false},"author":41,"featured_media":38277,"comment_status":"open","ping_status":"open","sticky":true,"template":"","format":"standard","meta":{"spay_email":""},"categories":[4,1256,88],"tags":[],"jetpack_featured_media_url":"https:\/\/i0.wp.com\/batimedianews.com\/live\/wp-content\/uploads\/2024\/06\/CNOA-articles-.jpg?fit=1513%2C825&ssl=1","jetpack_sharing_enabled":true,"jetpack_likes_enabled":true,"jetpack-related-posts":[{"id":29998,"url":"https:\/\/batimedianews.com\/live\/index.php\/2023\/07\/06\/le-conseil-national-de-lordre-des-architectes-cnoa-est-present-a-luia-world-congress-of-architects-cph-2023-qui-se-deroule-a-copenhague-jusquau-6-juillet-2023\/","url_meta":{"origin":38276,"position":0},"title":"Le Conseil national de l\u2019Ordre des architectes (CNOA) est pr\u00e9sent \u00e0 l\u2019UIA World Congress of Architects CPH 2023 qui se d\u00e9roule \u00e0 Copenhague jusqu\u2019au 6 juillet 2023","date":"6 juillet 2023","format":false,"excerpt":"Sur le th\u00e8me \u00ab Un avenir durable \u2013 ne laisser personne de c\u00f4t\u00e9 \u00bb, cet \u00e9v\u00e9nement r\u00e9unit les architectes et les professionnels des communaut\u00e9s du b\u00e2timent et de l\u2019urbanisme du monde entier pour promouvoir l\u2019architecture comme outil essentiel du d\u00e9veloppement durable. Le CNOA y participe au sein de la Commission\u2026","rel":"","context":"Dans &quot;Actualit\u00e9 Entreprises&quot;","img":{"alt_text":"","src":"https:\/\/i0.wp.com\/batimedianews.com\/live\/wp-content\/uploads\/2023\/07\/CNAO-article.jpg?fit=1080%2C1080&ssl=1&resize=350%2C200","width":350,"height":200},"classes":[]},{"id":10910,"url":"https:\/\/batimedianews.com\/live\/index.php\/2021\/07\/13\/thierry-schott-elu-president-de-qualifelec\/","url_meta":{"origin":38276,"position":1},"title":"Thierry Schott \u00e9lu Pr\u00e9sident de Qualifelec","date":"13 juillet 2021","format":false,"excerpt":"Depuis mercredi 23 juin, Thierry Schott est le nouveau Pr\u00e9sident de Qualifelec. R\u00e9unis en Assembl\u00e9e G\u00e9n\u00e9rale, les membres de l' Assembl\u00e9e G\u00e9n\u00e9rale de Qualifelec l' ont \u00e9lu \u00e0 l' unanimit\u00e9 \u00e0 la pr\u00e9sidence de l' organisme de qualification pour un mandat de 4 ans. Il succ\u00e8de \u00e0 Yves Jalageas qui\u2026","rel":"","context":"Dans &quot;Actualit\u00e9 Entreprises&quot;","img":{"alt_text":"","src":"https:\/\/i0.wp.com\/batimedianews.com\/live\/wp-content\/uploads\/2021\/07\/Qualifelec-Article.jpg?fit=512%2C512&ssl=1&resize=350%2C200","width":350,"height":200},"classes":[]},{"id":22032,"url":"https:\/\/batimedianews.com\/live\/index.php\/2022\/07\/18\/christophe-posseme-elu-president-du-ccca-btp\/","url_meta":{"origin":38276,"position":2},"title":"Christophe POSS\u00c9M\u00c9 \u00c9lu pr\u00e9sident du CCCA-BTP","date":"18 juillet 2022","format":false,"excerpt":"Christophe Poss\u00e9m\u00e9, 45 ans, a \u00e9t\u00e9 \u00e9lu pr\u00e9sident du\u00a0CCCA-BTP (Comit\u00e9 de concertation et de coordination de l\u2019apprentissage du b\u00e2timent et des travaux publics)*, lors du conseil d\u2019administration du 5 juillet 2022, pour un mandat de trois ans. Il succ\u00e8de \u00e0 \u00c9ric Routier, qui pr\u00e9sidait l\u2019association \u00e0 gouvernance paritaire depuis 2019.\u2026","rel":"","context":"Dans &quot;Actualit\u00e9 Entreprises&quot;","img":{"alt_text":"","src":"https:\/\/i0.wp.com\/batimedianews.com\/live\/wp-content\/uploads\/2022\/07\/CCCA-Article.jpg?fit=1080%2C1080&ssl=1&resize=350%2C200","width":350,"height":200},"classes":[]},{"id":25791,"url":"https:\/\/batimedianews.com\/live\/index.php\/2023\/01\/24\/deplacement-de-la-presidente-du-conseil-national-de-lordre-des-architectes-cnoa-en-janvier-2023\/","url_meta":{"origin":38276,"position":3},"title":"D\u00e9placement de la Pr\u00e9sidente du Conseil national de l\u2019Ordre des architectes (CNOA) en janvier 2023)","date":"24 janvier 2023","format":false,"excerpt":"La Pr\u00e9sidente du Conseil national de l\u2019Ordre des architectes (CNOA), Christine LECONTE effectuera un d\u00e9placement, du 20 au 29 janvier 2023, autour des enjeux li\u00e9s au logement, \u00e0 l\u2019habitat et \u00e0 l\u2019avenir de la profession d\u2019architecte dans trois territoires : \u2022 en Guadeloupe du 20 au 23 janvier ;\u2022 en\u2026","rel":"","context":"Dans &quot;architecture&quot;","img":{"alt_text":"","src":"","width":0,"height":0},"classes":[]},{"id":45404,"url":"https:\/\/batimedianews.com\/live\/index.php\/2025\/06\/17\/jean-christophe-repon-president-de-la-capeb-elu-president-de-la-confederation-europeenne-des-constructeurs-ebc\/","url_meta":{"origin":38276,"position":4},"title":"Jean-Christophe Repon, pr\u00e9sident de la CAPEB, \u00e9lu pr\u00e9sident de la Conf\u00e9d\u00e9ration Europ\u00e9enne des Constructeurs (EBC)","date":"17 juin 2025","format":false,"excerpt":"Paris, le 13 juin 2025 - R\u00e9uni en Assembl\u00e9e g\u00e9n\u00e9rale \u00e0 Rome le 12 juin 2025, les membres de la Conf\u00e9d\u00e9ration Europ\u00e9enne des Constructeurs (EBC, European Builders Confederation) ont \u00e9lu Jean-Christophe Repon, pr\u00e9sident de la CAPEB, \u00e0 sa pr\u00e9sidence pour un mandat de trois ans (2025\u20132028). Il succ\u00e8de \u00e0 Philip\u2026","rel":"","context":"Dans &quot;Actualit\u00e9 Entreprises&quot;","img":{"alt_text":"","src":"https:\/\/i0.wp.com\/batimedianews.com\/live\/wp-content\/uploads\/2025\/06\/CAPEB.jpg?fit=825%2C825&ssl=1&resize=350%2C200","width":350,"height":200},"classes":[]},{"id":10328,"url":"https:\/\/batimedianews.com\/live\/index.php\/2021\/06\/10\/bruno-cadudal-reelu-president-de-lufme\/","url_meta":{"origin":38276,"position":5},"title":"BRUNO CADUDAL R\u00c9\u00c9LU PR\u00c9SIDENT DE L\u2019UFME","date":"10 juin 2021","format":false,"excerpt":"Ce jeudi 3 juin, l\u2019Union des Fabricants de MEnuiseries (UFME) a r\u00e9uni un Conseil d\u2019Administration Extraordinaire qui a r\u00e9\u00e9lu \u00e0 l\u2019unanimit\u00e9 son Pr\u00e9sident Bruno CADUDAL. L\u2019occasion \u00e9galement de constituer le nouveau Bureau, marqu\u00e9 par l\u2019entr\u00e9e et la nomination pour la premi\u00e8re fois d\u2019une femme, C\u00e9cile SANZ, au poste de Vice-Pr\u00e9sidente*.\u2026","rel":"","context":"Dans &quot;Actualit\u00e9 Entreprises&quot;","img":{"alt_text":"","src":"https:\/\/i1.wp.com\/batimedianews.com\/live\/wp-content\/uploads\/2021\/06\/UFME-Article-1.jpg?fit=512%2C512&ssl=1&resize=350%2C200","width":350,"height":200},"classes":[]}],"_links":{"self":[{"href":"https:\/\/batimedianews.com\/live\/index.php\/wp-json\/wp\/v2\/posts\/38276"}],"collection":[{"href":"https:\/\/batimedianews.com\/live\/index.php\/wp-json\/wp\/v2\/posts"}],"about":[{"href":"https:\/\/batimedianews.com\/live\/index.php\/wp-json\/wp\/v2\/types\/post"}],"author":[{"embeddable":true,"href":"https:\/\/batimedianews.com\/live\/index.php\/wp-json\/wp\/v2\/users\/41"}],"replies":[{"embeddable":true,"href":"https:\/\/batimedianews.com\/live\/index.php\/wp-json\/wp\/v2\/comments?post=38276"}],"version-history":[{"count":1,"href":"https:\/\/batimedianews.com\/live\/index.php\/wp-json\/wp\/v2\/posts\/38276\/revisions"}],"predecessor-version":[{"id":38278,"href":"https:\/\/batimedianews.com\/live\/index.php\/wp-json\/wp\/v2\/posts\/38276\/revisions\/38278"}],"wp:featuredmedia":[{"embeddable":true,"href":"https:\/\/batimedianews.com\/live\/index.php\/wp-json\/wp\/v2\/media\/38277"}],"wp:attachment":[{"href":"https:\/\/batimedianews.com\/live\/index.php\/wp-json\/wp\/v2\/media?parent=38276"}],"wp:term":[{"taxonomy":"category","embeddable":true,"href":"https:\/\/batimedianews.com\/live\/index.php\/wp-json\/wp\/v2\/categories?post=38276"},{"taxonomy":"post_tag","embeddable":true,"href":"https:\/\/batimedianews.com\/live\/index.php\/wp-json\/wp\/v2\/tags?post=38276"}],"curies":[{"name":"wp","href":"https:\/\/api.w.org\/{rel}","templated":true}]}}