{"id":38332,"date":"2024-07-01T13:02:26","date_gmt":"2024-07-01T11:02:26","guid":{"rendered":"http:\/\/batimedianews.com\/live\/?p=38332"},"modified":"2024-07-01T13:02:29","modified_gmt":"2024-07-01T11:02:29","slug":"memento-promat-le-guide-incontournable-de-la-protection-feu","status":"publish","type":"post","link":"https:\/\/batimedianews.com\/live\/index.php\/2024\/07\/01\/memento-promat-le-guide-incontournable-de-la-protection-feu\/","title":{"rendered":"M\u00c9MENTO PROMAT &#8211; Le guide incontournable de la protection feu"},"content":{"rendered":"\n<figure class=\"wp-block-image size-large\"><img loading=\"lazy\" width=\"720\" height=\"720\" src=\"https:\/\/i1.wp.com\/batimedianews.com\/live\/wp-content\/uploads\/2024\/06\/image-167.png?resize=720%2C720\" alt=\"\" class=\"wp-image-38333\" srcset=\"https:\/\/i1.wp.com\/batimedianews.com\/live\/wp-content\/uploads\/2024\/06\/image-167.png?resize=1024%2C1024&amp;ssl=1 1024w, https:\/\/i1.wp.com\/batimedianews.com\/live\/wp-content\/uploads\/2024\/06\/image-167.png?resize=600%2C600&amp;ssl=1 600w, https:\/\/i1.wp.com\/batimedianews.com\/live\/wp-content\/uploads\/2024\/06\/image-167.png?resize=300%2C300&amp;ssl=1 300w, https:\/\/i1.wp.com\/batimedianews.com\/live\/wp-content\/uploads\/2024\/06\/image-167.png?resize=1536%2C1536&amp;ssl=1 1536w, https:\/\/i1.wp.com\/batimedianews.com\/live\/wp-content\/uploads\/2024\/06\/image-167.png?resize=2048%2C2048&amp;ssl=1 2048w, https:\/\/i1.wp.com\/batimedianews.com\/live\/wp-content\/uploads\/2024\/06\/image-167.png?resize=10%2C10&amp;ssl=1 10w\" sizes=\"(max-width: 600px) 91vw, (max-width: 900px) 600px, (max-width: 1060px) 50vw, (max-width: 1200px) 520px, (max-width: 1400px) 43vw, 600px\" data-recalc-dims=\"1\" \/><\/figure>\n\n\n\n<p class=\"has-background\" style=\"background-color:#e4e9ea\"><strong>Promat, sp\u00e9cialiste mondial des solutions de protection passive contre l\u2019incendie, annonce le lancement de son tout nouveau guide technique, le M\u00e9mento Promat. Con\u00e7u pour r\u00e9pondre aux besoins vari\u00e9s des professionnels du b\u00e2timent, ce guide de 172 pages offre une mine d\u2019informations techniques et pratiques sur les solutions Promat pour la protection passive contre l\u2019incendie.&nbsp;<\/strong><\/p>\n\n\n\n<div class=\"wp-block-columns\">\n<div class=\"wp-block-column\">\n<p class=\"has-text-color has-medium-font-size\" style=\"color:#302594\"><strong>Un seul ouvrage pour tous les types de b\u00e2timents&nbsp;<\/strong><\/p>\n\n\n\n<p>Promat, la marque des solutions de protection passive incendie du groupe Etex, pr\u00e9sente son M\u00e9mento.&nbsp;<\/p>\n\n\n\n<p>Fruit d\u2019un travail de synth\u00e8se, de technique et de p\u00e9dagogie entre les services communication, marketing et les ing\u00e9nieurs experts Promat, le M\u00e9mento Promat pr\u00e9sente en un seul ouvrage l\u2019ensemble des solutions de la marque pour tous les types de b\u00e2timents : conduits de ventilation et de d\u00e9senfumage, gaines techniques, plafonds, planchers, cloisons et bardages, protection au feu des structures en acier ou en b\u00e9ton.&nbsp;<\/p>\n\n\n\n<p class=\"has-text-color\" style=\"color:#0286be\"><em>\u00ab Ce premier M\u00e9mento Promat est une r\u00e9ponse directe aux besoins des professionnels du b\u00e2timent \u00e0 la recherche de solutions de protection passive contre l\u2019incendie \u00bb<\/em>, <\/p>\n\n\n\n<p>d\u00e9clare Fr\u00e9d\u00e9ric Emeric, Charg\u00e9 de la Communication Technique chez Promat.&nbsp;<\/p>\n\n\n\n<p class=\"has-text-color\" style=\"color:#027aae\"><em>\u00ab Nous nous sommes inspir\u00e9s du succ\u00e8s du M\u00e9mento Siniat (une autre marque du groupe Etex), devenu le guide de r\u00e9f\u00e9rence pour les professionnels utilisant la plaque de pl\u00e2tre, et du M\u00e9mento Isolation Siniat. Avec Promat, c\u2019est le troisi\u00e8me volume de cette collection des M\u00e9mentos des marques du groupe Etex. \u00bb&nbsp;<\/em><\/p>\n<\/div>\n\n\n\n<div class=\"wp-block-column\">\n<p class=\"has-text-color has-medium-font-size\" style=\"color:#302594\"><strong>Trouver rapidement la solution adapt\u00e9e&nbsp;<\/strong><\/p>\n\n\n\n<p>Le M\u00e9mento Promat se distingue par la richesse de son contenus, la clart\u00e9 de sa pr\u00e9sentation et le haut niveau d\u2019expertise.&nbsp;<\/p>\n\n\n\n<p class=\"has-text-color\" style=\"color:#0286be\"><em>\u00ab Nous proposons des guides de choix synth\u00e9tiques, des doubles pages syst\u00e8mes tr\u00e8s d\u00e9taill\u00e9es avec des illustrations et des tableaux de performances faciles \u00e0 comprendre \u00bb<\/em>, <\/p>\n\n\n\n<p>explique Fr\u00e9d\u00e9ric Emeric.&nbsp;<\/p>\n\n\n\n<p class=\"has-text-color\" style=\"color:#0286be\"><em>\u00ab Le fa\u00e7onnage du M\u00e9mento Promat avec des onglets d\u00e9coup\u00e9s permet \u00e9galement un acc\u00e8s rapide et pratique aux diff\u00e9rentes parties de la brochure. Notre but est d\u2019aider les professionnels \u00e0 trouver rapidement les solutions adapt\u00e9es \u00e0 leurs besoins. \u00bb <\/em><\/p>\n\n\n\n<p>Julien Brosseau, Responsable Marketing Promat, souligne l\u2019importance du M\u00e9mento Promat pour tous les professionnels du b\u00e2timent.&nbsp;<\/p>\n\n\n\n<p class=\"has-text-color\" style=\"color:#0286be\"><em>\u00ab Destin\u00e9 aux prescripteurs, \u00e9conomistes, entreprises et n\u00e9gociants, le M\u00e9mento Promat apporte des solutions techniques Promat en fonction des applications recherch\u00e9es. Nos \u00e9quipes commerciales et prescription ont particip\u00e9 activement \u00e0 ce guide, car elles sont sur le terrain, au plus pr\u00e8s des chantiers et des projets. Elles connaissent les attentes de leurs clients et des professionnels. Outre nos innovations produits et syst\u00e8mes, le M\u00e9mento Promat pr\u00e9sente \u00e9galement l\u2019ensemble de nos services et outils d\u00e9di\u00e9s \u00e0 nos clients. \u00bb&nbsp;<\/em><\/p>\n<\/div>\n<\/div>\n\n\n\n<figure class=\"wp-block-image size-large\"><img loading=\"lazy\" width=\"720\" height=\"720\" src=\"https:\/\/i0.wp.com\/batimedianews.com\/live\/wp-content\/uploads\/2024\/06\/image-168.png?resize=720%2C720\" alt=\"\" class=\"wp-image-38334\" srcset=\"https:\/\/i0.wp.com\/batimedianews.com\/live\/wp-content\/uploads\/2024\/06\/image-168.png?resize=1024%2C1024&amp;ssl=1 1024w, https:\/\/i0.wp.com\/batimedianews.com\/live\/wp-content\/uploads\/2024\/06\/image-168.png?resize=600%2C600&amp;ssl=1 600w, https:\/\/i0.wp.com\/batimedianews.com\/live\/wp-content\/uploads\/2024\/06\/image-168.png?resize=300%2C300&amp;ssl=1 300w, https:\/\/i0.wp.com\/batimedianews.com\/live\/wp-content\/uploads\/2024\/06\/image-168.png?resize=1536%2C1536&amp;ssl=1 1536w, https:\/\/i0.wp.com\/batimedianews.com\/live\/wp-content\/uploads\/2024\/06\/image-168.png?resize=2048%2C2048&amp;ssl=1 2048w, https:\/\/i0.wp.com\/batimedianews.com\/live\/wp-content\/uploads\/2024\/06\/image-168.png?resize=10%2C10&amp;ssl=1 10w\" sizes=\"(max-width: 600px) 91vw, (max-width: 900px) 600px, (max-width: 1060px) 50vw, (max-width: 1200px) 520px, (max-width: 1400px) 43vw, 600px\" data-recalc-dims=\"1\" \/><\/figure>\n\n\n\n<p class=\"has-text-color has-medium-font-size\" style=\"color:#302594\"><strong>Les innovations \u00e0 l\u2019honneur&nbsp;<\/strong><\/p>\n\n\n\n<p>Parmi les innovations et services pr\u00e9sent\u00e9s dans le M\u00e9mento Promat, se trouve notamment :&nbsp;<\/p>\n\n\n\n<ul><li><strong>Promagaine\u00ae <\/strong>: une gamme de goulottes coupe\u2011feu pr\u00e9fabriqu\u00e9es permettant l\u2019encoffrement des r\u00e9seaux (conduites de gaz, canalisations diverses) et la protection des chemins de c\u00e2bles \u00e9lectriques.&nbsp;<\/li><li><strong>Promatect-XS\u00ae <\/strong>: une plaque de protection incendie innovante \u00e0 hautes performances, sp\u00e9cialement con\u00e7ue pour la protection incendie des poteaux en acier lorsque des performances de protection incendie \u00e9lev\u00e9es sont requises.&nbsp;<\/li><li><strong>Promaspray-P300\u00ae <\/strong>: un enduit de projection p\u00e2teux pour la protection incendie avec deux nouvelles applications : pour un usage en Zone type Y (ext\u00e9rieur abrit\u00e9) et pour la protection des planches CLT.&nbsp;<\/li><li><strong>Promat Expert <\/strong>: un service d\u2019Assistance Technique destin\u00e9 aux clients Promat.&nbsp;<\/li><li><strong>Promat Formation <\/strong>: un service d\u00e9di\u00e9 \u00e0 la formation th\u00e9orique et pratique des solutions Promat.&nbsp;<\/li><li><strong>Bim Service <\/strong>: un service d\u2019accompagnement personnalis\u00e9 sur des projets de mod\u00e9lisation.&nbsp;<\/li><li><strong>Promaselect <\/strong>: un logiciel permettant d\u2019obtenir, en quelques clics, les solutions techniques Promat pour les protections de structures acier.&nbsp;<\/li><\/ul>\n\n\n\n<figure class=\"wp-block-image size-large\"><img loading=\"lazy\" width=\"720\" height=\"720\" src=\"https:\/\/i0.wp.com\/batimedianews.com\/live\/wp-content\/uploads\/2024\/06\/image-169.png?resize=720%2C720\" alt=\"\" class=\"wp-image-38335\" srcset=\"https:\/\/i0.wp.com\/batimedianews.com\/live\/wp-content\/uploads\/2024\/06\/image-169.png?resize=1024%2C1024&amp;ssl=1 1024w, https:\/\/i0.wp.com\/batimedianews.com\/live\/wp-content\/uploads\/2024\/06\/image-169.png?resize=600%2C600&amp;ssl=1 600w, https:\/\/i0.wp.com\/batimedianews.com\/live\/wp-content\/uploads\/2024\/06\/image-169.png?resize=300%2C300&amp;ssl=1 300w, https:\/\/i0.wp.com\/batimedianews.com\/live\/wp-content\/uploads\/2024\/06\/image-169.png?resize=1536%2C1536&amp;ssl=1 1536w, https:\/\/i0.wp.com\/batimedianews.com\/live\/wp-content\/uploads\/2024\/06\/image-169.png?resize=2048%2C2048&amp;ssl=1 2048w, https:\/\/i0.wp.com\/batimedianews.com\/live\/wp-content\/uploads\/2024\/06\/image-169.png?resize=10%2C10&amp;ssl=1 10w\" sizes=\"(max-width: 600px) 91vw, (max-width: 900px) 600px, (max-width: 1060px) 50vw, (max-width: 1200px) 520px, (max-width: 1400px) 43vw, 600px\" data-recalc-dims=\"1\" \/><\/figure>\n\n\n\n<p class=\"has-text-color has-small-font-size\" style=\"color:#302594\"><strong>\u00c0 propos de Promat<\/strong><\/p>\n\n\n\n<p class=\"has-small-font-size\">Promat fabrique et commercialise des produits et des solutions techniques, fiables et durables, destin\u00e9s \u00e0 la protection passive contre l\u2019incendie pour tous les types de b\u00e2timents et d\u2019ouvrages techniques. Promat fournit des solutions de pointe pour assurer la s\u00e9curit\u00e9 et la durabilit\u00e9 des b\u00e2timents dans le monde entier.<\/p>\n\n\n\n<p class=\"has-small-font-size\">Fort de 60 ans d\u2019expertise dans la protection au feu, Promat d\u00e9veloppe des produits performants tels que des plaques silico\u2011calcaires, des rev\u00eatements projet\u00e9s, des peintures intumescentes ainsi que des cloisons vitr\u00e9es.<\/p>\n\n\n\n<p class=\"has-small-font-size\">Les solutions PROMAT de protection passive contre l\u2019incendie sont destin\u00e9es aux conduits de ventilation et de d\u00e9senfumage, aux gaines techniques, aux structures des b\u00e2timents, aux cloisons et plafonds, au compartimentage des tunnels et ouvrages souterrains.<\/p>\n\n\n\n<p class=\"has-small-font-size\">Innovante, dynamique et respectueuse de l\u2019environnement, la marque PROMAT est r\u00e9put\u00e9e pour la qualit\u00e9 et l\u2019efficacit\u00e9 de ses produits qui font l\u2019objet de tests et de certifications toujours plus pouss\u00e9s afin d\u2019offrir le meilleur de la protection au feu.<\/p>\n\n\n\n<p class=\"has-small-font-size\">Promat est \u00e9galement appr\u00e9ci\u00e9 pour l\u2019efficacit\u00e9 de son service technique \u00e0 la pointe des exigences r\u00e9glementaires et du r\u00e9f\u00e9rentiel normatif europ\u00e9en.<\/p>\n\n\n\n<div class=\"wp-block-image\"><figure class=\"aligncenter size-full\"><img loading=\"lazy\" width=\"436\" height=\"164\" src=\"https:\/\/i1.wp.com\/batimedianews.com\/live\/wp-content\/uploads\/2024\/06\/image-170.png?resize=436%2C164\" alt=\"\" class=\"wp-image-38336\" srcset=\"https:\/\/i1.wp.com\/batimedianews.com\/live\/wp-content\/uploads\/2024\/06\/image-170.png?w=436&amp;ssl=1 436w, https:\/\/i1.wp.com\/batimedianews.com\/live\/wp-content\/uploads\/2024\/06\/image-170.png?resize=768%2C288&amp;ssl=1 768w, https:\/\/i1.wp.com\/batimedianews.com\/live\/wp-content\/uploads\/2024\/06\/image-170.png?resize=432%2C162&amp;ssl=1 432w, https:\/\/i1.wp.com\/batimedianews.com\/live\/wp-content\/uploads\/2024\/06\/image-170.png?resize=396%2C149&amp;ssl=1 396w\" sizes=\"(max-width: 600px) 91vw, (max-width: 900px) 600px, (max-width: 1060px) 50vw, (max-width: 1200px) 520px, (max-width: 1400px) 43vw, 600px\" data-recalc-dims=\"1\" \/><\/figure><\/div>\n","protected":false},"excerpt":{"rendered":"<p>Promat, sp\u00e9cialiste mondial des solutions de protection passive contre l\u2019incendie, annonce le lancement de son tout nouveau guide technique, le M\u00e9mento Promat. Con\u00e7u pour r\u00e9pondre aux besoins vari\u00e9s des professionnels du b\u00e2timent, ce guide de 172 pages offre une mine d\u2019informations techniques et pratiques sur les solutions Promat pour la protection passive contre l\u2019incendie.&nbsp; Un [&hellip;]<\/p>\n","protected":false},"author":1,"featured_media":38337,"comment_status":"open","ping_status":"open","sticky":true,"template":"","format":"standard","meta":{"spay_email":""},"categories":[4,77,2093],"tags":[],"jetpack_featured_media_url":"https:\/\/i0.wp.com\/batimedianews.com\/live\/wp-content\/uploads\/2024\/06\/Promat-articles-.jpg?fit=1513%2C825&ssl=1","jetpack_sharing_enabled":true,"jetpack_likes_enabled":true,"jetpack-related-posts":[{"id":38287,"url":"https:\/\/batimedianews.com\/live\/index.php\/2024\/06\/20\/un-nouveau-directeur-general-pour-les-marques-siniat-et-promat\/","url_meta":{"origin":38332,"position":0},"title":"Un nouveau Directeur G\u00e9n\u00e9ral pour les marques Siniat et Promat","date":"20 juin 2024","format":false,"excerpt":"Etex Building Performance France annonce la nomination de Fr\u00e9d\u00e9ric Guetin au poste de Directeur G\u00e9n\u00e9ral. Dipl\u00f4m\u00e9 de l\u2019ESSEC, de l\u2019ESC Clermont Business School et de l\u2019ISC Paris, Fr\u00e9d\u00e9ric Guetin b\u00e9n\u00e9ficie de plus de 25 ans d\u2019exp\u00e9rience \u00e0 des postes de direction chez des industriels majeurs du second \u0153uvre du b\u00e2timent.\u2026","rel":"","context":"Dans &quot;Actualit\u00e9 Entreprises&quot;","img":{"alt_text":"","src":"https:\/\/i1.wp.com\/batimedianews.com\/live\/wp-content\/uploads\/2024\/06\/Siniat-1.jpg?fit=825%2C825&ssl=1&resize=350%2C200","width":350,"height":200},"classes":[]},{"id":49036,"url":"https:\/\/batimedianews.com\/live\/index.php\/2026\/02\/02\/un-nouveau-directeur-marketing-produits-et-innovation-pour-les-marques-siniat-et-promat\/","url_meta":{"origin":38332,"position":1},"title":"Un nouveau directeur Marketing produits et Innovation pour les marques Siniat et Promat","date":"2 f\u00e9vrier 2026","format":false,"excerpt":"Etex France Building Performance annonce la nomination de Vivien Bonnelles en tant que directeur Marketing produits et Innovation. Un parcours au coeur des activit\u00e9s industrielles de Siniat Vivien Bonnelles dispose de plus de 15 ans d\u2019exp\u00e9rience au sein de l\u2019entreprise. Il d\u00e9bute sa carri\u00e8re \u00e0 Bordeaux en tant que Responsable\u2026","rel":"","context":"Dans &quot;Actualit\u00e9 Entreprises&quot;","img":{"alt_text":"","src":"https:\/\/i0.wp.com\/batimedianews.com\/live\/wp-content\/uploads\/2026\/01\/Siniat.jpg?fit=788%2C788&ssl=1&resize=350%2C200","width":350,"height":200},"classes":[]},{"id":11879,"url":"https:\/\/batimedianews.com\/live\/index.php\/2021\/09\/07\/armaprotect-le-nouveau-systeme-de-protection-passive-contre-lincendie-darmacell\/","url_meta":{"origin":38332,"position":2},"title":"ArmaProtect\u00ae : le nouveau syst\u00e8me de protection passive contre l\u2019incendie d\u2019Armacell","date":"7 septembre 2021","format":false,"excerpt":"\u2022 Pr\u00e9vient la propagation du feu et de la fum\u00e9e \u2022 Syst\u00e8me modulaire pour une grande vari\u00e9t\u00e9 d\u2019applications \u2022 Utilisation transfrontali\u00e8re gr\u00e2ce \u00e0 l\u2019homologation europ\u00e9enne Luxembourg\/Dijon, 30 juin 2021 - Armacell, inventeur de la mousse flexible pour le march\u00e9 de l\u2019isolation d\u2019\u00e9quipements et fournisseur leader de mousses techniques, \u00e9largit son\u2026","rel":"","context":"Dans &quot;Actualit\u00e9 Entreprises&quot;","img":{"alt_text":"","src":"https:\/\/i2.wp.com\/batimedianews.com\/live\/wp-content\/uploads\/2021\/09\/Armacell-Article.jpg?fit=512%2C512&ssl=1&resize=350%2C200","width":350,"height":200},"classes":[]},{"id":42532,"url":"https:\/\/batimedianews.com\/live\/index.php\/2025\/02\/03\/protection-passive-contre-les-incendies-xella-le-beton-cellulaire-la-meilleure-solution-de-maconnerie-coupe-feu-du-marche\/","url_meta":{"origin":38332,"position":3},"title":"Protection passive contre les incendies Xella &#8211; Le b\u00e9ton cellulaire : la meilleure solution de ma\u00e7onnerie coupe-feu du march\u00e9","date":"3 f\u00e9vrier 2025","format":false,"excerpt":"Pour les ERP, les b\u00e2timents tertiaires et industriels, les Datacenter ou dans le G\u00e9nie civil, la r\u00e9glementation relative \u00e0 la protection incendie est stricte avec certaines exigences. Elle pr\u00e9voit notamment des dispositions constructives particuli\u00e8res pour limiter la propagation du feu et des fum\u00e9es. Les syst\u00e8mes de protection au feu passifs,\u2026","rel":"","context":"Dans &quot;Actualit\u00e9 Entreprises&quot;","img":{"alt_text":"","src":"https:\/\/i1.wp.com\/batimedianews.com\/live\/wp-content\/uploads\/2025\/01\/Xella.jpg?fit=825%2C825&ssl=1&resize=350%2C200","width":350,"height":200},"classes":[]},{"id":47997,"url":"https:\/\/batimedianews.com\/live\/index.php\/2025\/11\/21\/etex-renforce-sa-decarbonation-grace-a-la-conclusion-de-contrats-long-terme-delectricite-renouvelable-eolien-et-solaire-en-france-avec-alpiq\/","url_meta":{"origin":38332,"position":4},"title":"Etex renforce sa d\u00e9carbonation gr\u00e2ce \u00e0 la conclusion de contrats long terme d\u2019\u00e9lectricit\u00e9 renouvelable \u00e9olien et solaire en France avec Alpiq","date":"21 novembre 2025","format":false,"excerpt":"Paris et Bruxelles, 18 novembre 2025 \u2013 Alpiq France accompagne Etex, leader des solutions de construction l\u00e9g\u00e8res, dans sa strat\u00e9gie de d\u00e9carbonation gr\u00e2ce \u00e0 la signature de contrats long terme de vente (Power Purchase Agreement ou PPA) d\u2019\u00e9lectricit\u00e9 renouvelable \u00e9olien et solaire. Ces contrats permettent \u00e0 Etex de s\u00e9curiser son\u2026","rel":"","context":"Dans &quot;Actualit\u00e9 Entreprises&quot;","img":{"alt_text":"","src":"https:\/\/i2.wp.com\/batimedianews.com\/live\/wp-content\/uploads\/2025\/11\/etex_Alpiq.jpg?fit=825%2C825&ssl=1&resize=350%2C200","width":350,"height":200},"classes":[]},{"id":19717,"url":"https:\/\/batimedianews.com\/live\/index.php\/2022\/05\/09\/guide-knauf-isolation-sous-enduit-une-lecture-simplifiee-de-la-reglementation-pour-prescrire-et-poser-en-toute-serenite\/","url_meta":{"origin":38332,"position":5},"title":"Guide KNAUF ISOLATION sous enduit : une lecture simplifi\u00e9e de la r\u00e9glementation pour prescrire et poser en toute s\u00e9r\u00e9nit\u00e9","date":"9 mai 2022","format":false,"excerpt":"Fid\u00e8le \u00e0 sa volont\u00e9 d\u2019accompagner au quotidien les acteurs de la construction notamment dans l\u2019\u00e9volution des r\u00e9glementations, Knauf vient d\u2019\u00e9diter un tout nouveau guide technique pour l\u2019isolation par l\u2019ext\u00e9rieur sous enduit des fa\u00e7ades. Ce document de 60 pages facilite la compr\u00e9hension des r\u00e9centes \u00e9volutions r\u00e8glementaires pour la protection des personnes\u2026","rel":"","context":"Dans &quot;Actualit\u00e9 Entreprises&quot;","img":{"alt_text":"","src":"https:\/\/i0.wp.com\/batimedianews.com\/live\/wp-content\/uploads\/2022\/05\/Knauf-Article.jpg?fit=1080%2C1080&ssl=1&resize=350%2C200","width":350,"height":200},"classes":[]}],"_links":{"self":[{"href":"https:\/\/batimedianews.com\/live\/index.php\/wp-json\/wp\/v2\/posts\/38332"}],"collection":[{"href":"https:\/\/batimedianews.com\/live\/index.php\/wp-json\/wp\/v2\/posts"}],"about":[{"href":"https:\/\/batimedianews.com\/live\/index.php\/wp-json\/wp\/v2\/types\/post"}],"author":[{"embeddable":true,"href":"https:\/\/batimedianews.com\/live\/index.php\/wp-json\/wp\/v2\/users\/1"}],"replies":[{"embeddable":true,"href":"https:\/\/batimedianews.com\/live\/index.php\/wp-json\/wp\/v2\/comments?post=38332"}],"version-history":[{"count":3,"href":"https:\/\/batimedianews.com\/live\/index.php\/wp-json\/wp\/v2\/posts\/38332\/revisions"}],"predecessor-version":[{"id":38522,"href":"https:\/\/batimedianews.com\/live\/index.php\/wp-json\/wp\/v2\/posts\/38332\/revisions\/38522"}],"wp:featuredmedia":[{"embeddable":true,"href":"https:\/\/batimedianews.com\/live\/index.php\/wp-json\/wp\/v2\/media\/38337"}],"wp:attachment":[{"href":"https:\/\/batimedianews.com\/live\/index.php\/wp-json\/wp\/v2\/media?parent=38332"}],"wp:term":[{"taxonomy":"category","embeddable":true,"href":"https:\/\/batimedianews.com\/live\/index.php\/wp-json\/wp\/v2\/categories?post=38332"},{"taxonomy":"post_tag","embeddable":true,"href":"https:\/\/batimedianews.com\/live\/index.php\/wp-json\/wp\/v2\/tags?post=38332"}],"curies":[{"name":"wp","href":"https:\/\/api.w.org\/{rel}","templated":true}]}}