{"id":3848,"date":"2020-02-18T13:28:11","date_gmt":"2020-02-18T12:28:11","guid":{"rendered":"http:\/\/batimedianews.com\/live\/?p=3848"},"modified":"2021-10-20T13:04:12","modified_gmt":"2021-10-20T11:04:12","slug":"lancement-de-la-16eme-edition-du-congres-international-de-lassociation-francaise-des-tunnels-et-de-lespace-souterrain","status":"publish","type":"post","link":"https:\/\/batimedianews.com\/live\/index.php\/2020\/02\/18\/lancement-de-la-16eme-edition-du-congres-international-de-lassociation-francaise-des-tunnels-et-de-lespace-souterrain\/","title":{"rendered":"LANCEMENT DE LA 16EME EDITION DU CONGRES INTERNATIONAL DE L\u2019ASSOCIATION FRANCAISE DES TUNNELS ET DE L\u2019ESPACE SOUTERRAIN"},"content":{"rendered":"\n<p> 21-23 septembre 2020, Palais des Congr\u00e8s \u2013 Porte Maillot <\/p>\n\n\n\n<p style=\"text-align:justify\"> Du 21 au 23 septembre 2020, Paris deviendra la capitale des Tunnels et de l\u2019Espace Souterrain. Tous les trois ans, le Congr\u00e8s International de l\u2019Association Fran\u00e7aise des Tunnels et de l\u2019Espace Souterrain (AFTES) est le point de rendez-vous de toute une profession. La 16\u00e8me \u00e9dition se tiendra au Palais des Congr\u00e8s de la Porte Maillot \u00e0 Paris. Pendant trois jours, sp\u00e9cialistes fran\u00e7ais et internationaux se r\u00e9uniront autour de la th\u00e9matique centrale \u00ab Le souterrain, espace d\u2019innovation \u00bb. Le succ\u00e8s du congr\u00e8s en 2017 avait permis de rassembler plus de 4000 participants et 156 exposants venus de 56 pays diff\u00e9rents. Trois ans apr\u00e8s, l\u2019\u00e9dition 2020 du congr\u00e8s AFTES est lanc\u00e9e et les inscriptions sont ouvertes !  <\/p>\n\n\n\n<figure class=\"wp-block-image is-resized\"><img loading=\"lazy\" src=\"https:\/\/i1.wp.com\/batimedianews.com\/live\/wp-content\/uploads\/2020\/02\/aftes1.jpg?resize=566%2C317\" alt=\"\" class=\"wp-image-3849\" width=\"566\" height=\"317\" srcset=\"https:\/\/i1.wp.com\/batimedianews.com\/live\/wp-content\/uploads\/2020\/02\/aftes1.jpg?w=396&amp;ssl=1 396w, https:\/\/i1.wp.com\/batimedianews.com\/live\/wp-content\/uploads\/2020\/02\/aftes1.jpg?resize=300%2C168&amp;ssl=1 300w, https:\/\/i1.wp.com\/batimedianews.com\/live\/wp-content\/uploads\/2020\/02\/aftes1.jpg?resize=10%2C6&amp;ssl=1 10w, https:\/\/i1.wp.com\/batimedianews.com\/live\/wp-content\/uploads\/2020\/02\/aftes1.jpg?resize=392%2C220&amp;ssl=1 392w\" sizes=\"(max-width: 600px) 91vw, (max-width: 900px) 600px, (max-width: 1060px) 50vw, (max-width: 1200px) 520px, (max-width: 1400px) 43vw, 600px\" data-recalc-dims=\"1\" \/><\/figure>\n\n\n\n<h2> \u00ab LE SOUTERRAIN, ESPACE D\u2019INNOVATION \u00bb<\/h2>\n\n\n\n<p style=\"text-align:justify\"> Avec une augmentation importante de la population urbaine estim\u00e9e \u00e0 70% en 2040, le sous-sol repr\u00e9sente aujourd\u2019hui, plus que jamais, un potentiel dans l\u2019am\u00e9nagement des villes et des espaces de vie. A l\u2019heure o\u00f9 l\u2019utilisation du sous-sol est devenue cruciale pour cr\u00e9er les espaces urbains r\u00e9silients de demain et o\u00f9 l\u2019introduction de syst\u00e8mes intelligents dans les m\u00e9thodes de construction bouleverse les m\u00e9tiers en profondeur, le congr\u00e8s AFTES 2020 ambitionne d\u2019explorer de nouvelles pistes de r\u00e9flexions, d\u2019enrichir les connaissances et de permettre le partage d\u2019exp\u00e9riences et de savoirs tout en f\u00e9d\u00e9rant une industrie mondiale florissante \u00e0 travers :  <\/p>\n\n\n\n<h3> DES CONF\u00c9RENCES <\/h3>\n\n\n\n<p>Les conf\u00e9rences qui seront donn\u00e9es lors du congr\u00e8s seront articul\u00e9es autour de 4 grands axes techniques et scientifiques, en lien avec la th\u00e9matique g\u00e9n\u00e9rale du congr\u00e8s :<\/p>\n\n\n\n<ul><li>APPORT DE L\u2019ESPACE SOUTERRAIN DANS LA VILLE DU FUTUR<\/li><li>\u00c9VOLUTIONS DANS LA CONCEPTION DES ESPACES ET OUVRAGES  SOUTERRAINS<\/li><li>INNOVATION DANS LA CONSTRUCTION D\u2019OUVRAGES SOUTERRAINS MAIS AUSSI L\u2019EXPLOITATION<\/li><li>MAINTENANCE DES OUVRAGES SOUTERRAINS AU SERVICE DU DEVELOPPEMENT DURABLE <\/li><\/ul>\n\n\n\n<p style=\"text-align:justify\">Une session sp\u00e9ciale sera consacr\u00e9e au d\u00e9veloppement de l\u2019espace souterrain urbain, son am\u00e9nagement, son architecture, notamment sur les chantiers du Grand Paris.<\/p>\n\n\n\n<h3> UN CONCOURS D\u2019ID\u00c9ES <\/h3>\n\n\n\n<p style=\"text-align:justify\">Afin de mobiliser les futurs d\u00e9cideurs du monde de la construction en souterrains, le congr\u00e8s AFTES a lanc\u00e9 en 2019, un concours d\u2019id\u00e9es avec pour th\u00e8me \u00ab Le souterrain, espace d&rsquo;innovations \u00bb. Ce concours vise \u00e0 faire \u00e9merger des r\u00e9flexions, des probl\u00e9matiques et propositions d\u2019\u00e9tudiants et\/ou de jeunes dipl\u00f4m\u00e9s, architectes, urbanistes, ing\u00e9nieurs, sur leur vision prospective des sous-sols urbains et p\u00e9ri-urbains. <\/p>\n\n\n\n<h3>UNE PARTIE \u00ab EXPOSANTS \u00bb D\u00c9DI\u00c9E AU B2B <\/h3>\n\n\n\n<p style=\"text-align:justify\">Le congr\u00e8s AFTES est \u00e9galement un moment d\u2019\u00e9change et de networking unique, l\u2019occasion pour tous les acteurs du monde de l\u2019espace souterrain de se rencontrer et tisser des liens professionnels durables. Avec plus de 150 exposants, fran\u00e7ais et \u00e9trangers, r\u00e9unis sur plus de 10 000 m2 le congr\u00e8s sera un v\u00e9ritable moment fort pour l\u2019industrie. Un espace important sera d\u00e9di\u00e9 aux associations, aux start-ups et au comit\u00e9 espace souterrain.  <\/p>\n","protected":false},"excerpt":{"rendered":"<p>21-23 septembre 2020, Palais des Congr\u00e8s \u2013 Porte Maillot Du 21 au 23 septembre 2020, Paris deviendra la capitale des Tunnels et de l\u2019Espace Souterrain. Tous les trois ans, le Congr\u00e8s International de l\u2019Association Fran\u00e7aise des Tunnels et de l\u2019Espace Souterrain (AFTES) est le point de rendez-vous de toute une profession. La 16\u00e8me \u00e9dition se [&hellip;]<\/p>\n","protected":false},"author":1,"featured_media":0,"comment_status":"open","ping_status":"open","sticky":false,"template":"","format":"standard","meta":{"spay_email":""},"categories":[4],"tags":[],"jetpack_featured_media_url":"","jetpack_sharing_enabled":true,"jetpack_likes_enabled":true,"jetpack-related-posts":[{"id":20961,"url":"https:\/\/batimedianews.com\/live\/index.php\/2022\/06\/15\/le-salon-innopolis-expo-revient-pour-sa-seconde-edition-les-20-et-21-septembre-2022-a-paris\/","url_meta":{"origin":3848,"position":0},"title":"Le salon Innopolis Expo revient pour sa seconde \u00e9dition les 20 et 21 septembre 2022 \u00e0 Paris","date":"15 juin 2022","format":false,"excerpt":"Apr\u00e8s un premier rendez-vous r\u00e9ussi en 2021, Innopolis Expo revient pour une seconde \u00e9dition riche en nouveaut\u00e9s. Leader de l\u2019innovation territoriale \u00e0 destination des collectivit\u00e9s, le salon rassemblera les 20 et 21 septembre prochains les collectivit\u00e9s territoriales, am\u00e9nageurs, f\u00e9d\u00e9rations et associations professionnelles, et entreprises qui cr\u00e9ent les villes et les\u2026","rel":"","context":"Dans &quot;Actualit\u00e9s salons&quot;","img":{"alt_text":"","src":"https:\/\/i1.wp.com\/batimedianews.com\/live\/wp-content\/uploads\/2022\/06\/Innopolis-Article.jpg?fit=1080%2C1080&ssl=1&resize=350%2C200","width":350,"height":200},"classes":[]},{"id":27574,"url":"https:\/\/batimedianews.com\/live\/index.php\/2023\/04\/12\/woodrise-2023-le-congres-international-batiment-bois-moyenne-et-grande-hauteur-de-retour-en-france-du-17-au-20-octobre-a-bordeaux\/","url_meta":{"origin":3848,"position":1},"title":"WOODRISE 2023 Le congr\u00e8s international b\u00e2timent bois moyenne et grande hauteur de retour en France du 17 au 20 octobre \u00e0 Bordeaux","date":"12 avril 2023","format":false,"excerpt":"\u00a0Point sur les temps fort, nouveaut\u00e9s et programmation de l\u2019\u00e9dition 2023\u00a0 \u00a0Ce jeudi 6 avril, les ambassadeurs et membres du Comit\u00e9 de pilotage WOODRISE ont pr\u00e9sent\u00e9 les nouveaut\u00e9s, temps fort et programmation de la 4\u00e8me \u00e9dition du congr\u00e8s international d\u00e9di\u00e9 au b\u00e2timent bois moyenne et grande hauteur, WOODRISE, qui se\u2026","rel":"","context":"Dans &quot;Actualit\u00e9s salons&quot;","img":{"alt_text":"","src":"https:\/\/i2.wp.com\/batimedianews.com\/live\/wp-content\/uploads\/2023\/04\/woodrise.jpeg?fit=1050%2C1050&ssl=1&resize=350%2C200","width":350,"height":200},"classes":[]},{"id":31765,"url":"https:\/\/batimedianews.com\/live\/index.php\/2023\/10\/05\/solarlux-partenaire-du-congres-de-lunion-sociale-pour-lhabitat\/","url_meta":{"origin":3848,"position":2},"title":"Solarlux partenaire du congr\u00e8s de l\u2019union sociale pour l\u2019habitat","date":"5 octobre 2023","format":false,"excerpt":"Situ\u00e9 dans le Parc des Expositions de la Beaujoire de Nantes (44), le 83\u00e8me Congr\u00e8s de L\u2019Union sociale pour l\u2019Habitat ouvrira ses portes du 3 au 5 octobre 2023. Plac\u00e9e sous le th\u00e8me de la crise des \u00e9nergies et de l\u2019imp\u00e9rative n\u00e9cessit\u00e9 de transformer nos fa\u00e7ons de construire et de\u2026","rel":"","context":"Dans &quot;Actualit\u00e9 Entreprises&quot;","img":{"alt_text":"","src":"https:\/\/i1.wp.com\/batimedianews.com\/live\/wp-content\/uploads\/2023\/09\/Solarlux-articles.jpg?fit=825%2C825&ssl=1&resize=350%2C200","width":350,"height":200},"classes":[]},{"id":26670,"url":"https:\/\/batimedianews.com\/live\/index.php\/2023\/03\/03\/woodrise-2023-regards-dexpert-sur-la-construction-bois-de-grande-hauteur\/","url_meta":{"origin":3848,"position":3},"title":"WOODRISE 2023 &#8211; Regards d\u2019expert sur la construction bois de grande hauteur","date":"3 mars 2023","format":false,"excerpt":"\u00a03 questions \u00e0 Stephan de Fay, Directeur g\u00e9n\u00e9ral de Grand Paris Am\u00e9nagement\u00a0 WOODRISE, congr\u00e8s international du b\u00e2timent bois moyenne et grande hauteur, sera de retour en France du 17 au 20 octobre 2023, au Palais 2 l\u2019Atlantique de Bordeaux. A cette occasion, les organisateurs ont souhait\u00e9 donner la parole \u00e0\u2026","rel":"","context":"Dans &quot;Actualit\u00e9 Entreprises&quot;","img":{"alt_text":"","src":"https:\/\/i2.wp.com\/batimedianews.com\/live\/wp-content\/uploads\/2023\/03\/Woodrise-Article.jpg?fit=1080%2C1080&ssl=1&resize=350%2C200","width":350,"height":200},"classes":[]},{"id":2729,"url":"https:\/\/batimedianews.com\/live\/index.php\/2019\/09\/13\/europamiante-participera-au-80eme-congres-hlm-et-presentera-une-autre-facon-dentreprendre\/","url_meta":{"origin":3848,"position":4},"title":"EUROPAMIANTE PARTICIPERA AU 80\u00c8ME CONGR\u00c8S HLM ET PR\u00c9SENTERA UNE AUTRE FA\u00c7ON D\u2019ENTREPRENDRE","date":"13 septembre 2019","format":false,"excerpt":"Le Congr\u00e8s HLM est un \u00e9v\u00e9nement incontournable pour faire le point et envisager l\u2019avenir de la politique du logement et de l\u2019habitat social. Pour sa 80\u00e8me \u00e9dition, qui se d\u00e9roulera du 24 au 26 septembre 2019 \u00e0 Paris (Porte de Versailles), les organismes HLM, les banques, les assureurs, les architectes,\u2026","rel":"","context":"Dans &quot;Amiante&quot;","img":{"alt_text":"","src":"https:\/\/i0.wp.com\/batimedianews.com\/live\/wp-content\/uploads\/2019\/09\/europeamiante1image.jpg?fit=1011%2C1011&ssl=1&resize=350%2C200","width":350,"height":200},"classes":[]},{"id":19539,"url":"https:\/\/batimedianews.com\/live\/index.php\/2022\/05\/02\/centre-de-reunions-et-de-congres-de-bruges-un-plafond-en-metal-haut-de-gamme-pour-le-nouvel-edifice-moderne-au-coeur-de-la-ville-historique\/","url_meta":{"origin":3848,"position":5},"title":"Centre de r\u00e9unions et de congr\u00e8s de Bruges : un plafond en m\u00e9tal haut de gamme, pour le nouvel \u00e9difice moderne au coeur de la ville historique","date":"2 mai 2022","format":false,"excerpt":"Hunter Douglas Architectural a r\u00e9alis\u00e9 le plafond int\u00e9rieur en acier et le plafond ext\u00e9rieur en aluminium pour le nouveau centre de conf\u00e9rence (BMCC) \u00e0 Bruges.\u00a0 Dans une ville historique comme Bruges, la conception d'un centre de conf\u00e9rence urbain avec un auditorium et des salles de r\u00e9union est une affaire d\u00e9licate.\u2026","rel":"","context":"Dans &quot;accompagnement&quot;","img":{"alt_text":"","src":"https:\/\/i1.wp.com\/batimedianews.com\/live\/wp-content\/uploads\/2022\/05\/HunterDouglas-Article.jpg?fit=1080%2C1080&ssl=1&resize=350%2C200","width":350,"height":200},"classes":[]}],"_links":{"self":[{"href":"https:\/\/batimedianews.com\/live\/index.php\/wp-json\/wp\/v2\/posts\/3848"}],"collection":[{"href":"https:\/\/batimedianews.com\/live\/index.php\/wp-json\/wp\/v2\/posts"}],"about":[{"href":"https:\/\/batimedianews.com\/live\/index.php\/wp-json\/wp\/v2\/types\/post"}],"author":[{"embeddable":true,"href":"https:\/\/batimedianews.com\/live\/index.php\/wp-json\/wp\/v2\/users\/1"}],"replies":[{"embeddable":true,"href":"https:\/\/batimedianews.com\/live\/index.php\/wp-json\/wp\/v2\/comments?post=3848"}],"version-history":[{"count":2,"href":"https:\/\/batimedianews.com\/live\/index.php\/wp-json\/wp\/v2\/posts\/3848\/revisions"}],"predecessor-version":[{"id":3851,"href":"https:\/\/batimedianews.com\/live\/index.php\/wp-json\/wp\/v2\/posts\/3848\/revisions\/3851"}],"wp:attachment":[{"href":"https:\/\/batimedianews.com\/live\/index.php\/wp-json\/wp\/v2\/media?parent=3848"}],"wp:term":[{"taxonomy":"category","embeddable":true,"href":"https:\/\/batimedianews.com\/live\/index.php\/wp-json\/wp\/v2\/categories?post=3848"},{"taxonomy":"post_tag","embeddable":true,"href":"https:\/\/batimedianews.com\/live\/index.php\/wp-json\/wp\/v2\/tags?post=3848"}],"curies":[{"name":"wp","href":"https:\/\/api.w.org\/{rel}","templated":true}]}}