{"id":38906,"date":"2024-07-12T10:31:54","date_gmt":"2024-07-12T08:31:54","guid":{"rendered":"http:\/\/batimedianews.com\/live\/?p=38906"},"modified":"2024-07-12T10:31:57","modified_gmt":"2024-07-12T08:31:57","slug":"atlantic-systemes-presente-la-telecommande-kagami-et-lance-les-nouvelles-versions-de-sa-gamme-de-caissons-de-ventilation-critair","status":"publish","type":"post","link":"https:\/\/batimedianews.com\/live\/index.php\/2024\/07\/12\/atlantic-systemes-presente-la-telecommande-kagami-et-lance-les-nouvelles-versions-de-sa-gamme-de-caissons-de-ventilation-critair\/","title":{"rendered":"Atlantic Syst\u00e8mes pr\u00e9sente la t\u00e9l\u00e9commande KAGAMI et lance les nouvelles versions de sa gamme de caissons de ventilation CRITAIR"},"content":{"rendered":"\n<p style=\"font-size:18px\">Atlantic Syst\u00e8mes d\u00e9voile les nouvelles versions isol\u00e9e, r\u00e9gul\u00e9e et isol\u00e9e et r\u00e9gul\u00e9e de sa gamme de caissons d\u2019extraction basse consommation CRITAIR, disponibles en trois formats : \u00ab mini \u00bb, \u00ab flexi \u00bb et \u00ab maxi \u00bb. Un \u00e9largissement de gamme qui vient compl\u00e9ter l\u2019offre d\u00e9j\u00e0 existante pour b\u00e2timent tertiaire. Pour compl\u00e9ter son offre en solutions de pilotage, Atlantic Syst\u00e8mes pr\u00e9sente \u00e9galement sa nouvelle t\u00e9l\u00e9commande haut de gamme KAGAMI, qui vient simplifier le r\u00e9glage et la gestion des syst\u00e8mes de ventilation. Enfin, Atlantic Syst\u00e8mes \u00e9tend son offre de services pour inclure des prestations de d\u00e9montage et remontage de ses centrales de traitement d\u2019air, pour les mod\u00e8les SERENCIO R et ULTIMIO XL2, facilitant leurs installations sur les chantiers difficiles d&rsquo;acc\u00e8s.&nbsp;<\/p>\n\n\n\n<p class=\"has-sm-light-primary-color has-text-color has-background\" style=\"background-color:#80cfd5;font-size:25px\">&nbsp;De nouvelles solutions de traitement de l\u2019air sp\u00e9cialement adapt\u00e9es aux b\u00e2timents tertiaires&nbsp;<\/p>\n\n\n\n<div class=\"wp-block-media-text alignwide has-media-on-the-right is-stacked-on-mobile\" style=\"grid-template-columns:auto 29%\"><figure class=\"wp-block-media-text__media\"><img loading=\"lazy\" width=\"670\" height=\"916\" src=\"https:\/\/i1.wp.com\/batimedianews.com\/live\/wp-content\/uploads\/2024\/07\/image-120.png?resize=670%2C916\" alt=\"\" class=\"wp-image-38907 size-full\" srcset=\"https:\/\/i1.wp.com\/batimedianews.com\/live\/wp-content\/uploads\/2024\/07\/image-120.png?w=670&amp;ssl=1 670w, https:\/\/i1.wp.com\/batimedianews.com\/live\/wp-content\/uploads\/2024\/07\/image-120.png?resize=768%2C1049&amp;ssl=1 768w, https:\/\/i1.wp.com\/batimedianews.com\/live\/wp-content\/uploads\/2024\/07\/image-120.png?resize=432%2C591&amp;ssl=1 432w, https:\/\/i1.wp.com\/batimedianews.com\/live\/wp-content\/uploads\/2024\/07\/image-120.png?resize=396%2C541&amp;ssl=1 396w, https:\/\/i1.wp.com\/batimedianews.com\/live\/wp-content\/uploads\/2024\/07\/image-120.png?resize=660%2C902&amp;ssl=1 660w\" sizes=\"(max-width: 600px) 91vw, (max-width: 900px) 600px, (max-width: 1060px) 50vw, (max-width: 1200px) 520px, (max-width: 1400px) 43vw, 600px\" data-recalc-dims=\"1\" \/><\/figure><div class=\"wp-block-media-text__content\">\n<p>&nbsp;En 2023, Atlantic Syst\u00e8mes a pr\u00e9sent\u00e9 sa gamme CRITAIR de caissons d\u2019extraction basse consommation en version standard, con\u00e7ue et fabriqu\u00e9e dans les usines fran\u00e7aises du groupe. Aujourd\u2019hui cette gamme s\u2019\u00e9largit avec le lancement des mod\u00e8les \u00ab mini \u00bb, \u00ab flexi \u00bb et \u00ab maxi \u00bb en version isol\u00e9e, r\u00e9gul\u00e9e et isol\u00e9e et r\u00e9gul\u00e9e. Ces mod\u00e8les poss\u00e8dent un d\u00e9bit allant de 1000 \u00e0 12000 m3 par heure. Performante et silencieuse, la gamme CRITAIR est con\u00e7ue pour une installation et une maintenance ais\u00e9es, garantissant une int\u00e9gration optimale dans les b\u00e2timents tertiaires et industriels (amphith\u00e9\u00e2tres, open space, bureaux, salles de r\u00e9unions) au service de l\u2019am\u00e9lioration de la qualit\u00e9 de l\u2019air int\u00e9rieur.&nbsp;<\/p>\n\n\n\n<p>KAGAMI est une nouvelle t\u00e9l\u00e9commande design, tactile et personnalisable, sp\u00e9cialement adapt\u00e9e \u00e0 l\u2019h\u00f4tellerie ou tout autre \u00e9tablissement souhaitant mettre en avant son identit\u00e9 visuelle. Compatible avec l\u2019ensemble des offres VRF et split Atlantic \/ Fujitsu, elle offre une prise en main intuitive gr\u00e2ce \u00e0 son \u00e9cran tactile, qui permet de contr\u00f4ler facilement la temp\u00e9rature, le mode de fonctionnement et la vitesse du ventilateur. KAGAMI est \u00e9galement personnalisable avec un logo et peut se transformer en miroir en mode veille, garantissant ainsi une gestion optimale du confort thermique et une int\u00e9gration harmonieuse \u00e0 tout style de pi\u00e8ce.&nbsp;<\/p>\n<\/div><\/div>\n\n\n\n<p class=\"has-sm-light-primary-color has-text-color has-background\" style=\"background-color:#80cfd5;font-size:25px\">&nbsp;Un nouveau service de d\u00e9montage des centrales de traitement de l \u2019air au service des professionnels<\/p>\n\n\n\n<div class=\"wp-block-media-text alignwide is-stacked-on-mobile\" style=\"grid-template-columns:35% auto\"><figure class=\"wp-block-media-text__media\"><img loading=\"lazy\" width=\"670\" height=\"566\" src=\"https:\/\/i2.wp.com\/batimedianews.com\/live\/wp-content\/uploads\/2024\/07\/image-121.png?resize=670%2C566\" alt=\"\" class=\"wp-image-38908 size-full\" srcset=\"https:\/\/i2.wp.com\/batimedianews.com\/live\/wp-content\/uploads\/2024\/07\/image-121.png?w=670&amp;ssl=1 670w, https:\/\/i2.wp.com\/batimedianews.com\/live\/wp-content\/uploads\/2024\/07\/image-121.png?resize=768%2C648&amp;ssl=1 768w, https:\/\/i2.wp.com\/batimedianews.com\/live\/wp-content\/uploads\/2024\/07\/image-121.png?resize=432%2C365&amp;ssl=1 432w, https:\/\/i2.wp.com\/batimedianews.com\/live\/wp-content\/uploads\/2024\/07\/image-121.png?resize=396%2C335&amp;ssl=1 396w, https:\/\/i2.wp.com\/batimedianews.com\/live\/wp-content\/uploads\/2024\/07\/image-121.png?resize=660%2C558&amp;ssl=1 660w\" sizes=\"(max-width: 600px) 91vw, (max-width: 900px) 600px, (max-width: 1060px) 50vw, (max-width: 1200px) 520px, (max-width: 1400px) 43vw, 600px\" data-recalc-dims=\"1\" \/><\/figure><div class=\"wp-block-media-text__content\">\n<p class=\"has-normal-font-size\">&nbsp;Atlantic Syst\u00e8mes renforce \u00e9galement son accompagnement aupr\u00e8s des professionnels par la mise \u00e0 disposition de prestations de d\u00e9montage et de remontage de ses centrales de traitements d\u2019air. Les prestations propos\u00e9es par les techniciens certifient une qualit\u00e9 d\u2019installation, que ce soit dans le cadre d\u2019une pose ou d\u2019une d\u00e9pose d\u2019une centrale de traitement de l\u2019air. Cette intervention est disponible pour les gammes SERENCIO R et ULTIMIO XL2 m\u00eame dans les zones difficilement accessibles.&nbsp;<\/p>\n<\/div><\/div>\n\n\n\n<div class=\"wp-block-media-text alignwide has-media-on-the-right is-stacked-on-mobile\" style=\"grid-template-columns:auto 28%\"><figure class=\"wp-block-media-text__media\"><img loading=\"lazy\" width=\"720\" height=\"720\" src=\"https:\/\/i2.wp.com\/batimedianews.com\/live\/wp-content\/uploads\/2024\/07\/image-122.png?resize=720%2C720\" alt=\"\" class=\"wp-image-38909 size-full\" srcset=\"https:\/\/i2.wp.com\/batimedianews.com\/live\/wp-content\/uploads\/2024\/07\/image-122.png?resize=1024%2C1024&amp;ssl=1 1024w, https:\/\/i2.wp.com\/batimedianews.com\/live\/wp-content\/uploads\/2024\/07\/image-122.png?resize=600%2C600&amp;ssl=1 600w, https:\/\/i2.wp.com\/batimedianews.com\/live\/wp-content\/uploads\/2024\/07\/image-122.png?resize=300%2C300&amp;ssl=1 300w, https:\/\/i2.wp.com\/batimedianews.com\/live\/wp-content\/uploads\/2024\/07\/image-122.png?resize=1536%2C1536&amp;ssl=1 1536w, https:\/\/i2.wp.com\/batimedianews.com\/live\/wp-content\/uploads\/2024\/07\/image-122.png?resize=2048%2C2048&amp;ssl=1 2048w, https:\/\/i2.wp.com\/batimedianews.com\/live\/wp-content\/uploads\/2024\/07\/image-122.png?resize=10%2C10&amp;ssl=1 10w\" sizes=\"(max-width: 600px) 91vw, (max-width: 900px) 600px, (max-width: 1060px) 50vw, (max-width: 1200px) 520px, (max-width: 1400px) 43vw, 600px\" data-recalc-dims=\"1\" \/><\/figure><div class=\"wp-block-media-text__content\">\n<p class=\"has-medium-font-size\">&nbsp;Matthieu Cardon, Responsable de marque SYSTEMES, Atlantic PAC AIR\/AIR et Traitement de l\u2019air&nbsp;<\/p>\n\n\n\n<p><em>\u00ab L\u2019obtention de la certification Eurovent vient renforcer la volont\u00e9 d\u2019Atlantic Syst\u00e8mes de se positionner comme acteur majeur et expert du traitement de l\u2019air sur les march\u00e9s du tertiaire. Nos nouvelles solutions, telles que les nouveaux mod\u00e8les de la gamme CRITAIR et la t\u00e9l\u00e9commande KAGAMI, sont con\u00e7ues pour offrir une performance et une fiabilit\u00e9 optimales. En parall\u00e8le, nous nous effor\u00e7ons de fournir un soutien optimal \u00e0 nos professionnels, notamment \u00e0 travers des services tels que le d\u00e9montage et le remontage pour la SERENCIO R, ainsi que le d\u00e9couplage et le recouplage pour la ULTIMIO XL2.\u00bb&nbsp;<\/em><\/p>\n<\/div><\/div>\n\n\n\n<p class=\"has-sm-light-primary-color has-text-color has-background\" style=\"background-color:#80cfd5;font-size:25px\">Atlantic Syst\u00e8mes obtient la certification Eurovent pour ses mod\u00e8les ULTIMIO XL2, SERENCIO, et DUOTECH C4&nbsp;<\/p>\n\n\n\n<p>&nbsp;Les centrales de traitement d\u2019air d\u2019Atlantic Syst\u00e8mes ont obtenu la certification Eurovent, assurant la conformit\u00e9 aux normes de fabrication et l\u2019utilisation de composants agr\u00e9\u00e9s, tout en garantissant des performances optimales. Cette certification ind\u00e9pendante t\u00e9moigne de la transparence d\u2019Atlantic Syst\u00e8mes quant aux performances de ses produits, incluant la classe \u00e9nerg\u00e9tique, la rigidit\u00e9 m\u00e9canique, l\u2019\u00e9tanch\u00e9it\u00e9 \u00e0 l\u2019air, la r\u00e9duction des ponts thermiques et l\u2019efficacit\u00e9 des filtres. Les gammes certifi\u00e9es, telles que les mod\u00e8les ULTIMIO XL2, SERENCIO, et DUOTECH C4, offrent aux utilisateurs une garantie de qualit\u00e9 et de fiabilit\u00e9. Ces certifications permettent une comparaison \u00e9quitable des performances au b\u00e9n\u00e9fice des professionnels, facilitant ainsi le choix d\u2019\u00e9quipements adapt\u00e9s aux besoins sp\u00e9cifiques des bureaux, h\u00f4tels, \u00e9tablissements de sant\u00e9 et autres b\u00e2timents commerciaux. Atlantic Syst\u00e8mes s&rsquo;engage ainsi \u00e0 offrir les solutions les plus durables et performantes pour am\u00e9liorer la qualit\u00e9 de l\u2019air int\u00e9rieur dans le secteur du tertiaire.&nbsp;<\/p>\n\n\n\n<p class=\"has-small-font-size\">&nbsp;<strong>A PROPOS D\u2019ATLANTIC SYSTEMES&nbsp;<\/strong><\/p>\n\n\n\n<p class=\"has-small-font-size\">Atlantic Syst\u00e8mes, c\u2019est tout le savoir-faire et l\u2019accompagnement d\u2019Atlantic sur les march\u00e9s du Tertiaire, du Collectif et de l\u2019Industrie.&nbsp;<\/p>\n\n\n\n<p class=\"has-small-font-size\">Dans un march\u00e9 complexe, en constante mutation et toujours plus exigeant en termes de transition bas-carbone, chaque projet, chaque chantier se r\u00e9v\u00e8le unique et n\u00e9cessite une r\u00e9ponse sp\u00e9cifique.&nbsp;<\/p>\n\n\n\n<p class=\"has-small-font-size\">Atlantic Syst\u00e8mes est un v\u00e9ritable partenaire strat\u00e9gique qui fournit cette r\u00e9ponse d\u00e9cisive sur chaque d\u00e9fi m\u00e9tier, gr\u00e2ce \u00e0 une offre facilitante, une technologie multi-\u00e9nergies \u00e9prouv\u00e9e et des services sur-mesure.&nbsp;<\/p>\n\n\n\n<p class=\"has-small-font-size\">Gr\u00e2ce \u00e0 son approche par segment de march\u00e9 : h\u00f4tellerie, enseignement, bureaux, sant\u00e9, commerce, logements collectifs et industrie et \u00e0 des services sur-mesure, Atlantic Syst\u00e8mes se positionne comme un partenaire expert de tous les acteurs de la fili\u00e8re. Cette collaboration garantit un accompagnement adapt\u00e9 pour tous les projets dans le neuf comme en r\u00e9novation.&nbsp;<\/p>\n\n\n\n<p class=\"has-small-font-size\"><strong>A PROPOS DE LAMARQUE ATLANTIC&nbsp;<\/strong><\/p>\n\n\n\n<p class=\"has-small-font-size\">Atlantic est une marque fran\u00e7aise qui d\u00e9veloppe depuis plus de 50 ans des solutions de confort thermique multi-fonctions et multi-\u00e9nergies. Dans le march\u00e9 du neuf et de la r\u00e9novation, de l\u2019habitat (individuel et collectif) et du tertiaire, les offres Atlantic r\u00e9pondent aux exigences de bien-\u00eatre, d\u2019\u00e9conomie et d\u2019\u00e9cologie. Radiateurs \u00e9lectriques et s\u00e8che-serviettes, chaudi\u00e8res gaz et fioul, pompes \u00e0 chaleur air\/eau et air\/air, ventilation et traitement de l\u2019air, chauffe-eau \u00e9lectriques et thermodynamiques, autant de produits innovants alli\u00e9s \u00e0 un service personnalis\u00e9. Les appareils Atlantic sont install\u00e9s par des professionnels. S\u2019appuyant sur 13 sites industriels en France, Atlantic con\u00e7oit et fabrique l\u2019essentiel de ses solutions dans l\u2019hexagone. La marque s\u2019engage pour apporter \u00e0 tous ses clients plus de s\u00e9r\u00e9nit\u00e9.&nbsp;<\/p>\n","protected":false},"excerpt":{"rendered":"<p>Atlantic Syst\u00e8mes d\u00e9voile les nouvelles versions isol\u00e9e, r\u00e9gul\u00e9e et isol\u00e9e et r\u00e9gul\u00e9e de sa gamme de caissons d\u2019extraction basse consommation CRITAIR, disponibles en trois formats : \u00ab mini \u00bb, \u00ab flexi \u00bb et \u00ab maxi \u00bb. Un \u00e9largissement de gamme qui vient compl\u00e9ter l\u2019offre d\u00e9j\u00e0 existante pour b\u00e2timent tertiaire. Pour compl\u00e9ter son offre en solutions [&hellip;]<\/p>\n","protected":false},"author":41,"featured_media":38911,"comment_status":"open","ping_status":"open","sticky":true,"template":"","format":"standard","meta":{"spay_email":""},"categories":[4,99,127,134],"tags":[],"jetpack_featured_media_url":"https:\/\/i2.wp.com\/batimedianews.com\/live\/wp-content\/uploads\/2024\/07\/Atlantic.jpg?fit=1513%2C825&ssl=1","jetpack_sharing_enabled":true,"jetpack_likes_enabled":true,"jetpack-related-posts":[{"id":33164,"url":"https:\/\/batimedianews.com\/live\/index.php\/2023\/11\/21\/comment-atlantic-systemes-accompagne-les-marches-du-collectif-et-du-tertiaire-dans-la-transition-bas-carbone\/","url_meta":{"origin":38906,"position":0},"title":"Comment Atlantic Syst\u00e8mes accompagne les march\u00e9s du collectif et du tertiaire dans la transition bas carbone","date":"21 novembre 2023","format":false,"excerpt":"La transition bas carbone des b\u00e2timents tertiaires et collectifs est un d\u00e9fi complexe qui n\u00e9cessite l\u2019engagement de tous les acteurs de la fili\u00e8re. Chez Atlantic Syst\u00e8mes, nous sommes convaincus qu\u2019une approche globale permet de combiner recherche de confort thermique et r\u00e9duction de l\u2019impact environnemental des b\u00e2timents. Bureaux, enseignement, sant\u00e9, h\u00f4tellerie\u2026","rel":"","context":"Dans &quot;Actualit\u00e9 Entreprises&quot;","img":{"alt_text":"","src":"https:\/\/i2.wp.com\/batimedianews.com\/live\/wp-content\/uploads\/2023\/11\/atlantic-Image-articles-.jpg?fit=825%2C825&ssl=1&resize=350%2C200","width":350,"height":200},"classes":[]},{"id":33641,"url":"https:\/\/batimedianews.com\/live\/index.php\/2023\/12\/05\/en-2024-le-groupe-atlantic-fabriquera-des-groupes-froids-reversibles-au-r290\/","url_meta":{"origin":38906,"position":1},"title":"En 2024, le groupe Atlantic fabriquera des groupes froids r\u00e9versibles au R290","date":"5 d\u00e9cembre 2023","format":false,"excerpt":"Atlantic est connu pour ses solutions de chauffage, de ventilation et de production d\u2019eau chaude individuelles. Mais dans le groupe, la division Atlantic Syst\u00e8mes fabrique et commercialise des solutions de chauffage, de climatisation, de production d\u2019ECS et de ventilation pour les immeubles collectifs, pour les divers segments du tertiaire et\u2026","rel":"","context":"Dans &quot;Articles et analyses&quot;","img":{"alt_text":"","src":"https:\/\/i2.wp.com\/batimedianews.com\/live\/wp-content\/uploads\/2023\/12\/atlantic-image-.jpeg?fit=1080%2C1080&ssl=1&resize=350%2C200","width":350,"height":200},"classes":[]},{"id":40293,"url":"https:\/\/batimedianews.com\/live\/index.php\/2024\/10\/16\/comment-atlantic-systemes-repond-aux-enjeux-de-la-transition-bas-carbone-dans-les-batiments-tertiaires-et-lhabitat-collectif-a-travers-ses-systemes-centralises\/","url_meta":{"origin":38906,"position":2},"title":"Comment Atlantic Syst\u00e8mes r\u00e9pond aux enjeux de la transition bas-carbone dans les b\u00e2timents tertiaires et l\u2019habitat collectif \u00e0 travers ses syst\u00e8mes centralis\u00e9s.","date":"16 octobre 2024","format":false,"excerpt":"Dans un march\u00e9 complexe, en constante mutation et toujours plus exigeant en terme de transition bas-carbone, chaque projet, chaque chantier se r\u00e9v\u00e8le unique et n\u00e9cessite une r\u00e9ponse sp\u00e9cifi que. C\u2019est pourquoi chez Atlantic Syst\u00e8mes, nous proposons des solutions personnalis\u00e9es, fond\u00e9es sur une technologie multi-\u00e9nergies \u00e9prouv\u00e9e et une off re de\u2026","rel":"","context":"Dans &quot;Actualit\u00e9 Entreprises&quot;","img":{"alt_text":"","src":"https:\/\/i0.wp.com\/batimedianews.com\/live\/wp-content\/uploads\/2024\/10\/atlantic.jpg?fit=825%2C825&ssl=1&resize=350%2C200","width":350,"height":200},"classes":[]},{"id":29163,"url":"https:\/\/batimedianews.com\/live\/index.php\/2023\/06\/09\/atlantic-systemes-presente-skid-it-son-nouveau-module-de-sous-station-dechange-pour-les-reseaux-de-chaleur-urbains\/","url_meta":{"origin":38906,"position":3},"title":"Atlantic Syst\u00e8mes pr\u00e9sente SKID-IT, son nouveau module de sous-station d\u2019\u00e9change pour les r\u00e9seaux de chaleur urbains","date":"9 juin 2023","format":false,"excerpt":"https:\/\/vimeo.com\/744567343 Atlantic Syst\u00e8mes \u00e9toffe son offre de solutions d\u00e9di\u00e9es aux march\u00e9s des r\u00e9seaux de chaleur urbains (RCU) avec SKID-IT, un nouveau module \u00abcl\u00e9 en main\u00bb de sous-station d\u2019\u00e9change pour les RCU. Pr\u00e9mont\u00e9, pr\u00e9cabl\u00e9 et pr\u00eat \u00e0 raccorder, SKID-IT a \u00e9t\u00e9 con\u00e7u pour simplifier au maximum son int\u00e9gration dans les sous-stations\u2026","rel":"","context":"Dans &quot;Actualit\u00e9 Entreprises&quot;","img":{"alt_text":"","src":"https:\/\/i2.wp.com\/batimedianews.com\/live\/wp-content\/uploads\/2023\/06\/atlanticsystemes-Article.jpg?fit=1080%2C1080&ssl=1&resize=350%2C200","width":350,"height":200},"classes":[]},{"id":40003,"url":"https:\/\/batimedianews.com\/live\/index.php\/2024\/09\/26\/la-marque-atlantic-devoile-hygrogenius-sa-nouvelle-vmc-simple-flux-hygroreglable-a-regulation-intelligente-performante-silencieuse-et-esthetique-elle-est-adaptee-au-marche-residentiel-neuf-et-en\/","url_meta":{"origin":38906,"position":4},"title":"La marque Atlantic d\u00e9voile HYGROGENIUS, sa nouvelle VMC simple flux hygror\u00e9glable \u00e0 r\u00e9gulation intelligente. Performante, silencieuse et esth\u00e9tique, elle est adapt\u00e9e au march\u00e9 r\u00e9sidentiel, neuf et en r\u00e9novation.","date":"26 septembre 2024","format":false,"excerpt":"\u00a0La nouvelle gamme HYGROGENIUS a pour ambition de r\u00e9pondre aux attentes des consommateurs en termes d\u2019\u00e9conomies d\u2019\u00e9nergie, de confort acoustique et d\u2019esth\u00e9tisme. La marque Atlantic a pens\u00e9 HYGROGENIUS comme une solution globale de ventilation simple flux, intelligente, silencieuse, connect\u00e9e et performante. En int\u00e9grant une calibration au juste besoin et une\u2026","rel":"","context":"Dans &quot;Actualit\u00e9 Entreprises&quot;","img":{"alt_text":"","src":"https:\/\/i2.wp.com\/batimedianews.com\/live\/wp-content\/uploads\/2024\/09\/Atlantic.jpg?fit=825%2C825&ssl=1&resize=350%2C200","width":350,"height":200},"classes":[]},{"id":14252,"url":"https:\/\/batimedianews.com\/live\/index.php\/2021\/12\/06\/groupe-atlantic-poursuit-son-developpement-sur-le-marche-europeen-avec-lacquisition-de-ventiline\/","url_meta":{"origin":38906,"position":5},"title":"GROUPE ATLANTIC poursuit son d\u00e9veloppement sur le march\u00e9 Europ\u00e9en avec l\u2019acquisition de VENTILINE","date":"6 d\u00e9cembre 2021","format":false,"excerpt":"Jeudi 25 novembre, le GROUPE ATLANTIC annonce avoir finalis\u00e9 le rachat de Ventiline, fabricant belge de syst\u00e8mes de conduits d\u2019air en m\u00e9tal et importateur d\u2019unit\u00e9s de ventilation, confortant ainsi sa position de leader europ\u00e9en du confort thermique. Apr\u00e8s les r\u00e9centes acquisitions d\u2019Hautec, reconnu en Allemagne pour ses pompes \u00e0 chaleur\u2026","rel":"","context":"Dans &quot;Chauffage&quot;","img":{"alt_text":"","src":"https:\/\/i2.wp.com\/batimedianews.com\/live\/wp-content\/uploads\/2021\/12\/GroupeAtlantic-Article.jpg?fit=512%2C512&ssl=1&resize=350%2C200","width":350,"height":200},"classes":[]}],"_links":{"self":[{"href":"https:\/\/batimedianews.com\/live\/index.php\/wp-json\/wp\/v2\/posts\/38906"}],"collection":[{"href":"https:\/\/batimedianews.com\/live\/index.php\/wp-json\/wp\/v2\/posts"}],"about":[{"href":"https:\/\/batimedianews.com\/live\/index.php\/wp-json\/wp\/v2\/types\/post"}],"author":[{"embeddable":true,"href":"https:\/\/batimedianews.com\/live\/index.php\/wp-json\/wp\/v2\/users\/41"}],"replies":[{"embeddable":true,"href":"https:\/\/batimedianews.com\/live\/index.php\/wp-json\/wp\/v2\/comments?post=38906"}],"version-history":[{"count":2,"href":"https:\/\/batimedianews.com\/live\/index.php\/wp-json\/wp\/v2\/posts\/38906\/revisions"}],"predecessor-version":[{"id":38919,"href":"https:\/\/batimedianews.com\/live\/index.php\/wp-json\/wp\/v2\/posts\/38906\/revisions\/38919"}],"wp:featuredmedia":[{"embeddable":true,"href":"https:\/\/batimedianews.com\/live\/index.php\/wp-json\/wp\/v2\/media\/38911"}],"wp:attachment":[{"href":"https:\/\/batimedianews.com\/live\/index.php\/wp-json\/wp\/v2\/media?parent=38906"}],"wp:term":[{"taxonomy":"category","embeddable":true,"href":"https:\/\/batimedianews.com\/live\/index.php\/wp-json\/wp\/v2\/categories?post=38906"},{"taxonomy":"post_tag","embeddable":true,"href":"https:\/\/batimedianews.com\/live\/index.php\/wp-json\/wp\/v2\/tags?post=38906"}],"curies":[{"name":"wp","href":"https:\/\/api.w.org\/{rel}","templated":true}]}}