{"id":3903,"date":"2020-02-27T14:37:20","date_gmt":"2020-02-27T13:37:20","guid":{"rendered":"https:\/\/batimedianews.com\/live\/index.php\/2020\/02\/27\/exposition-intelligence-artificielle-et-architecture\/"},"modified":"2020-02-27T14:37:20","modified_gmt":"2020-02-27T13:37:20","slug":"exposition-intelligence-artificielle-et-architecture","status":"publish","type":"post","link":"https:\/\/batimedianews.com\/live\/index.php\/2020\/02\/27\/exposition-intelligence-artificielle-et-architecture\/","title":{"rendered":"Exposition intelligence artificielle et architecture"},"content":{"rendered":"\n<p>Elle se tiendra du 27 f\u00e9vrier 2020 au 5 Mars au Pavillon de l\u2019arsenal <\/p>\n\n\n\n<p>L\u2019intelligence artificielle (IA) a d\u00e9j\u00e0 investi nombres d\u2019industries et de disciplines en leur donnant les moyens de relever des d\u00e9fis jusque l\u00e0 in\u00e9dits et en rendant possible des op\u00e9rations trop complexes. Son utilisation dans le domaine de l\u2019Architecture en est encore \u00e0 ses d\u00e9buts, mais les premiers r\u00e9sultats obtenus sont prometteurs et les perspectives nombreuses.<\/p>\n\n\n\n<p>A&nbsp;cette occasion&nbsp;<strong>Bastien Dolla (co-fondateur et CTO de habx)<\/strong>&nbsp;interviendra notamment aux c\u00f4t\u00e9s de&nbsp; :&nbsp;<\/p>\n\n\n\n<ul><li><strong>Jean-Louis Missika&nbsp; &#8211;&nbsp;<\/strong>Adjoint &#8211; Urbanisme, architecture, projets du Grand Paris, d\u00e9veloppement \u00e9conomique et attractivit\u00e9 \u00e0 laMairie de Paris,<\/li><li><strong>Alexandre Labasse &#8211;<\/strong>&nbsp;Directeur G\u00e9n\u00e9ral du Pavillon de l&rsquo;Arsenal,<\/li><li><strong>Anders Kv\u00e5le &#8211;&nbsp;<\/strong>Co-fondateur et Pr\u00e9sident de Spacemaker,&nbsp;<\/li><li><strong>Stanislas Chaillou &#8211;&nbsp;<\/strong>Architecte et Chercheur en Intelligence Artificielle.<\/li><\/ul>\n\n\n\n<p>Bastien Dolla pr\u00e9sentera<strong> la solution habx : une nouvelle fa\u00e7on d\u2019acheter un appartement neuf gr\u00e2ce \u00e0 une solution technologique IA qui permet aux promoteurs de proposer aux particuliers d\u2019acheter un appartement neuf et de le personnaliser sans surco\u00fbt<\/strong>. A l\u2019heure o\u00f9 la personnalisation est un pr\u00e9-requis dans la grande consommation, habx offre aux personnes \u00e0 la recherche d\u2019un bien immobilier, d\u2019\u00eatre plus associ\u00e9s \u00e0 la conception de leur logement neuf, depuis la conception jusqu\u2019\u00e0 la livraison. <\/p>\n","protected":false},"excerpt":{"rendered":"<p>Elle se tiendra du 27 f\u00e9vrier 2020 au 5 Mars au Pavillon de l\u2019arsenal L\u2019intelligence artificielle (IA) a d\u00e9j\u00e0 investi nombres d\u2019industries et de disciplines en leur donnant les moyens de relever des d\u00e9fis jusque l\u00e0 in\u00e9dits et en rendant possible des op\u00e9rations trop complexes. Son utilisation dans le domaine de l\u2019Architecture en est encore [&hellip;]<\/p>\n","protected":false},"author":1,"featured_media":0,"comment_status":"open","ping_status":"open","sticky":false,"template":"","format":"standard","meta":{"spay_email":""},"categories":[4],"tags":[],"jetpack_featured_media_url":"","jetpack_sharing_enabled":true,"jetpack_likes_enabled":true,"jetpack-related-posts":[{"id":39193,"url":"https:\/\/batimedianews.com\/live\/index.php\/2024\/08\/01\/kline-presente-ses-nouveautes-au-sein-dun-pavillon-lumiere-innovant-et-immersif\/","url_meta":{"origin":3903,"position":0},"title":"K\u2022LINE pr\u00e9sente ses nouveaut\u00e9s au sein d\u2019un \u00ab pavillon lumi\u00e8re \u00bb innovant et immersif","date":"1 ao\u00fbt 2024","format":false,"excerpt":"BATIMAT 2024 Du 30 septembre au 3 octobre | Paris, Porte de Versailles Hall 4 stand G058 \u00c0 l\u2019occasion de Batimat, K\u2022LINE pr\u00e9sentera ses nouveaut\u00e9s 2024 \/ 2025 au sein d\u2019un \u00ab Pavillon Lumi\u00e8re \u00bb con\u00e7u par l\u2019agence d\u2019architecture nantaise Studio T\u00e9r\u00e9. Un \u00ab Pavillon Lumi\u00e8re \u00bb con\u00e7u pour offrir\u2026","rel":"","context":"Dans &quot;Actualit\u00e9 Entreprises&quot;","img":{"alt_text":"","src":"https:\/\/i2.wp.com\/batimedianews.com\/live\/wp-content\/uploads\/2024\/07\/KLine-articles-.jpg?fit=825%2C825&ssl=1&resize=350%2C200","width":350,"height":200},"classes":[]},{"id":3758,"url":"https:\/\/batimedianews.com\/live\/index.php\/2020\/02\/08\/le-parc-souvre-sur-la-ville\/","url_meta":{"origin":3903,"position":1},"title":"Le parc s&rsquo;ouvre sur la ville","date":"8 f\u00e9vrier 2020","format":false,"excerpt":"Paris Expo Porte de Versailles : La promesse d\u2019un parc d\u2019exposition de r\u00e9f\u00e9rence \u00ab Le projet de modernisation de Paris Expo Porte de Versailles vise \u00e0 conforter le leadership de Paris sur le march\u00e9 du voyage d\u2019affaires international. Nous r\u00e9inventons Paris Expo Porte de Versailles pour tous ses usagers, organisateurs,\u2026","rel":"","context":"Dans &quot;Actualit\u00e9 Entreprises&quot;","img":{"alt_text":"","src":"https:\/\/i1.wp.com\/batimedianews.com\/live\/wp-content\/uploads\/2020\/02\/viparis_image.jpg?fit=808%2C596&ssl=1&resize=350%2C200","width":350,"height":200},"classes":[]},{"id":27683,"url":"https:\/\/batimedianews.com\/live\/index.php\/2023\/04\/11\/architect-meets-innovation-a-architectwork-marseille-les-24-et-25-mai-2023\/","url_meta":{"origin":3903,"position":2},"title":"Architect meets innovation \u00e0 Architect@work Marseille les 24 et 25 mai 2023","date":"11 avril 2023","format":false,"excerpt":"Th\u00e8me de l'\u00e9dition 2023 : ARCHITECTURES VIVANTES ARCHITECT@WORK Marseille ouvrira ses portes, pour la 5e fois, les 24 et 25 mai 2023 au Parc Chanot.Cet \u00e9v\u00e9nement atypique, r\u00e9serv\u00e9 aux architectes et autres prescripteurs, proposera une s\u00e9lection de plus de 350 nouveaux produits, pr\u00e9sent\u00e9s par non moins de 120 industriels.Un programme\u2026","rel":"","context":"Dans &quot;Actualit\u00e9 Entreprises&quot;","img":{"alt_text":"","src":"https:\/\/i0.wp.com\/batimedianews.com\/live\/wp-content\/uploads\/2023\/04\/architect@work_article.jpeg?fit=1050%2C1050&ssl=1&resize=350%2C200","width":350,"height":200},"classes":[]},{"id":45929,"url":"https:\/\/batimedianews.com\/live\/index.php\/2025\/07\/17\/lexposition-universelle-2025-a-osaka-japon-vue-par-jean-pierre-laherre\/","url_meta":{"origin":3903,"position":3},"title":"L&rsquo;Exposition Universelle 2025 \u00e0 Osaka (Japon) vue par Jean-Pierre Laherre","date":"17 juillet 2025","format":false,"excerpt":"L\u2019Exposition universelle de 2025 \u00e0 Osaka (Japon) s\u2019est donn\u00e9e pour mission de \u00ab concevoir la soci\u00e9t\u00e9 du futur, imaginer nos vies de demain \u00bb, avec un accent sur le d\u00e9veloppement durable et l\u2019innovation sociale. Sur l\u2019\u00eele artificielle de Yumeshima dans la baie d\u2019Osaka, plus de 150 pays et organisations pr\u00e9sentent\u2026","rel":"","context":"Dans &quot;Actualit\u00e9 Entreprises&quot;","img":{"alt_text":"","src":"https:\/\/i1.wp.com\/batimedianews.com\/live\/wp-content\/uploads\/2025\/07\/jp.jpg?fit=1031%2C562&ssl=1&resize=350%2C200","width":350,"height":200},"classes":[]},{"id":43708,"url":"https:\/\/batimedianews.com\/live\/index.php\/2025\/03\/20\/graphisoft-participe-au-salon-bim-world-les-2-et-3-avril-2025-a-paris-porte-de-versailles\/","url_meta":{"origin":3903,"position":4},"title":"GRAPHISOFT participe au salon BIM world les 2 et 3 avril 2025 \u00e0 PARIS PORTE DE VERSAILLES","date":"20 mars 2025","format":false,"excerpt":"Graphisoft, pionnier en mati\u00e8re de logiciels BIM et reconnu pour le d\u00e9veloppement d\u2019Archicad\u00ae, solution destin\u00e9e aux architectes, sera pr\u00e9sente au Salon BIM World Paris, les 2 et 3 avril 2025.\u00a0 Ev\u00e9nement de r\u00e9f\u00e9rence dans la transformation digitale pour les b\u00e2timents, infrastructures et territoires, le BIM World Paris est un v\u00e9ritable\u2026","rel":"","context":"Dans &quot;Actualit\u00e9 Entreprises&quot;","img":{"alt_text":"","src":"https:\/\/i0.wp.com\/batimedianews.com\/live\/wp-content\/uploads\/2025\/03\/Graphisoft.jpg?fit=825%2C825&ssl=1&resize=350%2C200","width":350,"height":200},"classes":[]},{"id":43115,"url":"https:\/\/batimedianews.com\/live\/index.php\/2025\/02\/20\/en-direct-dart-capital-du-19-au-22-fevrier-2025-de-retour-au-grand-palais-historique\/","url_meta":{"origin":3903,"position":5},"title":"En direct d&rsquo;Art Capital du 19 au 22 f\u00e9vrier 2025, de retour au Grand Palais historique","date":"20 f\u00e9vrier 2025","format":false,"excerpt":"Pour les artistes et une arm\u00e9e de b\u00e9n\u00e9voles, ART CAPITAL demeure un tremplin indispensable au c\u0153ur de Paris et du Monde de l\u2019art C\u2019est une fiert\u00e9 in\u00e9gal\u00e9e pour les artistes ( plus de 3000 pour cette \u00e9dition ), d\u2019attirer depuis 2 jours l\u2019attention du Public. Grand Public, Officiels, C\u00e9l\u00e9brit\u00e9s, \u00c9tudiants\u2026","rel":"","context":"Dans &quot;Actualit\u00e9 Entreprises&quot;","img":{"alt_text":"","src":"https:\/\/i0.wp.com\/batimedianews.com\/live\/wp-content\/uploads\/2025\/02\/Artcapital-article-scaled.jpg?fit=1200%2C1200&ssl=1&resize=350%2C200","width":350,"height":200},"classes":[]}],"_links":{"self":[{"href":"https:\/\/batimedianews.com\/live\/index.php\/wp-json\/wp\/v2\/posts\/3903"}],"collection":[{"href":"https:\/\/batimedianews.com\/live\/index.php\/wp-json\/wp\/v2\/posts"}],"about":[{"href":"https:\/\/batimedianews.com\/live\/index.php\/wp-json\/wp\/v2\/types\/post"}],"author":[{"embeddable":true,"href":"https:\/\/batimedianews.com\/live\/index.php\/wp-json\/wp\/v2\/users\/1"}],"replies":[{"embeddable":true,"href":"https:\/\/batimedianews.com\/live\/index.php\/wp-json\/wp\/v2\/comments?post=3903"}],"version-history":[{"count":0,"href":"https:\/\/batimedianews.com\/live\/index.php\/wp-json\/wp\/v2\/posts\/3903\/revisions"}],"wp:attachment":[{"href":"https:\/\/batimedianews.com\/live\/index.php\/wp-json\/wp\/v2\/media?parent=3903"}],"wp:term":[{"taxonomy":"category","embeddable":true,"href":"https:\/\/batimedianews.com\/live\/index.php\/wp-json\/wp\/v2\/categories?post=3903"},{"taxonomy":"post_tag","embeddable":true,"href":"https:\/\/batimedianews.com\/live\/index.php\/wp-json\/wp\/v2\/tags?post=3903"}],"curies":[{"name":"wp","href":"https:\/\/api.w.org\/{rel}","templated":true}]}}