{"id":3934,"date":"2020-03-04T06:42:52","date_gmt":"2020-03-04T05:42:52","guid":{"rendered":"http:\/\/batimedianews.com\/live\/?p=3934"},"modified":"2021-10-20T13:07:15","modified_gmt":"2021-10-20T11:07:15","slug":"pole-sante-ouest-une-realisation-innovante-signee-schuco-sur-lile-de-la-reunion","status":"publish","type":"post","link":"https:\/\/batimedianews.com\/live\/index.php\/2020\/03\/04\/pole-sante-ouest-une-realisation-innovante-signee-schuco-sur-lile-de-la-reunion\/","title":{"rendered":"P\u00f4le Sant\u00e9 Ouest : une r\u00e9alisation innovante sign\u00e9e Sch\u00fcco sur l\u2019\u00cele de la R\u00e9union"},"content":{"rendered":"\n<p class=\"has-text-color has-vivid-cyan-blue-color\"><strong>ZONE TROPICALE \u2013 D\u00c9LAIS COURTS \u2013 \u00c9CO CONSTRUCTION \u2013 NORMES HOSPITALI\u00c8RES<\/strong><\/p>\n\n\n\n<p style=\"text-align:justify\" class=\"has-background has-pale-cyan-blue-background-color\"><strong>Sch\u00fcco, leader sur les enveloppes de b\u00e2timent innovantes, est fier de  pr\u00e9senter le P\u00f4le  Sant\u00e9 Ouest situ\u00e9 sur le site du Grand Pourpier \u00e0 Saint Paul (\u00cele de la R\u00e9union), qui avec ses  40 000m2 de b\u00e2timents r\u00e9partis sur 8 hectares, compte parmi les plus grands chantiers  men\u00e9s dans le  d\u00e9partement ces derni\u00e8res ann\u00e9es. Cette r\u00e9alisation a n\u00e9cessit\u00e9 tout le  savoir-faire de Sch\u00fcco pour r\u00e9pondre aux besoins de l\u2019architecte et  proposer un projet  mod\u00e8le en mati\u00e8re de construction bioclimatique, livr\u00e9 dans un temps record de 35 mois.<\/strong><\/p>\n\n\n\n<h2>CONSTRUIRE POUR LE CLIMAT TROPICAL : UN D\u00c9FI TECHNIQUE<\/h2>\n\n\n\n<figure class=\"wp-block-image\"><img loading=\"lazy\" width=\"720\" height=\"293\" src=\"https:\/\/i2.wp.com\/batimedianews.com\/live\/wp-content\/uploads\/2020\/03\/schuco1.jpg?resize=720%2C293\" alt=\"\" class=\"wp-image-3935\" srcset=\"https:\/\/i2.wp.com\/batimedianews.com\/live\/wp-content\/uploads\/2020\/03\/schuco1.jpg?resize=1024%2C417&amp;ssl=1 1024w, https:\/\/i2.wp.com\/batimedianews.com\/live\/wp-content\/uploads\/2020\/03\/schuco1.jpg?resize=300%2C122&amp;ssl=1 300w, https:\/\/i2.wp.com\/batimedianews.com\/live\/wp-content\/uploads\/2020\/03\/schuco1.jpg?resize=768%2C313&amp;ssl=1 768w, https:\/\/i2.wp.com\/batimedianews.com\/live\/wp-content\/uploads\/2020\/03\/schuco1.jpg?resize=10%2C4&amp;ssl=1 10w, https:\/\/i2.wp.com\/batimedianews.com\/live\/wp-content\/uploads\/2020\/03\/schuco1.jpg?resize=432%2C176&amp;ssl=1 432w, https:\/\/i2.wp.com\/batimedianews.com\/live\/wp-content\/uploads\/2020\/03\/schuco1.jpg?resize=396%2C161&amp;ssl=1 396w, https:\/\/i2.wp.com\/batimedianews.com\/live\/wp-content\/uploads\/2020\/03\/schuco1.jpg?resize=1120%2C456&amp;ssl=1 1120w, https:\/\/i2.wp.com\/batimedianews.com\/live\/wp-content\/uploads\/2020\/03\/schuco1.jpg?resize=660%2C269&amp;ssl=1 660w, https:\/\/i2.wp.com\/batimedianews.com\/live\/wp-content\/uploads\/2020\/03\/schuco1.jpg?resize=540%2C220&amp;ssl=1 540w, https:\/\/i2.wp.com\/batimedianews.com\/live\/wp-content\/uploads\/2020\/03\/schuco1.jpg?w=1347&amp;ssl=1 1347w\" sizes=\"(max-width: 600px) 91vw, (max-width: 900px) 600px, (max-width: 1060px) 50vw, (max-width: 1200px) 520px, (max-width: 1400px) 43vw, 600px\" data-recalc-dims=\"1\" \/><\/figure>\n\n\n\n<p style=\"text-align:justify\">Le climat tropical de l\u2019\u00eele de La R\u00e9union implique une gestion pertinente de la chaleur et de  l&rsquo;eau. Les architectes ont donc am\u00e9nag\u00e9 des dispositifs sp\u00e9cifiques con\u00e7us pour r\u00e9sister \u00e0  l\u2019humidit\u00e9 et aux variations de  temp\u00e9rature : noues d\u2019infiltration et de r\u00e9tention, collecteurs  des eaux de ruissellement issues des parkings et des voiries, et cr\u00e9ation d\u2019un bassin de  r\u00e9tention.<br> Canalis\u00e9es entre les deux ailes du b\u00e2timent, deux coul\u00e9es vertes apportent la fra\u00eecheur  indispensable en \u00e9t\u00e9 entre les fa\u00e7ades nord et sud, tandis qu&rsquo;en toiture, une \u00ab ombri\u00e8re \u00bb  surplombe chacun des trois b\u00e2timents sur toute leur p\u00e9riph\u00e9rie.<\/p>\n\n\n\n<p>Cette \u00ab casquette \u00bb forme une avanc\u00e9e protectrice contre le soleil et les  pluies tropicales.<br> Ind\u00e9pendamment de ces protections solaires, les sur-toitures des b\u00e2timents lat\u00e9raux  prot\u00e8gent et occultent les \u00e9quipements techniques en toiture. Le projet a \u00e9galement \u00e9t\u00e9  con\u00e7u pour recevoir une ferme photovolta\u00efque en sur-toiture.<\/p>\n\n\n\n<figure class=\"wp-block-image\"><img loading=\"lazy\" width=\"720\" height=\"483\" src=\"https:\/\/i2.wp.com\/batimedianews.com\/live\/wp-content\/uploads\/2020\/03\/schuco2.jpg?resize=720%2C483\" alt=\"\" class=\"wp-image-3936\" srcset=\"https:\/\/i2.wp.com\/batimedianews.com\/live\/wp-content\/uploads\/2020\/03\/schuco2.jpg?resize=1024%2C687&amp;ssl=1 1024w, https:\/\/i2.wp.com\/batimedianews.com\/live\/wp-content\/uploads\/2020\/03\/schuco2.jpg?resize=300%2C201&amp;ssl=1 300w, https:\/\/i2.wp.com\/batimedianews.com\/live\/wp-content\/uploads\/2020\/03\/schuco2.jpg?resize=768%2C515&amp;ssl=1 768w, https:\/\/i2.wp.com\/batimedianews.com\/live\/wp-content\/uploads\/2020\/03\/schuco2.jpg?resize=10%2C7&amp;ssl=1 10w, https:\/\/i2.wp.com\/batimedianews.com\/live\/wp-content\/uploads\/2020\/03\/schuco2.jpg?resize=432%2C290&amp;ssl=1 432w, https:\/\/i2.wp.com\/batimedianews.com\/live\/wp-content\/uploads\/2020\/03\/schuco2.jpg?resize=396%2C266&amp;ssl=1 396w, https:\/\/i2.wp.com\/batimedianews.com\/live\/wp-content\/uploads\/2020\/03\/schuco2.jpg?resize=660%2C443&amp;ssl=1 660w, https:\/\/i2.wp.com\/batimedianews.com\/live\/wp-content\/uploads\/2020\/03\/schuco2.jpg?resize=328%2C220&amp;ssl=1 328w, https:\/\/i2.wp.com\/batimedianews.com\/live\/wp-content\/uploads\/2020\/03\/schuco2.jpg?w=1055&amp;ssl=1 1055w\" sizes=\"(max-width: 600px) 91vw, (max-width: 900px) 600px, (max-width: 1060px) 50vw, (max-width: 1200px) 520px, (max-width: 1400px) 43vw, 600px\" data-recalc-dims=\"1\" \/><\/figure>\n\n\n\n<blockquote class=\"wp-block-quote\"><p>\u00ab La construction du Centre Hospitalier Ouest R\u00e9union a rapproch\u00e9  deux entit\u00e9s existantes : le Centre Hospitalier Gabriel-Martin et  l\u2019\u00c9tablissement Public de Sant\u00e9 Mentale de la R\u00e9union (EPSMR), pour  organiser efficacement leurs fonctions communes. Le CHOR est  implant\u00e9 sur le site class\u00e9 d\u2019une ancienne ferme sucri\u00e8re. La maison de  ma\u00eetre a \u00e9t\u00e9 r\u00e9habilit\u00e9e en b\u00e2timent administratif, l\u2019\u00e9curie, la demeure  du capitaine, tout a \u00e9t\u00e9 r\u00e9nov\u00e9 autour d\u2019une \u00ab place hospitali\u00e8re. <br> Le projet s\u2019inscrit dans une d\u00e9marche de certification  environnementale HQE (Haute Qualit\u00e9 Environnementale) qui valorise  les efforts apport\u00e9s en conception. La certification en r\u00e9alisation est en  cours de finalisation, avec un profil \u00ab Exceptionnel \u00bb, visant 9 cibles  environnementales en niveau \u00ab Tr\u00e8s Performant \u00bb.<br> Mahfoud Bennacer, Architecte partenaire AIA life Designers,  Directeur de projet<br> <\/p><\/blockquote>\n\n\n\n<h2>UNE CONSTRUCTION \u00c9CORESPONSABLE<\/h2>\n\n\n\n<p style=\"text-align:justify\">Pr\u00e9server la faune et la flore : les abords du chantier qui recelaient un  ancien syst\u00e8me  hydraulique avec moulin, viaduc et canal ont \u00e9t\u00e9  sauvegard\u00e9s. La faune et la flore de cet  \u00e9cosyst\u00e8me ont \u00e9t\u00e9 prot\u00e9g\u00e9es : l\u2019habitat d\u2019une esp\u00e8ce rare de chauve-souris a \u00e9t\u00e9 d\u00e9plac\u00e9 et l\u2019\u00e9clairage ext\u00e9rieur a \u00e9t\u00e9 ajust\u00e9 pour conserver les rep\u00e8res nocturnes d\u2019une colonie  d\u2019oiseaux.<br> R\u00e9duire l\u2019usage de la climatisation : le b\u00e2timent a \u00e9t\u00e9 orient\u00e9 de mani\u00e8re \u00e0 ce que les vents  dominants s\u2019engouffrent dans les coul\u00e9es vertes,  permettant ainsi la r\u00e9duction de la  climatisation pendant l\u2019\u00e9t\u00e9 Austral (novembre \u2013 f\u00e9vrier).<br> Une ventilation naturelle : l\u2019air qui traverse les chambres est aspir\u00e9 dans des patios int\u00e9rieurs.<br> En passant, le l\u00e9ger d\u00e9placement d\u2019air g\u00e9n\u00e8re une agr\u00e9able sensation de fra\u00eecheur sur la peau  des patients. Cet \u00ab effet Venturi* \u00bb a \u00e9t\u00e9 test\u00e9 dans la soufflerie Eiffel de Paris sur des  maquettes \u00e0 l\u2019\u00e9chelle des couloirs et  chambres du CHOR.<br> Une s\u00e9curit\u00e9 accrue : les brise-soleil orientables (BSO) Sch\u00fcco ont \u00e9t\u00e9 choisis pour \u00e9viter tout  risque (ils jouent le r\u00f4le de garde-corps), pour limiter l\u2019impact du rayonnement solaire,  pr\u00e9server la lumi\u00e8re naturelle ou l\u2019occulter compl\u00e8tement pour l\u2019intimit\u00e9 des patients. La  finesse des lames valorise l\u2019esth\u00e9tique du b\u00e2timent, et leur solidit\u00e9 r\u00e9pond aux contraintes  climatiques de l\u2019\u00eele (s\u00e9ismes, vents de 280 km\/h\u2026).<br> Des finitions esth\u00e9tiques : les menuiseries en aluminium Sch\u00fcco des 1 700 fen\u00eatres ont \u00e9t\u00e9  adapt\u00e9es \u00e0 toutes les exigences de maintenance du lieu et ont absorb\u00e9 les imperfections de  la structure b\u00e9ton. C\u00f4t\u00e9 fa\u00e7ade, l\u2019h\u00f4pital s\u2019habille des teintes min\u00e9rales de l\u2019\u00eele avec un  cama\u00efeu d\u2019ocre et de jaune souffre.<\/p>\n\n\n\n<figure class=\"wp-block-image\"><img loading=\"lazy\" width=\"720\" height=\"498\" src=\"https:\/\/i2.wp.com\/batimedianews.com\/live\/wp-content\/uploads\/2020\/03\/schuco3.jpg?resize=720%2C498\" alt=\"\" class=\"wp-image-3937\" srcset=\"https:\/\/i2.wp.com\/batimedianews.com\/live\/wp-content\/uploads\/2020\/03\/schuco3.jpg?resize=1024%2C708&amp;ssl=1 1024w, https:\/\/i2.wp.com\/batimedianews.com\/live\/wp-content\/uploads\/2020\/03\/schuco3.jpg?resize=300%2C207&amp;ssl=1 300w, https:\/\/i2.wp.com\/batimedianews.com\/live\/wp-content\/uploads\/2020\/03\/schuco3.jpg?resize=768%2C531&amp;ssl=1 768w, https:\/\/i2.wp.com\/batimedianews.com\/live\/wp-content\/uploads\/2020\/03\/schuco3.jpg?resize=10%2C7&amp;ssl=1 10w, https:\/\/i2.wp.com\/batimedianews.com\/live\/wp-content\/uploads\/2020\/03\/schuco3.jpg?resize=432%2C299&amp;ssl=1 432w, https:\/\/i2.wp.com\/batimedianews.com\/live\/wp-content\/uploads\/2020\/03\/schuco3.jpg?resize=396%2C274&amp;ssl=1 396w, https:\/\/i2.wp.com\/batimedianews.com\/live\/wp-content\/uploads\/2020\/03\/schuco3.jpg?resize=660%2C456&amp;ssl=1 660w, https:\/\/i2.wp.com\/batimedianews.com\/live\/wp-content\/uploads\/2020\/03\/schuco3.jpg?resize=318%2C220&amp;ssl=1 318w, https:\/\/i2.wp.com\/batimedianews.com\/live\/wp-content\/uploads\/2020\/03\/schuco3.jpg?w=1026&amp;ssl=1 1026w\" sizes=\"(max-width: 600px) 91vw, (max-width: 900px) 600px, (max-width: 1060px) 50vw, (max-width: 1200px) 520px, (max-width: 1400px) 43vw, 600px\" data-recalc-dims=\"1\" \/><\/figure>\n\n\n\n<blockquote class=\"wp-block-quote\"><p>\u00ab Sur le plan technique, les produits Sch\u00fcco int\u00e9gr\u00e9s dans le programme du  PSO r\u00e9pondent \u00e0 ses ambitions \u00e9cologiques et \u00e9conomiques. La ventilation  naturelle, essentielle dans une zone de forte chaleur, \u00e9vite la climatisation.<br> Nos jalousies RS60 &#8211; des ventelles en verre ou en aluminium &#8211; permettent \u00e0  l\u2019air ext\u00e9rieur de circuler dans les parties communes.<br> Nos quatre murs rideaux FW50+ de 7m de largeur sur 17m de hauteur  couvrent les fa\u00e7ades de 4 \u00e9tages. Les chambres sont \u00e9quip\u00e9es d\u2019occultants  en aluminium pour contr\u00f4ler leur ensoleillement. Nos fen\u00eatres AWS50  adapt\u00e9es au climat local (sans rupture de pont thermique) ont l\u2019\u00e9l\u00e9gance  fonctionnelle souhait\u00e9e par l\u2019architecte, avec de fines masses vues : nous  avons cr\u00e9\u00e9 des profil\u00e9s sp\u00e9cifiques pour la fixation des dormants au gros  oeuvre.<br> Sur le plan logistique, notre agence locale nous a permis d\u2019\u00eatre r\u00e9actifs.<br> Nous avons du stock sur place et nous avons fait venir des conteneurs de la  m\u00e9tropole. Un technicien est ensuite venu sur l\u2019\u00eele pour former notre  partenaire aux m\u00e9thodes de fabrication des ch\u00e2ssis et murs rideaux Sch\u00fcco.<br> Brice Soquet, Inspecteur des ventes Aluminium Sch\u00fcco<\/p><\/blockquote>\n","protected":false},"excerpt":{"rendered":"<p>ZONE TROPICALE \u2013 D\u00c9LAIS COURTS \u2013 \u00c9CO CONSTRUCTION \u2013 NORMES HOSPITALI\u00c8RES Sch\u00fcco, leader sur les enveloppes de b\u00e2timent innovantes, est fier de pr\u00e9senter le P\u00f4le Sant\u00e9 Ouest situ\u00e9 sur le site du Grand Pourpier \u00e0 Saint Paul (\u00cele de la R\u00e9union), qui avec ses 40 000m2 de b\u00e2timents r\u00e9partis sur 8 hectares, compte parmi les [&hellip;]<\/p>\n","protected":false},"author":1,"featured_media":3938,"comment_status":"open","ping_status":"open","sticky":false,"template":"","format":"standard","meta":{"spay_email":""},"categories":[4],"tags":[],"jetpack_featured_media_url":"https:\/\/i1.wp.com\/batimedianews.com\/live\/wp-content\/uploads\/2020\/03\/schuco2_image.jpg?fit=1436%2C964&ssl=1","jetpack_sharing_enabled":true,"jetpack_likes_enabled":true,"jetpack-related-posts":[{"id":28007,"url":"https:\/\/batimedianews.com\/live\/index.php\/2023\/04\/19\/schuco-air-lux-la-course-au-plus-grand-coulissant-se-poursuit-a-bau-2023\/","url_meta":{"origin":3934,"position":0},"title":"Sch\u00fcco, Air-lux, \u2026 la course au plus grand coulissant se poursuit \u00e0 BAU 2023","date":"19 avril 2023","format":false,"excerpt":"Nous avons visit\u00e9 le stand Sch\u00fcco en d\u00e9tail, d\u00e9couvert les nouveaux produits du Suisse air-lux et r\u00e9alis\u00e9 que l\u2019offre de fen\u00eatres de toits est bien plus large qu\u2019on l\u2019imagine. Pascal Poggi pour Batim\u00e9dia Voici, pour l\u2019instant, le plus grand coulissant que nous ayons vu \u00e0 BAU 2023\u00a0: jusqu\u2019\u00e0 1800 kg\u2026","rel":"","context":"Dans &quot;Articles et analyses&quot;","img":{"alt_text":"","src":"https:\/\/i1.wp.com\/batimedianews.com\/live\/wp-content\/uploads\/2023\/04\/3BAU-image-3.jpeg?fit=938%2C938&ssl=1&resize=350%2C200","width":350,"height":200},"classes":[]},{"id":27692,"url":"https:\/\/batimedianews.com\/live\/index.php\/2023\/04\/13\/schuco-pergolas-bioclimatiques-aluminium\/","url_meta":{"origin":3934,"position":1},"title":"Sch\u00fcco &#8211; Pergolas bioclimatiques Aluminium","date":"13 avril 2023","format":false,"excerpt":"Sch\u00fcco Pergolas Bioclimatiques Aluminium : notre offre pr\u00eat-\u00e0-poser\u00a0 Des espaces ext\u00e9rieurs qui allient design, confort, durabilit\u00e9 et protection toute l\u2019ann\u00e9e Sch\u00fcco, leader europ\u00e9en des menuiseries en aluminium, muscle son offre r\u00e9sidentielle avec sa gamme de pergolas pour habitation neuve ou restaur\u00e9e. Avec leur conception fran\u00e7aise sur mesure et leur quasi-infinit\u00e9\u2026","rel":"","context":"Dans &quot;pergola&quot;","img":{"alt_text":"","src":"https:\/\/i1.wp.com\/batimedianews.com\/live\/wp-content\/uploads\/2023\/04\/Schu\u0308coPhoto8.jpeg?fit=1150%2C764&ssl=1&resize=350%2C200","width":350,"height":200},"classes":[]},{"id":26786,"url":"https:\/\/batimedianews.com\/live\/index.php\/2023\/03\/10\/trois-nouvelles-nominations-chez-nge-batiment\/","url_meta":{"origin":3934,"position":2},"title":"Trois nouvelles nominations chez NGE B\u00c2TIMENT","date":"10 mars 2023","format":false,"excerpt":"NGE B\u00c2TIMENT, p\u00f4le B\u00e2timent du Groupe NGE, dont les comp\u00e9tences couvrent l\u2019ensemble des projets de construction et de r\u00e9novation \u00e0 forte technicit\u00e9 d\u2019ouvrages fonctionnels (bureaux, logements, h\u00f4tels et \u00e9quipements publics) annonce dans le cadre de son d\u00e9veloppement les nominations de : \u25cf Roger LOPES, en qualit\u00e9 de Directeur G\u00e9n\u00e9ral Adjoint\u2026","rel":"","context":"Dans &quot;Actualit\u00e9 Entreprises&quot;","img":{"alt_text":"","src":"https:\/\/i0.wp.com\/batimedianews.com\/live\/wp-content\/uploads\/2023\/03\/NGE-Batiment-Article.jpg?fit=1080%2C1080&ssl=1&resize=350%2C200","width":350,"height":200},"classes":[]},{"id":37435,"url":"https:\/\/batimedianews.com\/live\/index.php\/2024\/05\/28\/quarco-consolide-son-expertise-bois-avec-son-pole-dedie-et-des-chantiers-denvergure\/","url_meta":{"origin":3934,"position":3},"title":"QUARCO consolide son expertise bois avec son p\u00f4le d\u00e9di\u00e9 et des chantiers d\u2019envergure","date":"28 mai 2024","format":false,"excerpt":"Le savoir-faire de QUARCO en mati\u00e8re de structures et de constructions mixtes (bois-b\u00e9ton ou bois-m\u00e9tal) est \u00e0 ce jour reconnu. Le collectif cr\u00e9\u00e9 en septembre dernier renforce son \u00ab p\u00f4le bois \u00bb en misant sur la synergie des comp\u00e9tences, symboles de la qualit\u00e9 et de la force de l\u2019offre QUARCO\u2026","rel":"","context":"Dans &quot;Actualit\u00e9 Entreprises&quot;","img":{"alt_text":"","src":"https:\/\/i1.wp.com\/batimedianews.com\/live\/wp-content\/uploads\/2024\/05\/quarco-articles-.jpg?fit=825%2C825&ssl=1&resize=350%2C200","width":350,"height":200},"classes":[]},{"id":19701,"url":"https:\/\/batimedianews.com\/live\/index.php\/2022\/05\/09\/6614-jeunes-talents-batisseurs-recrutes-dans-les-quartiers-en-ile-de-france\/","url_meta":{"origin":3934,"position":4},"title":"6614 Jeunes Talents B\u00e2tisseurs recrut\u00e9s dans les quartiers en Ile-de-France","date":"9 mai 2022","format":false,"excerpt":"\u00c0 Paris, le 27\/04\/2022 \u2013 En 2021, l\u2019op\u00e9ration \u00ab 15 000 Jeunes Talents B\u00e2tisseurs \u00bb a permis de recruter, au sein de nos entreprises adh\u00e9rentes en Ile-de-France, 6 614 Jeunes Talents B\u00e2tisseurs issus des quartiers de la politique de la ville (QPV) et ressortissants hors Union europ\u00e9enne. Cela repr\u00e9sente 27%\u2026","rel":"","context":"Dans &quot;b\u00e2timent&quot;","img":{"alt_text":"","src":"https:\/\/i2.wp.com\/batimedianews.com\/live\/wp-content\/uploads\/2022\/05\/FFB-Article.jpg?fit=1080%2C1080&ssl=1&resize=350%2C200","width":350,"height":200},"classes":[]},{"id":47363,"url":"https:\/\/batimedianews.com\/live\/index.php\/2025\/10\/14\/a-caen-linkcity-realise-avec-cdc-habitat-grand-ouest-et-3f-normanvie-un-projet-a-haute-ambition-environnementale-dans-le-quartier-de-la-folie-couvrechef\/","url_meta":{"origin":3934,"position":5},"title":"\u00c0 Caen, Linkcity r\u00e9alise avec CDC Habitat Grand Ouest et 3F Normanvie un projet \u00e0 haute ambition environnementale dans le quartier de la Folie Couvrechef","date":"14 octobre 2025","format":false,"excerpt":"Dans le quartier de La Folie Couvrechef \u00e0 Caen, Linkcity d\u00e9veloppe avec CDC Habitat Grand Ouest et 3F Normanvie un projet immobilier exemplaire qui place le bois au coeur de sa conception. Pens\u00e9 comme un v\u00e9ritable d\u00e9monstrateur, ce programme mixte \u00e0 vocation sociale et locale de 90 logements illustre la\u2026","rel":"","context":"Dans &quot;Actualit\u00e9 Entreprises&quot;","img":{"alt_text":"","src":"https:\/\/i2.wp.com\/batimedianews.com\/live\/wp-content\/uploads\/2025\/10\/Linkcity_cdchabitat.jpg?fit=825%2C825&ssl=1&resize=350%2C200","width":350,"height":200},"classes":[]}],"_links":{"self":[{"href":"https:\/\/batimedianews.com\/live\/index.php\/wp-json\/wp\/v2\/posts\/3934"}],"collection":[{"href":"https:\/\/batimedianews.com\/live\/index.php\/wp-json\/wp\/v2\/posts"}],"about":[{"href":"https:\/\/batimedianews.com\/live\/index.php\/wp-json\/wp\/v2\/types\/post"}],"author":[{"embeddable":true,"href":"https:\/\/batimedianews.com\/live\/index.php\/wp-json\/wp\/v2\/users\/1"}],"replies":[{"embeddable":true,"href":"https:\/\/batimedianews.com\/live\/index.php\/wp-json\/wp\/v2\/comments?post=3934"}],"version-history":[{"count":2,"href":"https:\/\/batimedianews.com\/live\/index.php\/wp-json\/wp\/v2\/posts\/3934\/revisions"}],"predecessor-version":[{"id":3940,"href":"https:\/\/batimedianews.com\/live\/index.php\/wp-json\/wp\/v2\/posts\/3934\/revisions\/3940"}],"wp:featuredmedia":[{"embeddable":true,"href":"https:\/\/batimedianews.com\/live\/index.php\/wp-json\/wp\/v2\/media\/3938"}],"wp:attachment":[{"href":"https:\/\/batimedianews.com\/live\/index.php\/wp-json\/wp\/v2\/media?parent=3934"}],"wp:term":[{"taxonomy":"category","embeddable":true,"href":"https:\/\/batimedianews.com\/live\/index.php\/wp-json\/wp\/v2\/categories?post=3934"},{"taxonomy":"post_tag","embeddable":true,"href":"https:\/\/batimedianews.com\/live\/index.php\/wp-json\/wp\/v2\/tags?post=3934"}],"curies":[{"name":"wp","href":"https:\/\/api.w.org\/{rel}","templated":true}]}}