{"id":39419,"date":"2024-09-10T09:25:54","date_gmt":"2024-09-10T07:25:54","guid":{"rendered":"http:\/\/batimedianews.com\/live\/?p=39419"},"modified":"2025-04-08T20:31:32","modified_gmt":"2025-04-08T18:31:32","slug":"molinel-devoile-ses-nouveaux-catalogues-3-univers-3-couvertures-1-unique-message-we-are-molinel","status":"publish","type":"post","link":"https:\/\/batimedianews.com\/live\/index.php\/2024\/09\/10\/molinel-devoile-ses-nouveaux-catalogues-3-univers-3-couvertures-1-unique-message-we-are-molinel\/","title":{"rendered":"MOLINEL d\u00e9voile ses nouveaux catalogues : 3 univers, 3 couvertures, 1 unique message \u00ab we are molinel \u00bb"},"content":{"rendered":"\n<p>Visualiser la vid\u00e9o d\u00e9di\u00e9e : www.youtube.com\/watch?v=JAHzLw3mlQI<\/p>\n\n\n\n<p>Le sp\u00e9cialiste fran\u00e7ais des v\u00eatements professionnels MOLINEL est la seule marque \u00e0 couvrir la quasi-totalit\u00e9 des m\u00e9tiers \u00e0 travers quatre p\u00f4les \u00ab Workwear \u00bb, \u00ab M\u00e9tiers de bouche \u00bb, \u00ab Soins \u00e0 la personne \u00bb et \u00ab Fabrication sp\u00e9ciale \u00bb. Pour les trois premiers univers pour lesquels il d\u00e9veloppe des mod\u00e8les innovants (mixtes), MOLINEL a imagin\u00e9 de nouveaux catalogues <strong>affichant une charte graphique commune<\/strong>.<\/p>\n\n\n\n<p><strong>Leur couverture respective affiche le ton<\/strong> : un fond bleu et des casiers m\u00e9talliques pour sugg\u00e9rer le vestiaire des professionnels, un homme et une femme debout ou assis de face, le titre color\u00e9 qui met en \u00e9vidence l\u2019environnement professionnel et le slogan \u00ab We are MOLINEL \u00bb. Cette baseline <strong>met en avant tous les professionnels, leurs forces et le sens du collectif<\/strong> qui existe entre eux au quotidien, quelle que soit leur activit\u00e9. Elle rappelle \u00e9galement que la <strong>marque est pr\u00e9sente pour les accompagner tout au long de leur vie<\/strong>.<\/p>\n\n\n\n<p>\u00ab We are MOLINEL \u00bb va \u00e9galement au-del\u00e0 d\u2019une signature. C\u2019est un projet rassembleur, de professionnels provenant d\u2019univers diff\u00e9rents, d\u2019un r\u00e9seau de distribution partenaire, de collaborateurs fiers de faire partie de la famille MOLINEL. <strong>Une communaut\u00e9 de femmes et d\u2019hommes qui partage une vision commune.<\/strong><\/p>\n\n\n\n<div class=\"wp-block-columns\">\n<div class=\"wp-block-column\" style=\"flex-basis:66.66%\">\n<p><strong>WE ARE MOLINEL, UN PROJET RASSEMBLEUR<\/strong><\/p>\n\n\n\n<p>Ces 3 nouveaux catalogues mat\u00e9rialisent \u00e0 la fois l\u2019unit\u00e9 de MOLINEL, et sa volont\u00e9 de renforcer chaque territoire afin de gagner en visibilit\u00e9 avec une offre structur\u00e9e et la plus compl\u00e8te du march\u00e9. Ils sont le reflet du MOLINEL d\u2019aujourd\u2019hui, une marque ancr\u00e9e sur les diff\u00e9rents march\u00e9s depuis de nombreuses ann\u00e9es, une marque de proximit\u00e9, experte, innovante et ambitieuse. Le mot \u00ab Here \u00bb incarne l\u2019engagement commun de tous ces professionnels.<\/p>\n\n\n\n<div class=\"wp-block-columns\">\n<div class=\"wp-block-column\" style=\"flex-basis:33.33%\">\n<p><strong>HERE WE WORK<\/strong><\/p>\n\n\n\n<p><\/p>\n\n\n\n<p><strong>HERE WE COOK<\/strong><\/p>\n\n\n\n<p><\/p>\n\n\n\n<p><strong>HERE WE CARE<\/strong><\/p>\n<\/div>\n\n\n\n<div class=\"wp-block-column\" style=\"flex-basis:66.66%\">\n<p>D\u00e9di\u00e9 au Workwear, ce catalogue s\u2019inscrit dans la continuit\u00e9 des engagements RSE du programme \u00ab Act with MOLINEL \u00bb. Il fait la part belle aux collections \u00e9co-responsables dont la derni\u00e8re-n\u00e9e LukLight R\u2019FLEX.<\/p>\n\n\n\n<p>Le catalogue M\u00e9tiers de Bouche met \u00e0 l\u2019honneur les nouveaux coloris des mod\u00e8les incontournables : la veste de cuisine SHADE, le pantalon PEBEO et la ligne pour le service YOUN\u2019Z.<\/p>\n\n\n\n<p>Le catalogue Soins \u00e0 la personne (Hasson) s\u2019organise autour d\u2019une nouvelle segmentation afin de faciliter la recherche selon les m\u00e9tiers :<\/p>\n\n\n\n<ul><li>\u00ab Essentiels \u00bb &#8211; des mod\u00e8les destin\u00e9s aux collectivit\u00e9s, efficaces, fonctionnels et dans une vari\u00e9t\u00e9 de couleurs.<\/li><li>\u00ab Pure \u00bb : une offre con\u00e7ue pour les professionnels du secteur de la sant\u00e9, dans un style contemporain et facilement identifiable.<\/li><li>\u00ab Wellness \u00bb : des mod\u00e8les raffin\u00e9s pour tous les professionnels du bien-\u00eatre.<\/li><\/ul>\n<\/div>\n<\/div>\n<\/div>\n\n\n\n<div class=\"wp-block-column\" style=\"flex-basis:33.33%\">\n<figure class=\"wp-block-image size-full\"><img loading=\"lazy\" width=\"326\" height=\"424\" src=\"https:\/\/i0.wp.com\/batimedianews.com\/live\/wp-content\/uploads\/2024\/09\/molinelPhoto1.jpg?resize=326%2C424\" alt=\"\" class=\"wp-image-39420\" srcset=\"https:\/\/i0.wp.com\/batimedianews.com\/live\/wp-content\/uploads\/2024\/09\/molinelPhoto1.jpg?w=326&amp;ssl=1 326w, https:\/\/i0.wp.com\/batimedianews.com\/live\/wp-content\/uploads\/2024\/09\/molinelPhoto1.jpg?resize=768%2C998&amp;ssl=1 768w\" sizes=\"(max-width: 600px) 91vw, (max-width: 900px) 600px, (max-width: 1060px) 50vw, (max-width: 1200px) 520px, (max-width: 1400px) 43vw, 600px\" data-recalc-dims=\"1\" \/><\/figure>\n\n\n\n<figure class=\"wp-block-image size-full\"><img loading=\"lazy\" width=\"326\" height=\"424\" src=\"https:\/\/i1.wp.com\/batimedianews.com\/live\/wp-content\/uploads\/2024\/09\/molinelPhoto2.jpg?resize=326%2C424\" alt=\"\" class=\"wp-image-39421\" srcset=\"https:\/\/i1.wp.com\/batimedianews.com\/live\/wp-content\/uploads\/2024\/09\/molinelPhoto2.jpg?w=326&amp;ssl=1 326w, https:\/\/i1.wp.com\/batimedianews.com\/live\/wp-content\/uploads\/2024\/09\/molinelPhoto2.jpg?resize=768%2C998&amp;ssl=1 768w\" sizes=\"(max-width: 600px) 91vw, (max-width: 900px) 600px, (max-width: 1060px) 50vw, (max-width: 1200px) 520px, (max-width: 1400px) 43vw, 600px\" data-recalc-dims=\"1\" \/><\/figure>\n\n\n\n<figure class=\"wp-block-image size-large\"><img loading=\"lazy\" width=\"720\" height=\"720\" src=\"https:\/\/i2.wp.com\/batimedianews.com\/live\/wp-content\/uploads\/2024\/09\/molinelPhoto3.jpg?resize=720%2C720\" alt=\"\" class=\"wp-image-39422\" srcset=\"https:\/\/i2.wp.com\/batimedianews.com\/live\/wp-content\/uploads\/2024\/09\/molinelPhoto3.jpg?resize=1024%2C1024&amp;ssl=1 1024w, https:\/\/i2.wp.com\/batimedianews.com\/live\/wp-content\/uploads\/2024\/09\/molinelPhoto3.jpg?resize=600%2C600&amp;ssl=1 600w, https:\/\/i2.wp.com\/batimedianews.com\/live\/wp-content\/uploads\/2024\/09\/molinelPhoto3.jpg?resize=300%2C300&amp;ssl=1 300w, https:\/\/i2.wp.com\/batimedianews.com\/live\/wp-content\/uploads\/2024\/09\/molinelPhoto3.jpg?resize=1536%2C1536&amp;ssl=1 1536w, https:\/\/i2.wp.com\/batimedianews.com\/live\/wp-content\/uploads\/2024\/09\/molinelPhoto3.jpg?resize=2048%2C2048&amp;ssl=1 2048w, https:\/\/i2.wp.com\/batimedianews.com\/live\/wp-content\/uploads\/2024\/09\/molinelPhoto3.jpg?resize=10%2C10&amp;ssl=1 10w\" sizes=\"(max-width: 600px) 91vw, (max-width: 900px) 600px, (max-width: 1060px) 50vw, (max-width: 1200px) 520px, (max-width: 1400px) 43vw, 600px\" data-recalc-dims=\"1\" \/><\/figure>\n<\/div>\n<\/div>\n\n\n\n<p><\/p>\n","protected":false},"excerpt":{"rendered":"<p>Visualiser la vid\u00e9o d\u00e9di\u00e9e : www.youtube.com\/watch?v=JAHzLw3mlQI Le sp\u00e9cialiste fran\u00e7ais des v\u00eatements professionnels MOLINEL est la seule marque \u00e0 couvrir la quasi-totalit\u00e9 des m\u00e9tiers \u00e0 travers quatre p\u00f4les \u00ab Workwear \u00bb, \u00ab M\u00e9tiers de bouche \u00bb, \u00ab Soins \u00e0 la personne \u00bb et \u00ab Fabrication sp\u00e9ciale \u00bb. Pour les trois premiers univers pour lesquels il d\u00e9veloppe [&hellip;]<\/p>\n","protected":false},"author":41,"featured_media":39423,"comment_status":"open","ping_status":"open","sticky":false,"template":"","format":"standard","meta":{"spay_email":""},"categories":[4,1388],"tags":[],"jetpack_featured_media_url":"https:\/\/i1.wp.com\/batimedianews.com\/live\/wp-content\/uploads\/2024\/09\/molinel-articles-.jpg?fit=1513%2C825&ssl=1","jetpack_sharing_enabled":true,"jetpack_likes_enabled":true,"jetpack-related-posts":[{"id":29563,"url":"https:\/\/batimedianews.com\/live\/index.php\/2023\/06\/21\/molinel-lance-sa-collection-capsule-reborn-quand-danciens-vetements-professionnels-sont-upcycles-en-pieces-uniques-pour-toutes-et-tous\/","url_meta":{"origin":39419,"position":0},"title":"MOLINEL lance sa collection capsule \u00ab REBORN \u00bb : quand d&rsquo;anciens v\u00eatements professionnels sont upcycl\u00e9s en pi\u00e8ces uniques pour toutes et tous","date":"21 juin 2023","format":false,"excerpt":"MOLINEL, fabricant de v\u00eatements professionnels, propose pour la premi\u00e8re fois au grand public une collection capsule. Baptis\u00e9e REBORN, cette \u00e9dition limit\u00e9e upcycl\u00e9e se compose de 300 mod\u00e8les uniques cr\u00e9\u00e9s \u00e0 partir de v\u00eatements workwear de fin de s\u00e9rie MOLINEL : vestes et blousons zip redesign\u00e9s, cottes transform\u00e9es en salopettes courtes,\u2026","rel":"","context":"Dans &quot;Actualit\u00e9 Entreprises&quot;","img":{"alt_text":"","src":"https:\/\/i1.wp.com\/batimedianews.com\/live\/wp-content\/uploads\/2023\/06\/Molinel-Article.jpg?fit=1080%2C1080&ssl=1&resize=350%2C200","width":350,"height":200},"classes":[]},{"id":24711,"url":"https:\/\/batimedianews.com\/live\/index.php\/2022\/11\/14\/2022-molinel-vetements-professionnels-nouveau-pantalon-stretch-moovy-le-confort-en-couleur\/","url_meta":{"origin":39419,"position":1},"title":"2022 MOLINEL &#8211; v\u00eatements professionnels &#8211; nouveau pantalon stretch  \u00ab MOOVY \u00bb : le confort en couleur","date":"14 novembre 2022","format":false,"excerpt":"\u00a0Un nouveau pantalon vient enrichir le vestiaire du concepteur fran\u00e7ais de v\u00eatements professionnels MOLINEL ! Stretch et color\u00e9, ce mod\u00e8le, baptis\u00e9 \u00ab MOOVY \u00bb, allie le confort au style d\u00e9contract\u00e9 pour le plus grand bonheur des professionnels (artisans, op\u00e9rateurs de fabrication, paysagistes, caristes, magasiniers, vendeurs en magasin de bricolage\u2026). Son\u2026","rel":"","context":"Dans &quot;Actualit\u00e9 Entreprises&quot;","img":{"alt_text":"","src":"https:\/\/i2.wp.com\/batimedianews.com\/live\/wp-content\/uploads\/2022\/11\/Molinel-Article.jpg?fit=1080%2C1080&ssl=1&resize=350%2C200","width":350,"height":200},"classes":[]},{"id":15657,"url":"https:\/\/batimedianews.com\/live\/index.php\/2022\/02\/07\/2022-molinel-vetements-professionnels\/","url_meta":{"origin":39419,"position":2},"title":"2022 MOLINEL V\u00caTEMENTS PROFESSIONNELS","date":"7 f\u00e9vrier 2022","format":false,"excerpt":"\u00a0L\u2019\u00c9QUIPE MOLIN\u2019ELLES PARTICIPE\u00a0 AU TREK SPORTIF ET SOLIDAIRE \u00ab ELLES MARCHENT \u00bb\u00a0 Prochainement, 4 collaboratrices de MOLINEL*, sp\u00e9cialiste des v\u00eatements professionnels, participeront au trek 100 % f\u00e9minin \u00ab Elles Marchent \u00bb organis\u00e9 par l\u2019association \u00ab Le D\u00e9fi du coeur \u00bb. Maryline BECT, Jocelyne BERNIGAUD, St\u00e9phanie PACOUD et Emilie PEIGNE PALUN\u2026","rel":"","context":"Dans &quot;Actualit\u00e9 Entreprises&quot;","img":{"alt_text":"","src":"https:\/\/i0.wp.com\/batimedianews.com\/live\/wp-content\/uploads\/2022\/02\/Molinel-Article.jpg?fit=512%2C512&ssl=1&resize=350%2C200","width":350,"height":200},"classes":[]},{"id":10751,"url":"https:\/\/batimedianews.com\/live\/index.php\/2021\/06\/30\/2021-molinel-vetements-professionnels\/","url_meta":{"origin":39419,"position":3},"title":"2021 MOLINEL V\u00caTEMENTS PROFESSIONNELS","date":"30 juin 2021","format":false,"excerpt":"OVERMAX : UNE NOUVELLE COLLECTION HAUTE EN COULEURS ET EN PERFORMANCES\u00a0 \u00a0www.youtube.com\/watch?v=BixLBOSA3io\u00a0 Le sp\u00e9cialiste fran\u00e7ais des v\u00eatements professionnels MOLINEL enrichit son offre WORKWEAR avec sa nouvelle collection OVERMAX. Sa particularit\u00e9 ? \u00catre la seule ligne \u00e0 \u00eatre confectionn\u00e9e \u00e0 partir de trois fibres (Serg\u00e9 stretch 47 % coton\/ 35 %\u2026","rel":"","context":"Dans &quot;Actualit\u00e9 Entreprises&quot;","img":{"alt_text":"","src":"https:\/\/i1.wp.com\/batimedianews.com\/live\/wp-content\/uploads\/2021\/06\/moline-Article.jpg?fit=512%2C512&ssl=1&resize=350%2C200","width":350,"height":200},"classes":[]},{"id":20622,"url":"https:\/\/batimedianews.com\/live\/index.php\/2022\/05\/31\/2022-molinel-vetements-professionnels-2\/","url_meta":{"origin":39419,"position":4},"title":"2022 Molinel : v\u00eatements professionnels","date":"31 mai 2022","format":false,"excerpt":"\u00a0NOUVELLE GAMME PULS 2 : DEUX COLLECTIONS WORKWEAR \u00ab JOIN THE WAVE \u00bb ET \u00ab SURVIVAL \u00bb, REFLETS D\u2019UNE PERSONNALIT\u00c9 ASSUM\u00c9E\u00a0 Aujourd\u2019hui vie professionnelle et personnelle s\u2019entrem\u00ealent. L\u2019envie que son v\u00eatement de travail refl\u00e8te sa personnalit\u00e9 correspond au souhait de le porter \u00e9galement dans la vie quotidienne. C\u2019est \u00e0 ce\u2026","rel":"","context":"Dans &quot;Actualit\u00e9 Entreprises&quot;","img":{"alt_text":"","src":"https:\/\/i1.wp.com\/batimedianews.com\/live\/wp-content\/uploads\/2022\/05\/Molinel-Article.jpg?fit=1080%2C1080&ssl=1&resize=350%2C200","width":350,"height":200},"classes":[]},{"id":33995,"url":"https:\/\/batimedianews.com\/live\/index.php\/2023\/12\/19\/exclusif-sur-le-marche-la-gamme-haute-visibilite-de-molinel-setoffe-avec-luklight-rflex-vetements-normes-stretch-et-concus-dans-des-tissus-ecoresponsables\/","url_meta":{"origin":39419,"position":5},"title":"Exclusif sur le march\u00e9 ! La gamme haute visibilit\u00e9 de Molinel s\u2019\u00e9toffe avec \u00ab luklight r\u2019flex \u00bb : v\u00eatements norm\u00e9s, stretch et con\u00e7us dans des tissus \u00e9coresponsables","date":"19 d\u00e9cembre 2023","format":false,"excerpt":"\u00a0Lien vid\u00e9o : https:\/\/youtu.be\/QITlafvjSDM\u00a0 \u00a0Courant premier trimestre 2024, MOLINEL lancera la commercialisation de LUKLIGHT R\u2019FLEX. Une ligne de v\u00eatements professionnels qui cumule de nombreux atouts : la s\u00e9curit\u00e9 optimale avec la norme haute visibilit\u00e9 (EN20471), la garantie d\u2019un entretien industriel (ISO15797), et des tissus \u00e0 la fois stretch et \u00e9coresponsables.\u2026","rel":"","context":"Dans &quot;Actualit\u00e9 Entreprises&quot;","img":{"alt_text":"","src":"https:\/\/i2.wp.com\/batimedianews.com\/live\/wp-content\/uploads\/2023\/12\/Molinel-Image-articles-.jpg?fit=825%2C825&ssl=1&resize=350%2C200","width":350,"height":200},"classes":[]}],"_links":{"self":[{"href":"https:\/\/batimedianews.com\/live\/index.php\/wp-json\/wp\/v2\/posts\/39419"}],"collection":[{"href":"https:\/\/batimedianews.com\/live\/index.php\/wp-json\/wp\/v2\/posts"}],"about":[{"href":"https:\/\/batimedianews.com\/live\/index.php\/wp-json\/wp\/v2\/types\/post"}],"author":[{"embeddable":true,"href":"https:\/\/batimedianews.com\/live\/index.php\/wp-json\/wp\/v2\/users\/41"}],"replies":[{"embeddable":true,"href":"https:\/\/batimedianews.com\/live\/index.php\/wp-json\/wp\/v2\/comments?post=39419"}],"version-history":[{"count":2,"href":"https:\/\/batimedianews.com\/live\/index.php\/wp-json\/wp\/v2\/posts\/39419\/revisions"}],"predecessor-version":[{"id":39568,"href":"https:\/\/batimedianews.com\/live\/index.php\/wp-json\/wp\/v2\/posts\/39419\/revisions\/39568"}],"wp:featuredmedia":[{"embeddable":true,"href":"https:\/\/batimedianews.com\/live\/index.php\/wp-json\/wp\/v2\/media\/39423"}],"wp:attachment":[{"href":"https:\/\/batimedianews.com\/live\/index.php\/wp-json\/wp\/v2\/media?parent=39419"}],"wp:term":[{"taxonomy":"category","embeddable":true,"href":"https:\/\/batimedianews.com\/live\/index.php\/wp-json\/wp\/v2\/categories?post=39419"},{"taxonomy":"post_tag","embeddable":true,"href":"https:\/\/batimedianews.com\/live\/index.php\/wp-json\/wp\/v2\/tags?post=39419"}],"curies":[{"name":"wp","href":"https:\/\/api.w.org\/{rel}","templated":true}]}}