{"id":39551,"date":"2024-09-11T09:51:17","date_gmt":"2024-09-11T07:51:17","guid":{"rendered":"http:\/\/batimedianews.com\/live\/?p=39551"},"modified":"2025-04-08T20:31:12","modified_gmt":"2025-04-08T18:31:12","slug":"interclima-2024-met-laccent-sur-le-tertiaire","status":"publish","type":"post","link":"https:\/\/batimedianews.com\/live\/index.php\/2024\/09\/11\/interclima-2024-met-laccent-sur-le-tertiaire\/","title":{"rendered":"INTERCLIMA 2024 met l\u2019accent sur le tertiaire"},"content":{"rendered":"\n<p><strong>INTERCLIMA 2024 organis\u00e9 par RX et Uniclima et qui se tiendra du 30 septembre au 3 octobre \u00e0 Paris-Porte de Versailles est un rendez-vous attendu pour tous les acteurs du g\u00e9nie climatique. Au travers de conf\u00e9rences et d\u2019ateliers, les visiteurs pourront d\u00e9couvrir les derni\u00e8res technologies en mati\u00e8re d\u2019efficacit\u00e9 \u00e9nerg\u00e9tique et en savoir plus sur les r\u00e9glementations cl\u00e9s du secteur. Pour l\u2019\u00e9dition 2024, l\u2019accent est mis sur le tertiaire avec un espace enti\u00e8rement consacr\u00e9 \u00e0 ce sujet phare et de nombreuses conf\u00e9rences tout au long des 4 jours.&nbsp;<\/strong><\/p>\n\n\n\n<p class=\"has-text-color\" style=\"color:#7200a3\">&nbsp;<strong>LE TERTIAIRE AU COEUR DU SALON&nbsp;<\/strong><\/p>\n\n\n\n<p>Les r\u00e9glementations ne cessent d\u2019\u00e9voluer. Ainsi, depuis le 1er juillet 2022, la RE2020 s\u2019applique \u00e0 certaines cat\u00e9gories de b\u00e2timents tertiaires (bureaux et \u00e9tablissements d\u2019enseignement primaire et secondaire). Les exigences pr\u00e9cises pour d\u2019autres b\u00e2timents sont en cours de finalisation et feront l\u2019objet de communication sur <strong>INTERCLIMA<\/strong>. Par ailleurs, la nouvelle directive europ\u00e9enne sur la performance \u00e9nerg\u00e9tique des b\u00e2timents, adopt\u00e9e en avril 2024, implique aussi de faire \u00e9voluer le d\u00e9cret tertiaire. Autant de changements qu\u2019il est n\u00e9cessaire d\u2019expliquer pour que chaque acteur puisse les appliquer.&nbsp;<\/p>\n\n\n\n<p>C\u2019est pour d\u00e9crypter ces \u00e9volutions qu\u2019<strong>INTERCLIMA <\/strong>propose cette ann\u00e9e aux visiteurs un programme sp\u00e9cifique avec des experts, des prises de parole et de nombreux \u00e9changes.&nbsp;<\/p>\n\n\n\n<div class=\"wp-block-image\"><figure class=\"alignleft size-full is-resized\"><img loading=\"lazy\" src=\"https:\/\/i2.wp.com\/batimedianews.com\/live\/wp-content\/uploads\/2024\/09\/image-40.png?resize=211%2C97\" alt=\"\" class=\"wp-image-39552\" width=\"211\" height=\"97\" srcset=\"https:\/\/i2.wp.com\/batimedianews.com\/live\/wp-content\/uploads\/2024\/09\/image-40.png?w=402&amp;ssl=1 402w, https:\/\/i2.wp.com\/batimedianews.com\/live\/wp-content\/uploads\/2024\/09\/image-40.png?resize=768%2C351&amp;ssl=1 768w, https:\/\/i2.wp.com\/batimedianews.com\/live\/wp-content\/uploads\/2024\/09\/image-40.png?resize=396%2C181&amp;ssl=1 396w\" sizes=\"(max-width: 600px) 91vw, (max-width: 900px) 600px, (max-width: 1060px) 50vw, (max-width: 1200px) 520px, (max-width: 1400px) 43vw, 600px\" data-recalc-dims=\"1\" \/><\/figure><\/div>\n\n\n\n<p>&nbsp;La zone d\u00e9di\u00e9e aux solutions tertiaires s\u2019\u00e9tend sur 3500 m2. Elle invite les visiteurs \u00e0 d\u00e9couvrir les derni\u00e8res innovations et les solutions pour atteindre les objectifs fix\u00e9s sur les prochaines ann\u00e9es. Efficacit\u00e9 \u00e9nerg\u00e9tique et d\u00e9carbonation du chauffage, ECS, climatisation et ventilation seront \u00e0 l\u2019honneur.&nbsp;<\/p>\n\n\n\n<p>Un espace de conf\u00e9rences th\u00e9matiques et des associations sp\u00e9cialis\u00e9es prendront la parole pour d\u00e9battre de ce vaste sujet qui concernent, plus que jamais, les professionnels du tertiaire.&nbsp;<\/p>\n\n\n\n<p class=\"has-text-color\" style=\"color:#7200a3\">&nbsp;<strong>D<\/strong><strong>ES CONF<\/strong><strong>\u00c9<\/strong><strong>RENCES CONSACR<\/strong><strong>\u00c9<\/strong><strong>ES AU TERTIAIRE&nbsp;<\/strong><\/p>\n\n\n\n<p>Parmi les prises de paroles, les visiteurs pourront retrouver sur l\u2019espace de conf\u00e9rences Exp\u00e9riences et Tertiaire :&nbsp;<\/p>\n\n\n\n<ul><li><strong>Commissionnement et garantie de performance \u00e9nerg\u00e9tique<\/strong>, les outils d\u00e9velopp\u00e9s par AICVF. Lundi 30 septembre \u00e0 10h.&nbsp;<\/li><li><strong>Financement de travaux dans le tertiaire <\/strong>: programme ACTEE + CEE travaux \u2013 mardi 1er octobre \u00e0 10h. Avec la F\u00e9d\u00e9ration nationale des collectivit\u00e9s conc\u00e9dantes et r\u00e9gies (FNCCR) et ATEE.&nbsp;<\/li><li><strong>G\u00e9othermie dans le tertiaire <\/strong>: des exemples des r\u00e9alisation. Avec l\u2019Association Fran\u00e7aise des professionnels de la g\u00e9othermie (AFPG). Mercredi 2 octobre.&nbsp;<\/li><li><strong>Chaleur solaire pour le tertiaire <\/strong>: des solutions pour g\u00e9n\u00e9rer des \u00e9conomies. Jeudi 3 octobre, \u00e0 10h.&nbsp;<\/li><li><strong>B\u00e2timents tertiaires et RE2020 <\/strong>: comment passer les nouveaux seuils carbone sans se br\u00fbler les ailes ? avec Uniclima.&nbsp;<\/li><li><strong>Cinov : RE2020 et d\u00e9cret tertiaire. Engagement de r\u00e9sultat, les responsabilit\u00e9s de chacun <\/strong>(Forum Interclima. Mardi 1er octobre, 9h45)&nbsp;<\/li><\/ul>\n\n\n\n<p><strong>A noter <\/strong>: un forum sera enti\u00e8rement d\u00e9di\u00e9 \u00e0 la ventilation et la qualit\u00e9 de l\u2019air int\u00e9rieur avec la Direction de l\u2019Habitat, de l\u2019urbanisme et des paysages (DHUP) et le Centre scientifique et technique du b\u00e2timent (CSTB) : une nouvelle approche r\u00e9glementaire sur les \u00ab r\u00e9sultats minimaux de QAI \u00bb. Comment laisser place \u00e0 l\u2019innovation dans le domaine de la ventilation autrement que par l\u2019obligation de moyens r\u00e9glementaires actuelle. ( <strong>lundi 30 septembre \u00e0 11h35<\/strong>, Ateliers Ventilation et QAI)&nbsp;<\/p>\n\n\n\n<p class=\"has-text-color\" style=\"color:#7200a3\"><strong>D<\/strong><strong>ES RETOURS D<\/strong><strong>\u2019<\/strong><strong>EXPERIENCES \u00c0 NE PAS MANQUER&nbsp;<\/strong><\/p>\n\n\n\n<p>Parmi les entreprises pr\u00e9sentes sur <strong>INTERCLIMA<\/strong>, certaines viendront t\u00e9moigner de leur exp\u00e9rience en termes de r\u00e9novation \u00e9nerg\u00e9tique.&nbsp;<\/p>\n\n\n\n<ul><li><strong>Atlantic Syst\u00e8mes : mardi 1er octobre &#8211; 16h&nbsp;<\/strong><\/li><\/ul>\n\n\n\n<p>Etude pour la r\u00e9novation d\u2019un EPHAD : r\u00e9novation globale 100% PAC ou r\u00e9novation partielle appoint gaz\u2026&nbsp;<\/p>\n\n\n\n<p><strong>mercredi 2 octobre \u2013 15h55&nbsp;<\/strong><\/p>\n\n\n\n<p>Pompe \u00e0 chaleur Air\/Air : un levier efficace pour d\u00e9carboner les projets et atteindre les objectifs du d\u00e9cret tertiaire.&nbsp;<\/p>\n\n\n\n<ul><li><strong>KSB: mardi 1er octobre &#8211; 17h, et mercredi 2 octobre &#8211; 15h.&nbsp;<\/strong><\/li><\/ul>\n\n\n\n<p>Propose des pompes hydrauliques. L\u2019entreprise pr\u00e9sentera quatre points clefs pour adapter les installations et atteindre les objectifs d\u2019optimisation, de fiabilisation, de r\u00e9duction d\u2019empreinte carbone.&nbsp;<\/p>\n\n\n\n<p>Pour la premi\u00e8re fois dans l\u2019histoire des Awards de l\u2019innovation, la cat\u00e9gorie G\u00e9nie Climatique Tertiaire est repr\u00e9sent\u00e9e sur <strong>INTERCLIMA. <\/strong>La remise officielle des prix aura lieu le 30 septembre sur le salon.&nbsp;<\/p>\n\n\n\n<ul><li>Laur\u00e9at Or : <strong>S&amp;P France (H3-F058) <\/strong>&#8211; PURECLASS unit\u00e9 de ventilation double flux \u00e0 r\u00e9cup\u00e9ration d\u2019\u00e9nergie sans n\u00e9cessit\u00e9 de conduits.&nbsp;<\/li><li>Laur\u00e9at Argent : <strong>ATLANTIC SYSTEMES <\/strong>&#8211; Le SKID-IT Access est un module hydraulique pr\u00e9fabriqu\u00e9 pour r\u00e9seau de chaleur urbain. Pr\u00e9mont\u00e9 et pr\u00e9r\u00e9gl\u00e9 en usine.&nbsp;<\/li><li>Laur\u00e9at Bronze : <strong>FRANCE AIR (H3 ext1) &#8211; <\/strong>Diffuseur d\u2019air Qualit\u00e9 d\u2019air int\u00e9rieur pour le tertiaire qui combine un diffuseur tourbillonnaire avec son pl\u00e9num \u00e9co-con\u00e7u et d\u2019un ioniseur plasma froid.&nbsp;<\/li><\/ul>\n\n\n\n<p>Les marques tertiaire pr\u00e9sentes sur <strong>INTERCLIMA.&nbsp;<\/strong><\/p>\n\n\n\n<p>Abora Energy, Atlantic Syst\u00e8mes, Air Flow Process, Aldes, Anjos, AO Smith, ATC, Baelz Automatic, Barriquand Heat exchanger, BBS Slama, Caleffi, Caradon Stelrad, Charot, Clesse Energies, Clivet, Delabie, Dew, Domusa, Dualsun, EBM Papst, Emat, Euroevent Certita certification, Flamco, Framacold, France Air, Frisquet, Froling, GRDF, Giordano Energy, Gree, Gripple, Groupe Airwell, Guntamatic, Hargassner, Herz, Hisense, HS France, IMI Hydronic engineering, Intuis, Joncoux, KSB, LGE, LTB, Mez Teknik, Nibe, Okofen, Ouest Isol et Ventil, Panasonic, Perge chaudi\u00e8res, Phenomen, Poujoulat, Purmo, Reflex Winkelmann, S&amp;P, Saelen Energie, Samsung, SFA, Solimpeks, Solisart, Sonergia, TCL Europe, Thermaflex, Thermador, Trianon Echangeurs, Trane, Trimble, Uponor, Victaulic, Weishaupt, Woehler France, Yack-York, Zip-Clip\u2026&nbsp;<\/p>\n\n\n\n<p class=\"has-small-font-size\"><strong>A propos du salon INTERCLIMA : <\/strong>interclima.com&nbsp;<\/p>\n\n\n\n<p class=\"has-small-font-size\"><strong>INTERCLIMA est le salon sp\u00e9cialis\u00e9 des \u00e9quipements techniques pour r\u00e9aliser des b\u00e2timents plus \u00e9conomes et confortables<\/strong>. Les concepteurs et les installateurs de la fili\u00e8re y trouvent les solutions en mati\u00e8re d\u2019efficacit\u00e9 \u00e9nerg\u00e9tique, d\u2019utilisation des \u00e9nergies renouvelables, de confort et de solutions connect\u00e9es pour tous les b\u00e2timents.&nbsp;<\/p>\n\n\n\n<p class=\"has-small-font-size\">Il r\u00e9unit les grands secteurs : chauffage, eau chaude sanitaire, climatisation, froid, ventilation, qualit\u00e9 de l\u2019air, pompes, robinetterie, traitement de l\u2019eau, solutions techniques\u2026&nbsp;<\/p>\n\n\n\n<p class=\"has-small-font-size\"><strong>\u00c0 propos de RX \u2013 <\/strong>www.rxglobal.com&nbsp;<\/p>\n\n\n\n<p class=\"has-small-font-size\">RX est un leader mondial d&rsquo;\u00e9v\u00e9nements et de salons. RX s&rsquo;appuie sur son expertise sectorielle, les donn\u00e9es et la technologie pour le d\u00e9veloppement des entreprises, des collectivit\u00e9s et des individus. Pr\u00e9sent dans 25 pays et sur 42 secteurs d\u2019activit\u00e9, RX organise pr\u00e8s de 350 \u00e9v\u00e9nements par an. RX s&rsquo;engage \u00e0 cr\u00e9er un environnement de travail inclusif pour tous ses collaborateurs et collaboratrices. RX permet aux entreprises de se d\u00e9velopper gr\u00e2ce \u00e0 la donn\u00e9e et aux solutions num\u00e9riques. RX fait partie de RELX, un fournisseur mondial de donn\u00e9es, d&rsquo;outils d&rsquo;analyses et de d\u00e9cisions pour les professionnels et les entreprises.&nbsp;<\/p>\n","protected":false},"excerpt":{"rendered":"<p>INTERCLIMA 2024 organis\u00e9 par RX et Uniclima et qui se tiendra du 30 septembre au 3 octobre \u00e0 Paris-Porte de Versailles est un rendez-vous attendu pour tous les acteurs du g\u00e9nie climatique. Au travers de conf\u00e9rences et d\u2019ateliers, les visiteurs pourront d\u00e9couvrir les derni\u00e8res technologies en mati\u00e8re d\u2019efficacit\u00e9 \u00e9nerg\u00e9tique et en savoir plus sur les [&hellip;]<\/p>\n","protected":false},"author":41,"featured_media":39553,"comment_status":"open","ping_status":"open","sticky":false,"template":"","format":"standard","meta":{"spay_email":""},"categories":[5,143,84],"tags":[],"jetpack_featured_media_url":"https:\/\/i0.wp.com\/batimedianews.com\/live\/wp-content\/uploads\/2024\/09\/Interclima.jpg?fit=1513%2C825&ssl=1","jetpack_sharing_enabled":true,"jetpack_likes_enabled":true,"jetpack-related-posts":[{"id":40730,"url":"https:\/\/batimedianews.com\/live\/index.php\/2024\/10\/15\/mondial-du-batiment-2024-une-mobilisation-sans-precedent-de-la-filiere\/","url_meta":{"origin":39551,"position":0},"title":"MONDIAL DU B\u00c2TIMENT 2024 : Une mobilisation sans pr\u00e9c\u00e9dent de la fili\u00e8re","date":"15 octobre 2024","format":false,"excerpt":"\u00a0Du 30 septembre au 3 octobre dernier, les professionnels du b\u00e2timent et de la construction se sont mobilis\u00e9s \u00e0 l\u2019occasion de l\u2019\u00e9dition 2024 du Mondial du B\u00e2timent organis\u00e9e \u00e0 Paris Expo Porte de Versailles. Pendant 4 jours, les salons BATIMAT, ID\u00c9OBAIN, INTERCLIMA et EQUIPBAIE\/METALEXPO, ont accueilli plus de 135 000\u2026","rel":"","context":"Dans &quot;Actualit\u00e9s salons&quot;","img":{"alt_text":"","src":"https:\/\/i0.wp.com\/batimedianews.com\/live\/wp-content\/uploads\/2024\/10\/MduB.jpg?fit=825%2C825&ssl=1&resize=350%2C200","width":350,"height":200},"classes":[]},{"id":3164,"url":"https:\/\/batimedianews.com\/live\/index.php\/2019\/10\/11\/toshiba-airconditioning-annonce-son-retour-sur-le-salon-interclima-et-lance-une-offensive-denvergure\/","url_meta":{"origin":39551,"position":1},"title":"TOSHIBA AIRCONDITIONING ANNONCE SON RETOUR SUR LE SALON INTERCLIMA ET LANCE UNE OFFENSIVE D\u2019ENVERGURE","date":"11 octobre 2019","format":false,"excerpt":"Le salon Interclima ouvrira ses portes du 4 au 8 novembre prochain au Parc des Expositions de Villepinte. Pour ce grand rendez-vous, Toshiba mobilise ses \u00e9quipes autour d\u2019un stand de plus de 300 m2. Connectivit\u00e9, services et innovations sont au coeur de l\u2019ADN de Toshiba. Interclima va permettre de valoriser\u2026","rel":"","context":"Dans &quot;Actualit\u00e9 Entreprises&quot;","img":{"alt_text":"","src":"https:\/\/i2.wp.com\/batimedianews.com\/live\/wp-content\/uploads\/2019\/10\/toshiba1image.jpg?fit=743%2C743&ssl=1&resize=350%2C200","width":350,"height":200},"classes":[]},{"id":35397,"url":"https:\/\/batimedianews.com\/live\/index.php\/2024\/02\/20\/mondial-du-batiment-2024-le-succes-est-dores-et-deja-au-rendez-vous\/","url_meta":{"origin":39551,"position":2},"title":"Mondial Du B\u00e2timent 2024 &#8211; Le succ\u00e8s est d\u2019ores et d\u00e9j\u00e0 au rendez-vous","date":"20 f\u00e9vrier 2024","format":false,"excerpt":"Avec un taux de remplissage de pr\u00e8s 80 %, soit pr\u00e8s de 1 000 exposants d\u00e9j\u00e0 inscrits sur BATIMAT, ID\u00c9OBAIN et INTERCLIMA, l\u2019\u00e9dition 2024 s\u2019annonce comme un v\u00e9ritable succ\u00e8s \u00e0 8 mois de son ouverture (30 septembre au 3 octobre 2024 \u00e0 Paris Expo Porte de Versailles). Dans un contexte\u2026","rel":"","context":"Dans &quot;Actualit\u00e9s salons&quot;","img":{"alt_text":"","src":"https:\/\/i2.wp.com\/batimedianews.com\/live\/wp-content\/uploads\/2024\/02\/MondialduBatiment.jpg?fit=825%2C825&ssl=1&resize=350%2C200","width":350,"height":200},"classes":[]},{"id":3176,"url":"https:\/\/batimedianews.com\/live\/index.php\/2019\/10\/14\/airwell-presentera-ses-solutions-connectees-ses-services-associes-et-sa-gamme-residentielle-et-tertiaire-au-salon-interclima-elec\/","url_meta":{"origin":39551,"position":3},"title":"Airwell pr\u00e9sentera ses solutions connect\u00e9es, ses services associ\u00e9s et sa gamme r\u00e9sidentielle et tertiaire au salon INTERCLIMA + ELEC","date":"14 octobre 2019","format":false,"excerpt":"Airwell, fabricant r\u00e9f\u00e9rent de solutions de climatisation et de chauffage de haute qualit\u00e9, annonce sa pr\u00e9sence au salon INTERCLIMA+ELEC, du 5 au 8 novembre. Rendez-vous incontournable des professionnels du secteur, le salon rassemblera de nombreux d\u00e9cideurs et installateurs de la fili\u00e8re en mati\u00e8re de confort et d\u2019efficacit\u00e9 \u00e9nerg\u00e9tique pour l\u2019habitat\u2026","rel":"","context":"Dans &quot;Actualit\u00e9 Entreprises&quot;","img":{"alt_text":"","src":"https:\/\/i2.wp.com\/batimedianews.com\/live\/wp-content\/uploads\/2019\/10\/airwell5-1.jpg?fit=1130%2C679&ssl=1&resize=350%2C200","width":350,"height":200},"classes":[]},{"id":37833,"url":"https:\/\/batimedianews.com\/live\/index.php\/2024\/06\/03\/interclima-2024-tous-les-chemins-menent-au-succes\/","url_meta":{"origin":39551,"position":4},"title":"INTERCLIMA 2024 : Tous les chemins m\u00e8nent au succ\u00e8s !","date":"3 juin 2024","format":false,"excerpt":"\u00a0Rendez-vous majeur des acteurs du g\u00e9nie climatique, INTERCLIMA 2024 (du 30 septembre au 3 octobre \u00e0 Paris-Porte de Versailles) s\u2019inscrit dans une dynamique d\u2019actions tourn\u00e9e vers la recherche de solutions.\u00a0 Pour cette \u00e9dition, RX et Uniclima d\u00e9ploient \u00e0 nouveau des mesures exceptionnelles pour faciliter la participation \u00e0 quelques 3500 visiteurs,\u2026","rel":"","context":"Dans &quot;Actualit\u00e9s salons&quot;","img":{"alt_text":"","src":"https:\/\/i2.wp.com\/batimedianews.com\/live\/wp-content\/uploads\/2024\/05\/Interclima.jpg?fit=825%2C825&ssl=1&resize=350%2C200","width":350,"height":200},"classes":[]},{"id":23198,"url":"https:\/\/batimedianews.com\/live\/index.php\/2022\/09\/16\/trains-et-bus-pour-interclima-2022-en-route-vers-le-succes\/","url_meta":{"origin":39551,"position":5},"title":"Trains et bus pour INTERCLIMA 2022 : en route vers le succ\u00e8s !","date":"16 septembre 2022","format":false,"excerpt":"Rendez-vous f\u00e9d\u00e9rateur des acteurs du g\u00e9nie climatique, INTERCLIMA 2022 (du 3 au 6 octobre \u00e0 Paris-Porte de Versailles) confirme son dynamisme et son attractivit\u00e9.\u00a0 Pour l\u2019\u00e9dition 2022, RX et Uniclima mettent \u00e0 nouveau des moyens exceptionnels pour contribuer au faire-venir d\u2019environ 3 000 visiteurs en provenance de toute la France.\u00a0\u2026","rel":"","context":"Dans &quot;Fil d'actu Interclima 2022&quot;","img":{"alt_text":"","src":"https:\/\/i0.wp.com\/batimedianews.com\/live\/wp-content\/uploads\/2022\/09\/Interclima-Article-1.jpg?fit=1080%2C1080&ssl=1&resize=350%2C200","width":350,"height":200},"classes":[]}],"_links":{"self":[{"href":"https:\/\/batimedianews.com\/live\/index.php\/wp-json\/wp\/v2\/posts\/39551"}],"collection":[{"href":"https:\/\/batimedianews.com\/live\/index.php\/wp-json\/wp\/v2\/posts"}],"about":[{"href":"https:\/\/batimedianews.com\/live\/index.php\/wp-json\/wp\/v2\/types\/post"}],"author":[{"embeddable":true,"href":"https:\/\/batimedianews.com\/live\/index.php\/wp-json\/wp\/v2\/users\/41"}],"replies":[{"embeddable":true,"href":"https:\/\/batimedianews.com\/live\/index.php\/wp-json\/wp\/v2\/comments?post=39551"}],"version-history":[{"count":2,"href":"https:\/\/batimedianews.com\/live\/index.php\/wp-json\/wp\/v2\/posts\/39551\/revisions"}],"predecessor-version":[{"id":39611,"href":"https:\/\/batimedianews.com\/live\/index.php\/wp-json\/wp\/v2\/posts\/39551\/revisions\/39611"}],"wp:featuredmedia":[{"embeddable":true,"href":"https:\/\/batimedianews.com\/live\/index.php\/wp-json\/wp\/v2\/media\/39553"}],"wp:attachment":[{"href":"https:\/\/batimedianews.com\/live\/index.php\/wp-json\/wp\/v2\/media?parent=39551"}],"wp:term":[{"taxonomy":"category","embeddable":true,"href":"https:\/\/batimedianews.com\/live\/index.php\/wp-json\/wp\/v2\/categories?post=39551"},{"taxonomy":"post_tag","embeddable":true,"href":"https:\/\/batimedianews.com\/live\/index.php\/wp-json\/wp\/v2\/tags?post=39551"}],"curies":[{"name":"wp","href":"https:\/\/api.w.org\/{rel}","templated":true}]}}