{"id":39590,"date":"2024-09-11T10:33:21","date_gmt":"2024-09-11T08:33:21","guid":{"rendered":"http:\/\/batimedianews.com\/live\/?p=39590"},"modified":"2025-04-08T20:31:12","modified_gmt":"2025-04-08T18:31:12","slug":"somfy-devoile-ses-dernieres-innovations-a-loccasion-dequipbaie-by-batimat-2024","status":"publish","type":"post","link":"https:\/\/batimedianews.com\/live\/index.php\/2024\/09\/11\/somfy-devoile-ses-dernieres-innovations-a-loccasion-dequipbaie-by-batimat-2024\/","title":{"rendered":"Somfy d\u00e9voile ses derni\u00e8res innovations \u00e0 l\u2019occasion d\u2019Equip\u2019Baie by Batimat 2024"},"content":{"rendered":"\n<p><em>Somfy, leader mondial de l\u2019automatisation des ouvertures et des fermetures de la maison et du b\u00e2timent, pr\u00e9sente \u00e0 Equip\u2019Baie by Batimat, des solutions r\u00e9solument tourn\u00e9es en faveur de l\u2019efficacit\u00e9 \u00e9nerg\u00e9tique, pour les b\u00e2timents r\u00e9sidentiels et tertiaires.&nbsp;<\/em><\/p>\n\n\n\n<p>&nbsp;<strong><em>Solutions pour le march\u00e9 r\u00e9sidentiel&nbsp;<\/em><\/strong><\/p>\n\n\n\n<p class=\"has-text-color\" style=\"color:#f3c703\">&nbsp;<strong>Amy\u00ae io, la nouvelle gamme de points de commande pour am\u00e9liorer l\u2019efficacit\u00e9 \u00e9nerg\u00e9tique&nbsp;<\/strong><\/p>\n\n\n\n<div class=\"wp-block-media-text alignwide has-media-on-the-right is-stacked-on-mobile\" style=\"grid-template-columns:auto 26%\"><figure class=\"wp-block-media-text__media\"><img loading=\"lazy\" width=\"366\" height=\"334\" src=\"https:\/\/i0.wp.com\/batimedianews.com\/live\/wp-content\/uploads\/2024\/09\/image-45.png?resize=366%2C334\" alt=\"\" class=\"wp-image-39591 size-full\" srcset=\"https:\/\/i0.wp.com\/batimedianews.com\/live\/wp-content\/uploads\/2024\/09\/image-45.png?w=366&amp;ssl=1 366w, https:\/\/i0.wp.com\/batimedianews.com\/live\/wp-content\/uploads\/2024\/09\/image-45.png?resize=768%2C700&amp;ssl=1 768w, https:\/\/i0.wp.com\/batimedianews.com\/live\/wp-content\/uploads\/2024\/09\/image-45.png?resize=10%2C10&amp;ssl=1 10w\" sizes=\"(max-width: 600px) 91vw, (max-width: 900px) 600px, (max-width: 1060px) 50vw, (max-width: 1200px) 520px, (max-width: 1400px) 43vw, 600px\" data-recalc-dims=\"1\" \/><\/figure><div class=\"wp-block-media-text__content\">\n<p>&nbsp;La gamme Amy\u00ae io* int\u00e8gre un capteur de temp\u00e9rature int\u00e9rieure qui, connect\u00e9 \u00e0 TaHoma, permet de configurer un sc\u00e9nario baissant les protections solaires pour pr\u00e9server la fra\u00eecheur dans le logement en \u00e9t\u00e9. Elle contribue \u00e9galement en hiver \u00e0 tirer le meilleur profit des apports gratuits du soleil.&nbsp;<\/p>\n\n\n\n<p>Produit phare de la gamme, Amy\u00ae sun protect io est dot\u00e9e en plus du capteur de temp\u00e9rature int\u00e9rieure d\u2019une intelligence embarqu\u00e9e qui choisit le bon moment pour baisser les volets roulants avant qu\u2019il ne fasse trop chaud, sans n\u00e9cessit\u00e9 d\u2019avoir TaHoma\u00ae. L\u2019algorithme d\u00e9tecte l\u2019\u00e9l\u00e9vation rapide de temp\u00e9rature dans la pi\u00e8ce et baisse les volets \u00e0 80% pour garantir un int\u00e9rieur temp\u00e9r\u00e9. La fra\u00eecheur est ainsi pr\u00e9serv\u00e9e, m\u00eame en cas d\u2019absence de l\u2018occupant.&nbsp;<\/p>\n\n\n\n<p>Amy\u00ae io est une gamme \u00e9co-con\u00e7ue, c&rsquo;est-\u00e0-dire que son impact environnemental a \u00e9t\u00e9 pris en compte tout au long de son cycle de vie, de la fabrication au recyclage (ex : dur\u00e9e de vie de la batterie de 5 ans). Sa garantie de 5 ans en fait une offre durable et performante dans le temps. <\/p>\n\n\n\n<p><em>*Hors Amy\u00ae 2 Modes io et Amy\u00ae 4 Modes io&nbsp;<\/em><\/p>\n<\/div><\/div>\n\n\n\n<div class=\"wp-block-media-text alignwide has-media-on-the-right is-stacked-on-mobile\" style=\"grid-template-columns:auto 15%\"><figure class=\"wp-block-media-text__media\"><img loading=\"lazy\" width=\"208\" height=\"220\" src=\"https:\/\/i0.wp.com\/batimedianews.com\/live\/wp-content\/uploads\/2024\/09\/image-46.png?resize=208%2C220\" alt=\"\" class=\"wp-image-39592 size-full\" srcset=\"https:\/\/i0.wp.com\/batimedianews.com\/live\/wp-content\/uploads\/2024\/09\/image-46.png?w=208&amp;ssl=1 208w, https:\/\/i0.wp.com\/batimedianews.com\/live\/wp-content\/uploads\/2024\/09\/image-46.png?resize=768%2C812&amp;ssl=1 768w, https:\/\/i0.wp.com\/batimedianews.com\/live\/wp-content\/uploads\/2024\/09\/image-46.png?resize=10%2C10&amp;ssl=1 10w\" sizes=\"(max-width: 600px) 91vw, (max-width: 900px) 600px, (max-width: 1060px) 50vw, (max-width: 1200px) 520px, (max-width: 1400px) 43vw, 600px\" data-recalc-dims=\"1\" \/><\/figure><div class=\"wp-block-media-text__content\">\n<p class=\"has-background has-normal-font-size\" style=\"background-color:#fadf6b\">&nbsp;Amy\u00ae sun protect io a remport\u00e9 un Gold Innovation Award \u00e0 R+T dans la cat\u00e9gorie \u201cAutomatisation des b\u00e2timents\u201d, qui r\u00e9compense notamment les innovations en mati\u00e8re de performance \u00e9nerg\u00e9tique sur le march\u00e9 des volets roulants, des portes et des protections solaires.&nbsp;<\/p>\n<\/div><\/div>\n\n\n\n<p class=\"has-text-color\" style=\"color:#f3c703\"><strong>L\u2019\u00e9cosyst\u00e8me TaHoma<\/strong>\u00ae <strong>s\u2019enrichit avec de nouvelles fonctions et produits en faveur de l\u2019efficacit\u00e9 \u00e9nerg\u00e9tique&nbsp;<\/strong><\/p>\n\n\n\n<div class=\"wp-block-media-text alignwide has-media-on-the-right is-stacked-on-mobile\" style=\"grid-template-columns:auto 21%\"><figure class=\"wp-block-media-text__media\"><img loading=\"lazy\" width=\"408\" height=\"272\" src=\"https:\/\/i0.wp.com\/batimedianews.com\/live\/wp-content\/uploads\/2024\/09\/image-47.png?resize=408%2C272\" alt=\"\" class=\"wp-image-39593 size-full\" srcset=\"https:\/\/i0.wp.com\/batimedianews.com\/live\/wp-content\/uploads\/2024\/09\/image-47.png?w=408&amp;ssl=1 408w, https:\/\/i0.wp.com\/batimedianews.com\/live\/wp-content\/uploads\/2024\/09\/image-47.png?resize=768%2C512&amp;ssl=1 768w, https:\/\/i0.wp.com\/batimedianews.com\/live\/wp-content\/uploads\/2024\/09\/image-47.png?resize=396%2C264&amp;ssl=1 396w\" sizes=\"(max-width: 600px) 91vw, (max-width: 900px) 600px, (max-width: 1060px) 50vw, (max-width: 1200px) 520px, (max-width: 1400px) 43vw, 600px\" data-recalc-dims=\"1\" \/><\/figure><div class=\"wp-block-media-text__content\">\n<p>Dans l\u2019application TaHoma\u00ae, les utilisateurs b\u00e9n\u00e9ficient de fonctions d\u00e9di\u00e9es \u00e0 l\u2019efficacit\u00e9 \u00e9nerg\u00e9tique :&nbsp;<\/p>\n\n\n\n<ul><li>Le sc\u00e9nario pr\u00e9configur\u00e9 \u00ab Confort thermique \u00bb, pour pr\u00e9configurer les protections solaires en fonction de la saison et du moment de la journ\u00e9e.&nbsp;<\/li><li>Les alertes et conseils \u00e9nerg\u00e9tiques, pour informer qu\u2019une fen\u00eatre est rest\u00e9e ouverte ou des lumi\u00e8res allum\u00e9es trop longtemps, et donner des astuces du quotidien pour moins consommer d\u2019\u00e9nergie.&nbsp;<\/li><li>Le sc\u00e9nario pr\u00e9configur\u00e9 \u00ab Nuit \/ Matin \u00bb ou \u00ab Vacances \u00bb, pour que&nbsp;la maison se mette en veille, avec un chauffage en mode Eco ou Hors gel et que l\u2019occupant r\u00e9alise des \u00e9conomies d\u2019\u00e9nergie en son absence.&nbsp;<\/li><\/ul>\n<\/div><\/div>\n\n\n\n<p>Pour compl\u00e9ter les scenarios de Tahoma\u00ae, il est \u00e9galement possible d\u2019ajouter d\u2019autres produits pour augmenter la performance \u00e9nerg\u00e9tique.&nbsp;<\/p>\n\n\n\n<div class=\"wp-block-image\"><figure class=\"alignright size-full is-resized\"><img loading=\"lazy\" src=\"https:\/\/i1.wp.com\/batimedianews.com\/live\/wp-content\/uploads\/2024\/09\/image-48.png?resize=116%2C121\" alt=\"\" class=\"wp-image-39594\" width=\"116\" height=\"121\" srcset=\"https:\/\/i1.wp.com\/batimedianews.com\/live\/wp-content\/uploads\/2024\/09\/image-48.png?w=178&amp;ssl=1 178w, https:\/\/i1.wp.com\/batimedianews.com\/live\/wp-content\/uploads\/2024\/09\/image-48.png?resize=768%2C802&amp;ssl=1 768w, https:\/\/i1.wp.com\/batimedianews.com\/live\/wp-content\/uploads\/2024\/09\/image-48.png?resize=10%2C10&amp;ssl=1 10w\" sizes=\"(max-width: 600px) 91vw, (max-width: 900px) 600px, (max-width: 1060px) 50vw, (max-width: 1200px) 520px, (max-width: 1400px) 43vw, 600px\" data-recalc-dims=\"1\" \/><\/figure><\/div>\n\n\n\n<p><strong>Le capteur Sunteis io <\/strong>: Ce nouveau capteur innovant, sans pile, est aliment\u00e9 \u00e0 l&rsquo;\u00e9nergie solaire pour une installation simple et rapide sans maintenance. Il mesure la temp\u00e9rature et l\u2019ensoleillement ext\u00e9rieur en un seul produit, permettant ainsi d&rsquo;am\u00e9liorer le confort de l&rsquo;habitant tout en optimisant l&rsquo;efficacit\u00e9 \u00e9nerg\u00e9tique du logement. Compatible avec la box TaHoma\u00ae, associ\u00e9 au sc\u00e9nario \u00ab\u00a0Confort Thermique\u00a0\u00bb, il permet de r\u00e9pondre aux enjeux de la RE2020 et rend l\u2019efficacit\u00e9 \u00e9nerg\u00e9tique encore plus efficace. En utilisant les donn\u00e9es de m\u00e9t\u00e9o en temps r\u00e9el, Tahoma\u00ae permet d\u2019anticiper les surchauffes et de fermer les volets ou les stores avant que la temp\u00e9rature ne s\u2019\u00e9l\u00e8ve.&nbsp;<\/p>\n\n\n\n<p>Disponibilit\u00e9 : Janvier 2025&nbsp;<\/p>\n\n\n\n<div class=\"wp-block-image\"><figure class=\"alignright size-large is-resized\"><img loading=\"lazy\" src=\"https:\/\/i0.wp.com\/batimedianews.com\/live\/wp-content\/uploads\/2024\/09\/image-49.png?resize=121%2C121\" alt=\"\" class=\"wp-image-39595\" width=\"121\" height=\"121\" srcset=\"https:\/\/i0.wp.com\/batimedianews.com\/live\/wp-content\/uploads\/2024\/09\/image-49.png?resize=1024%2C1024&amp;ssl=1 1024w, https:\/\/i0.wp.com\/batimedianews.com\/live\/wp-content\/uploads\/2024\/09\/image-49.png?resize=600%2C600&amp;ssl=1 600w, https:\/\/i0.wp.com\/batimedianews.com\/live\/wp-content\/uploads\/2024\/09\/image-49.png?resize=300%2C300&amp;ssl=1 300w, https:\/\/i0.wp.com\/batimedianews.com\/live\/wp-content\/uploads\/2024\/09\/image-49.png?resize=1536%2C1536&amp;ssl=1 1536w, https:\/\/i0.wp.com\/batimedianews.com\/live\/wp-content\/uploads\/2024\/09\/image-49.png?resize=2048%2C2048&amp;ssl=1 2048w, https:\/\/i0.wp.com\/batimedianews.com\/live\/wp-content\/uploads\/2024\/09\/image-49.png?resize=10%2C10&amp;ssl=1 10w\" sizes=\"(max-width: 600px) 91vw, (max-width: 900px) 600px, (max-width: 1060px) 50vw, (max-width: 1200px) 520px, (max-width: 1400px) 43vw, 600px\" data-recalc-dims=\"1\" \/><\/figure><\/div>\n\n\n\n<p><strong>La prise connect\u00e9e Zigbee <\/strong>: connect\u00e9e \u00e0 TaHoma\u00ae, cette prise permet non seulement de piloter en ON\/OFF l\u2019appareil branch\u00e9, mais aussi d\u2019avoir en temps r\u00e9el la consommation \u00e9nerg\u00e9tique et l\u2019historique de consommation de l\u2019\u00e9quipement branch\u00e9 \u00e0 la prise (par exemple, la machine \u00e0 laver, le chargeur de t\u00e9l\u00e9phone, ..) et ainsi pouvoir r\u00e9duire la consommation. Par ailleurs, elle permet une extension de la port\u00e9e radio Zigbee \u00e0 l\u2019int\u00e9rieur et \u00e0 l\u2019ext\u00e9rieur de la maison.&nbsp;<\/p>\n\n\n\n<p>Disponibilit\u00e9 : Janvier 2025&nbsp;<\/p>\n\n\n\n<div class=\"wp-block-image\"><figure class=\"alignright size-large is-resized\"><img loading=\"lazy\" src=\"https:\/\/i2.wp.com\/batimedianews.com\/live\/wp-content\/uploads\/2024\/09\/image-50.png?resize=157%2C157\" alt=\"\" class=\"wp-image-39596\" width=\"157\" height=\"157\" srcset=\"https:\/\/i2.wp.com\/batimedianews.com\/live\/wp-content\/uploads\/2024\/09\/image-50.png?resize=1024%2C1024&amp;ssl=1 1024w, https:\/\/i2.wp.com\/batimedianews.com\/live\/wp-content\/uploads\/2024\/09\/image-50.png?resize=600%2C600&amp;ssl=1 600w, https:\/\/i2.wp.com\/batimedianews.com\/live\/wp-content\/uploads\/2024\/09\/image-50.png?resize=300%2C300&amp;ssl=1 300w, https:\/\/i2.wp.com\/batimedianews.com\/live\/wp-content\/uploads\/2024\/09\/image-50.png?resize=1536%2C1536&amp;ssl=1 1536w, https:\/\/i2.wp.com\/batimedianews.com\/live\/wp-content\/uploads\/2024\/09\/image-50.png?resize=2048%2C2048&amp;ssl=1 2048w, https:\/\/i2.wp.com\/batimedianews.com\/live\/wp-content\/uploads\/2024\/09\/image-50.png?resize=10%2C10&amp;ssl=1 10w\" sizes=\"(max-width: 600px) 91vw, (max-width: 900px) 600px, (max-width: 1060px) 50vw, (max-width: 1200px) 520px, (max-width: 1400px) 43vw, 600px\" data-recalc-dims=\"1\" \/><\/figure><\/div>\n\n\n\n<p class=\"has-text-color\" style=\"color:#f3c703\"><strong>Ysia\u00ae Patio io remporte un Red Dot Award 2024&nbsp;<\/strong><\/p>\n\n\n\n<p>Ysia\u00ae Patio io est une t\u00e9l\u00e9commande \u00e0 16 canaux sp\u00e9cialement con\u00e7ue pour l&rsquo;ext\u00e9rieur, qui permet de contr\u00f4ler tous les applicatifs io de la terrasse (pergolas, stores, syst\u00e8mes d&rsquo;\u00e9clairage,\u2026). Elle vient de remporter un Red Dot Award 2024, l&rsquo;un des plus grands concours de design au monde, pour son design minimaliste et raffin\u00e9, qui s&rsquo;int\u00e8gre parfaitement dans les espaces de vie contemporains, et son ergonomie simple et intuitive.&nbsp;<\/p>\n\n\n\n<p>Robuste et \u00e9tanche, Ysia\u00ae Patio io a \u00e9t\u00e9 con\u00e7ue pour r\u00e9sister aux chocs et aux chutes. Son indice de protection IP44 garantit sa durabilit\u00e9 face aux al\u00e9as climatiques.&nbsp;<\/p>\n\n\n\n<p><strong><em>Solutions pour le march\u00e9 tertiaire&nbsp;<\/em><\/strong><\/p>\n\n\n\n<p class=\"has-text-color\" style=\"color:#f3c703\"><strong>Animeo\u00ae suite, un \u00e9cosyst\u00e8me de produits et de services d\u2019automatisation pour les b\u00e2timents&nbsp;<\/strong><\/p>\n\n\n\n<div class=\"wp-block-image\"><figure class=\"alignright size-full is-resized\"><img loading=\"lazy\" src=\"https:\/\/i0.wp.com\/batimedianews.com\/live\/wp-content\/uploads\/2024\/09\/image-51.png?w=720\" alt=\"\" class=\"wp-image-39597\" width=\"-84\" height=\"-157\" srcset=\"https:\/\/i0.wp.com\/batimedianews.com\/live\/wp-content\/uploads\/2024\/09\/image-51.png?w=336&amp;ssl=1 336w, https:\/\/i0.wp.com\/batimedianews.com\/live\/wp-content\/uploads\/2024\/09\/image-51.png?resize=768%2C640&amp;ssl=1 768w\" sizes=\"(max-width: 600px) 91vw, (max-width: 900px) 600px, (max-width: 1060px) 50vw, (max-width: 1200px) 520px, (max-width: 1400px) 43vw, 600px\" data-recalc-dims=\"1\" \/><\/figure><\/div>\n\n\n\n<p>Animeo\u00ae suite est un \u00e9cosyst\u00e8me de produits et de services pour automatiser les protections solaires \u00e9quip\u00e9es de motorisations radio io-homecontrol\u00ae des b\u00e2timents tertiaires jusqu\u2019\u00e0 200 fen\u00eatres.&nbsp;<\/p>\n\n\n\n<p>Compos\u00e9 de 3 interfaces, Animeo\u00ae suite accompagne les installateurs en toute autonomie, de la sp\u00e9cification \u00e0 la mise en service, en passant par le contr\u00f4le et la maintenance.&nbsp;<\/p>\n\n\n\n<ul><li><strong>Animeo\u00ae select, pour la sp\u00e9cification et la conception du projet <\/strong>Animeo\u00ae select permet de configurer les projets en toute simplicit\u00e9 : en fonction des sp\u00e9cifications requises et de la configuration du b\u00e2timent, l\u2019outil g\u00e9n\u00e8re un rapport technique adapt\u00e9 comprenant les produits n\u00e9cessaires, un sch\u00e9ma de c\u00e2blage et les donn\u00e9es techniques.&nbsp;<\/li><li><strong>L\u2019interface Animeo\u00ae, pour la mise en service et le param\u00e9trage de l&rsquo;automatisation <\/strong>Avec une mod\u00e9lisation 3D intuitive et rapide du b\u00e2timent en 3D, toutes les \u00e9tapes de la mise en place d\u2019un projet tertiaire sont simplifi\u00e9es. Architecture, nombre de fen\u00eatres par \u00e9tage, orientation\u2026 tout est pris en compte pour optimiser l\u2019automatisation des protections solaires.&nbsp;<\/li><li><strong>Animeo\u00ae maintenance by Serv-e-Go, pour le suivi et la maintenance du projet \u00e0 distance&nbsp;<\/strong> Gr\u00e2ce \u00e0 l\u2019acc\u00e8s \u00e0 distance, l\u2019installateur peut visualiser les donn\u00e9es du chantier et \u00e9tablir un diagnostic. Cela lui permet de r\u00e9duire le nombre de d\u00e9placements sur site et minimiser les perturbations pour les occupants du b\u00e2timent.&nbsp;<\/li><\/ul>\n\n\n\n<p>Pour accompagner ces services, <strong>trois packs produits <\/strong>sont disponibles :&nbsp;<\/p>\n\n\n\n<ul><li>le pack standard pour la centralisation (Interface avec une commande centrale, gestion des priorit\u00e9s et horloge programmable),&nbsp;<\/li><li>le pack m\u00e9t\u00e9o pour l\u2019automatisation avec donn\u00e9es m\u00e9t\u00e9orologique (int\u00e9grant une station m\u00e9t\u00e9o pour la s\u00e9curit\u00e9 de la protection solaire, l\u2019automatisation du confort visuel et thermique),&nbsp;<\/li><li>le pack d\u00e9di\u00e9 \u00e0 la s\u00e9curit\u00e9 du b\u00e2timent, avec une alarme b\u00e2timent et incendie.&nbsp;<\/li><\/ul>\n\n\n\n<p class=\"has-text-align-center has-background\" style=\"background-color:#f8cc08\">Somfy pr\u00e9sente ces innovations sur son stand <strong>Hall 5.2 &#8211; Stand D 6&nbsp;<\/strong><\/p>\n\n\n\n<p class=\"has-text-color\" style=\"color:#f3c703\"><strong>A propos de Somfy&nbsp;<\/strong><\/p>\n\n\n\n<p><em>Pionnier de la motorisation et de l\u2019automatisation des portes et fen\u00eatres, Somfy innove durablement dans l\u2019habitat depuis plus de 50 ans.&nbsp;<\/em><\/p>\n\n\n\n<p><em>D\u00e9velopp\u00e9es pour offrir confort, facilit\u00e9 d\u2019utilisation, s\u00e9curit\u00e9 et durabilit\u00e9, les solutions connect\u00e9es Somfy invitent chacun \u00e0 faire le pas vers un cadre de vie meilleur, tout en contribuant au respect de l\u2019environnement.&nbsp;<\/em><\/p>\n","protected":false},"excerpt":{"rendered":"<p>Somfy, leader mondial de l\u2019automatisation des ouvertures et des fermetures de la maison et du b\u00e2timent, pr\u00e9sente \u00e0 Equip\u2019Baie by Batimat, des solutions r\u00e9solument tourn\u00e9es en faveur de l\u2019efficacit\u00e9 \u00e9nerg\u00e9tique, pour les b\u00e2timents r\u00e9sidentiels et tertiaires.&nbsp; &nbsp;Solutions pour le march\u00e9 r\u00e9sidentiel&nbsp; &nbsp;Amy\u00ae io, la nouvelle gamme de points de commande pour am\u00e9liorer l\u2019efficacit\u00e9 \u00e9nerg\u00e9tique&nbsp; &nbsp;La [&hellip;]<\/p>\n","protected":false},"author":41,"featured_media":39598,"comment_status":"open","ping_status":"open","sticky":false,"template":"","format":"standard","meta":{"spay_email":""},"categories":[554,77,121],"tags":[],"jetpack_featured_media_url":"https:\/\/i1.wp.com\/batimedianews.com\/live\/wp-content\/uploads\/2024\/09\/Somfy.jpg?fit=1513%2C825&ssl=1","jetpack_sharing_enabled":true,"jetpack_likes_enabled":true,"jetpack-related-posts":[{"id":35528,"url":"https:\/\/batimedianews.com\/live\/index.php\/2024\/02\/21\/somfy-annonce-le-lancement-de-somfy-climate-une-gamme-de-solutions-visant-a-optimiser-lefficacite-energetique\/","url_meta":{"origin":39590,"position":0},"title":"Somfy annonce le lancement de Somfy climate, une gamme de solutions visant \u00e0 optimiser l\u2019efficacit\u00e9 \u00e9nerg\u00e9tique","date":"21 f\u00e9vrier 2024","format":false,"excerpt":"A l\u2019heure o\u00f9 la gestion du confort thermique de son habitat devient cruciale avec l\u2019augmentation des \u00e9pisodes de canicules et l\u2019augmentation des tarifs de l\u2019\u00e9lectricit\u00e9 et du gaz, les particuliers recherchent des solutions pour rentrer dans une d\u00e9marche d\u2019efficacit\u00e9 \u00e9nerg\u00e9tique.\u00a0 Dans ce contexte, Somfy, leader mondial de l\u2019automatisation des ouvertures\u2026","rel":"","context":"Dans &quot;Actualit\u00e9 Entreprises&quot;","img":{"alt_text":"","src":"https:\/\/i2.wp.com\/batimedianews.com\/live\/wp-content\/uploads\/2024\/02\/Somfy.jpg?fit=825%2C825&ssl=1&resize=350%2C200","width":350,"height":200},"classes":[]},{"id":12315,"url":"https:\/\/batimedianews.com\/live\/index.php\/2021\/10\/04\/equipbaie-2021-somfy-devoile-8-nouveaux-partenaires-qui-deploieront-la-motorisation-sliding-air-io-dans-leurs-baies-coulissantes\/","url_meta":{"origin":39590,"position":1},"title":"Equip\u2019Baie 2021 : Somfy d\u00e9voile 8 nouveaux partenaires qui d\u00e9ploieront la motorisation Sliding air\u00ae io dans leurs baies coulissantes","date":"4 octobre 2021","format":false,"excerpt":"Pour r\u00e9pondre aux enjeux environnementaux sur la qualit\u00e9 de l\u2019air, Somfy a lanc\u00e9 en novembre 2019 le programme Somfy air, une gamme de solutions concr\u00e8tes pour accompagner les particuliers dans l\u2019am\u00e9lioration de la qualit\u00e9 de l\u2019air int\u00e9rieur.\u00a0 Au coeur de ce programme, Somfy propose une motorisation pour fen\u00eatres et baies\u2026","rel":"","context":"Dans &quot;Traitement de l'air&quot;","img":{"alt_text":"","src":"https:\/\/i0.wp.com\/batimedianews.com\/live\/wp-content\/uploads\/2021\/09\/Somfy-Article-1.jpg?fit=512%2C512&ssl=1&resize=350%2C200","width":350,"height":200},"classes":[]},{"id":620,"url":"https:\/\/batimedianews.com\/live\/index.php\/2018\/11\/20\/equipbaie-2018-somfy-presente-ses-dernieres-nouveautes\/","url_meta":{"origin":39590,"position":2},"title":"Equip&#039;baie 2018 : Somfy pr\u00e9sente ses derni\u00e8res nouveaut\u00e9s","date":"20 novembre 2018","format":false,"excerpt":"A l'occasion du salon\u00a0Equip'baie\u00a0qui se d\u00e9roulera \u00e0 Paris du 20 au 23 novembre 2018, Somfy\u00a0leader mondial de l'automatisation des ouvertures et des fermetures de la maison et du b\u00e2timentpr\u00e9sentera\u00a0ses derni\u00e8res innovations\u00a0\u00e0 destination des\u00a0installateurs et fabricants.\u00a0Entre nouvelles technologies et nouveaux moteurs, Somfy d\u00e9voilera en avant-premi\u00e8re son nouvel outil de maintenance en\u2026","rel":"","context":"Dans &quot;EquipBaie2018&quot;","img":{"alt_text":"","src":"https:\/\/i0.wp.com\/batimedianews.com\/live\/wp-content\/uploads\/2019\/08\/somfy_image.jpg?fit=775%2C775&ssl=1&resize=350%2C200","width":350,"height":200},"classes":[]},{"id":3410,"url":"https:\/\/batimedianews.com\/live\/index.php\/2019\/11\/04\/innovation-somfy-autour-de-la-fenetre-connectee\/","url_meta":{"origin":39590,"position":3},"title":"Innovation Somfy autour de la fen\u00eatre connect\u00e9e","date":"4 novembre 2019","format":"video","excerpt":"https:\/\/youtu.be\/1DhzlcZKCRo","rel":"","context":"Dans &quot;Batimat&quot;","img":{"alt_text":"","src":"https:\/\/i2.wp.com\/img.youtube.com\/vi\/1DhzlcZKCRo\/0.jpg?resize=350%2C200","width":350,"height":200},"classes":[]},{"id":2766,"url":"https:\/\/batimedianews.com\/live\/index.php\/2019\/09\/19\/somfyetlegroupeliebotlaureats-desawardsdelinnovation-dumondialdubatiment-2019\/","url_meta":{"origin":39590,"position":4},"title":"Somfy\tet\tle\tgroupe\tLi\u00e9bot\tlaur\u00e9ats des\tAwards\tde\tl\u2019Innovation du\tMondial\tdu\tB\u00e2timent 2019 !","date":"19 septembre 2019","format":false,"excerpt":"Tous les deux ans, les Awards de l'Innovation du Mondial du B\u00e2timent mettent en lumi\u00e8re le meilleur de l\u2019innovation des industriels de la construction. La premi\u00e8re solution de baie coulissante automatis\u00e9e et connect\u00e9e, d\u00e9velopp\u00e9e conjointement par Somfy, leader mondial de l\u2019automatisation des ouvertures et des fermetures, et le Groupe Li\u00e9bot,\u2026","rel":"","context":"Dans &quot;Actualit\u00e9 Entreprises&quot;","img":{"alt_text":"","src":"https:\/\/i1.wp.com\/batimedianews.com\/live\/wp-content\/uploads\/2019\/09\/somfy1.jpg?fit=945%2C544&ssl=1&resize=350%2C200","width":350,"height":200},"classes":[]},{"id":32270,"url":"https:\/\/batimedianews.com\/live\/index.php\/2023\/10\/13\/somfy-sera-present-a-artibat-2023\/","url_meta":{"origin":39590,"position":5},"title":"SOMFY sera pr\u00e9sent \u00e0 ARTIBAT 2023 !","date":"13 octobre 2023","format":false,"excerpt":"Somfy, le leader mondial de l'automatisation des ouvertures et des fermetures de la maison et du b\u00e2timent, annonce sa participation \u00e0 Artibat 2023, le rendez-vous incontournable pour les professionnels du b\u00e2timent. L'\u00e9v\u00e9nement se d\u00e9roulera du 18 au 20 octobre au Parc des Expositions de Rennes. Somfy profitera de cette occasion\u2026","rel":"","context":"Dans &quot;Actualit\u00e9 Entreprises&quot;","img":{"alt_text":"","src":"https:\/\/i0.wp.com\/batimedianews.com\/live\/wp-content\/uploads\/2023\/10\/somfy-artibat.png?fit=1200%2C1200&ssl=1&resize=350%2C200","width":350,"height":200},"classes":[]}],"_links":{"self":[{"href":"https:\/\/batimedianews.com\/live\/index.php\/wp-json\/wp\/v2\/posts\/39590"}],"collection":[{"href":"https:\/\/batimedianews.com\/live\/index.php\/wp-json\/wp\/v2\/posts"}],"about":[{"href":"https:\/\/batimedianews.com\/live\/index.php\/wp-json\/wp\/v2\/types\/post"}],"author":[{"embeddable":true,"href":"https:\/\/batimedianews.com\/live\/index.php\/wp-json\/wp\/v2\/users\/41"}],"replies":[{"embeddable":true,"href":"https:\/\/batimedianews.com\/live\/index.php\/wp-json\/wp\/v2\/comments?post=39590"}],"version-history":[{"count":2,"href":"https:\/\/batimedianews.com\/live\/index.php\/wp-json\/wp\/v2\/posts\/39590\/revisions"}],"predecessor-version":[{"id":39623,"href":"https:\/\/batimedianews.com\/live\/index.php\/wp-json\/wp\/v2\/posts\/39590\/revisions\/39623"}],"wp:featuredmedia":[{"embeddable":true,"href":"https:\/\/batimedianews.com\/live\/index.php\/wp-json\/wp\/v2\/media\/39598"}],"wp:attachment":[{"href":"https:\/\/batimedianews.com\/live\/index.php\/wp-json\/wp\/v2\/media?parent=39590"}],"wp:term":[{"taxonomy":"category","embeddable":true,"href":"https:\/\/batimedianews.com\/live\/index.php\/wp-json\/wp\/v2\/categories?post=39590"},{"taxonomy":"post_tag","embeddable":true,"href":"https:\/\/batimedianews.com\/live\/index.php\/wp-json\/wp\/v2\/tags?post=39590"}],"curies":[{"name":"wp","href":"https:\/\/api.w.org\/{rel}","templated":true}]}}