{"id":39668,"date":"2024-09-12T10:25:26","date_gmt":"2024-09-12T08:25:26","guid":{"rendered":"http:\/\/batimedianews.com\/live\/?p=39668"},"modified":"2025-04-08T20:31:12","modified_gmt":"2025-04-08T18:31:12","slug":"weber-anime-a-nouveau-les-negoces-et-recompense-les-artisans-particuliers-avec-son-grand-jeu-team-weber-du-16-sept-au-18-oct","status":"publish","type":"post","link":"https:\/\/batimedianews.com\/live\/index.php\/2024\/09\/12\/weber-anime-a-nouveau-les-negoces-et-recompense-les-artisans-particuliers-avec-son-grand-jeu-team-weber-du-16-sept-au-18-oct\/","title":{"rendered":"WEBER anime \u00e0 nouveau les n\u00e9goces et r\u00e9compense les artisans &amp; particuliers avec son grand jeu TEAM WEBER, du 16 sept. au 18 oct."},"content":{"rendered":"\n<div class=\"wp-block-media-text alignwide has-media-on-the-right is-stacked-on-mobile\" style=\"grid-template-columns:auto 39%\"><figure class=\"wp-block-media-text__media\"><img loading=\"lazy\" width=\"401\" height=\"567\" src=\"https:\/\/i1.wp.com\/batimedianews.com\/live\/wp-content\/uploads\/2024\/09\/1_GRAND-JEU-TEAM-WEBER-SEPT.jpg?resize=401%2C567\" alt=\"\" class=\"wp-image-39669 size-full\" srcset=\"https:\/\/i1.wp.com\/batimedianews.com\/live\/wp-content\/uploads\/2024\/09\/1_GRAND-JEU-TEAM-WEBER-SEPT.jpg?w=401&amp;ssl=1 401w, https:\/\/i1.wp.com\/batimedianews.com\/live\/wp-content\/uploads\/2024\/09\/1_GRAND-JEU-TEAM-WEBER-SEPT.jpg?resize=768%2C1085&amp;ssl=1 768w, https:\/\/i1.wp.com\/batimedianews.com\/live\/wp-content\/uploads\/2024\/09\/1_GRAND-JEU-TEAM-WEBER-SEPT.jpg?resize=396%2C560&amp;ssl=1 396w\" sizes=\"(max-width: 600px) 91vw, (max-width: 900px) 600px, (max-width: 1060px) 50vw, (max-width: 1200px) 520px, (max-width: 1400px) 43vw, 600px\" data-recalc-dims=\"1\" \/><\/figure><div class=\"wp-block-media-text__content\">\n<p>&nbsp;<strong>Fort du succ\u00e8s de la premi\u00e8re \u00e9dition qui a eu lieu au printemps, Weber r\u00e9it\u00e8re son Grand jeu Team Weber pour cette rentr\u00e9e automnale, cette fois autour de ses solutions pour la gamme salle de bains.&nbsp;<\/strong><\/p>\n\n\n\n<p><strong>Rappelons que cette op\u00e9ration commerciale entend dynamiser les points de vente en cr\u00e9ant l\u2019\u00e9v\u00e9nement pour booster le chiffre d\u2019affaires des plus de 600 n\u00e9goces partenaires, de promouvoir les solutions Weber et de faire gagner aux clients des cadeaux en phase avec leur activit\u00e9 (pas moins de 450 lots d\u2019une valeur minimale de 30 euros et jusqu\u2019\u00e0 plus de 1 000 euros).&nbsp;<\/strong><\/p>\n<\/div><\/div>\n\n\n\n<div class=\"wp-block-columns\">\n<div class=\"wp-block-column\">\n<p style=\"font-size:25px\">Grand jeu Team Weber c\u00f4t\u00e9 n\u00e9goces&nbsp;<\/p>\n\n\n\n<p>Cette op\u00e9ration se d\u00e9roule du 16 septembre au 18 octobre, avec mise en avant de <strong>58 produits Weber li\u00e9s \u00e0 l\u2019univers de la salle de bains<\/strong>, qu\u2019il s\u2019agisse de chapes, primaires, solutions d\u2019\u00e9tanch\u00e9it\u00e9 sous carrelage, mortiers colles ou adh\u00e9sifs, joints, autres accessoires et produits compl\u00e9mentaires.&nbsp;<\/p>\n\n\n\n<p>Afin de relayer visuellement ce Grand jeu, Weber met \u00e0 disposition des kits PLV logotyp\u00e9s \u00ab Team Weber \u00bb, tels que des affiches, totems et stops rayon. Parall\u00e8lement, ce Grand jeu b\u00e9n\u00e9ficie d\u2019un large dispositif de communication avec un relai en presse \u00e9crite ainsi qu\u2019une campagne digitale affinitaire, devant permettre de toucher quelque 2.350.000 contacts, une r\u00e9elle opportunit\u00e9 pour g\u00e9n\u00e9rer du trafic en point de vente.&nbsp;<\/p>\n<\/div>\n\n\n\n<div class=\"wp-block-column\">\n<p style=\"font-size:25px\">Grand jeu Team Weber c\u00f4t\u00e9 artisans &amp; particuliers&nbsp;<\/p>\n\n\n\n<p>D\u00e8s l\u2019achat d\u2019un seul produit Weber de la gamme salle de bains chez l\u2019un des distributeurs partenaires, le client peut remplir un formulaire en scannant le QR code figurant sur les supports de communication, puis importer sa facture : sa participation est imm\u00e9diatement d\u00e9clench\u00e9e et le joueur d\u00e9couvre instantan\u00e9ment s\u2019il a remport\u00e9 l\u2019un des 450 lots en lice (re\u00e7u sous 2 \u00e0 3 semaines). <strong>45 000 euros de cadeaux <\/strong>sont \u00e0 gagner r\u00e9partis en trois th\u00e9matiques : \u00ab Un chantier + pro \u00bb (malaxeur, m\u00e8tre laser&#8230;), \u00ab Un chantier + confortable \u00bb (v\u00eatements professionnels, radio de chantier) et \u00ab Un chantier + high tech \u00bb (smartphone, TV LED&#8230;).&nbsp;<\/p>\n\n\n\n<p>Particuli\u00e8rement attentif \u00e0 l\u2019accompagnement des distributeurs et \u00e0 la satisfaction client, Weber poursuit ainsi ses actions de proximit\u00e9, toujours au plus pr\u00e8s du terrain.&nbsp;<\/p>\n<\/div>\n<\/div>\n\n\n\n<p class=\"has-small-font-size\">&nbsp;<strong>A propos de Weber&nbsp;<\/strong><\/p>\n\n\n\n<p class=\"has-small-font-size\">Leader mondial des mortiers industriels, Weber fabrique depuis 1902 des solutions innovantes et performantes pour envelopper, prot\u00e9ger et embellir l\u2019habitat durablement. Les produits Weber int\u00e8grent la pr\u00e9paration des sols, la pose du carrelage, les enduits de fa\u00e7ades, l\u2019Isolation Thermique par l\u2019Ext\u00e9rieur, et \u00e9galement le Gros OEuvre et les Travaux Publics. Appartenant au Groupe Saint-Gobain depuis 1996, Weber s\u2019appuie sur un r\u00e9seau fran\u00e7ais de 11 sites de production, 3 d\u00e9p\u00f4ts logistiques, 5 services clients, 1 centre de renseignements techniques, 5 centres de formation et pr\u00e8s de 4.000 distributeurs.&nbsp;<\/p>\n","protected":false},"excerpt":{"rendered":"<p>&nbsp;Fort du succ\u00e8s de la premi\u00e8re \u00e9dition qui a eu lieu au printemps, Weber r\u00e9it\u00e8re son Grand jeu Team Weber pour cette rentr\u00e9e automnale, cette fois autour de ses solutions pour la gamme salle de bains.&nbsp; Rappelons que cette op\u00e9ration commerciale entend dynamiser les points de vente en cr\u00e9ant l\u2019\u00e9v\u00e9nement pour booster le chiffre d\u2019affaires [&hellip;]<\/p>\n","protected":false},"author":41,"featured_media":39670,"comment_status":"open","ping_status":"open","sticky":false,"template":"","format":"standard","meta":{"spay_email":""},"categories":[1222,868,585,1300,80],"tags":[],"jetpack_featured_media_url":"https:\/\/i1.wp.com\/batimedianews.com\/live\/wp-content\/uploads\/2024\/09\/weber.jpg?fit=1513%2C825&ssl=1","jetpack_sharing_enabled":true,"jetpack_likes_enabled":true,"jetpack-related-posts":[{"id":36361,"url":"https:\/\/batimedianews.com\/live\/index.php\/2024\/03\/20\/grand-jeu-team-weber-du-18-mars-au-21-avril-weber-anime-les-negoces-et-recompense-les-artisans\/","url_meta":{"origin":39668,"position":0},"title":"GRAND JEU TEAM WEBER du 18 mars au 21 avril WEBER anime les n\u00e9goces et r\u00e9compense les artisans !","date":"20 mars 2024","format":false,"excerpt":"\u00a0Pour f\u00eater le retour du printemps et des beaux jours, Weber d\u00e9cide de choyer son r\u00e9seau de distributeurs en proposant une op\u00e9ration commerciale in\u00e9dite autour de sa gamme am\u00e9nagement ext\u00e9rieur : le Grand jeu Team Weber.\u00a0 Il s\u2019agit de dynamiser les points de vente en cr\u00e9ant l\u2019\u00e9v\u00e9nement pour booster le\u2026","rel":"","context":"Dans &quot;Actualit\u00e9 Entreprises&quot;","img":{"alt_text":"","src":"https:\/\/i0.wp.com\/batimedianews.com\/live\/wp-content\/uploads\/2024\/03\/Weber-1.jpg?fit=825%2C825&ssl=1&resize=350%2C200","width":350,"height":200},"classes":[]},{"id":45222,"url":"https:\/\/batimedianews.com\/live\/index.php\/2025\/06\/02\/le-grand-jeu-team-weber-est-de-retour-en-2025\/","url_meta":{"origin":39668,"position":1},"title":"Le grand jeu TEAM WEBER est de retour en 2025 !","date":"2 juin 2025","format":false,"excerpt":"\u00a0Fort de l\u2019enthousiasme suscit\u00e9 lors des deux pr\u00e9c\u00e9dentes \u00e9ditions du Grand jeu Team Weber en 2024 (au printemps puis \u00e0 l\u2019automne), Weber reconduit l\u2019op\u00e9ration cette ann\u00e9e, du 2 juin au 6 juillet, avec pour th\u00e9matique les solutions salle de bains. Ce rendez-vous s\u2019affirme comme un temps fort pour dynamiser les\u2026","rel":"","context":"Dans &quot;Actualit\u00e9 Entreprises&quot;","img":{"alt_text":"","src":"https:\/\/i0.wp.com\/batimedianews.com\/live\/wp-content\/uploads\/2025\/05\/Weber.jpg?fit=825%2C825&ssl=1&resize=350%2C200","width":350,"height":200},"classes":[]},{"id":17027,"url":"https:\/\/batimedianews.com\/live\/index.php\/2022\/03\/08\/weberexpert-tour-2022-weber-va-a-la-rencontre-de-ses-clients-dans-plus-de-100-negoces-en-france\/","url_meta":{"origin":39668,"position":2},"title":"WEBEREXPERT TOUR 2022 &#8211; Weber  va \u00e0 la rencontre de ses clients dans plus de 100 n\u00e9goces en France","date":"8 mars 2022","format":false,"excerpt":"Weber continue d\u2019\u00e9lever la proximit\u00e9 au rang de valeur essentielle et renforce encore l\u2019accompagnement de ses clients artisans comme de ses partenaires distributeurs. Ainsi, plus d\u2019une centaine de rencontres vont \u00eatre organis\u00e9es cette ann\u00e9e dans des n\u00e9goces partout en France (Corse comprise) avec un dispositif itin\u00e9rant qui allie expertise et\u2026","rel":"","context":"Dans &quot;Actualit\u00e9 Entreprises&quot;","img":{"alt_text":"","src":"https:\/\/i0.wp.com\/batimedianews.com\/live\/wp-content\/uploads\/2022\/03\/Weber-Article-1.jpg?fit=512%2C512&ssl=1&resize=350%2C200","width":350,"height":200},"classes":[]},{"id":877,"url":"https:\/\/batimedianews.com\/live\/index.php\/2019\/02\/06\/weber-lance-son-nouveau-libre-service-maconnerie\/","url_meta":{"origin":39668,"position":3},"title":"Weber lance son nouveau Libre-Service ma\u00e7onnerie","date":"6 f\u00e9vrier 2019","format":false,"excerpt":"Face au succ\u00e8s rencontr\u00e9 dans les n\u00e9goces du Libre-Service carrelage mis en place par Weber en novembre 2014, les\u00a0distributeurs ont sollicit\u00e9 eux-m\u00eames le leader des\u00a0 mortiers industriels pour \u00e9tendre ce concept innovant \u00e0 la ma\u00e7onnerie. Merchandising \u00e9tudi\u00e9 afin de faciliter l\u2019achat d\u00e8s l\u2019entr\u00e9e du\u00a0point de vente jusqu\u2019\u00e0 l\u2019espace Libre-Service, planogrammes\u00a0modulables\u2026","rel":"","context":"Dans &quot;Actualit\u00e9 Entreprises&quot;","img":{"alt_text":"","src":"https:\/\/i2.wp.com\/batimedianews.com\/live\/wp-content\/uploads\/2019\/08\/weber1.jpg?fit=719%2C535&ssl=1&resize=350%2C200","width":350,"height":200},"classes":[]},{"id":39868,"url":"https:\/\/batimedianews.com\/live\/index.php\/2024\/09\/25\/weber-innove-avec-corps-denduit-chaux-chanvre-enae-une-solution-biosourcee-pour-la-renovation-et-la-construction-plus-durable\/","url_meta":{"origin":39668,"position":4},"title":"WEBER innove avec corps d\u2019enduit chaux-chanvre ENA\u00c9 : une solution biosourc\u00e9e pour la r\u00e9novation et la construction plus durable","date":"25 septembre 2024","format":false,"excerpt":"Apr\u00e8s trois ann\u00e9es de R&D, Weber est fier d\u2019annoncer le lancement de son tout nouveau Corps d\u2019enduit chaux-chanvre ena\u00e9. Ce produit innovant, formul\u00e9 \u00e0 base de chaux a\u00e9rienne et de ch\u00e8nevotte fine, offre une solution de r\u00e9novation ultra-l\u00e9g\u00e8re. En ext\u00e9rieur, associ\u00e9 \u00e0 l\u2019Enduit \u00e9pais grain fin, il offre \u00e9galement une\u2026","rel":"","context":"Dans &quot;Actualit\u00e9 Entreprises&quot;","img":{"alt_text":"","src":"https:\/\/i2.wp.com\/batimedianews.com\/live\/wp-content\/uploads\/2024\/09\/weber-1.jpg?fit=825%2C825&ssl=1&resize=350%2C200","width":350,"height":200},"classes":[]},{"id":21587,"url":"https:\/\/batimedianews.com\/live\/index.php\/2022\/07\/04\/la-construction-durable-selon-weber-une-vocation\/","url_meta":{"origin":39668,"position":5},"title":"La construction durable selon WEBER\u2002: une vocation v\u00e9ritable","date":"4 juillet 2022","format":false,"excerpt":"R\u00e9sidence ALTHEA par Woodeum \u00e0 V\u00e9lizy (78)Nicolas Laisn\u00e9 Architectes & DREAM Dimitri RousselSyst\u00e8me ITE Weber pour construction bois massif CLT avec isolant laine de roche incombustible, sous-enduit \u2002la chaux a\u00e9rienne et finition organique. Un programme RSE port\u00e9 par l\u2019embl\u00e9matique hashtag \"VertEtFier\", une gamme de produits & services \u00e9co-engag\u00e9s qui ne\u2026","rel":"","context":"Dans &quot;Actualit\u00e9 Entreprises&quot;","img":{"alt_text":"","src":"https:\/\/i0.wp.com\/batimedianews.com\/live\/wp-content\/uploads\/2022\/07\/Weber-Article.jpg?fit=1080%2C1080&ssl=1&resize=350%2C200","width":350,"height":200},"classes":[]}],"_links":{"self":[{"href":"https:\/\/batimedianews.com\/live\/index.php\/wp-json\/wp\/v2\/posts\/39668"}],"collection":[{"href":"https:\/\/batimedianews.com\/live\/index.php\/wp-json\/wp\/v2\/posts"}],"about":[{"href":"https:\/\/batimedianews.com\/live\/index.php\/wp-json\/wp\/v2\/types\/post"}],"author":[{"embeddable":true,"href":"https:\/\/batimedianews.com\/live\/index.php\/wp-json\/wp\/v2\/users\/41"}],"replies":[{"embeddable":true,"href":"https:\/\/batimedianews.com\/live\/index.php\/wp-json\/wp\/v2\/comments?post=39668"}],"version-history":[{"count":2,"href":"https:\/\/batimedianews.com\/live\/index.php\/wp-json\/wp\/v2\/posts\/39668\/revisions"}],"predecessor-version":[{"id":39684,"href":"https:\/\/batimedianews.com\/live\/index.php\/wp-json\/wp\/v2\/posts\/39668\/revisions\/39684"}],"wp:featuredmedia":[{"embeddable":true,"href":"https:\/\/batimedianews.com\/live\/index.php\/wp-json\/wp\/v2\/media\/39670"}],"wp:attachment":[{"href":"https:\/\/batimedianews.com\/live\/index.php\/wp-json\/wp\/v2\/media?parent=39668"}],"wp:term":[{"taxonomy":"category","embeddable":true,"href":"https:\/\/batimedianews.com\/live\/index.php\/wp-json\/wp\/v2\/categories?post=39668"},{"taxonomy":"post_tag","embeddable":true,"href":"https:\/\/batimedianews.com\/live\/index.php\/wp-json\/wp\/v2\/tags?post=39668"}],"curies":[{"name":"wp","href":"https:\/\/api.w.org\/{rel}","templated":true}]}}