{"id":3969,"date":"2020-04-03T11:34:15","date_gmt":"2020-04-03T09:34:15","guid":{"rendered":"http:\/\/batimedianews.com\/live\/?p=3969"},"modified":"2021-10-20T13:08:29","modified_gmt":"2021-10-20T11:08:29","slug":"instruction-decalee-des-autorisations-durbanisme-londe-de-choc-sannonce-importante-pour-toute-la-filiere-de-la-construction-de-la-promotion-et-de-lamenagement","status":"publish","type":"post","link":"https:\/\/batimedianews.com\/live\/index.php\/2020\/04\/03\/instruction-decalee-des-autorisations-durbanisme-londe-de-choc-sannonce-importante-pour-toute-la-filiere-de-la-construction-de-la-promotion-et-de-lamenagement\/","title":{"rendered":"Instruction d\u00e9cal\u00e9e des autorisations d\u2019urbanisme : l\u2019onde de choc s\u2019annonce importante pour toute la fili\u00e8re de la construction, de la promotion et de l\u2019am\u00e9nagement."},"content":{"rendered":"\n<figure class=\"wp-block-image\"><img loading=\"lazy\" width=\"686\" height=\"622\" src=\"https:\/\/i2.wp.com\/batimedianews.com\/live\/wp-content\/uploads\/2020\/04\/synd_image.jpg?resize=686%2C622\" alt=\"\" class=\"wp-image-3970\" srcset=\"https:\/\/i2.wp.com\/batimedianews.com\/live\/wp-content\/uploads\/2020\/04\/synd_image.jpg?w=686&amp;ssl=1 686w, https:\/\/i2.wp.com\/batimedianews.com\/live\/wp-content\/uploads\/2020\/04\/synd_image.jpg?resize=300%2C272&amp;ssl=1 300w, https:\/\/i2.wp.com\/batimedianews.com\/live\/wp-content\/uploads\/2020\/04\/synd_image.jpg?resize=10%2C10&amp;ssl=1 10w, https:\/\/i2.wp.com\/batimedianews.com\/live\/wp-content\/uploads\/2020\/04\/synd_image.jpg?resize=432%2C392&amp;ssl=1 432w, https:\/\/i2.wp.com\/batimedianews.com\/live\/wp-content\/uploads\/2020\/04\/synd_image.jpg?resize=396%2C359&amp;ssl=1 396w, https:\/\/i2.wp.com\/batimedianews.com\/live\/wp-content\/uploads\/2020\/04\/synd_image.jpg?resize=660%2C598&amp;ssl=1 660w, https:\/\/i2.wp.com\/batimedianews.com\/live\/wp-content\/uploads\/2020\/04\/synd_image.jpg?resize=243%2C220&amp;ssl=1 243w\" sizes=\"(max-width: 600px) 91vw, (max-width: 900px) 600px, (max-width: 1060px) 50vw, (max-width: 1200px) 520px, (max-width: 1400px) 43vw, 600px\" data-recalc-dims=\"1\" \/><\/figure>\n\n\n\n<p style=\"text-align:justify\"> Le Gouvernement par l\u2019ordonnance n\u00b02020-306 du 25 mars 2020 prise dans le cadre de la loi d\u2019urgence sanitaire du 23 mars 2020 a permis de neutraliser les d\u00e9lais d\u2019instruction des demandes d&rsquo;autorisation d&rsquo;urbanisme d\u00e9pos\u00e9es avant le 12 mars 2020 et ce jusqu&rsquo;\u00e0 l&rsquo;expiration d\u2019un d\u00e9lai d&rsquo;un mois \u00e0 compter de la date de cessation de l&rsquo;\u00e9tat d&rsquo;urgence sanitaire. Cette ordonnance pr\u00e9tend pr\u00e9server les droits de chacun, s\u2019adapter aux contraintes de confinement et suspendre les cons\u00e9quences juridiques du silence de l\u2019administration. Cette ordonnance supprime de fait les autorisations tacites de l\u2019administration. Dans le m\u00eame temps, nous constatons que nombre de services d\u2019instruction, dans les collectivit\u00e9s locales, sont inactifs depuis le d\u00e9but du confinement. Par cette ordonnance, l\u2019instruction de tout nouveau permis de construire, permis d\u2019am\u00e9nager, d\u00e9claration pr\u00e9alable de lotissement, peut \u00eatre report\u00e9e d\u2019un mois apr\u00e8s la sortie de crise, soit pour cons\u00e9quence, si l\u2019\u00e9tat d\u2019urgence sanitaire dure deux mois, un d\u00e9calage de l\u2019instruction de 3 mois. A ce d\u00e9lai de 3 mois, il faut ajouter un d\u00e9lai de recours suppl\u00e9mentaire de 2 mois pour tous les permis non purg\u00e9s au 12 mars, qui r\u00e9sulte \u00e9galement de l\u2019ordonnance. Compte tenu de l\u2019engorgement des administrations provoqu\u00e9 par l\u2019afflux des demandes bloqu\u00e9es pendant ces 3 mois, des demandes courantes de pi\u00e8ces compl\u00e9mentaires et de consultation de services ext\u00e9rieurs (ABF, ERP\u2026 ;), il est \u00e0 pr\u00e9voir que la quasi-totalit\u00e9 des autorisations, dont les demandes sont en cours ou \u00e0 venir, ne seront purg\u00e9es de tout recours qu\u2019au d\u00e9but 2021. Toute la ma\u00eetrise d\u2019\u0153uvre sera inactive pendant cette p\u00e9riode de d\u00e9calage d\u2019instruction des autorisations d\u2019urbanisme et les \u00e9tudes d\u2019ex\u00e9cution seront report\u00e9es d\u2019autant. De m\u00eame, les entreprises de gros \u0153uvre ne pourront d\u00e9marrer leurs travaux qu\u2019en 2021 au lieu du deuxi\u00e8me semestre 2020 et les entreprises de second \u0153uvre, elles, ne poursuivront ces travaux qu\u2019\u00e0 partir de l\u2019\u00e9t\u00e9 2021, soit dans plus d\u2019un an. <\/p>\n\n\n\n<h2>\n\nDes cons\u00e9quences catastrophiques peuvent \u00eatre \u00e9vit\u00e9es pour toute la fili\u00e8re de la\nconstruction et de l\u2019am\u00e9nagement. \n\n<\/h2>\n\n\n\n<p style=\"text-align:justify\"> Si nous pouvons comprendre la volont\u00e9 de s\u00e9curisation des autorisations d\u2019urbanisme eu \u00e9gard \u00e0 cette crise ayant conduit le gouvernement \u00e0 adopter cette ordonnance, nous nous devons de pointer du doigt l\u2019incoh\u00e9rence du message envoy\u00e9 alors qu\u2019en m\u00eame temps il est demand\u00e9 \u00e0 la fili\u00e8re de rouvrir les chantiers de BTP. L\u2019instruction de demande d\u2019autorisations d\u2019urbanisme est en effet une activit\u00e9 qui peut tr\u00e8s bien s\u2019organiser en t\u00e9l\u00e9travail, d\u2019autant plus quand un tel secteur \u00e9conomique &#8211; le BTP &#8211; en d\u00e9pend. Comme l\u2019a rappel\u00e9 \u00e0 plusieurs reprises le gouvernement, nous devons d\u00e8s \u00e0 pr\u00e9sent organiser l\u2019apr\u00e8s-crise sanitaire et nous assurer que l\u2019activit\u00e9 \u00e9conomique pourra reprendre rapidement. <\/p>\n\n\n\n<h3> Face \u00e0 cette situation, les f\u00e9d\u00e9rations professionnelles concern\u00e9es proposent au Gouvernement de travailler ensemble sur les sujets suivants : <\/h3>\n\n\n\n<ul><li>La modification de l\u2019ordonnance concern\u00e9e, pour r\u00e9duire son impact calendaire (par exemple en supprimant le mois ajout\u00e9 \u00e0 la dur\u00e9e de l\u2019\u00e9tat d\u2019urgence sanitaire ou en r\u00e9duisant les d\u00e9lais de recours des tiers et recours administratifs)  <\/li><li> Une continuit\u00e9 minimale de l\u2019\u00e9tude et de la d\u00e9livrance des autorisations d\u2019urbanisme dans les collectivit\u00e9s territoriales durant la p\u00e9riode de confinement, en \u00ab temps masqu\u00e9 \u00bb, en privil\u00e9giant la d\u00e9mat\u00e9rialisation du d\u00e9p\u00f4t des dossiers ; corr\u00e9lativement, l\u2019acc\u00e9l\u00e9ration de la d\u00e9mat\u00e9rialisation des autorisations d\u2019urbanisme, pr\u00e9vue pour 2022 dans les communes de plus de 3500 habitants. <\/li><li>Le renforcement des services instructeurs d\u00e8s la sortie de crise sanitaire pour \u00e9viter le rallongement des d\u00e9lais d\u2019\u00e9tude et la demande de pi\u00e8ces compl\u00e9mentaires ; <\/li><li>La prise en compte des difficult\u00e9s de toute la fili\u00e8re par l\u2019homologation inconditionnelle des demandes de ch\u00f4mage partiel, d\u00e9gr\u00e8vement d\u2019imp\u00f4t et de report de charge ; <\/li><li>La r\u00e9vision du mode d\u2019attribution du fonds de solidarit\u00e9 pour les ind\u00e9pendants et artisans, le mode de comparaison du seul mois de mars n\u2019\u00e9tant pas pertinent eu \u00e9gard \u00e0 leurs d\u00e9lais de facturation et de paiement. <\/li><\/ul>\n\n\n\n<ul><li>F\u00e9d\u00e9ration Cinov :  <a href=\"https:\/\/www.cinov.fr\/\">https:\/\/www.cinov.fr\/<\/a> <\/li><li>F\u00e9d\u00e9ration Promoteurs Immobiliers :  <a href=\"https:\/\/fpifrance.fr\/\">https:\/\/fpifrance.fr\/<\/a> <\/li><li>Les constructeurs et am\u00e9nageurs :  <a href=\"https:\/\/www.lesconstructeursamenageurs.com\/\">https:\/\/www.lesconstructeursamenageurs.com\/<\/a> <\/li><li>Synamone :  <a href=\"https:\/\/www.synamome.org\/\">https:\/\/www.synamome.org\/<\/a> <\/li><li>Unsfa, l&rsquo;union des architectes :  <a href=\"https:\/\/www.unsfa.fr\/\">https:\/\/www.unsfa.fr\/<\/a> <\/li><li>Union nationale des am\u00e9nageurs :  <a href=\"https:\/\/www.unam-territoires.fr\/\">https:\/\/www.unam-territoires.fr\/<\/a> <\/li><li>Union nationale des g\u00e9om\u00e8tres experts :  <a href=\"https:\/\/www.unge.net\/\">https:\/\/www.unge.net\/<\/a> <\/li><li>Untec, les \u00e9conomistes de la construction :  <a href=\"https:\/\/www.untec.com\/\">https:\/\/www.untec.com\/<\/a> <\/li><li>L&rsquo;union sociale pour l&rsquo;habitat :  <a href=\"https:\/\/www.union-habitat.org\/\">https:\/\/www.union-habitat.org\/<\/a> <\/li><\/ul>\n\n\n\n<p><\/p>\n","protected":false},"excerpt":{"rendered":"<p>Le Gouvernement par l\u2019ordonnance n\u00b02020-306 du 25 mars 2020 prise dans le cadre de la loi d\u2019urgence sanitaire du 23 mars 2020 a permis de neutraliser les d\u00e9lais d\u2019instruction des demandes d&rsquo;autorisation d&rsquo;urbanisme d\u00e9pos\u00e9es avant le 12 mars 2020 et ce jusqu&rsquo;\u00e0 l&rsquo;expiration d\u2019un d\u00e9lai d&rsquo;un mois \u00e0 compter de la date de cessation de [&hellip;]<\/p>\n","protected":false},"author":1,"featured_media":3970,"comment_status":"open","ping_status":"open","sticky":false,"template":"","format":"standard","meta":{"spay_email":""},"categories":[4,589],"tags":[],"jetpack_featured_media_url":"https:\/\/i2.wp.com\/batimedianews.com\/live\/wp-content\/uploads\/2020\/04\/synd_image.jpg?fit=686%2C622&ssl=1","jetpack_sharing_enabled":true,"jetpack_likes_enabled":true,"jetpack-related-posts":[{"id":4354,"url":"https:\/\/batimedianews.com\/live\/index.php\/2020\/05\/08\/les-delais-applicables-en-matiere-durbanisme-recommenceront-a-courir-le-24-mai\/","url_meta":{"origin":3969,"position":0},"title":"Les d\u00e9lais applicables en mati\u00e8re d\u2019urbanisme recommenceront \u00e0 courir le 24 mai.","date":"8 mai 2020","format":false,"excerpt":"Jacqueline Gourault, ministre de la Coh\u00e9sion des territoires et des Relations avec les collectivit\u00e9s territoriales, et Julien Denormandie, ministre aupr\u00e8s de la ministre de la Coh\u00e9sion des territoires et des Relations avec les collectivit\u00e9s territoriales, charg\u00e9 de la Ville et du Logement, ont pr\u00e9sent\u00e9 jeudi 7 mai en Conseil des\u2026","rel":"","context":"Dans &quot;Actualit\u00e9 Entreprises&quot;","img":{"alt_text":"","src":"","width":0,"height":0},"classes":[]},{"id":28548,"url":"https:\/\/batimedianews.com\/live\/index.php\/2023\/05\/10\/le-point-sur-la-construction-neuves-autorisations-mars-2023\/","url_meta":{"origin":3969,"position":1},"title":"Le point sur la construction neuves : autorisations mars 2023","date":"10 mai 2023","format":false,"excerpt":"En mars 2023, les autorisations de logements se replient et s'\u00e9tablissent \u00e0 31\u00a0700 (-\u00a07\u00a0% par rapport \u00e0 f\u00e9vrier). Elles restent en dessous de leur niveau moyen des douze mois pr\u00e9c\u00e9dant le premier confinement (-\u00a018\u00a0%), en donn\u00e9es corrig\u00e9es des variations saisonni\u00e8res et des jours ouvrables (CVS-CJO). D'avril 2022 \u00e0 mars 2023,\u2026","rel":"","context":"Dans &quot;Articles et analyses&quot;","img":{"alt_text":"","src":"https:\/\/i0.wp.com\/batimedianews.com\/live\/wp-content\/uploads\/2023\/05\/analyse-mars-1.png?fit=1200%2C1200&ssl=1&resize=350%2C200","width":350,"height":200},"classes":[]},{"id":16791,"url":"https:\/\/batimedianews.com\/live\/index.php\/2022\/03\/04\/logement-neuf-la-derniere-digue-cede\/","url_meta":{"origin":3969,"position":2},"title":"Logement neuf : la derni\u00e8re digue c\u00e8de","date":"4 mars 2022","format":false,"excerpt":"\u00a0S\u2019il a connu un fort rebond en 2021 (ventes \u00e0 +21,5%), le march\u00e9 de la maison neuve en secteur diffus, qui soutient aujourd\u2019hui l\u2019activit\u00e9 en logement neuf, d\u00e9visse fortement depuis trois mois du fait des surco\u00fbts issus tant de la hausse des prix des mat\u00e9riaux et de l\u2019\u00e9nergie que de\u2026","rel":"","context":"Dans &quot;Actualit\u00e9 Entreprises&quot;","img":{"alt_text":"","src":"https:\/\/i2.wp.com\/batimedianews.com\/live\/wp-content\/uploads\/2022\/03\/PoleHabitat-Article.jpg?fit=512%2C512&ssl=1&resize=350%2C200","width":350,"height":200},"classes":[]},{"id":23021,"url":"https:\/\/batimedianews.com\/live\/index.php\/2022\/09\/14\/algar-pro-la-start-up-algar-sadresse-aux-professionnels-ayant-besoin-de-simplifier-leurs-procedures-dobtention-dautorisations-durbanisme\/","url_meta":{"origin":3969,"position":3},"title":"Algar PRO : La start-up Algar s\u2019adresse aux professionnels ayant besoin de simplifier leurs proc\u00e9dures d\u2019obtention d\u2019autorisations d\u2019urbanisme","date":"14 septembre 2022","format":false,"excerpt":"Fond\u00e9e en 2016, la start-up Algar est sp\u00e9cialis\u00e9e dans la simplification et la gestion des proc\u00e9dures d\u2019urbanisme aupr\u00e8s des professionnels et des particuliers. Afin de faire gagner en productivit\u00e9 les professionnels du secteur, la proptech fran\u00e7aise vient de lancer Algar PRO, une offre sur-mesure r\u00e9pondant \u00e0 leurs besoins sp\u00e9cifiques. Algar\u2026","rel":"","context":"Dans &quot;Logiciels&quot;","img":{"alt_text":"","src":"https:\/\/i1.wp.com\/batimedianews.com\/live\/wp-content\/uploads\/2022\/09\/algar-Article.jpg?fit=1080%2C1080&ssl=1&resize=350%2C200","width":350,"height":200},"classes":[]},{"id":46242,"url":"https:\/\/batimedianews.com\/live\/index.php\/2025\/08\/25\/construction-neuve-2024-un-marche-en-repli-des-donnees-pour-anticiper\/","url_meta":{"origin":3969,"position":4},"title":"Construction neuve 2024 : un march\u00e9 en repli, des donn\u00e9es pour anticiper","date":"25 ao\u00fbt 2025","format":false,"excerpt":"Le march\u00e9 de la construction neuve a connu en 2024 un net ralentissement qui s\u2019est poursuivi dans le temps, affectant \u00e0 la fois le r\u00e9sidentiel et le non-r\u00e9sidentiel. Dans ce contexte, disposer de donn\u00e9es pr\u00e9cises et d\u2019analyses fines est plus que jamais essentiel pour anticiper les \u00e9volutions. C\u2019est tout l\u2019enjeu\u2026","rel":"","context":"Dans &quot;Actualit\u00e9 Entreprises&quot;","img":{"alt_text":"","src":"https:\/\/i1.wp.com\/batimedianews.com\/live\/wp-content\/uploads\/2025\/08\/OCN-2024.png?fit=825%2C825&ssl=1&resize=350%2C200","width":350,"height":200},"classes":[]},{"id":24448,"url":"https:\/\/batimedianews.com\/live\/index.php\/2022\/10\/26\/deny-security-etoffe-sa-gamme-de-solutions-de-verrouillage-pour-issues-de-secours-avec-le-verrou-delis\/","url_meta":{"origin":3969,"position":5},"title":"D\u00e9ny Security \u00e9toffe sa gamme de solutions de verrouillage pour issues de secours avec le verrou d\u00e9Lis","date":"26 octobre 2022","format":false,"excerpt":"Dans les Etablissements Recevant du Public, l\u2019un des enjeux majeurs consiste \u00e0 concilier protection des biens et des personnes situ\u00e9s \u00e0 l\u2019int\u00e9rieur, en emp\u00eachant l\u2019acc\u00e8s aux individus non autoris\u00e9s, et \u00e9vacuation rapide et s\u00e9curis\u00e9e en cas d\u2019urgence. Disposant d\u00e9j\u00e0 d\u2019une large gamme de produits m\u00e9caniques, \u00e9lectriques ou motoris\u00e9s pour issues\u2026","rel":"","context":"Dans &quot;accessibilit\u00e9 Universelle&quot;","img":{"alt_text":"","src":"https:\/\/i2.wp.com\/batimedianews.com\/live\/wp-content\/uploads\/2022\/10\/Deny-Article.jpg?fit=1080%2C1080&ssl=1&resize=350%2C200","width":350,"height":200},"classes":[]}],"_links":{"self":[{"href":"https:\/\/batimedianews.com\/live\/index.php\/wp-json\/wp\/v2\/posts\/3969"}],"collection":[{"href":"https:\/\/batimedianews.com\/live\/index.php\/wp-json\/wp\/v2\/posts"}],"about":[{"href":"https:\/\/batimedianews.com\/live\/index.php\/wp-json\/wp\/v2\/types\/post"}],"author":[{"embeddable":true,"href":"https:\/\/batimedianews.com\/live\/index.php\/wp-json\/wp\/v2\/users\/1"}],"replies":[{"embeddable":true,"href":"https:\/\/batimedianews.com\/live\/index.php\/wp-json\/wp\/v2\/comments?post=3969"}],"version-history":[{"count":1,"href":"https:\/\/batimedianews.com\/live\/index.php\/wp-json\/wp\/v2\/posts\/3969\/revisions"}],"predecessor-version":[{"id":3971,"href":"https:\/\/batimedianews.com\/live\/index.php\/wp-json\/wp\/v2\/posts\/3969\/revisions\/3971"}],"wp:featuredmedia":[{"embeddable":true,"href":"https:\/\/batimedianews.com\/live\/index.php\/wp-json\/wp\/v2\/media\/3970"}],"wp:attachment":[{"href":"https:\/\/batimedianews.com\/live\/index.php\/wp-json\/wp\/v2\/media?parent=3969"}],"wp:term":[{"taxonomy":"category","embeddable":true,"href":"https:\/\/batimedianews.com\/live\/index.php\/wp-json\/wp\/v2\/categories?post=3969"},{"taxonomy":"post_tag","embeddable":true,"href":"https:\/\/batimedianews.com\/live\/index.php\/wp-json\/wp\/v2\/tags?post=3969"}],"curies":[{"name":"wp","href":"https:\/\/api.w.org\/{rel}","templated":true}]}}