{"id":39712,"date":"2024-09-16T13:46:25","date_gmt":"2024-09-16T11:46:25","guid":{"rendered":"http:\/\/batimedianews.com\/live\/?p=39712"},"modified":"2025-04-08T20:31:11","modified_gmt":"2025-04-08T18:31:11","slug":"fineo-solar-control-redonne-tout-son-rayonnement-a-un-jardin-dhiver-belle-epoque","status":"publish","type":"post","link":"https:\/\/batimedianews.com\/live\/index.php\/2024\/09\/16\/fineo-solar-control-redonne-tout-son-rayonnement-a-un-jardin-dhiver-belle-epoque\/","title":{"rendered":"Fineo Solar Control redonne tout son rayonnement \u00e0 un jardin d\u2019hiver Belle \u00c9poque"},"content":{"rendered":"\n<p class=\"has-text-align-center has-text-color has-large-font-size\" style=\"color:#0040a3\">La belle et le verre<\/p>\n\n\n\n<div class=\"wp-block-media-text alignwide has-media-on-the-right is-stacked-on-mobile\" style=\"grid-template-columns:auto 35%\"><figure class=\"wp-block-media-text__media\"><img loading=\"lazy\" width=\"720\" height=\"720\" src=\"https:\/\/i1.wp.com\/batimedianews.com\/live\/wp-content\/uploads\/2024\/09\/ST_HONORE_LES_BAINS_8_WEB.jpg?resize=720%2C720\" alt=\"\" class=\"wp-image-39713 size-full\" srcset=\"https:\/\/i1.wp.com\/batimedianews.com\/live\/wp-content\/uploads\/2024\/09\/ST_HONORE_LES_BAINS_8_WEB.jpg?resize=1024%2C1024&amp;ssl=1 1024w, https:\/\/i1.wp.com\/batimedianews.com\/live\/wp-content\/uploads\/2024\/09\/ST_HONORE_LES_BAINS_8_WEB.jpg?resize=600%2C600&amp;ssl=1 600w, https:\/\/i1.wp.com\/batimedianews.com\/live\/wp-content\/uploads\/2024\/09\/ST_HONORE_LES_BAINS_8_WEB.jpg?resize=300%2C300&amp;ssl=1 300w, https:\/\/i1.wp.com\/batimedianews.com\/live\/wp-content\/uploads\/2024\/09\/ST_HONORE_LES_BAINS_8_WEB.jpg?resize=1536%2C1536&amp;ssl=1 1536w, https:\/\/i1.wp.com\/batimedianews.com\/live\/wp-content\/uploads\/2024\/09\/ST_HONORE_LES_BAINS_8_WEB.jpg?resize=2048%2C2048&amp;ssl=1 2048w, https:\/\/i1.wp.com\/batimedianews.com\/live\/wp-content\/uploads\/2024\/09\/ST_HONORE_LES_BAINS_8_WEB.jpg?resize=10%2C10&amp;ssl=1 10w\" sizes=\"(max-width: 600px) 91vw, (max-width: 900px) 600px, (max-width: 1060px) 50vw, (max-width: 1200px) 520px, (max-width: 1400px) 43vw, 600px\" data-recalc-dims=\"1\" \/><\/figure><div class=\"wp-block-media-text__content\">\n<p class=\"has-normal-font-size\">A 800 m des Thermes de&nbsp;<em>Saint<\/em>&#8211;<em>Honor\u00e9-Les-Bains (Ni\u00e8vre),<\/em>&nbsp;situ\u00e9 dans la partie sud du Parc Naturel R\u00e9gional du Morvan, le domaine des Myosotis&nbsp;a \u00e9t\u00e9 superbement r\u00e9nov\u00e9 selon le souhait des actuels propri\u00e9taires&nbsp;Dick Quist et Cees van Eijk de respecter au plus proche le charme unique de la bastide d\u2019origine. Construite \u00e0 la fin du XIX<sup>e&nbsp;<\/sup>si\u00e8cle, cette \u00e9l\u00e9gante demeure s\u2019est coiff\u00e9e en 1915 d\u2018une tour, rejointe par un jardin d&rsquo;hiver qui a non seulement abrit\u00e9 et r\u00e9chauff\u00e9 passivement les plantes exotiques d&rsquo;alors, mais a aussi prolong\u00e9 en beaut\u00e9 l&rsquo;espace accueillant les r\u00e9ceptions priv\u00e9es donn\u00e9es au plus haut de l&rsquo;apog\u00e9e de cette noble b\u00e2tisse.<\/p>\n<\/div><\/div>\n\n\n\n<div class=\"wp-block-media-text alignwide is-stacked-on-mobile\" style=\"grid-template-columns:37% auto\"><figure class=\"wp-block-media-text__media\"><img loading=\"lazy\" width=\"720\" height=\"479\" src=\"https:\/\/i1.wp.com\/batimedianews.com\/live\/wp-content\/uploads\/2024\/09\/ST_HONORE_LES_BAINS_9_WEB.jpg?resize=720%2C479\" alt=\"\" class=\"wp-image-39714 size-full\" srcset=\"https:\/\/i1.wp.com\/batimedianews.com\/live\/wp-content\/uploads\/2024\/09\/ST_HONORE_LES_BAINS_9_WEB.jpg?w=886&amp;ssl=1 886w, https:\/\/i1.wp.com\/batimedianews.com\/live\/wp-content\/uploads\/2024\/09\/ST_HONORE_LES_BAINS_9_WEB.jpg?resize=768%2C511&amp;ssl=1 768w, https:\/\/i1.wp.com\/batimedianews.com\/live\/wp-content\/uploads\/2024\/09\/ST_HONORE_LES_BAINS_9_WEB.jpg?resize=432%2C288&amp;ssl=1 432w, https:\/\/i1.wp.com\/batimedianews.com\/live\/wp-content\/uploads\/2024\/09\/ST_HONORE_LES_BAINS_9_WEB.jpg?resize=396%2C264&amp;ssl=1 396w, https:\/\/i1.wp.com\/batimedianews.com\/live\/wp-content\/uploads\/2024\/09\/ST_HONORE_LES_BAINS_9_WEB.jpg?resize=660%2C440&amp;ssl=1 660w\" sizes=\"(max-width: 600px) 91vw, (max-width: 900px) 600px, (max-width: 1060px) 50vw, (max-width: 1200px) 520px, (max-width: 1400px) 43vw, 600px\" data-recalc-dims=\"1\" \/><\/figure><div class=\"wp-block-media-text__content\">\n<p>Aujourd&rsquo;hui transform\u00e9e en luxueuses chambres d&rsquo;h\u00f4tes, l&rsquo;imposante propri\u00e9t\u00e9 reste, avec sa fa\u00e7ade en briques et pierres de taille et ses balcons en fer forg\u00e9, une embl\u00e9matique repr\u00e9sentation de l&rsquo;architecture thermale de la \u00ab\u00a0Belle \u00c9poque\u00a0\u00bb, tout en b\u00e9n\u00e9ficiant de l&rsquo;esth\u00e9tisme de menuiseries acier r\u00e9nov\u00e9es et performances thermiques les plus avanc\u00e9es. Et avec&nbsp;la version contr\u00f4le solaire du&nbsp;verre isolant sous vide Fineo, d&rsquo;une finesse in\u00e9gal\u00e9e&nbsp;(seulement 7,7 mm d&rsquo;\u00e9paisseur), elle assure un confort thermique avec une temp\u00e9rature agr\u00e9able pour les occupants toute l&rsquo;ann\u00e9e.<\/p>\n\n\n\n<p>Depuis le jardin d&rsquo;hiver ainsi r\u00e9habilit\u00e9, entre verre et acier subtilement teint\u00e9 ocre, la vue offre une admirable plong\u00e9e v\u00e9g\u00e9tale sur le parc; et le sol qui a conserv\u00e9 la d\u00e9licatesse de sa mosa\u00efque, rehausse tout le raffinement du mobilier faisant revivre le charme du pass\u00e9 au c\u0153ur de cette majestueuse v\u00e9randa, lieu privil\u00e9gi\u00e9 de convivialit\u00e9 durant les repas.<\/p>\n<\/div><\/div>\n\n\n\n<p class=\"has-medium-font-size\"><strong>Transmission lumineuse et \u00e9nerg\u00e9tique \u00e9lev\u00e9e pour un verre d&rsquo;exception<\/strong><\/p>\n\n\n\n<figure class=\"wp-block-image size-full\"><img loading=\"lazy\" width=\"720\" height=\"479\" src=\"https:\/\/i1.wp.com\/batimedianews.com\/live\/wp-content\/uploads\/2024\/09\/ST_HONORE_LES_BAINS_2_WEB-1.jpg?resize=720%2C479\" alt=\"\" class=\"wp-image-39716\" srcset=\"https:\/\/i1.wp.com\/batimedianews.com\/live\/wp-content\/uploads\/2024\/09\/ST_HONORE_LES_BAINS_2_WEB-1.jpg?w=886&amp;ssl=1 886w, https:\/\/i1.wp.com\/batimedianews.com\/live\/wp-content\/uploads\/2024\/09\/ST_HONORE_LES_BAINS_2_WEB-1.jpg?resize=768%2C511&amp;ssl=1 768w, https:\/\/i1.wp.com\/batimedianews.com\/live\/wp-content\/uploads\/2024\/09\/ST_HONORE_LES_BAINS_2_WEB-1.jpg?resize=432%2C288&amp;ssl=1 432w, https:\/\/i1.wp.com\/batimedianews.com\/live\/wp-content\/uploads\/2024\/09\/ST_HONORE_LES_BAINS_2_WEB-1.jpg?resize=396%2C264&amp;ssl=1 396w, https:\/\/i1.wp.com\/batimedianews.com\/live\/wp-content\/uploads\/2024\/09\/ST_HONORE_LES_BAINS_2_WEB-1.jpg?resize=660%2C440&amp;ssl=1 660w\" sizes=\"(max-width: 600px) 91vw, (max-width: 900px) 600px, (max-width: 1060px) 50vw, (max-width: 1200px) 520px, (max-width: 1400px) 43vw, 600px\" data-recalc-dims=\"1\" \/><\/figure>\n\n\n\n<p>A la recherche d&rsquo;un bien-\u00eatre ambiant et visuel id\u00e9al et de vitrages \u00e0 contr\u00f4le solaire pr\u00e9servant le caract\u00e8re de l&rsquo;ancienne structure, tout en \u00e9vitant la surchauffe au moment des d\u00e9jeuners et d\u00eeners, Dick Quist et Cees van Eijk ont s\u00e9lectionn\u00e9 Fineo, \u00ab le seul verre pouvant s&rsquo;ins\u00e9rer en d\u00e9licatesse entre les ch\u00e2ssis des fen\u00eatres sans d\u00e9naturer le caract\u00e8re unique du jardin d\u2019hiver \u00bb, exprime le cog\u00e9rant Dick Quist.<\/p>\n\n\n\n<p>Xavier Flasse, directeur des ventes Fineo pour la France chez AGC Glass Europe, souligne les atouts et caract\u00e9ristiques de ce verre isolant sous vide : \u00ab Fineo&nbsp;combine les performances \u00e9nerg\u00e9tiques exceptionnelles d&rsquo;un triple vitrage&nbsp;avec une finesse&nbsp;sans pareil&nbsp;d&rsquo;environ 8 mm; ici, le&nbsp;remplacement d&rsquo;un simple vitrage obsol\u00e8te s&rsquo;effectue donc sans pr\u00e9judice esth\u00e9tique du patrimoine architectural. Pour la s\u00e9rie Solar Control, un rev\u00eatement de protection solaire s\u00e9lectif \u00e0 faible \u00e9missivit\u00e9 est appliqu\u00e9 dans l&rsquo;espace sous vide de 0,1 mm. Le verre garantit une isolation thermique optimale en hiver tout en prot\u00e9geant de la surchauffe en \u00e9t\u00e9 \u00bb. Les vitrages Fineo SC 73\/39 utilis\u00e9s ici offrent un coefficient d&rsquo;isolation thermique de 0,7 W\/(m\u00b2K) pour une consommation globale \u00e9nerg\u00e9tique de seulement 41 % et l&rsquo;assurance d&rsquo;une g\u00e9n\u00e9reuse transmission lumineuse de 74 % !<\/p>\n\n\n\n<p class=\"has-medium-font-size\"><strong>Une solution toute en finesse pour la restauration patrimoniale de fen\u00eatres historiques<\/strong><\/p>\n\n\n\n<p>Le maire Didier Bourlon souligne \u00e9galement l&rsquo;importance d&rsquo;une r\u00e9habilitation int\u00e8gre de cette architecture Belle \u00c9poque, source d&rsquo;attractivit\u00e9 des thermes en bordure du Parc Naturel du Morvan. Et rappelle les vertus d\u00e9j\u00e0 reconnues des bains il y a 500 ans \u00e0 l&rsquo;\u00e9poque romaine, devenant \u00e0 la mode durant la seconde moiti\u00e9 du XIXe si\u00e8cle dans toute l&rsquo;Europe, signe de richesse et prosp\u00e9rit\u00e9 pour la bourgeoisie naissante, atteignant ainsi Saint-Honor\u00e9-les Bains, o\u00f9 les thermes, les \u00e9l\u00e9gants h\u00f4tels et villas priv\u00e9es signent cette p\u00e9riode avec faste et caract\u00e8re. \u00ab Isoler et r\u00e9nover dans le respect cet h\u00e9ritage patrimonial, et notamment les fen\u00eatres, est extr\u00eamement difficile \u00bb, rel\u00e8ve Didier Bourlon. \u00ab La d\u00e9licatesse des fen\u00eatres participe<s>&nbsp;<\/s>significativement \u00e0 l\u2019esth\u00e9tique typique de l\u2019architecture thermale. Le vitrage isolant sous vide Fineo offre ici une solution de premier ordre \u00bb, conclut-il.<\/p>\n\n\n\n<div class=\"wp-block-image\"><figure class=\"aligncenter size-full\"><img loading=\"lazy\" width=\"590\" height=\"886\" src=\"https:\/\/i1.wp.com\/batimedianews.com\/live\/wp-content\/uploads\/2024\/09\/ST_HONORE_LES_BAINS_11_WEB.jpg?resize=590%2C886\" alt=\"\" class=\"wp-image-39717\" srcset=\"https:\/\/i1.wp.com\/batimedianews.com\/live\/wp-content\/uploads\/2024\/09\/ST_HONORE_LES_BAINS_11_WEB.jpg?w=590&amp;ssl=1 590w, https:\/\/i1.wp.com\/batimedianews.com\/live\/wp-content\/uploads\/2024\/09\/ST_HONORE_LES_BAINS_11_WEB.jpg?resize=768%2C1153&amp;ssl=1 768w, https:\/\/i1.wp.com\/batimedianews.com\/live\/wp-content\/uploads\/2024\/09\/ST_HONORE_LES_BAINS_11_WEB.jpg?resize=432%2C649&amp;ssl=1 432w, https:\/\/i1.wp.com\/batimedianews.com\/live\/wp-content\/uploads\/2024\/09\/ST_HONORE_LES_BAINS_11_WEB.jpg?resize=396%2C595&amp;ssl=1 396w\" sizes=\"(max-width: 600px) 91vw, (max-width: 900px) 600px, (max-width: 1060px) 50vw, (max-width: 1200px) 520px, (max-width: 1400px) 43vw, 600px\" data-recalc-dims=\"1\" \/><\/figure><\/div>\n\n\n\n<p class=\"has-medium-font-size\"><strong>Une finition unique<\/strong><\/p>\n\n\n\n<p>A la suite des r\u00e9novations des fen\u00eatres, le changement a imm\u00e9diatement \u00e9t\u00e9 perceptible. \u00ab M\u00eame avec une temp\u00e9rature ext\u00e9rieure de 35\u2070, l&rsquo;int\u00e9rieur du jardin d&rsquo;hiver affichait une nette fra\u00eecheur av\u00e9r\u00e9e malgr\u00e9 l&rsquo;amplitude de la fa\u00e7ade vitr\u00e9e \u00bb, s&rsquo;est r\u00e9joui<s>&nbsp;<\/s>Dick Quist, saluant par ailleurs la facilit\u00e9 d&rsquo;entretien du vitrage : \u00ab exceptionnellement l\u00e9ger et donc facile \u00e0 manipuler, chaque vitrage unique se devait d&rsquo;\u00eatre install\u00e9 avec une pr\u00e9cision millim\u00e9trique. J&rsquo;ai \u00e9t\u00e9 personnellement tr\u00e8s impressionn\u00e9 par la facilit\u00e9 avec laquelle&nbsp;les installateurs agr\u00e9\u00e9s Fineo&nbsp;ont pu installer les fen\u00eatres sans aucun probl\u00e8me&nbsp;\u00bb.<\/p>\n\n\n\n<p>Xavier Flasse confirme, \u00ab Avec Fineo, Dick et Cees ont trouv\u00e9 un verre qui r\u00e9pond de mani\u00e8re optimale autant aux exigences architecturales, \u00e9nerg\u00e9tiques qu&rsquo;\u00e9conomiques et de durabilit\u00e9. Les propri\u00e9t\u00e9s isolantes du vitrage sont garanties durant au moins 60 ans, gr\u00e2ce \u00e0 leur technologie sous vide. Par ailleurs, sans plomb et 100 % recyclable, Fineo, fabriqu\u00e9 exclusivement en Belgique, b\u00e9n\u00e9ficie d&rsquo;une garantie de 20 ans et&nbsp;est le premier et seul vitrage ultra-isolant sous-vide \u00e0 avoir obtenu l\u2019Avis Technique en France.<\/p>\n\n\n\n<p><\/p>\n","protected":false},"excerpt":{"rendered":"<p>La belle et le verre A 800 m des Thermes de&nbsp;Saint&#8211;Honor\u00e9-Les-Bains (Ni\u00e8vre),&nbsp;situ\u00e9 dans la partie sud du Parc Naturel R\u00e9gional du Morvan, le domaine des Myosotis&nbsp;a \u00e9t\u00e9 superbement r\u00e9nov\u00e9 selon le souhait des actuels propri\u00e9taires&nbsp;Dick Quist et Cees van Eijk de respecter au plus proche le charme unique de la bastide d\u2019origine. Construite \u00e0 la [&hellip;]<\/p>\n","protected":false},"author":41,"featured_media":39718,"comment_status":"open","ping_status":"open","sticky":false,"template":"","format":"standard","meta":{"spay_email":""},"categories":[4,531,111,538],"tags":[],"jetpack_featured_media_url":"https:\/\/i0.wp.com\/batimedianews.com\/live\/wp-content\/uploads\/2024\/09\/Fineo-articles-.jpg?fit=1513%2C825&ssl=1","jetpack_sharing_enabled":true,"jetpack_likes_enabled":true,"jetpack-related-posts":[{"id":34830,"url":"https:\/\/batimedianews.com\/live\/index.php\/2024\/01\/30\/isoconfort-fait-peau-neuve-grace-a-la-nouvelle-generation-de-laine-de-verre\/","url_meta":{"origin":39712,"position":0},"title":"Isoconfort fait peau neuve gr\u00e2ce \u00e0 la nouvelle g\u00e9n\u00e9ration de laine de verre !","date":"30 janvier 2024","format":false,"excerpt":"Apr\u00e8s la sortie de sa gamme d\u2019isolants dot\u00e9s de la nouvelle g\u00e9n\u00e9ration de laine de verre pour les combles perdus (IBR), et de la gamme d\u00e9di\u00e9e aux cloisons (PAR PHONIC), Isover s\u2019attaque \u00e0 sa gamme d\u00e9di\u00e9e \u00e0 l\u2019isolation des combles am\u00e9nag\u00e9s avec Isoconfort !\u00a0 \u00a0LES NOMBREUX B\u00c9N\u00c9FICES D'ISOCONFORT EN NOUVELLE\u2026","rel":"","context":"Dans &quot;Actualit\u00e9 Entreprises&quot;","img":{"alt_text":"","src":"https:\/\/i0.wp.com\/batimedianews.com\/live\/wp-content\/uploads\/2024\/01\/Isover-2.jpg?fit=825%2C825&ssl=1&resize=350%2C200","width":350,"height":200},"classes":[]},{"id":35712,"url":"https:\/\/batimedianews.com\/live\/index.php\/2024\/03\/04\/isoconfort-fait-peau-neuve-grace-a-la-nouvelle-generation-de-laine-de-verre-2\/","url_meta":{"origin":39712,"position":1},"title":"Isoconfort fait peau neuve gr\u00e2ce \u00e0 la nouvelle g\u00e9n\u00e9ration de laine de verre !","date":"4 mars 2024","format":false,"excerpt":"Apr\u00e8s la sortie de sa gamme d\u2019isolants dot\u00e9s de la nouvelle g\u00e9n\u00e9ration de laine de verre pour les combles perdus (IBR), et de la gamme d\u00e9di\u00e9e aux cloisons (PAR PHONIC), Isover s\u2019attaque \u00e0 sa gamme d\u00e9di\u00e9e \u00e0 l\u2019isolation des combles am\u00e9nag\u00e9s avec Isoconfort !\u00a0 \u00a0LES NOMBREUX B\u00c9N\u00c9FICES D'ISOCONFORT EN NOUVELLE\u2026","rel":"","context":"Dans &quot;Actualit\u00e9 Entreprises&quot;","img":{"alt_text":"","src":"https:\/\/i2.wp.com\/batimedianews.com\/live\/wp-content\/uploads\/2024\/03\/Isover.jpg?fit=550%2C300&ssl=1&resize=350%2C200","width":350,"height":200},"classes":[]},{"id":42036,"url":"https:\/\/batimedianews.com\/live\/index.php\/2025\/01\/09\/isolation-foamglas-tapered-donne-une-pente-aux-toitures-plates\/","url_meta":{"origin":39712,"position":2},"title":"Isolation &#8211; FOAMGLAS\u00ae TAPERED donne une pente aux toitures plates","date":"9 janvier 2025","format":false,"excerpt":"Syst\u00e8me premium adapt\u00e9 aux constructions neuves et aux r\u00e9novations, FOAMGLAS\u00ae TAPERED permet de r\u00e9aliser des pentes sur les toitures et leur isolation thermique en une seule op\u00e9ration. Le syst\u00e8me d\u2019isolation pent\u00e9 FOAMGLAS\u00ae TAPERED, solution unique d\u2019Owens Corning FOAMGLAS, r\u00e9pond \u00e0 deux aspects essentiels d\u2019un projet de construction ou de r\u00e9novation\u2026","rel":"","context":"Dans &quot;Actualit\u00e9 Entreprises&quot;","img":{"alt_text":"","src":"https:\/\/i2.wp.com\/batimedianews.com\/live\/wp-content\/uploads\/2025\/01\/Foamglas.jpg?fit=825%2C825&ssl=1&resize=350%2C200","width":350,"height":200},"classes":[]},{"id":39627,"url":"https:\/\/batimedianews.com\/live\/index.php\/2024\/09\/12\/isover-lance-lanae-la-nouvelle-generation-de-laine-de-verre-qui-repond-aux-besoins-des-poseurs-comme-des-occupants-2\/","url_meta":{"origin":39712,"position":3},"title":"Isover lance Lana\u00e9 la nouvelle g\u00e9n\u00e9ration de laine de verre qui r\u00e9pond aux besoins des poseurs comme des occupants","date":"12 septembre 2024","format":false,"excerpt":"\u00a0Des combles aux cloisons, la laine de verre Isover \u00e9volue et s\u2019am\u00e9liore avec Lana\u00e9. Issu du latin lana (lanae au pluriel), qui signifie laine, Lana\u00e9 est un concentr\u00e9 de technologie \u00e9labor\u00e9e pour satisfaire poseurs et occupants et proposer une isolation ultra performante. \u00a0LES NOMBREUX B\u00c9N\u00c9FICES DE LANA\u00c9 \u2022 Douceur et\u2026","rel":"","context":"Dans &quot;Actualit\u00e9 Entreprises&quot;","img":{"alt_text":"","src":"https:\/\/i0.wp.com\/batimedianews.com\/live\/wp-content\/uploads\/2024\/09\/Isover.jpg?fit=825%2C825&ssl=1&resize=350%2C200","width":350,"height":200},"classes":[]},{"id":35931,"url":"https:\/\/batimedianews.com\/live\/index.php\/2024\/03\/06\/isover-lance-lanae-la-nouvelle-generation-de-laine-de-verre-qui-repond-aux-besoins-des-poseurs-comme-des-occupants\/","url_meta":{"origin":39712,"position":4},"title":"Isover lance Lana\u00e9 la nouvelle g\u00e9n\u00e9ration de laine de verre qui r\u00e9pond aux besoins des poseurs comme des occupants","date":"6 mars 2024","format":false,"excerpt":"Des combles aux cloisons, la laine de verre Isover \u00e9volue et s\u2019am\u00e9liore avec Lana\u00e9. Issu du latin lana (lanae au pluriel), qui signifie laine, Lana\u00e9 est un concentr\u00e9 de technologie \u00e9labor\u00e9e pour satisfaire poseurs et occupants et proposer une isolation ultra performante. \u00a0LES NOMBREUX B\u00c9N\u00c9FICES DE LANA\u00c9 \u2022 Douceur et\u2026","rel":"","context":"Dans &quot;Actualit\u00e9 Entreprises&quot;","img":{"alt_text":"","src":"https:\/\/i1.wp.com\/batimedianews.com\/live\/wp-content\/uploads\/2024\/03\/Isover-1.jpg?fit=825%2C825&ssl=1&resize=350%2C200","width":350,"height":200},"classes":[]},{"id":19684,"url":"https:\/\/batimedianews.com\/live\/index.php\/2022\/05\/05\/fenetres-et-baies-vitrees-thermofibra-de-deceuninck-isoler-en-beaute\/","url_meta":{"origin":39712,"position":5},"title":"Fen\u00eatres et baies vitr\u00e9es , ThermoFibra de Deceuninck, Isoler en beaut\u00e9","date":"5 mai 2022","format":false,"excerpt":"La fen\u00eatre est un peu l\u2019oeil de la maison. El\u00e9ment majeur de son architecture, elle doit s\u2019int\u00e9grer dans les modes de vie, les styles de chacun, mais aussi \u00eatre particuli\u00e8rement performante en mati\u00e8re d\u2019isolation. ThermoFibra, le concept de renforcement des profil\u00e9s de fen\u00eatre sans acier le plus performant du march\u00e9,\u2026","rel":"","context":"Dans &quot;fen\u00eatres&quot;","img":{"alt_text":"","src":"https:\/\/i0.wp.com\/batimedianews.com\/live\/wp-content\/uploads\/2022\/05\/deceuninck-Article.jpg?fit=1080%2C1080&ssl=1&resize=350%2C200","width":350,"height":200},"classes":[]}],"_links":{"self":[{"href":"https:\/\/batimedianews.com\/live\/index.php\/wp-json\/wp\/v2\/posts\/39712"}],"collection":[{"href":"https:\/\/batimedianews.com\/live\/index.php\/wp-json\/wp\/v2\/posts"}],"about":[{"href":"https:\/\/batimedianews.com\/live\/index.php\/wp-json\/wp\/v2\/types\/post"}],"author":[{"embeddable":true,"href":"https:\/\/batimedianews.com\/live\/index.php\/wp-json\/wp\/v2\/users\/41"}],"replies":[{"embeddable":true,"href":"https:\/\/batimedianews.com\/live\/index.php\/wp-json\/wp\/v2\/comments?post=39712"}],"version-history":[{"count":2,"href":"https:\/\/batimedianews.com\/live\/index.php\/wp-json\/wp\/v2\/posts\/39712\/revisions"}],"predecessor-version":[{"id":39726,"href":"https:\/\/batimedianews.com\/live\/index.php\/wp-json\/wp\/v2\/posts\/39712\/revisions\/39726"}],"wp:featuredmedia":[{"embeddable":true,"href":"https:\/\/batimedianews.com\/live\/index.php\/wp-json\/wp\/v2\/media\/39718"}],"wp:attachment":[{"href":"https:\/\/batimedianews.com\/live\/index.php\/wp-json\/wp\/v2\/media?parent=39712"}],"wp:term":[{"taxonomy":"category","embeddable":true,"href":"https:\/\/batimedianews.com\/live\/index.php\/wp-json\/wp\/v2\/categories?post=39712"},{"taxonomy":"post_tag","embeddable":true,"href":"https:\/\/batimedianews.com\/live\/index.php\/wp-json\/wp\/v2\/tags?post=39712"}],"curies":[{"name":"wp","href":"https:\/\/api.w.org\/{rel}","templated":true}]}}