{"id":4044,"date":"2020-11-01T16:10:03","date_gmt":"2020-11-01T15:10:03","guid":{"rendered":"http:\/\/batimedianews.com\/live\/?p=4044"},"modified":"2021-10-20T14:40:12","modified_gmt":"2021-10-20T12:40:12","slug":"le-design-de-la-smart-lock-2-0-recompense-par-un-red-dot-award","status":"publish","type":"post","link":"https:\/\/batimedianews.com\/live\/index.php\/2020\/11\/01\/le-design-de-la-smart-lock-2-0-recompense-par-un-red-dot-award\/","title":{"rendered":"Le design de la Smart Lock 2.0 r\u00e9compens\u00e9 par un Red Dot Award"},"content":{"rendered":"\n<figure class=\"wp-block-image is-resized\"><img loading=\"lazy\" src=\"https:\/\/i1.wp.com\/batimedianews.com\/live\/wp-content\/uploads\/2020\/04\/image-34.png?resize=531%2C204\" alt=\"\" class=\"wp-image-4046\" width=\"531\" height=\"204\" srcset=\"https:\/\/i1.wp.com\/batimedianews.com\/live\/wp-content\/uploads\/2020\/04\/image-34.png?w=435&amp;ssl=1 435w, https:\/\/i1.wp.com\/batimedianews.com\/live\/wp-content\/uploads\/2020\/04\/image-34.png?resize=300%2C115&amp;ssl=1 300w, https:\/\/i1.wp.com\/batimedianews.com\/live\/wp-content\/uploads\/2020\/04\/image-34.png?resize=10%2C4&amp;ssl=1 10w, https:\/\/i1.wp.com\/batimedianews.com\/live\/wp-content\/uploads\/2020\/04\/image-34.png?resize=432%2C166&amp;ssl=1 432w, https:\/\/i1.wp.com\/batimedianews.com\/live\/wp-content\/uploads\/2020\/04\/image-34.png?resize=396%2C152&amp;ssl=1 396w\" sizes=\"(max-width: 600px) 91vw, (max-width: 900px) 600px, (max-width: 1060px) 50vw, (max-width: 1200px) 520px, (max-width: 1400px) 43vw, 600px\" data-recalc-dims=\"1\" \/><\/figure>\n\n\n\n<p>\u00a0<strong> La Smart Lock de Nuki, qui s\u2019installe sur la serrure existante du c\u00f4t\u00e9 int\u00e9rieur de la porte, a obtenu un Red Dot Award pour son design avant-gardiste.\u00a0<\/strong><\/p>\n\n\n\n<p>Les Red Dot Design Awards r\u00e9compensent depuis de nombreuses ann\u00e9es les produits dont le design est le plus r\u00e9ussi. C\u2019est une r\u00e9compense universellement reconnue. Le jury r\u00e9alise une \u00e9valuation sur plusieurs jours et s\u2019appuie aussi sur des crit\u00e8res comme la fonctionnalit\u00e9, la qualit\u00e9 de r\u00e9alisation, la durabilit\u00e9 et l\u2019ergonomie. Nuki est fier d\u2019annoncer que la Smart Lock 2.0 a re\u00e7u un Red Dot Award 2020 dans la cat\u00e9gorie design produit.&nbsp;<\/p>\n\n\n\n<p>&nbsp;<strong>Une serrure qui s\u2019expose&nbsp;<\/strong><\/p>\n\n\n\n<p>La Smart Lock 2.0 s\u2019installe sur la serrure existante du c\u00f4t\u00e9 int\u00e9rieur de la porte, sans m\u00eame changer le cylindre* dans la plupart des cas. Une serrure connect\u00e9e, quelle qu\u2019elle soit, doit \u00eatre compatible avec la d\u00e9coration int\u00e9rieure de la maison ou de l\u2019appartement, ce qui est un r\u00e9el d\u00e9fi tant les styles sont diff\u00e9rents.&nbsp;<\/p>\n\n\n\n<p>Nuki a opt\u00e9 pour un design \u00e9pur\u00e9 qui stylise une serrure par l\u2019harmonie entre une forme cylindrique et un corps cubique aux angles arrondis. La combinaison de couleurs entre l\u2019argent et le noir contribue aussi \u00e0 la sobri\u00e9t\u00e9 et \u00e0 la valorisation du produit. Sur la face avant, l\u2019anneau en aluminium qui entoure le cercle \u00e0 LED contribue \u00e0 cr\u00e9er un design unique qui montre aussi le niveau de qualit\u00e9&nbsp;des produits Nuki. Ainsi, la Smart Lock 2.0 s\u2019int\u00e8gre parfaitement dans le d\u00e9cor int\u00e9rieur et devient m\u00eame un objet de design en soi. C\u2019est ce qui a s\u00e9duit le jury des Red Dot Awards.&nbsp;<\/p>\n\n\n\n<p><strong>Un concept unique&nbsp;<\/strong><\/p>\n\n\n\n<p>Le design de la Smart Lock a \u00e9t\u00e9 effectu\u00e9 en partenariat avec le bureau de design viennois EOOS qui a cr\u00e9\u00e9 l\u2019id\u00e9e \u00ab d\u2019analyse po\u00e9tique \u00bb pour d\u00e9velopper un concept de design global, inh\u00e9rent \u00e0 chaque produit. EOOS a d\u00e9velopp\u00e9 des concepts de magasins pour des marques prestigieuses comme Adidas et Giorgio Armani. Le bureau de design a con\u00e7u des produits et des meubles pour des marques de renomm\u00e9e comme Alessi, Duravit et Moroso.&nbsp;<\/p>\n\n\n\n<p><strong>J\u00fcrgen Pansy<\/strong>, en charge du d\u00e9veloppement produits chez Nuki, d\u00e9clare ainsi : \u00ab un produit n\u2019est r\u00e9ussi que s\u2019il combine la fonctionnalit\u00e9 et le design. Quand l\u2019utilisateur prend plaisir \u00e0 utiliser le produit, c\u2019est que son design et son concept sont r\u00e9ussis \u00bb.&nbsp;<\/p>\n\n\n\n<p><strong>Harald Gr\u00fcndl<\/strong>, designer chez EOOS d\u00e9clare pour sa part : \u00ab pour nous, un design produit r\u00e9ussi doit avoir une composante po\u00e9tique. La Smart Lock cr\u00e9e le lien entre l\u2019analogique et le num\u00e9rique, deux univers entre lesquels l\u2019utilisateur est sans cesse tiraill\u00e9. La beaut\u00e9 de la Smart Lock, c\u2019est de r\u00e9unir les deux. \u00bb&nbsp;<\/p>\n\n\n\n<figure class=\"wp-block-image is-resized\"><img loading=\"lazy\" src=\"https:\/\/i2.wp.com\/batimedianews.com\/live\/wp-content\/uploads\/2020\/04\/image-33.png?resize=360%2C221\" alt=\"\" class=\"wp-image-4045\" width=\"360\" height=\"221\" srcset=\"https:\/\/i2.wp.com\/batimedianews.com\/live\/wp-content\/uploads\/2020\/04\/image-33.png?w=714&amp;ssl=1 714w, https:\/\/i2.wp.com\/batimedianews.com\/live\/wp-content\/uploads\/2020\/04\/image-33.png?resize=300%2C184&amp;ssl=1 300w, https:\/\/i2.wp.com\/batimedianews.com\/live\/wp-content\/uploads\/2020\/04\/image-33.png?resize=10%2C6&amp;ssl=1 10w, https:\/\/i2.wp.com\/batimedianews.com\/live\/wp-content\/uploads\/2020\/04\/image-33.png?resize=432%2C266&amp;ssl=1 432w, https:\/\/i2.wp.com\/batimedianews.com\/live\/wp-content\/uploads\/2020\/04\/image-33.png?resize=396%2C243&amp;ssl=1 396w, https:\/\/i2.wp.com\/batimedianews.com\/live\/wp-content\/uploads\/2020\/04\/image-33.png?resize=660%2C406&amp;ssl=1 660w, https:\/\/i2.wp.com\/batimedianews.com\/live\/wp-content\/uploads\/2020\/04\/image-33.png?resize=358%2C220&amp;ssl=1 358w\" sizes=\"(max-width: 600px) 91vw, (max-width: 900px) 600px, (max-width: 1060px) 50vw, (max-width: 1200px) 520px, (max-width: 1400px) 43vw, 600px\" data-recalc-dims=\"1\" \/><\/figure>\n\n\n\n<p><strong>Une serrure intelligente&nbsp;<\/strong><\/p>\n\n\n\n<p>Rappelons que la Smart Lock 2.0 s\u2019installe en quelques minutes et ne n\u00e9cessite ni trou, ni per\u00e7age, ni tournevis. La communication avec l\u2019application sur smartphone se fait en Bluetooth par un \u00e9change de donn\u00e9es s\u00e9curis\u00e9. La porte peut s\u2019ouvrir par l\u2019application sur le smartphone mais aussi automatiquement d\u00e8s que la personne autoris\u00e9e se trouve devant la porte. L\u2019utilisateur peut d\u2019ailleurs accorder des autorisations aux personnes de son choix, de mani\u00e8re permanente ou limit\u00e9e dans le temps.&nbsp;<\/p>\n\n\n\n<p><strong>*Pour v\u00e9rifier la compatibilit\u00e9 de la serrure et du cylindre, suivez le lien suivant : <\/strong><strong>https:\/\/nuki.io\/fr\/exigences-dinstallation\/#1&nbsp;<\/strong><\/p>\n\n\n\n<p><strong>Pour toute demande de test, d\u2019interview ou d\u2019informations suppl\u00e9mentaires, merci de contacter :&nbsp;<\/strong><\/p>\n\n\n\n<p>Nathalie Lesne \/ Mobile : 06.65.15.64.37 \/ Email : nl@mercure-digital.com&nbsp;<\/p>\n\n\n\n<p><strong>A propos de Nuki&nbsp;<\/strong><\/p>\n\n\n\n<p>Une \u00e9quipe, une mission&nbsp;<\/p>\n\n\n\n<p><em>\u00ab Nous r\u00e9volutionnons la mani\u00e8re d&rsquo;acc\u00e9der \u00e0 la maison. Nos produits sont simples, facilitent la vie et accompagnent nos clients de fa\u00e7on fiable. Nous devons notre succ\u00e8s \u00e0 notre \u00e9quipe diversifi\u00e9e et dynamique. Nous nous concentrons sur l\u2019essentiel et nous \u00e9voluons constamment. \u00bb, d\u00e9clare Martin Pansy, PDG de Nuki, expliquant la mission de l&rsquo;entreprise.&nbsp;<\/em><\/p>\n\n\n\n<p>Nuki Home Solutions GmbH a \u00e9t\u00e9 fond\u00e9e \u00e0 Graz en 2014. Apr\u00e8s une campagne de crowdfunding r\u00e9ussie en 2015, l&rsquo;entreprise a connu une croissance r\u00e9guli\u00e8re et emploie d\u00e9sormais plus de 60 personnes. En plus de la version 2.0 actuelle de la Nuki Smart Lock, du Nuki Opener et d&rsquo;une large gamme d&rsquo;accessoires, Nuki travaille en permanence sur le d\u00e9veloppement de solutions d&rsquo;acc\u00e8s intelligent pour un avenir sans cl\u00e9.&nbsp;<\/p>\n","protected":false},"excerpt":{"rendered":"<p>\u00a0 La Smart Lock de Nuki, qui s\u2019installe sur la serrure existante du c\u00f4t\u00e9 int\u00e9rieur de la porte, a obtenu un Red Dot Award pour son design avant-gardiste.\u00a0 Les Red Dot Design Awards r\u00e9compensent depuis de nombreuses ann\u00e9es les produits dont le design est le plus r\u00e9ussi. C\u2019est une r\u00e9compense universellement reconnue. Le jury r\u00e9alise [&hellip;]<\/p>\n","protected":false},"author":41,"featured_media":0,"comment_status":"open","ping_status":"open","sticky":false,"template":"","format":"standard","meta":{"spay_email":""},"categories":[4],"tags":[],"jetpack_featured_media_url":"","jetpack_sharing_enabled":true,"jetpack_likes_enabled":true,"jetpack-related-posts":[{"id":13740,"url":"https:\/\/batimedianews.com\/live\/index.php\/2021\/11\/15\/nuki-presente-la-nouvelle-generation-de-serrures-connectees\/","url_meta":{"origin":4044,"position":0},"title":"Nuki pr\u00e9sente la nouvelle g\u00e9n\u00e9ration de serrures connect\u00e9es","date":"15 novembre 2021","format":false,"excerpt":"Smart Lock 3.0 & Smart Lock 3.0 Pro\u00a0 Avec les nouvelles Smart Lock 3.0 et Smart Lock 3.0 Pro, Nuki pr\u00e9sente une nouvelle g\u00e9n\u00e9ration de serrures connect\u00e9es. De plus, de nouveaux accessoires viennent enrichir la gamme de produits Graz (Autriche), le 4 novembre 2021 - Avec deux nouvelles Smart Locks\u2026","rel":"","context":"Dans &quot;Actualit\u00e9 Entreprises&quot;","img":{"alt_text":"","src":"https:\/\/i0.wp.com\/batimedianews.com\/live\/wp-content\/uploads\/2021\/11\/Nuki-Article.jpg?fit=512%2C512&ssl=1&resize=350%2C200","width":350,"height":200},"classes":[]},{"id":10573,"url":"https:\/\/batimedianews.com\/live\/index.php\/2021\/06\/17\/lhygiene-des-mains-redefinie-avec-le-nouveau-robinet-electronique-intellimix-dideal-standard-recompense-par-deux-prix-prestigieux-de-design\/","url_meta":{"origin":4044,"position":1},"title":"L\u2019HYGI\u00c8NE DES MAINS RED\u00c9FINIE AVEC LE NOUVEAU ROBINET \u00c9LECTRONIQUE INTELLIMIX\u00ae D\u2019IDEAL STANDARD, R\u00c9COMPENS\u00c9 PAR DEUX PRIX PRESTIGIEUX DE DESIGN","date":"17 juin 2021","format":false,"excerpt":"Sur le lieu de travail ou dans les sanitaires publics, recourir \u00e0 un lavage des mains soign\u00e9 et pr\u00e9cautionneux permet de se prot\u00e9ger des infections. Or, environ 30% des europ\u00e9ens n\u2019utilisent pas de savon lorsqu\u2019ils se lavent les mains apr\u00e8s \u00eatre pass\u00e9s aux toilettes. De plus, 95% des personnes n\u2019utilisent\u2026","rel":"","context":"Dans &quot;Actualit\u00e9 Entreprises&quot;","img":{"alt_text":"","src":"https:\/\/i0.wp.com\/batimedianews.com\/live\/wp-content\/uploads\/2021\/06\/Ideal-Standard-Article.jpg?fit=512%2C512&ssl=1&resize=350%2C200","width":350,"height":200},"classes":[]},{"id":17747,"url":"https:\/\/batimedianews.com\/live\/index.php\/2022\/03\/23\/nuki-une-porte-ouverte-vers-lavenir\/","url_meta":{"origin":4044,"position":2},"title":"Nuki, Une porte ouverte vers l&rsquo;avenir !","date":"23 mars 2022","format":false,"excerpt":"Graz (Autriche), le 8 F\u00e9vrier 2022 - La porte d\u2019entr\u00e9e qui s\u2019ouvre automatiquement quand on arrive devant les bras charg\u00e9s, une ouverture \u00e0 distance en cas de besoin ou encore une autorisation d\u2019acc\u00e8s ponctuelle pour une location, c\u2019est possible d\u00e8s aujourd\u2019hui en installant une Smart Lock de Nuki. Avec la\u2026","rel":"","context":"Dans &quot;Actualit\u00e9 Entreprises&quot;","img":{"alt_text":"","src":"https:\/\/i2.wp.com\/batimedianews.com\/live\/wp-content\/uploads\/2022\/03\/NUKI-Article.jpg?fit=512%2C512&ssl=1&resize=350%2C200","width":350,"height":200},"classes":[]},{"id":22803,"url":"https:\/\/batimedianews.com\/live\/index.php\/2022\/09\/08\/ideal-standard-celebre-sa-victoire-apres-avoir-remporte-quatre-prix-aux-red-dot-design-awards-2022\/","url_meta":{"origin":4044,"position":3},"title":"IDEAL STANDARD c\u00e9l\u00e8bre sa victoire apr\u00e8s avoir remport\u00e9 quatre prix aux red dot design awards 2022","date":"8 septembre 2022","format":false,"excerpt":"Ideal Standard a \u00e9t\u00e9 r\u00e9compens\u00e9 par les tr\u00e8s convoit\u00e9s Red Dot Awards for Product Design 2022, qui lui ont d\u00e9cern\u00e9 quatre prix, pour trois gammes de la collection Atelier d\u2019Ideal Standard (Joy Neo, Linda-X et Tipo Z) et pour son nouveau mitigeur Ceraplan iX qui sera commercialis\u00e9 en France d\u00e9but\u2026","rel":"","context":"Dans &quot;Actualit\u00e9 Entreprises&quot;","img":{"alt_text":"","src":"https:\/\/i0.wp.com\/batimedianews.com\/live\/wp-content\/uploads\/2022\/09\/IdealStandard-Article.jpg?fit=1080%2C1080&ssl=1&resize=350%2C200","width":350,"height":200},"classes":[]},{"id":7959,"url":"https:\/\/batimedianews.com\/live\/index.php\/2021\/02\/03\/univers-salle-de-bains-vitra-recompense-par-le-good-design-award-pour-ses-collections-voyage-et-sento-kids\/","url_meta":{"origin":4044,"position":4},"title":"Univers salle de bains #VitrA r\u00e9compens\u00e9 par le Good Design award pour ses collections Voyage et SENTO Kids","date":"3 f\u00e9vrier 2021","format":false,"excerpt":"Voyage\u00a0(diffusion France janvier 2021)\u00a0et Sento Kids\u00a0(diffusion 2020), ces 2 collections ont re\u00e7u le\u00a0Good Design\u00a0award dans la\u00a0cat\u00e9gorie Bain et accessoires.\u00a0 Voyage\u00a0est la collection de salle de bains \u00e9labor\u00e9e en collaboration avec le\u00a0cr\u00e9ateur et designer industriel Arik LEVY, cette ligne compte plus de 130 \u00e9l\u00e9ments diff\u00e9rents, la plus \u00e9tendue sign\u00e9e VitrA. Sento\u2026","rel":"","context":"Dans &quot;Actualit\u00e9 Entreprises&quot;","img":{"alt_text":"","src":"https:\/\/i2.wp.com\/batimedianews.com\/live\/wp-content\/uploads\/2021\/01\/image-178.png?fit=940%2C548&ssl=1&resize=350%2C200","width":350,"height":200},"classes":[]},{"id":37532,"url":"https:\/\/batimedianews.com\/live\/index.php\/2024\/05\/28\/la-tuile-karat-rs-recompensee-par-le-prix-red-dot-best-of-the-best-dans-le-domaine-de-linnovation\/","url_meta":{"origin":4044,"position":5},"title":"La tuile Karat RS r\u00e9compens\u00e9e par le prix \u00ab Red Dot : Best of the Best \u00bb dans le domaine de l\u2018innovation","date":"28 mai 2024","format":false,"excerpt":"Neufahrn, le 21 mai 2024 - La tuile Karat RS d\u2018Erlus a remport\u00e9 le Red Dot Design Award 2024 et sa plus haute distinction \u00ab Red Dot : Best of the Best \u00bb. Cette tuile en terre cuite, destin\u00e9e aux toits \u00e0 faible pente, s\u2019av\u00e8re particuli\u00e8rement r\u00e9sistante aux conditions m\u00e9t\u00e9orologiques\u2026","rel":"","context":"Dans &quot;Innovations&quot;","img":{"alt_text":"","src":"https:\/\/i1.wp.com\/batimedianews.com\/live\/wp-content\/uploads\/2024\/05\/Erlus-articles-.jpg?fit=825%2C825&ssl=1&resize=350%2C200","width":350,"height":200},"classes":[]}],"_links":{"self":[{"href":"https:\/\/batimedianews.com\/live\/index.php\/wp-json\/wp\/v2\/posts\/4044"}],"collection":[{"href":"https:\/\/batimedianews.com\/live\/index.php\/wp-json\/wp\/v2\/posts"}],"about":[{"href":"https:\/\/batimedianews.com\/live\/index.php\/wp-json\/wp\/v2\/types\/post"}],"author":[{"embeddable":true,"href":"https:\/\/batimedianews.com\/live\/index.php\/wp-json\/wp\/v2\/users\/41"}],"replies":[{"embeddable":true,"href":"https:\/\/batimedianews.com\/live\/index.php\/wp-json\/wp\/v2\/comments?post=4044"}],"version-history":[{"count":4,"href":"https:\/\/batimedianews.com\/live\/index.php\/wp-json\/wp\/v2\/posts\/4044\/revisions"}],"predecessor-version":[{"id":6562,"href":"https:\/\/batimedianews.com\/live\/index.php\/wp-json\/wp\/v2\/posts\/4044\/revisions\/6562"}],"wp:attachment":[{"href":"https:\/\/batimedianews.com\/live\/index.php\/wp-json\/wp\/v2\/media?parent=4044"}],"wp:term":[{"taxonomy":"category","embeddable":true,"href":"https:\/\/batimedianews.com\/live\/index.php\/wp-json\/wp\/v2\/categories?post=4044"},{"taxonomy":"post_tag","embeddable":true,"href":"https:\/\/batimedianews.com\/live\/index.php\/wp-json\/wp\/v2\/tags?post=4044"}],"curies":[{"name":"wp","href":"https:\/\/api.w.org\/{rel}","templated":true}]}}