{"id":40961,"date":"2024-10-30T13:57:40","date_gmt":"2024-10-30T12:57:40","guid":{"rendered":"http:\/\/batimedianews.com\/live\/?p=40961"},"modified":"2025-04-08T20:10:02","modified_gmt":"2025-04-08T18:10:02","slug":"le-mondial-du-batiment-simpose-comme-le-rendez-vous-incontournable-des-professionnels-de-la-filiere","status":"publish","type":"post","link":"https:\/\/batimedianews.com\/live\/index.php\/2024\/10\/30\/le-mondial-du-batiment-simpose-comme-le-rendez-vous-incontournable-des-professionnels-de-la-filiere\/","title":{"rendered":"Le Mondial Du B\u00e2timent s\u2019impose comme le rendez-vous incontournable des professionnels de la fili\u00e8re"},"content":{"rendered":"\n<p><strong>Si le succ\u00e8s du Mondial du B\u00e2timent 2024 se concr\u00e9tise par une progression de 15% du nombre de ses visiteurs, pour atteindre 135 944 participants, force est de constater que l\u2019\u00e9v\u00e8nement a su une nouvelle fois attirer l\u2019ensemble des acteurs de la fili\u00e8re : mise en \u0153uvre, fabricants, distributeurs, ma\u00eetrise d\u2019\u0153uvre et d\u2019ouvrage, organismes et service. Venus de toutes les r\u00e9gions de France (81% fran\u00e7ais vs 19% internationaux) pour d\u00e9couvrir les innovations et nouveaut\u00e9s des exposants des salons BATIMAT, ID\u00c9OBAIN, INTERCLIMA et EQUIPBAIE\/METALEXPO, ces visiteurs professionnels ont \u00e9galement manifest\u00e9 un fort int\u00e9r\u00eat aux programmes de conf\u00e9rences et nombreuses animations propos\u00e9s du 30 septembre au 3 octobre dernier \u00e0 Paris Expo de la Porte de Versailles.\u00a0<\/strong><\/p>\n\n\n\n<p class=\"has-text-color\" style=\"color:#929697\">&nbsp;<strong>Tous les profils de professionnels mobilis\u00e9s&nbsp;<\/strong><\/p>\n\n\n\n<p>La hausse des participants enregistr\u00e9e pour l\u2019\u00e9dition 2024 du Mondial du B\u00e2timent s\u2019est notamment traduite par une progression de 15% des visiteurs fran\u00e7ais venus de diff\u00e9rentes r\u00e9gions.&nbsp;<\/p>\n\n\n\n<p>Top 5 des r\u00e9gions Fran\u00e7aises venues au Mondial du B\u00e2timent : Ile-de-France, Hauts-de-France, Auvergne Rh\u00f4ne-Alpes, Grand Est et Nouvelle Aquitaine.&nbsp;<\/p>\n\n\n\n<p>La pr\u00e9sence de visiteurs internationaux \u00e9tait quant \u00e0 elle en forte hausse (4000 visiteurs suppl\u00e9mentaires soit plus de 25000 participants au total). Parmi les principaux pays repr\u00e9sent\u00e9s, on retrouve l\u2019Italie, le Maroc, le Portugal, l\u2019Allemagne, la Tunisie et la Belgique. De plus, le Mondial du B\u00e2timent 2024 a de nouveau accueilli de nombreuses d\u00e9l\u00e9gations internationales, notamment celles venues du B\u00e9nin, du Cameroun, de la C\u00f4te d\u2019Ivoire, du Br\u00e9sil, du Canada, d\u2019\u00c9cosse, de Cor\u00e9e du Sud, d\u2019Espagne, d\u2019Allemagne, du S\u00e9n\u00e9gal, du Pakistan, de Finlande, des Pays-Bas et du Luxembourg, ainsi qu\u2019une importante d\u00e9l\u00e9gation marocaine.&nbsp;<\/p>\n\n\n\n<p>&nbsp;Les \u00e9changes tr\u00e8s qualitatifs constat\u00e9s durant les 4 jours de l\u2019\u00e9v\u00e9nement ont \u00e9t\u00e9 possible gr\u00e2ce \u00e0 la pr\u00e9sence de l\u2019ensemble des acteurs cl\u00e9 de chaque segment de la fili\u00e8re. Accueillis par 2022 exposants (+15%), tous les m\u00e9tiers du B\u00e2timent et de la construction \u00e9taient ainsi fortement repr\u00e9sent\u00e9s : Metteurs en oeuvre\/Installateurs (35%), Distributeurs (19%, en progression de +37%), Ma\u00eetrise d\u2019OEuvre (14 % en progression de +17%), Fabricants (14%), Organismes (13%) et Ma\u00eetrise d\u2019Ouvrages (6%).&nbsp;<\/p>\n\n\n\n<p class=\"has-text-color\" style=\"color:#6400a3\">&nbsp;<strong>INTERCLIMA, pari r\u00e9ussi&nbsp;<\/strong><\/p>\n\n\n\n<figure class=\"wp-block-image size-large\"><img loading=\"lazy\" width=\"720\" height=\"720\" src=\"https:\/\/i1.wp.com\/batimedianews.com\/live\/wp-content\/uploads\/2024\/10\/image-405.png?resize=720%2C720\" alt=\"\" class=\"wp-image-40964\" srcset=\"https:\/\/i1.wp.com\/batimedianews.com\/live\/wp-content\/uploads\/2024\/10\/image-405.png?resize=1024%2C1024&amp;ssl=1 1024w, https:\/\/i1.wp.com\/batimedianews.com\/live\/wp-content\/uploads\/2024\/10\/image-405.png?resize=600%2C600&amp;ssl=1 600w, https:\/\/i1.wp.com\/batimedianews.com\/live\/wp-content\/uploads\/2024\/10\/image-405.png?resize=300%2C300&amp;ssl=1 300w, https:\/\/i1.wp.com\/batimedianews.com\/live\/wp-content\/uploads\/2024\/10\/image-405.png?resize=1536%2C1536&amp;ssl=1 1536w, https:\/\/i1.wp.com\/batimedianews.com\/live\/wp-content\/uploads\/2024\/10\/image-405.png?resize=2048%2C2048&amp;ssl=1 2048w, https:\/\/i1.wp.com\/batimedianews.com\/live\/wp-content\/uploads\/2024\/10\/image-405.png?resize=10%2C10&amp;ssl=1 10w\" sizes=\"(max-width: 600px) 91vw, (max-width: 900px) 600px, (max-width: 1060px) 50vw, (max-width: 1200px) 520px, (max-width: 1400px) 43vw, 600px\" data-recalc-dims=\"1\" \/><\/figure>\n\n\n\n<p>Les acteurs du G\u00e9nie Climatique se sont une nouvelle fois mobilis\u00e9s pour faire de cette \u00e9dition 2024 un rendez-vous incontournable, \u00e0 commencer par les adh\u00e9rents UNICLIMA, les installateurs, d\u00e9cideurs, et principaux industriels de la fili\u00e8re. Le salon a pu compter sur une augmentation de 16% du nombre d\u2019exposants (383 dont 161 nouveaux) qui ont accueilli en priorit\u00e9 des visiteurs fran\u00e7ais (84%) venus principalement d\u2019Ile-de-France (45,7%), Hauts de France (7,5 %), Grand Est (7,5%), Auvergne Rh\u00f4ne Alpes (7,3%) et Nouvelle Aquitaine (5,2%).&nbsp;<\/p>\n\n\n\n<p>Les profils des visiteurs d\u2019<strong>INTERCLIMA <\/strong>sont comparables \u00e0 ceux du Mondial du B\u00e2timent : Metteurs en oeuvre\/Installateurs (37 %), Distributeurs (18 %), Prescripteurs (14 %), Fabricants (13 %), Organismes (12%) et Ma\u00eetrise d\u2019ouvrages (6 %).&nbsp;<\/p>\n\n\n\n<p>L\u2019\u00e9dition 2024 d\u2019<strong>INTERCLIMA <\/strong>a mis l\u2019accent sur les solutions tertiaires en proposant un programme unique en collaboration avec les principales organisations professionnelles ainsi qu\u2019un espace d\u2019exposition d\u00e9di\u00e9 avec la plupart des leaders industriels.&nbsp;<\/p>\n\n\n\n<p>Parall\u00e8lement, un programme tr\u00e8s complet de prises de parole autour de l\u2019ensemble des enjeux de la fili\u00e8re a rencontr\u00e9 un vif succ\u00e8s (plus de 2000 auditeurs) gr\u00e2ce \u00e0 des th\u00e9matiques d\u2019actualit\u00e9s telles que les biocombustibles, un nouveau type de pompes \u00e0 chaleur, la chaleur solaire et les \u00e9nergies renouvelables&#8230;&nbsp;<\/p>\n\n\n\n<p>Autre temps fort, l\u2019Espace chaudi\u00e8res biomasse \u00e9tait pour la troisi\u00e8me fois pr\u00e9sent sur <strong>INTERCLIMA<\/strong>, regroupant les principaux acteurs du secteur autour des diff\u00e9rents combustibles (b\u00fbches, granul\u00e9s, plaquettes\u2026) pour r\u00e9pondre \u00e0 toutes les interrogations des visiteurs. Les Ateliers Ventilation et Qualit\u00e9 de l&rsquo;Air ont offert l\u2019opportunit\u00e9 d\u2019explorer les derni\u00e8res avanc\u00e9es et les meilleures pratiques dans le domaine de la ventilation et de la qualit\u00e9 de l&rsquo;air int\u00e9rieur.&nbsp;<\/p>\n\n\n\n<p>Enfin, un espace a accueilli de nombreuses start-ups du secteur, offrant un concentr\u00e9 de technologies et d\u2019innovations, venus compl\u00e9ter la mise en avant des participants aux awards de l\u2019innovation.&nbsp;<\/p>\n\n\n\n<p class=\"has-text-color\" style=\"color:#0098a3\"><strong>ID\u00c9OBAIN, lieu d\u2019inspiration incontournable&nbsp;<\/strong><\/p>\n\n\n\n<figure class=\"wp-block-image size-large\"><img loading=\"lazy\" width=\"720\" height=\"720\" src=\"https:\/\/i1.wp.com\/batimedianews.com\/live\/wp-content\/uploads\/2024\/10\/image-404.png?resize=720%2C720\" alt=\"\" class=\"wp-image-40963\" srcset=\"https:\/\/i1.wp.com\/batimedianews.com\/live\/wp-content\/uploads\/2024\/10\/image-404.png?resize=1024%2C1024&amp;ssl=1 1024w, https:\/\/i1.wp.com\/batimedianews.com\/live\/wp-content\/uploads\/2024\/10\/image-404.png?resize=600%2C600&amp;ssl=1 600w, https:\/\/i1.wp.com\/batimedianews.com\/live\/wp-content\/uploads\/2024\/10\/image-404.png?resize=300%2C300&amp;ssl=1 300w, https:\/\/i1.wp.com\/batimedianews.com\/live\/wp-content\/uploads\/2024\/10\/image-404.png?resize=1536%2C1536&amp;ssl=1 1536w, https:\/\/i1.wp.com\/batimedianews.com\/live\/wp-content\/uploads\/2024\/10\/image-404.png?resize=2048%2C2048&amp;ssl=1 2048w, https:\/\/i1.wp.com\/batimedianews.com\/live\/wp-content\/uploads\/2024\/10\/image-404.png?resize=10%2C10&amp;ssl=1 10w\" sizes=\"(max-width: 600px) 91vw, (max-width: 900px) 600px, (max-width: 1060px) 50vw, (max-width: 1200px) 520px, (max-width: 1400px) 43vw, 600px\" data-recalc-dims=\"1\" \/><\/figure>\n\n\n\n<p><strong>ID\u00c9OBAIN, <\/strong>le salon d\u00e9di\u00e9 aux \u00e9quipements et am\u00e9nagements de salle de bains, alliant fonctionnalit\u00e9 et design a enregistr\u00e9 pour l\u2019\u00e9dition 2024 une progression de + 36% soit 166 exposants (dont 83 nouveaux).&nbsp;<\/p>\n\n\n\n<p>Cot\u00e9 visiteurs, les internationaux pr\u00e9sentent de vraies diff\u00e9rences avec <strong>BATIMAT <\/strong>et <strong>INTERCLIMA <\/strong>avec un top 5 regroupant le Maroc (14 %) et la Tunisie (9 %), l\u2019Italie (6%), le Portugal (6%) et l\u2019Alg\u00e9rie (6%). Quant au Top 5 des visiteurs fran\u00e7ais, celui d\u2019<strong>ID\u00c9OBAIN <\/strong>int\u00e8gre les Pays de la Loire (5,9 %) aux c\u00f4t\u00e9s de l\u2019Ile-de-France, (40,5 %), Hauts de France (9,4 %), Auvergne Rh\u00f4ne Alpes (7,1 %) et Grand Est (7,8 %).&nbsp;<\/p>\n\n\n\n<p>Concernant les profils des visiteurs, <strong>ID\u00c9OBAIN <\/strong>a \u00e9galement observ\u00e9 une r\u00e9partition qui met en haut de la liste les installateurs et la mise en oeuvre (36%), suivi des distributeurs (20%), de la maitrise d\u2019oeuvre \/ la prescription (14%), les fabricants (13%), les organismes et services (11%) et la ma\u00eetrise d\u2019ouvrage \u00e0 6%.&nbsp;<\/p>\n\n\n\n<p>Pour r\u00e9pondre aux attentes des diff\u00e9rents visiteurs d\u2019<strong>ID\u00c9OBAIN <\/strong>2024, le z\u00e9ro ressaut a \u00e9t\u00e9 mis \u00e0 l&rsquo;honneur au travers de d\u00e9monstrations sur le stand de l&rsquo;AFISB. Les marques industrielles ont \u00e9galement pu proposer des d\u00e9monstrations de produits et nouveaut\u00e9s sur leurs stands, et \u00e9changer avec les visiteurs sur les solutions d&rsquo;\u00e9quipements des salles de bains.&nbsp;<\/p>\n\n\n\n<p>In\u00e9dit, l\u2019espace start-ups \u00ab\u00a0le Lab de la Salle de Bains\u00a0\u00bb s\u2019est attach\u00e9 \u00e0 r\u00e9pondre aux probl\u00e9matiques actuelles (usages alternatifs de la salle de bains, accessibilit\u00e9, sobri\u00e9t\u00e9 des mat\u00e9riaux, \u00e9conomie d\u2019eau\u2026) gr\u00e2ce \u00e0 des solutions innovantes et compl\u00e9mentaires. Le contenu du \u00ab\u00a0Carnet des Dynamiques d\u2019Innovation de la Salle de Bains\u201d con\u00e7u par Impulse Partners, \u00e9tait pr\u00e9sent\u00e9 lors d\u2019un atelier chaque jour, sur le Forum Id\u00e9obain.&nbsp;<\/p>\n\n\n\n<p>\u00c9galement sur le Forum <strong>ID\u00c9OBAIN <\/strong>\u00e9taient programm\u00e9es des prises de parole riches, propos\u00e9es en partenariat avec Le Club de l\u2019Am\u00e9lioration de l\u2019Habitat (CAH), le P\u00f4le Action des Architectes d\u2019Int\u00e9rieur, les soci\u00e9t\u00e9s TCO et Spark Vision. Enfin, des pitchs relatifs aux Awards de l\u2019Innovation 2024 ont permis de donner la parole aux 3 laur\u00e9ats et aux nomm\u00e9s de la cat\u00e9gorie Salle de Bains.&nbsp;<\/p>\n\n\n\n<p class=\"has-sm-color-tertiary-color has-text-color\"><strong>BATIMAT, un \u00e9v\u00e8nement au coeur des d\u00e9bats&nbsp;<\/strong><\/p>\n\n\n\n<figure class=\"wp-block-image size-large\"><img loading=\"lazy\" width=\"720\" height=\"720\" src=\"https:\/\/i1.wp.com\/batimedianews.com\/live\/wp-content\/uploads\/2024\/10\/image-403.png?resize=720%2C720\" alt=\"\" class=\"wp-image-40962\" srcset=\"https:\/\/i1.wp.com\/batimedianews.com\/live\/wp-content\/uploads\/2024\/10\/image-403.png?resize=1024%2C1024&amp;ssl=1 1024w, https:\/\/i1.wp.com\/batimedianews.com\/live\/wp-content\/uploads\/2024\/10\/image-403.png?resize=600%2C600&amp;ssl=1 600w, https:\/\/i1.wp.com\/batimedianews.com\/live\/wp-content\/uploads\/2024\/10\/image-403.png?resize=300%2C300&amp;ssl=1 300w, https:\/\/i1.wp.com\/batimedianews.com\/live\/wp-content\/uploads\/2024\/10\/image-403.png?resize=1536%2C1536&amp;ssl=1 1536w, https:\/\/i1.wp.com\/batimedianews.com\/live\/wp-content\/uploads\/2024\/10\/image-403.png?resize=2048%2C2048&amp;ssl=1 2048w, https:\/\/i1.wp.com\/batimedianews.com\/live\/wp-content\/uploads\/2024\/10\/image-403.png?resize=10%2C10&amp;ssl=1 10w\" sizes=\"(max-width: 600px) 91vw, (max-width: 900px) 600px, (max-width: 1060px) 50vw, (max-width: 1200px) 520px, (max-width: 1400px) 43vw, 600px\" data-recalc-dims=\"1\" \/><\/figure>\n\n\n\n<p>Pr\u00e9sent dans les Pavillons 1, 4, 5, 6 et 7 de Paris Expo de la Porte de Versailles, <strong>BATIMAT <\/strong>a accueilli <strong>EQUIPBAIE-METALEXPO <\/strong>et r\u00e9uni au total 1473 exposants (dont 559 nouveaux), en progression de 19% par rapport \u00e0 2022.&nbsp;<\/p>\n\n\n\n<p>Comme chaque \u00e9dition les visiteurs du salon <strong>BATIMAT <\/strong>se sont fortement mobilis\u00e9s pour l\u2019\u00e9v\u00e9nement incontournable du secteur. Les Fran\u00e7ais ont repr\u00e9sent\u00e9 85% de la volum\u00e9trie des visiteurs, originaires principalement d\u2019Ile-de-France (45,3 %), Hauts de France (8 %), Auvergne Rh\u00f4ne Alpes (7,5%), Grand Est (7,4 %) et Nouvelle Aquitaine (5 %). Cot\u00e9 international, les 3 pays du Maghreb (Maroc 13 %, Tunisie 9 % et Alg\u00e9rie 6%) sont dans le Top 5 aux c\u00f4t\u00e9s de l\u2019Italie et de la Belgique, repr\u00e9sentant chacun 6 % du volume des visiteurs.&nbsp;<\/p>\n\n\n\n<p>La tourn\u00e9e internationale pr\u00e9alable au salon a \u00e9t\u00e9 un v\u00e9ritable succ\u00e8s, permettant d\u2019identifier et de rassembler des experts en architecture provenant de plusieurs pays visit\u00e9s. Les tables-rondes Architalks, tenues lors de la journ\u00e9e internationale, ont offert un espace privil\u00e9gi\u00e9 pour \u00e9changer des id\u00e9es et partager des exp\u00e9riences sur des th\u00e8mes cruciaux : le confort d\u2019\u00e9t\u00e9 et la r\u00e9novation \u00e9nerg\u00e9tique.&nbsp;<\/p>\n\n\n\n<p>Les profils de visiteurs qui ont visit\u00e9 <strong>BATIMAT <\/strong>ne pr\u00e9sentent pas de bouleversement par rapport \u00e0 l\u2019\u00e9dition pr\u00e9c\u00e9dente : Metteurs en oeuvre\/Installateurs (36 %), Distributeurs (17 %), Prescripteurs (14 %), Fabricants (14 %) et Organismes (13 %) et Ma\u00eetrise d\u2019ouvrages (5 %).&nbsp;<\/p>\n\n\n\n<p><strong>BATIMAT <\/strong>a invit\u00e9 toutes les parties prenantes du secteur \u00e0 changer de perspectives \u00e0 travers quatre th\u00e9matiques phares : l\u2019adaptation, l\u2019innovation, les territoires et les Femmes &amp; Hommes du b\u00e2timent.&nbsp;<\/p>\n\n\n\n<p>Ces grands sujets ont \u00e9t\u00e9 port\u00e9s par un programme de prises de paroles riches, propos\u00e9es dans diff\u00e9rents formats, r\u00e9alis\u00e9es sur 14 sc\u00e8nes diff\u00e9rentes, concr\u00e9tis\u00e9es par pr\u00e8s de 250 conf\u00e9rences et animations. Un focus particulier a \u00e9t\u00e9 mis sur la r\u00e9novation \u00e9nerg\u00e9tique avec un programme de conf\u00e9rences Renotalks sur l\u2019Agora 1, et masterclass\/workshops sur les espaces Renodays.&nbsp;<\/p>\n\n\n\n<p>En 2024, <strong>BATIMAT <\/strong>s\u2019est r\u00e9solument plac\u00e9 au coeur des enjeux du secteur du b\u00e2timent et leurs impacts auxquels sont confront\u00e9s tous les acteurs du secteur, avec l\u2019ambition de proposer des r\u00e9ponses et des d\u00e9cryptages adapt\u00e9s aux diff\u00e9rents profils des visiteurs professionnels.&nbsp;<\/p>\n\n\n\n<p>Dans ce contexte, <strong>BATIMAT <\/strong>a imagin\u00e9 plusieurs animations et temps forts sur l\u2019\u00e9co-responsabilit\u00e9 en lien avec la crise climatique. Ainsi, la <strong>conf\u00e9rence pl\u00e9ni\u00e8re d\u2019ouverture <\/strong>du salon a mis trois invit\u00e9s \u00e0 l\u2019honneur -l\u2019\u00e9conomiste Jean Pisani-Ferry ; Christian Clot, explorateur-chercheur, Fondateur et CEO du Human Adaptation Institut et Benoit Bazin, PDG du Groupe Saint-Gobain- venus partager leur vision de l\u2019avenir du secteur repr\u00e9sent\u00e9 par le Pr\u00e9sident de la FFB Olivier Salleron et le Pr\u00e9sident de la CAPEB Jean-Christophe Repon, en particulier face aux enjeux climatiques et \u00e9conomiques de notre soci\u00e9t\u00e9. A l\u2019entr\u00e9e du Pavillon1, les professionnels ont pu d\u00e9couvrir <strong>le Climate Sense<\/strong>, une exp\u00e9rience immersive unique imagin\u00e9e par Christian Clot, con\u00e7ue pour simuler des situations de travail sur chantier \u00e0 +50\u00b0C. <strong>L\u2019exposition l\u2019Art des D\u00e9chets <\/strong>a permis d\u2019exposer une s\u00e9lection d&rsquo;oeuvres d&rsquo;art r\u00e9alis\u00e9es \u00e0 partir d&rsquo;\u00e9l\u00e9ments recycl\u00e9s de certaines entreprises exposantes. V\u00e9ritable mixe entre jeu de soci\u00e9t\u00e9 et carte mentale, <strong>la Fresque de la pr\u00e9carit\u00e9 \u00e9nerg\u00e9tique <\/strong>a propos\u00e9 de mieux mesurer l\u2019ampleur de ce ph\u00e9nom\u00e8ne et comprendre les enjeux li\u00e9s \u00e0 ce fl\u00e9au qui touche des millions de Fran\u00e7ais. <strong>La Fresque de la construction<\/strong>. permettait de saisir de mani\u00e8re ludique les enjeux environnementaux et sociaux li\u00e9s au secteur de la construction autour de 5 th\u00e9matiques essentielles : les besoins, l\u2019urbanisme, la conception, la construction, l\u2019utilisation et leurs cons\u00e9quences.&nbsp;<\/p>\n\n\n\n<p>In\u00e9dit, <strong>Equipbaie &#8211; M\u00e9talexpo <\/strong>a rejoint cette nouvelle \u00e9dition de BATIMAT pour proposer leur rendez-vous phare aux professionnels sp\u00e9cialis\u00e9s (fabricants, installateurs, poseurs de la menuiserie-fermeture, des \u00e9quipements de la baie et de la m\u00e9tallerie). Pr\u00e9sent au sein des Pavillons 4, 5 et 6 et divis\u00e9s en 9 secteurs (Menuiserie, Fermeture, V\u00e9randas &amp; Pergolas, M\u00e9talexpo, Quincaillerie, Protection solaire, Produits verriers, Domotique &amp; syst\u00e8mes de contr\u00f4le, Machines &amp; outillages), il a r\u00e9uni 388 exposants (50% de plus que l\u2019espace menuiserie\/fermeture\/m\u00e9tallerie de Batimat 2022) et propos\u00e9 diff\u00e9rents temps forts et espaces d\u2019\u00e9changes tels que les Ateliers du P\u00f4le Fen\u00eatre (exemples de th\u00e8mes abord\u00e9s : Nouvelle version de la norme NF P01-012 : le nouveau concept et les exigences ; Optimisez le Confort Thermique : l&rsquo;Impact des Protections Solaires sur les B\u00e2timents R\u00e9nov\u00e9s ; Ma\u00eetrisez DE-Baie : Guide Ultime du Configurateur FDES pour Produits de Baie), des Architalks d\u00e9di\u00e9s \u00e0 la menuiserie, &amp; le Concours M\u00e9tal\u2019Jeunes,&nbsp;<\/p>\n\n\n\n<p>Parall\u00e8lement, plusieurs espaces ont permis de faire des focus sur des th\u00e9matiques sp\u00e9cifiques en r\u00e9unissant tous les acteurs au m\u00eame endroit et en organisant des programmes d\u00e9di\u00e9s : <strong>Low Carbon Construction, Start-Ups by Construction Tech\u00ae, Hors-Site et Photovolta\u00efque<\/strong>.&nbsp;<\/p>\n\n\n\n<p>Enfin, rappelons, que fort de son succ\u00e8s, <strong>RENODAYS <\/strong>s\u2019est install\u00e9 au Mondial du B\u00e2timent sous la forme d&rsquo;une zone sp\u00e9cifique et de conf\u00e9rences d\u00e9di\u00e9es \u00e0 la r\u00e9novation \u00e9nerg\u00e9tique et performante des b\u00e2timents et s\u2019est d\u00e9clin\u00e9 aussi bien sur <strong>BATIMAT, EQUIPBAIE &amp; INTERCLIMA <\/strong>avec un programme ambitieux de contenus (pr\u00e8s d\u2019une centaine de prises de parole).&nbsp;<\/p>\n\n\n\n<p>En 2025, le Forum <strong>RENODAYS <\/strong>fera son retour les 7 et 8 octobre, toujours \u00e0 la Porte de Versailles et accueillera diff\u00e9rents formats d\u2019\u00e9changes et d\u2019exposition qui ont fait son succ\u00e8s lors de son lancement en 2023.&nbsp;<\/p>\n\n\n\n<p>Prochain rendez-vous du Mondial du B\u00e2timent \u00e0 la Porte de Versailles du 28 septembre au 1er octobre 2026.&nbsp;<\/p>\n\n\n\n<p><strong>\u00c0 propos de RX&nbsp;<\/strong><\/p>\n\n\n\n<p class=\"has-small-font-size\">RX est un leader mondial d&rsquo;\u00e9v\u00e9nements et de salons. RX s&rsquo;appuie sur son expertise sectorielle, les donn\u00e9es et la technologie pour le d\u00e9veloppement des entreprises, des collectivit\u00e9s et des individus. Pr\u00e9sent dans 25 pays et sur 42 secteurs d\u2019activit\u00e9, RX organise pr\u00e8s de 350 \u00e9v\u00e9nements par an. RX s&rsquo;engage \u00e0 cr\u00e9er un environnement de travail inclusif pour tous ses collaborateurs et collaboratrices. RX permet aux entreprises de se d\u00e9velopper gr\u00e2ce \u00e0 la donn\u00e9e et aux solutions num\u00e9riques. RX fait partie de RELX, un fournisseur mondial de donn\u00e9es, d&rsquo;outils d&rsquo;analyses et de d\u00e9cisions pour les professionnels et les entreprises.&nbsp;<\/p>\n\n\n\n<p class=\"has-small-font-size\">RX France est cr\u00e9ateur de places de rencontres \u00e0 forte valeur ajout\u00e9e, leaders sur une quinzaine de march\u00e9s diff\u00e9rents. Parmi les salons embl\u00e9matiques de RX France et incontournables sur le plan national et international, figurent MIPIM, MAPIC, Batimat, Pollutec, EquipHotel, SITL, IFTM, Big Data &amp; AI Paris, MIPCOM, Paris Photo, Maison&amp;Objet* et bien d\u2019autres\u2026 Nos \u00e9v\u00e9nements se d\u00e9roulent en France, \u00e0 Hong Kong, en Italie et au Mexique.&nbsp;<\/p>\n\n\n\n<p class=\"has-small-font-size\">*Organis\u00e9 par la SAFI, filiale de RX France et Ateliers d\u2019Art de France&nbsp;<\/p>\n\n\n\n<p class=\"has-normal-font-size\"><strong>\u00c0 propos de RELX&nbsp;<\/strong><\/p>\n\n\n\n<p class=\"has-small-font-size\">RELX est un fournisseur mondial de donn\u00e9es, d&rsquo;outils d&rsquo;analyses et de d\u00e9cisions pour les professionnels et les entreprises. RELX est pr\u00e9sent dans plus de 180 pays et poss\u00e8de des bureaux dans une quarantaine de pays dans le monde. RELX emploie plus de 36 000 personnes, dont plus de 40 % en Am\u00e9rique du Nord. Les actions de RELX PLC, la soci\u00e9t\u00e9 m\u00e8re, sont n\u00e9goci\u00e9es sur les bourses de Londres, d&rsquo;Amsterdam et de New York sous les symboles suivants : Londres : REL ; Amsterdam : REN ; New York : RELX.&nbsp;<\/p>\n\n\n\n<p class=\"has-small-font-size\">*Note : La capitalisation boursi\u00e8re actuelle peut \u00eatre consult\u00e9e \u00e0 l&rsquo;adresse suivante : http:\/\/www.relx.com\/investors&nbsp;<\/p>\n","protected":false},"excerpt":{"rendered":"<p>Si le succ\u00e8s du Mondial du B\u00e2timent 2024 se concr\u00e9tise par une progression de 15% du nombre de ses visiteurs, pour atteindre 135 944 participants, force est de constater que l\u2019\u00e9v\u00e8nement a su une nouvelle fois attirer l\u2019ensemble des acteurs de la fili\u00e8re : mise en \u0153uvre, fabricants, distributeurs, ma\u00eetrise d\u2019\u0153uvre et d\u2019ouvrage, organismes et [&hellip;]<\/p>\n","protected":false},"author":41,"featured_media":40968,"comment_status":"open","ping_status":"open","sticky":false,"template":"","format":"standard","meta":{"spay_email":""},"categories":[5,84],"tags":[],"jetpack_featured_media_url":"https:\/\/i0.wp.com\/batimedianews.com\/live\/wp-content\/uploads\/2024\/10\/MduB-1.jpg?fit=1513%2C825&ssl=1","jetpack_sharing_enabled":true,"jetpack_likes_enabled":true,"jetpack-related-posts":[{"id":34187,"url":"https:\/\/batimedianews.com\/live\/index.php\/2024\/01\/10\/mondial-du-batiment-2024-une-edition-enrichie-concue-pour-apprehender-les-mutations-en-cours\/","url_meta":{"origin":40961,"position":0},"title":"Mondial Du B\u00e2timent 2024 &#8211; Une \u00e9dition enrichie con\u00e7ue pour appr\u00e9hender les mutations en cours","date":"10 janvier 2024","format":false,"excerpt":"Apr\u00e8s une \u00e9dition 2022 r\u00e9invent\u00e9e et pleinement r\u00e9ussie, rassemblant plus de 110 000 visiteurs et 1 720 exposants, le Mondial du B\u00e2timent et les trois salons BATIMAT, INTERCLIMA et ID\u00c9OBAIN, reviennent du 30 septembre au 3 octobre 2024 \u00e0 Paris Expo Porte de Versailles. \u00c9v\u00e8nement de convergence de toutes les\u2026","rel":"","context":"Dans &quot;Actualit\u00e9s salons&quot;","img":{"alt_text":"","src":"https:\/\/i1.wp.com\/batimedianews.com\/live\/wp-content\/uploads\/2024\/01\/Le-Mondial-du-batiment.jpg?fit=825%2C825&ssl=1&resize=350%2C200","width":350,"height":200},"classes":[]},{"id":40730,"url":"https:\/\/batimedianews.com\/live\/index.php\/2024\/10\/15\/mondial-du-batiment-2024-une-mobilisation-sans-precedent-de-la-filiere\/","url_meta":{"origin":40961,"position":1},"title":"MONDIAL DU B\u00c2TIMENT 2024 : Une mobilisation sans pr\u00e9c\u00e9dent de la fili\u00e8re","date":"15 octobre 2024","format":false,"excerpt":"\u00a0Du 30 septembre au 3 octobre dernier, les professionnels du b\u00e2timent et de la construction se sont mobilis\u00e9s \u00e0 l\u2019occasion de l\u2019\u00e9dition 2024 du Mondial du B\u00e2timent organis\u00e9e \u00e0 Paris Expo Porte de Versailles. Pendant 4 jours, les salons BATIMAT, ID\u00c9OBAIN, INTERCLIMA et EQUIPBAIE\/METALEXPO, ont accueilli plus de 135 000\u2026","rel":"","context":"Dans &quot;Actualit\u00e9s salons&quot;","img":{"alt_text":"","src":"https:\/\/i0.wp.com\/batimedianews.com\/live\/wp-content\/uploads\/2024\/10\/MduB.jpg?fit=825%2C825&ssl=1&resize=350%2C200","width":350,"height":200},"classes":[]},{"id":37833,"url":"https:\/\/batimedianews.com\/live\/index.php\/2024\/06\/03\/interclima-2024-tous-les-chemins-menent-au-succes\/","url_meta":{"origin":40961,"position":2},"title":"INTERCLIMA 2024 : Tous les chemins m\u00e8nent au succ\u00e8s !","date":"3 juin 2024","format":false,"excerpt":"\u00a0Rendez-vous majeur des acteurs du g\u00e9nie climatique, INTERCLIMA 2024 (du 30 septembre au 3 octobre \u00e0 Paris-Porte de Versailles) s\u2019inscrit dans une dynamique d\u2019actions tourn\u00e9e vers la recherche de solutions.\u00a0 Pour cette \u00e9dition, RX et Uniclima d\u00e9ploient \u00e0 nouveau des mesures exceptionnelles pour faciliter la participation \u00e0 quelques 3500 visiteurs,\u2026","rel":"","context":"Dans &quot;Actualit\u00e9s salons&quot;","img":{"alt_text":"","src":"https:\/\/i2.wp.com\/batimedianews.com\/live\/wp-content\/uploads\/2024\/05\/Interclima.jpg?fit=825%2C825&ssl=1&resize=350%2C200","width":350,"height":200},"classes":[]},{"id":16531,"url":"https:\/\/batimedianews.com\/live\/index.php\/2022\/02\/24\/mondial-du-batiment2022-une-mobilisation-sans-precedent-pour-porter-toutes-les-reponses-aux-defis-actuels-et-futur-batiment\/","url_meta":{"origin":40961,"position":3},"title":"Mondial du b\u00e2timent2022 une mobilisation sans pr\u00e9c\u00e8dent pour porter toutes les r\u00e9ponses aux d\u00e9fis actuels et futur b\u00e2timent","date":"24 f\u00e9vrier 2022","format":false,"excerpt":"\u00a0\u00c9v\u00e9nement international de r\u00e9f\u00e9rence des secteurs du b\u00e2timent, de la construction et de l\u2019architecture, le Mondial du B\u00e2timent ouvrira ses portes \u00e0 Paris Expo Porte de Versailles du\u00a03 au 6 octobre 2022. En phase avec toutes les grandes mutations du secteur, il s\u2019affirme comme un \u00e9v\u00e8nement incontournable pour tous les\u2026","rel":"","context":"Dans &quot;Actualit\u00e9 Entreprises&quot;","img":{"alt_text":"","src":"https:\/\/i0.wp.com\/batimedianews.com\/live\/wp-content\/uploads\/2022\/02\/MdB-Article.jpg?fit=512%2C512&ssl=1&resize=350%2C200","width":350,"height":200},"classes":[]},{"id":37058,"url":"https:\/\/batimedianews.com\/live\/index.php\/2024\/04\/29\/equipbaie-metalexpo-une-integration-reussie-au-coeur-de-batimat\/","url_meta":{"origin":40961,"position":4},"title":"EQUIPBAIE \u2013 METALEXPO : une int\u00e9gration r\u00e9ussie au c\u0153ur de b\u00e2timat","date":"29 avril 2024","format":false,"excerpt":"EQUIPBAIE \u2013 METALEXPO s\u2019est impos\u00e9 au fil du temps comme un rendez-vous immanquable pour les fili\u00e8res de la menuiserie et de la m\u00e9tallerie. En choisissant d\u2019en faire un secteur phare de l\u2019\u00e9dition 2024 de BATIMAT les organisateurs, soutenus par les organisations professionnelles partenaires, ont r\u00e9ussi leur pari de mobiliser les\u2026","rel":"","context":"Dans &quot;Actualit\u00e9s salons&quot;","img":{"alt_text":"","src":"https:\/\/i2.wp.com\/batimedianews.com\/live\/wp-content\/uploads\/2024\/04\/Le-Mondial-du-batiment.jpg?fit=825%2C825&ssl=1&resize=350%2C200","width":350,"height":200},"classes":[]},{"id":22626,"url":"https:\/\/batimedianews.com\/live\/index.php\/2022\/09\/03\/interclima-2022-qualite-dair-interieur-les-industriels-de-la-ventilation-sont-la\/","url_meta":{"origin":40961,"position":5},"title":"INTERCLIMA 2022 &#8211; qualit\u00e9 d&rsquo;air int\u00e9rieur : les industriels de la ventilation sont l\u00e0","date":"3 septembre 2022","format":false,"excerpt":"Apr\u00e8s deux ans de pand\u00e9mie et la m\u00e9diatisation croissante de la pollution atmosph\u00e9rique, la sensibilisation des populations \u00e0 la qualit\u00e9 de l\u2019air int\u00e9rieur et \u00e0 son renouvellement dans les b\u00e2timents s\u2019est accrue. Enjeu de sant\u00e9 publique partout dans le monde, elle fait aujourd\u2019hui l\u2019objet d\u2019une nouvelle prise de conscience. Penser\u2026","rel":"","context":"Dans &quot;Actualit\u00e9s salons&quot;","img":{"alt_text":"","src":"","width":0,"height":0},"classes":[]}],"_links":{"self":[{"href":"https:\/\/batimedianews.com\/live\/index.php\/wp-json\/wp\/v2\/posts\/40961"}],"collection":[{"href":"https:\/\/batimedianews.com\/live\/index.php\/wp-json\/wp\/v2\/posts"}],"about":[{"href":"https:\/\/batimedianews.com\/live\/index.php\/wp-json\/wp\/v2\/types\/post"}],"author":[{"embeddable":true,"href":"https:\/\/batimedianews.com\/live\/index.php\/wp-json\/wp\/v2\/users\/41"}],"replies":[{"embeddable":true,"href":"https:\/\/batimedianews.com\/live\/index.php\/wp-json\/wp\/v2\/comments?post=40961"}],"version-history":[{"count":2,"href":"https:\/\/batimedianews.com\/live\/index.php\/wp-json\/wp\/v2\/posts\/40961\/revisions"}],"predecessor-version":[{"id":41000,"href":"https:\/\/batimedianews.com\/live\/index.php\/wp-json\/wp\/v2\/posts\/40961\/revisions\/41000"}],"wp:featuredmedia":[{"embeddable":true,"href":"https:\/\/batimedianews.com\/live\/index.php\/wp-json\/wp\/v2\/media\/40968"}],"wp:attachment":[{"href":"https:\/\/batimedianews.com\/live\/index.php\/wp-json\/wp\/v2\/media?parent=40961"}],"wp:term":[{"taxonomy":"category","embeddable":true,"href":"https:\/\/batimedianews.com\/live\/index.php\/wp-json\/wp\/v2\/categories?post=40961"},{"taxonomy":"post_tag","embeddable":true,"href":"https:\/\/batimedianews.com\/live\/index.php\/wp-json\/wp\/v2\/tags?post=40961"}],"curies":[{"name":"wp","href":"https:\/\/api.w.org\/{rel}","templated":true}]}}