{"id":40969,"date":"2024-10-30T14:01:31","date_gmt":"2024-10-30T13:01:31","guid":{"rendered":"http:\/\/batimedianews.com\/live\/?p=40969"},"modified":"2025-04-08T20:10:02","modified_gmt":"2025-04-08T18:10:02","slug":"dewalt-presente-ses-innovations-au-salon-batimat-2024","status":"publish","type":"post","link":"https:\/\/batimedianews.com\/live\/index.php\/2024\/10\/30\/dewalt-presente-ses-innovations-au-salon-batimat-2024\/","title":{"rendered":"DEWALT pr\u00e9sente ses innovations au salon BATIMAT 2024"},"content":{"rendered":"\n<p class=\"has-text-align-center\"><strong>30 sept &#8211; 3 oct \u23d0 Paris Porte de Versailles\u23d0Stands H7.2-K053 et H7.2-EXT03<\/strong><\/p>\n\n\n\n<p>Bonjour,<\/p>\n\n\n\n<p>DEWALT, pionni\u00e8re de l\u2019outillage \u00e9lectroportatif et marque phare du groupe mondial Stanley Black &amp; Decker, sera pr\u00e9sente sur le salon BATIMAT, organis\u00e9 du 30 septembre au 3 octobre prochains \u00e0 Paris Porte de Versailles. Ce temps fort incontournable des acteurs du b\u00e2timent et de la construction permettra \u00e0 DEWALT de pr\u00e9senter ses nouveaut\u00e9s sur ses deux stands, l\u2019un en int\u00e9rieur, l\u2019autre en ext\u00e9rieur.<\/p>\n\n\n\n<p>La marque jaune et noire, centenaire en 2024, a la volont\u00e9 de renforcer sa pr\u00e9sence en France aupr\u00e8s de ses 4 secteurs strat\u00e9giques : la construction, l\u2019automobile, l\u2019am\u00e9nagement paysager et l\u2019industrie. Pour r\u00e9pondre aux enjeux de transition \u00e9nerg\u00e9tique du b\u00e2timent, DEWALT suit la dynamique du Groupe Stanley Black &amp; Decker qui entend \u00e9lectrifier tous les chantiers en visant 100% d\u2019outils \u00e9lectroportatifs \u00e0 l\u2019horizon 2030.<\/p>\n\n\n\n<p>\u00c0 l\u2019occasion de ce grand rendez-vous, DEWALT pr\u00e9sente ses derni\u00e8res innovations avec, comme toujours, la volont\u00e9 de faciliter le quotidien des professionnels et d\u2019anticiper leurs besoins :<\/p>\n\n\n\n<p class=\"has-background has-medium-font-size\" style=\"background-color:#f8aa04\"><strong>Gros oeuvre<\/strong><\/p>\n\n\n\n<p><strong>La gamme POWERSHIFT<\/strong> : une nouvelle gamme de batteries et d\u2019outils destin\u00e9s aux professionnels du B\u00e2timent et des Travaux Publics. Elle se compose de 5 outils pour travailler le b\u00e9ton (pilonneuse, plaque vibrante, aiguille vibrante, r\u00e8gle vibrante et carotteuse) qui fonctionnent tous avec la m\u00eame batterie ultra-puissante de 554 Wh et le m\u00eame chargeur \u00e0 grande vitesse. Pens\u00e9e et con\u00e7ue pour des applications tr\u00e8s \u00e9nergivores, la gamme POWERSHIFT permet aux outils sur batterie de s\u2019adresser \u00e0 de nouveaux utilisateurs qui jusque-l\u00e0 ne travaillaient qu\u2019avec des outils thermiques ou filaires.<\/p>\n\n\n\n<div class=\"wp-block-jetpack-tiled-gallery aligncenter is-style-rectangular\"><div class=\"tiled-gallery__gallery\"><div class=\"tiled-gallery__row\"><div class=\"tiled-gallery__col\" style=\"flex-basis:100.00000%\"><figure class=\"tiled-gallery__item\"><img srcset=\"https:\/\/i1.wp.com\/batimedianews.com\/live\/wp-content\/uploads\/2024\/10\/DeWaltPhoto2-1024x1024.jpg?strip=info&#038;w=600 600w,https:\/\/i1.wp.com\/batimedianews.com\/live\/wp-content\/uploads\/2024\/10\/DeWaltPhoto2-1024x1024.jpg?strip=info&#038;w=900 900w,https:\/\/i1.wp.com\/batimedianews.com\/live\/wp-content\/uploads\/2024\/10\/DeWaltPhoto2-1024x1024.jpg?strip=info&#038;w=1200 1200w,https:\/\/i1.wp.com\/batimedianews.com\/live\/wp-content\/uploads\/2024\/10\/DeWaltPhoto2-1024x1024.jpg?strip=info&#038;w=1234 1234w\" alt=\"\" data-height=\"1240\" data-id=\"40972\" data-link=\"http:\/\/batimedianews.com\/live\/?attachment_id=40972\" data-url=\"http:\/\/batimedianews.com\/live\/wp-content\/uploads\/2024\/10\/DeWaltPhoto2-1024x1024.jpg\" data-width=\"1234\" src=\"https:\/\/i1.wp.com\/batimedianews.com\/live\/wp-content\/uploads\/2024\/10\/DeWaltPhoto2-1024x1024.jpg\" data-amp-layout=\"responsive\"\/><\/figure><\/div><\/div><\/div><\/div>\n\n\n\n<p class=\"has-background has-medium-font-size\" style=\"background-color:#f8aa04\"><strong>Second oeuvre<\/strong><\/p>\n\n\n\n<p><strong>La ventouse DEWALT Grabo XR 18V <\/strong>: mobile et ergonomique, elle permet aux professionnels du b\u00e2timent (carreleurs, plaquistes, vitriers, etc.) de soulever, de transporter et de positionner toutes sortes de mat\u00e9riaux (vitres, plaques, carreaux, surfaces lisses et \u00e0 reliefs, pav\u00e9s, etc.) jusqu&rsquo;\u00e0 120 KG sans effort. Sa poign\u00e9e offre une prise en main optimale sans glissement. La ventouse est \u00e9quip\u00e9e d\u2019un \u00e9cran LED pour suivre la charge port\u00e9e et de 4 crochets qui permettent de travailler avec des palans.<\/p>\n\n\n\n<figure class=\"wp-block-image size-full\"><img loading=\"lazy\" width=\"720\" height=\"720\" src=\"https:\/\/i2.wp.com\/batimedianews.com\/live\/wp-content\/uploads\/2024\/10\/image-406.png?resize=720%2C720\" alt=\"\" class=\"wp-image-40970\" srcset=\"https:\/\/i2.wp.com\/batimedianews.com\/live\/wp-content\/uploads\/2024\/10\/image-406.png?w=2000&amp;ssl=1 2000w, https:\/\/i2.wp.com\/batimedianews.com\/live\/wp-content\/uploads\/2024\/10\/image-406.png?resize=600%2C600&amp;ssl=1 600w, https:\/\/i2.wp.com\/batimedianews.com\/live\/wp-content\/uploads\/2024\/10\/image-406.png?resize=1024%2C1024&amp;ssl=1 1024w, https:\/\/i2.wp.com\/batimedianews.com\/live\/wp-content\/uploads\/2024\/10\/image-406.png?resize=300%2C300&amp;ssl=1 300w, https:\/\/i2.wp.com\/batimedianews.com\/live\/wp-content\/uploads\/2024\/10\/image-406.png?resize=768%2C768&amp;ssl=1 768w, https:\/\/i2.wp.com\/batimedianews.com\/live\/wp-content\/uploads\/2024\/10\/image-406.png?resize=1536%2C1536&amp;ssl=1 1536w, https:\/\/i2.wp.com\/batimedianews.com\/live\/wp-content\/uploads\/2024\/10\/image-406.png?resize=2048%2C2048&amp;ssl=1 2048w, https:\/\/i2.wp.com\/batimedianews.com\/live\/wp-content\/uploads\/2024\/10\/image-406.png?resize=10%2C10&amp;ssl=1 10w, https:\/\/i2.wp.com\/batimedianews.com\/live\/wp-content\/uploads\/2024\/10\/image-406.png?resize=432%2C432&amp;ssl=1 432w, https:\/\/i2.wp.com\/batimedianews.com\/live\/wp-content\/uploads\/2024\/10\/image-406.png?resize=396%2C396&amp;ssl=1 396w, https:\/\/i2.wp.com\/batimedianews.com\/live\/wp-content\/uploads\/2024\/10\/image-406.png?resize=1120%2C1120&amp;ssl=1 1120w, https:\/\/i2.wp.com\/batimedianews.com\/live\/wp-content\/uploads\/2024\/10\/image-406.png?resize=660%2C660&amp;ssl=1 660w, https:\/\/i2.wp.com\/batimedianews.com\/live\/wp-content\/uploads\/2024\/10\/image-406.png?w=1440 1440w\" sizes=\"(max-width: 600px) 91vw, (max-width: 900px) 600px, (max-width: 1060px) 50vw, (max-width: 1200px) 520px, (max-width: 1400px) 43vw, 600px\" data-recalc-dims=\"1\" \/><\/figure>\n\n\n\n<p><strong>La perceuse visseuse percussion premium <\/strong>: ultra-performante, la perceuse visseuse d\u00e9livre 3 niveaux de vitesse et 11 variations de couple. Elle est \u00e9quip\u00e9e des nouveaux moteurs brushless de DEWALT et offre un couple de 169 NM, l\u2019un des plus puissants du march\u00e9. Son design compact lui permet d\u2019\u00eatre utilis\u00e9e dans des espaces confin\u00e9s. Pour une utilisation sans danger, la machine se coupe automatiquement en cas de mouvement brusque ou de perte de contr\u00f4le : une LED rouge signale ainsi la mise en s\u00e9curit\u00e9.<\/p>\n\n\n\n<p>Pour toutes pr\u00e9cisions sur ces produits ou sur la strat\u00e9gie de DEWALT en France, nous restons \u00e0 votre disposition pour organiser un \u00e9change sur le stand ou en dehors du salon. Nos experts &#8211; Antoine Champinot, Directeur G\u00e9n\u00e9ral France, Olivier Catheland Directeur Marketing et Manu Guitel, Manager du centre de formation France &#8211; se tiennent \u00e0 votre disposition.<\/p>\n","protected":false},"excerpt":{"rendered":"<p>30 sept &#8211; 3 oct \u23d0 Paris Porte de Versailles\u23d0Stands H7.2-K053 et H7.2-EXT03 Bonjour, DEWALT, pionni\u00e8re de l\u2019outillage \u00e9lectroportatif et marque phare du groupe mondial Stanley Black &amp; Decker, sera pr\u00e9sente sur le salon BATIMAT, organis\u00e9 du 30 septembre au 3 octobre prochains \u00e0 Paris Porte de Versailles. Ce temps fort incontournable des acteurs du [&hellip;]<\/p>\n","protected":false},"author":41,"featured_media":40973,"comment_status":"open","ping_status":"open","sticky":false,"template":"","format":"standard","meta":{"spay_email":""},"categories":[4,140,77,1061,1261,941],"tags":[],"jetpack_featured_media_url":"https:\/\/i1.wp.com\/batimedianews.com\/live\/wp-content\/uploads\/2024\/10\/DEWALT.jpg?fit=1513%2C825&ssl=1","jetpack_sharing_enabled":true,"jetpack_likes_enabled":true,"jetpack-related-posts":[{"id":36653,"url":"https:\/\/batimedianews.com\/live\/index.php\/2024\/04\/03\/dewalt-une-marque-centenaire-aux-ambitions-sans-limite\/","url_meta":{"origin":40969,"position":0},"title":"DEWALT, une marque centenaire aux ambitions sans limite","date":"3 avril 2024","format":false,"excerpt":"DEWALT, pionni\u00e8re de l\u2019outillage \u00e9lectroportatif, a c\u00e9l\u00e9br\u00e9 ses 100 ans au Matmut Stadium de Lyon, le 26 mars dernier. \u00c0 cette occasion, la marque phare du Groupe mondial Stanley Black & Decker a r\u00e9affirm\u00e9 ses ambitions pour renforcer sa pr\u00e9sence en France, l\u2019un de ses march\u00e9s prioritaires. Pour r\u00e9pondre \u00e0\u2026","rel":"","context":"Dans &quot;Actualit\u00e9 Entreprises&quot;","img":{"alt_text":"","src":"https:\/\/i1.wp.com\/batimedianews.com\/live\/wp-content\/uploads\/2024\/04\/DEWALT.jpg?fit=825%2C825&ssl=1&resize=350%2C200","width":350,"height":200},"classes":[]},{"id":40730,"url":"https:\/\/batimedianews.com\/live\/index.php\/2024\/10\/15\/mondial-du-batiment-2024-une-mobilisation-sans-precedent-de-la-filiere\/","url_meta":{"origin":40969,"position":1},"title":"MONDIAL DU B\u00c2TIMENT 2024 : Une mobilisation sans pr\u00e9c\u00e9dent de la fili\u00e8re","date":"15 octobre 2024","format":false,"excerpt":"\u00a0Du 30 septembre au 3 octobre dernier, les professionnels du b\u00e2timent et de la construction se sont mobilis\u00e9s \u00e0 l\u2019occasion de l\u2019\u00e9dition 2024 du Mondial du B\u00e2timent organis\u00e9e \u00e0 Paris Expo Porte de Versailles. Pendant 4 jours, les salons BATIMAT, ID\u00c9OBAIN, INTERCLIMA et EQUIPBAIE\/METALEXPO, ont accueilli plus de 135 000\u2026","rel":"","context":"Dans &quot;Actualit\u00e9s salons&quot;","img":{"alt_text":"","src":"https:\/\/i0.wp.com\/batimedianews.com\/live\/wp-content\/uploads\/2024\/10\/MduB.jpg?fit=825%2C825&ssl=1&resize=350%2C200","width":350,"height":200},"classes":[]},{"id":34187,"url":"https:\/\/batimedianews.com\/live\/index.php\/2024\/01\/10\/mondial-du-batiment-2024-une-edition-enrichie-concue-pour-apprehender-les-mutations-en-cours\/","url_meta":{"origin":40969,"position":2},"title":"Mondial Du B\u00e2timent 2024 &#8211; Une \u00e9dition enrichie con\u00e7ue pour appr\u00e9hender les mutations en cours","date":"10 janvier 2024","format":false,"excerpt":"Apr\u00e8s une \u00e9dition 2022 r\u00e9invent\u00e9e et pleinement r\u00e9ussie, rassemblant plus de 110 000 visiteurs et 1 720 exposants, le Mondial du B\u00e2timent et les trois salons BATIMAT, INTERCLIMA et ID\u00c9OBAIN, reviennent du 30 septembre au 3 octobre 2024 \u00e0 Paris Expo Porte de Versailles. \u00c9v\u00e8nement de convergence de toutes les\u2026","rel":"","context":"Dans &quot;Actualit\u00e9s salons&quot;","img":{"alt_text":"","src":"https:\/\/i1.wp.com\/batimedianews.com\/live\/wp-content\/uploads\/2024\/01\/Le-Mondial-du-batiment.jpg?fit=825%2C825&ssl=1&resize=350%2C200","width":350,"height":200},"classes":[]},{"id":40148,"url":"https:\/\/batimedianews.com\/live\/index.php\/2024\/09\/30\/toyota-professional-presentera-a-batimat-sa-gamme-proace-entierement-renouvelee\/","url_meta":{"origin":40969,"position":3},"title":"Toyota Professional pr\u00e9sentera \u00e0 Batimat sa gamme PROACE enti\u00e8rement renouvel\u00e9e","date":"30 septembre 2024","format":false,"excerpt":"Toyota sera pr\u00e9sent \u00e0 Batimat, le salon des m\u00e9tiers du b\u00e2timent et de la construction, \u00e0 Paris du 30 septembre 3 octobreLes nouveaux PROACE, PROACE CITY et PROACE MAX seront expos\u00e9s, ainsi que le v\u00e9lo-cargo Toyota Cargo Verso, avec les solutions d'am\u00e9nagement et les services exclusifs destin\u00e9s aux professionnels.Toyota r\u00e9affirmera\u2026","rel":"","context":"Dans &quot;Actualit\u00e9 Entreprises&quot;","img":{"alt_text":"","src":"https:\/\/i2.wp.com\/batimedianews.com\/live\/wp-content\/uploads\/2024\/09\/Toyota_Batimat.jpg?fit=825%2C825&ssl=1&resize=350%2C200","width":350,"height":200},"classes":[]},{"id":23623,"url":"https:\/\/batimedianews.com\/live\/index.php\/2022\/09\/27\/sage-au-salon-batimat-2022-pour-accompagner-les-acteurs-du-btp\/","url_meta":{"origin":40969,"position":4},"title":"Sage au salon Batimat 2022 pour accompagner les acteurs du BTP","date":"27 septembre 2022","format":false,"excerpt":"Du 3 au 6 octobre 2022 Porte de Versailles \u2013 Parc des Expositions, Pavillon 1 Stand E36 Paris Atrium La D\u00e9fense, le 21 septembre 2022 - Sage, leader du march\u00e9 des solutions de comptabilit\u00e9, de paie et de gestion commerciale dans le cloud, annonce sa pr\u00e9sence \u00e0 Batimat, salon d\u00e9di\u00e9\u2026","rel":"","context":"Dans &quot;Actualit\u00e9 Entreprises&quot;","img":{"alt_text":"","src":"https:\/\/i0.wp.com\/batimedianews.com\/live\/wp-content\/uploads\/2022\/09\/Sage-Article.jpg?fit=1080%2C1080&ssl=1&resize=350%2C200","width":350,"height":200},"classes":[]},{"id":47268,"url":"https:\/\/batimedianews.com\/live\/index.php\/2025\/10\/07\/worldskills-competition-nationale-des-metiers-2025-dewalt-accelere-son-engagement-en-faveur-de-la-nouvelle-generation-de-professionnels\/","url_meta":{"origin":40969,"position":5},"title":"WORLDSKILLS comp\u00e9tition nationale des m\u00e9tiers 2025 &#8211; DEWALT acc\u00e9l\u00e8re son engagement en faveur de la nouvelle g\u00e9n\u00e9ration de professionnels","date":"7 octobre 2025","format":false,"excerpt":"Marque r\u00e9f\u00e9rente de l\u2019outillage \u00e9lectroportatif en France, DEWALT (groupe mondial Stanley Black&Decker) s\u2019engage toujours plus aux c\u00f4t\u00e9s de la jeunesse et de la fili\u00e8re du b\u00e2timent. Du 16 au 18 octobre prochains, la 48e \u00e9dition des WorldSkills r\u00e9unit au Parc Chanot \u00e0 Marseille 800 jeunes talents dans pr\u00e8s de 70\u2026","rel":"","context":"Dans &quot;Actualit\u00e9 Entreprises&quot;","img":{"alt_text":"","src":"https:\/\/i2.wp.com\/batimedianews.com\/live\/wp-content\/uploads\/2025\/10\/DeWalt.jpg?fit=825%2C825&ssl=1&resize=350%2C200","width":350,"height":200},"classes":[]}],"_links":{"self":[{"href":"https:\/\/batimedianews.com\/live\/index.php\/wp-json\/wp\/v2\/posts\/40969"}],"collection":[{"href":"https:\/\/batimedianews.com\/live\/index.php\/wp-json\/wp\/v2\/posts"}],"about":[{"href":"https:\/\/batimedianews.com\/live\/index.php\/wp-json\/wp\/v2\/types\/post"}],"author":[{"embeddable":true,"href":"https:\/\/batimedianews.com\/live\/index.php\/wp-json\/wp\/v2\/users\/41"}],"replies":[{"embeddable":true,"href":"https:\/\/batimedianews.com\/live\/index.php\/wp-json\/wp\/v2\/comments?post=40969"}],"version-history":[{"count":2,"href":"https:\/\/batimedianews.com\/live\/index.php\/wp-json\/wp\/v2\/posts\/40969\/revisions"}],"predecessor-version":[{"id":41002,"href":"https:\/\/batimedianews.com\/live\/index.php\/wp-json\/wp\/v2\/posts\/40969\/revisions\/41002"}],"wp:featuredmedia":[{"embeddable":true,"href":"https:\/\/batimedianews.com\/live\/index.php\/wp-json\/wp\/v2\/media\/40973"}],"wp:attachment":[{"href":"https:\/\/batimedianews.com\/live\/index.php\/wp-json\/wp\/v2\/media?parent=40969"}],"wp:term":[{"taxonomy":"category","embeddable":true,"href":"https:\/\/batimedianews.com\/live\/index.php\/wp-json\/wp\/v2\/categories?post=40969"},{"taxonomy":"post_tag","embeddable":true,"href":"https:\/\/batimedianews.com\/live\/index.php\/wp-json\/wp\/v2\/tags?post=40969"}],"curies":[{"name":"wp","href":"https:\/\/api.w.org\/{rel}","templated":true}]}}